{"id":69,"date":"2021-10-26T08:52:59","date_gmt":"2021-10-26T06:52:59","guid":{"rendered":"https:\/\/www.berndbraun.eu\/?p=69"},"modified":"2022-02-22T21:35:39","modified_gmt":"2022-02-22T19:35:39","slug":"hello-world-2","status":"publish","type":"post","link":"https:\/\/www.berndbraun.eu\/be-nl\/hello-world-2\/","title":{"rendered":"Gevolgen van de Russische invloed op het militaire engagement van Frankrijk in de Sahel"},"content":{"rendered":"\n<p>            Malgr\u00e9 la d\u00e9colonisation, la France n'avait jamais cess\u00e9 de maintenir sa pr\u00e9sence en Afrique et de garder une zone d'influence dans le contient, face \u00e0 l'Union Sovi\u00e9tique durant la guerre froide, puis la Russie depuis les ann\u00e9es 1990<a href=\"#_ftn1\">[1]<\/a>. Actuellement La France fait aussi face \u00e0 une concurrence accrue face de la Turquie et de la Chine, en Afrique<a href=\"#_ftn2\">[2]<\/a>. Cette rivalit\u00e9 est acc\u00e9l\u00e9r\u00e9e par les \u00e9v\u00e9nements de d\u00e9stabilisation et de conflits (Coup d'\u00e9tat, djihadisme)<a href=\"#_ftn3\">[3]<\/a>. On peut citer le cas du Mali, o\u00f9 des dirigeants form\u00e9s en Russie, n\u00e9gocieraient l'arriv\u00e9e des troupes du groupe russe Wagner<a href=\"#_ftn4\">[4]<\/a>. Au cas o\u00f9 Bamako confirmerait officiellement ces n\u00e9gociations, la France et ses partenaires europ\u00e9ens pr\u00e9sents vont gravement en p\u00e2tir, et ce pour plusieurs raisons.<\/p>\n\n\n\n<p>&nbsp;&nbsp;&nbsp;&nbsp;&nbsp;&nbsp;&nbsp;&nbsp;&nbsp;&nbsp;&nbsp; L'implantation du groupe Wagner accordera plus de terrain aux rivaux de la France<a href=\"#_ftn5\">[5]<\/a>. En l'occurrence, la Russie va accro\u00eetre son zone d'influence, d\u00e9j\u00e0 importante \u00e9conomiquement et politiquement en Afrique<a href=\"#_ftn6\">[6]<\/a>. L'Alg\u00e9rie, un des principaux partenaires de Moscou, a ferm\u00e9 son espace a\u00e9rien aux avions militaires fran\u00e7ais, ce qui complique le soutien militaire europ\u00e9en antidjihadiste dans le Sahel, dans le cadre de l'op\u00e9ration Barkhane <a href=\"#_ftn7\">[7]<\/a>.<\/p>\n\n\n\n<p>&nbsp;&nbsp;&nbsp;&nbsp;&nbsp;&nbsp;&nbsp;&nbsp;&nbsp;&nbsp;&nbsp; En place depuis 2014, r\u00e9unissant plus de 5000 soldats fran\u00e7ais accompagn\u00e9s de militaires danois et estoniens, l'op\u00e9ration n'a pas contribu\u00e9 \u00e0 aider le gouvernement de Bamako \u00e0 reprendre le contr\u00f4le du nord du pays, contr\u00f4l\u00e9 par les djihadistes<a href=\"#_ftn8\">[8]<\/a>. D'ailleurs, face \u00e0 cet \u00e9chec, le pr\u00e9sident fran\u00e7ais Macron a d\u00e9cid\u00e9 de r\u00e9duire le nombre de soldats en poste au Mali<a href=\"#_ftn9\">[9]<\/a>. Cependant, les dirigeants africains, y compris maliens, continueront \u00e0 demander du soutien militaire \u00e0 d'autres pays, comme la Turquie, la Chine, voire la Russie<a href=\"#_ftn10\">[10]<\/a>. La France voit ce changement de partenariat d'un mauvais \u0153il, et brandit la menace de d\u00e9sengagement. Toutefois, cela contribue \u00e0 un r\u00f4le militaire accru en Afrique pour les rivaux de la France, qui ne sera pas sans cons\u00e9quences (pr\u00e9sence accrue du groupe Wagner en Afrique).<\/p>\n\n\n\n<p>&nbsp;&nbsp;&nbsp;&nbsp;&nbsp;&nbsp;&nbsp;&nbsp;&nbsp;&nbsp;&nbsp; En cas d'inaction ou de r\u00e9duction d'effectifs dans le Sahel face au groupe Wagner, Paris risque de perdre un alli\u00e9 de poids (les \u00c9tats-Unis) pour assurer la stabilit\u00e9 et la s\u00e9curit\u00e9 dans le Sahel<a href=\"#_ftn11\">[11]<\/a>. De plus, les autres pays impliqu\u00e9s dans l'op\u00e9ration Barkhane, comme l'Estonie, menaceraient de se d\u00e9sengager du Mali<a href=\"#_ftn12\">[12]<\/a>.&nbsp; Malgr\u00e9 les options possibles comme le transfert des troupes vers le Niger voisin, l'Occident craint un effet domino qui risquerait d'affaiblir les troupes occidentales pr\u00e9sentes en Afrique<a href=\"#_ftn13\">[13]<\/a>.<\/p>\n\n\n\n<p>&nbsp;&nbsp;&nbsp;&nbsp;&nbsp;&nbsp;&nbsp;&nbsp;&nbsp;&nbsp;&nbsp; En R\u00e9publique centrafricaine, la France avait d\u00e9j\u00e0 gel\u00e9 son aide budg\u00e9taire et sa coop\u00e9ration militaire, en raison de l'implication militaire russe \u00e0 Bangui<a href=\"#_ftn14\">[14]<\/a>. Malgr\u00e9 les avertissements de la ministre fran\u00e7aise des Arm\u00e9es Florence Parly \u00e0 l'\u00e9gard du Mali en cas d'implication officielle du groupe Wagner dans le pays (perte son soutien international) et les propos rassurants sur la pr\u00e9sence militaire fran\u00e7aise dans le Sahel co\u00fbte que co\u00fbte<a href=\"#_ftn15\">[15]<\/a>, l'influence russe, aujourd'hui croissante, va contribuer \u00e0 un affaiblissement g\u00e9opolitique de la France<a href=\"#_ftn16\">[16]<\/a>. Il peut \u00e9galement aggraver les tensions entre la France et ses anciennes colonies en Afrique<a href=\"#_ftn17\">[17]<\/a>. <\/p>\n\n\n\n<div style=\"height:50px\" aria-hidden=\"true\" class=\"wp-block-spacer\"><\/div>\n\n\n\n<p class=\"has-text-align-center has-text-color has-small-font-size\" style=\"color:#85888a\">\u00a9 2021 Tous droits r\u00e9serv\u00e9s par BRAUN<\/p>\n","protected":false},"excerpt":{"rendered":"<p>Malgr\u00e9 la d\u00e9colonisation, la France n'avait jamais cess\u00e9 de maintenir sa pr\u00e9sence en Afrique et de garder une zone d'influence dans le contient, face \u00e0 l'Union Sovi\u00e9tique durant la guerre froide, puis la Russie depuis les ann\u00e9es 1990[1]. Actuellement La France fait aussi face \u00e0 une concurrence accrue face de la Turquie et de la [&hellip;]<\/p>\n","protected":false},"author":1,"featured_media":119,"comment_status":"open","ping_status":"open","sticky":false,"template":"","format":"standard","meta":{"footnotes":""},"categories":[5],"tags":[],"type-darticle":[22],"class_list":["post-69","post","type-post","status-publish","format-standard","has-post-thumbnail","hentry","category-politics","type-darticle-commentaire"],"yoast_head":"<!-- This site is optimized with the Yoast SEO Premium plugin v21.4 (Yoast SEO v27.2) - https:\/\/yoast.com\/product\/yoast-seo-premium-wordpress\/ -->\n<title>Bernd Braun - Impacts de l&#039;influence russe sur l&#039;engagement militaire de la France dans le Sahel<\/title>\n<meta name=\"robots\" content=\"index, follow, max-snippet:-1, max-image-preview:large, max-video-preview:-1\" \/>\n<link rel=\"canonical\" href=\"https:\/\/www.berndbraun.eu\/be-nl\/hello-world-2\/\" \/>\n<meta property=\"og:locale\" content=\"nl_BE\" \/>\n<meta property=\"og:type\" content=\"article\" \/>\n<meta property=\"og:title\" content=\"Impacts de l&#039;influence russe sur l&#039;engagement militaire de la France dans le Sahel\" \/>\n<meta property=\"og:description\" content=\"Malgr\u00e9 la d\u00e9colonisation, la France n&#039;avait jamais cess\u00e9 de maintenir sa pr\u00e9sence en Afrique et de garder une zone d&#039;influence dans le contient, face \u00e0 l&#039;Union Sovi\u00e9tique durant la guerre froide, puis la Russie depuis les ann\u00e9es 1990[1]. Actuellement La France fait aussi face \u00e0 une concurrence accrue face de la Turquie et de la [&hellip;]\" \/>\n<meta property=\"og:url\" content=\"https:\/\/www.berndbraun.eu\/be-nl\/hello-world-2\/\" \/>\n<meta property=\"og:site_name\" content=\"Bernd Braun\" \/>\n<meta property=\"article:published_time\" content=\"2021-10-26T06:52:59+00:00\" \/>\n<meta property=\"article:modified_time\" content=\"2022-02-22T19:35:39+00:00\" \/>\n<meta property=\"og:image\" content=\"https:\/\/www.berndbraun.eu\/wp-content\/uploads\/2021\/10\/AdobeStock_341927464_soldiers-looking-at-a-map-during-the-preparation-in-the-Canjuers-camp-of-French-soldiers-leaving-for-four-months-of-Opex-in-Mali-as-part-of-the-operation-barkhane-scaled.jpeg\" \/>\n\t<meta property=\"og:image:width\" content=\"2560\" \/>\n\t<meta property=\"og:image:height\" content=\"1704\" \/>\n\t<meta property=\"og:image:type\" content=\"image\/jpeg\" \/>\n<meta name=\"author\" content=\"BigWay\" \/>\n<meta name=\"twitter:card\" content=\"summary_large_image\" \/>\n<meta name=\"twitter:label1\" content=\"Geschreven door\" \/>\n\t<meta name=\"twitter:data1\" content=\"BigWay\" \/>\n\t<meta name=\"twitter:label2\" content=\"Geschatte leestijd\" \/>\n\t<meta name=\"twitter:data2\" content=\"3 minuten\" \/>\n<script type=\"application\/ld+json\" class=\"yoast-schema-graph\">{\"@context\":\"https:\/\/schema.org\",\"@graph\":[{\"@type\":\"Article\",\"@id\":\"https:\/\/www.berndbraun.eu\/hello-world-2\/#article\",\"isPartOf\":{\"@id\":\"https:\/\/www.berndbraun.eu\/hello-world-2\/\"},\"author\":{\"name\":\"BigWay\",\"@id\":\"https:\/\/www.berndbraun.eu\/#\/schema\/person\/2256bfcf812582fa6ebe78e812b41006\"},\"headline\":\"Impacts de l'influence russe sur l'engagement militaire de la France dans le Sahel\",\"datePublished\":\"2021-10-26T06:52:59+00:00\",\"dateModified\":\"2022-02-22T19:35:39+00:00\",\"mainEntityOfPage\":{\"@id\":\"https:\/\/www.berndbraun.eu\/hello-world-2\/\"},\"wordCount\":614,\"commentCount\":0,\"image\":{\"@id\":\"https:\/\/www.berndbraun.eu\/hello-world-2\/#primaryimage\"},\"thumbnailUrl\":\"https:\/\/www.berndbraun.eu\/wp-content\/uploads\/2021\/10\/AdobeStock_341927464_soldiers-looking-at-a-map-during-the-preparation-in-the-Canjuers-camp-of-French-soldiers-leaving-for-four-months-of-Opex-in-Mali-as-part-of-the-operation-barkhane-scaled.jpeg\",\"articleSection\":[\"Politics\"],\"inLanguage\":\"nl-BE\",\"potentialAction\":[{\"@type\":\"CommentAction\",\"name\":\"Comment\",\"target\":[\"https:\/\/www.berndbraun.eu\/hello-world-2\/#respond\"]}]},{\"@type\":\"WebPage\",\"@id\":\"https:\/\/www.berndbraun.eu\/hello-world-2\/\",\"url\":\"https:\/\/www.berndbraun.eu\/hello-world-2\/\",\"name\":\"Bernd Braun - Impacts de l'influence russe sur l'engagement militaire de la France dans le Sahel\",\"isPartOf\":{\"@id\":\"https:\/\/www.berndbraun.eu\/#website\"},\"primaryImageOfPage\":{\"@id\":\"https:\/\/www.berndbraun.eu\/hello-world-2\/#primaryimage\"},\"image\":{\"@id\":\"https:\/\/www.berndbraun.eu\/hello-world-2\/#primaryimage\"},\"thumbnailUrl\":\"https:\/\/www.berndbraun.eu\/wp-content\/uploads\/2021\/10\/AdobeStock_341927464_soldiers-looking-at-a-map-during-the-preparation-in-the-Canjuers-camp-of-French-soldiers-leaving-for-four-months-of-Opex-in-Mali-as-part-of-the-operation-barkhane-scaled.jpeg\",\"datePublished\":\"2021-10-26T06:52:59+00:00\",\"dateModified\":\"2022-02-22T19:35:39+00:00\",\"author\":{\"@id\":\"https:\/\/www.berndbraun.eu\/#\/schema\/person\/2256bfcf812582fa6ebe78e812b41006\"},\"breadcrumb\":{\"@id\":\"https:\/\/www.berndbraun.eu\/hello-world-2\/#breadcrumb\"},\"inLanguage\":\"nl-BE\",\"potentialAction\":[{\"@type\":\"ReadAction\",\"target\":[\"https:\/\/www.berndbraun.eu\/hello-world-2\/\"]}]},{\"@type\":\"ImageObject\",\"inLanguage\":\"nl-BE\",\"@id\":\"https:\/\/www.berndbraun.eu\/hello-world-2\/#primaryimage\",\"url\":\"https:\/\/www.berndbraun.eu\/wp-content\/uploads\/2021\/10\/AdobeStock_341927464_soldiers-looking-at-a-map-during-the-preparation-in-the-Canjuers-camp-of-French-soldiers-leaving-for-four-months-of-Opex-in-Mali-as-part-of-the-operation-barkhane-scaled.jpeg\",\"contentUrl\":\"https:\/\/www.berndbraun.eu\/wp-content\/uploads\/2021\/10\/AdobeStock_341927464_soldiers-looking-at-a-map-during-the-preparation-in-the-Canjuers-camp-of-French-soldiers-leaving-for-four-months-of-Opex-in-Mali-as-part-of-the-operation-barkhane-scaled.jpeg\",\"width\":2560,\"height\":1704,\"caption\":\"DRAGUIGNAN, FRANCE - JULY 21: soldiers looking at a map during the preparation in the Canjuers camp of French soldiers leaving for four months of Opex in Mali as part of the operation barkhane, Provence-Alpes-C\u00f4te d'Azur, Draguignan, France on July 21, 2015 in Draguignan, France.\"},{\"@type\":\"BreadcrumbList\",\"@id\":\"https:\/\/www.berndbraun.eu\/hello-world-2\/#breadcrumb\",\"itemListElement\":[{\"@type\":\"ListItem\",\"position\":1,\"name\":\"Accueil\",\"item\":\"https:\/\/www.berndbraun.eu\/\"},{\"@type\":\"ListItem\",\"position\":2,\"name\":\"Impacts de l'influence russe sur l'engagement militaire de la France dans le Sahel\"}]},{\"@type\":\"WebSite\",\"@id\":\"https:\/\/www.berndbraun.eu\/#website\",\"url\":\"https:\/\/www.berndbraun.eu\/\",\"name\":\"Bernd Braun\",\"description\":\"\",\"potentialAction\":[{\"@type\":\"SearchAction\",\"target\":{\"@type\":\"EntryPoint\",\"urlTemplate\":\"https:\/\/www.berndbraun.eu\/?s={search_term_string}\"},\"query-input\":{\"@type\":\"PropertyValueSpecification\",\"valueRequired\":true,\"valueName\":\"search_term_string\"}}],\"inLanguage\":\"nl-BE\"},{\"@type\":\"Person\",\"@id\":\"https:\/\/www.berndbraun.eu\/#\/schema\/person\/2256bfcf812582fa6ebe78e812b41006\",\"name\":\"BigWay\",\"image\":{\"@type\":\"ImageObject\",\"inLanguage\":\"nl-BE\",\"@id\":\"https:\/\/secure.gravatar.com\/avatar\/cacbb493b880e79c7c7ee92a702e80f44789a36182365548b8e5e57e731c8c20?s=96&d=mm&r=g\",\"url\":\"https:\/\/secure.gravatar.com\/avatar\/cacbb493b880e79c7c7ee92a702e80f44789a36182365548b8e5e57e731c8c20?s=96&d=mm&r=g\",\"contentUrl\":\"https:\/\/secure.gravatar.com\/avatar\/cacbb493b880e79c7c7ee92a702e80f44789a36182365548b8e5e57e731c8c20?s=96&d=mm&r=g\",\"caption\":\"BigWay\"},\"sameAs\":[\"https:\/\/www.berndbraun.eu\"],\"url\":\"https:\/\/www.berndbraun.eu\/be-nl\/author\/bigway\/\"}]}<\/script>\n<!-- \/ Yoast SEO Premium plugin. -->","yoast_head_json":{"title":"Bernd Braun - Invloed van de Russische invloed op de militaire inzet van Frankrijk in de Sahel","robots":{"index":"index","follow":"follow","max-snippet":"max-snippet:-1","max-image-preview":"max-image-preview:large","max-video-preview":"max-video-preview:-1"},"canonical":"https:\/\/www.berndbraun.eu\/be-nl\/hello-world-2\/","og_locale":"nl_BE","og_type":"article","og_title":"Impacts de l'influence russe sur l'engagement militaire de la France dans le Sahel","og_description":"Malgr\u00e9 la d\u00e9colonisation, la France n'avait jamais cess\u00e9 de maintenir sa pr\u00e9sence en Afrique et de garder une zone d'influence dans le contient, face \u00e0 l'Union Sovi\u00e9tique durant la guerre froide, puis la Russie depuis les ann\u00e9es 1990[1]. Actuellement La France fait aussi face \u00e0 une concurrence accrue face de la Turquie et de la [&hellip;]","og_url":"https:\/\/www.berndbraun.eu\/be-nl\/hello-world-2\/","og_site_name":"Bernd Braun","article_published_time":"2021-10-26T06:52:59+00:00","article_modified_time":"2022-02-22T19:35:39+00:00","og_image":[{"width":2560,"height":1704,"url":"https:\/\/www.berndbraun.eu\/wp-content\/uploads\/2021\/10\/AdobeStock_341927464_soldiers-looking-at-a-map-during-the-preparation-in-the-Canjuers-camp-of-French-soldiers-leaving-for-four-months-of-Opex-in-Mali-as-part-of-the-operation-barkhane-scaled.jpeg","type":"image\/jpeg"}],"author":"BigWay","twitter_card":"summary_large_image","twitter_misc":{"Geschreven door":"BigWay","Geschatte leestijd":"3 minuten"},"schema":{"@context":"https:\/\/schema.org","@graph":[{"@type":"Article","@id":"https:\/\/www.berndbraun.eu\/hello-world-2\/#article","isPartOf":{"@id":"https:\/\/www.berndbraun.eu\/hello-world-2\/"},"author":{"name":"BigWay","@id":"https:\/\/www.berndbraun.eu\/#\/schema\/person\/2256bfcf812582fa6ebe78e812b41006"},"headline":"Impacts de l'influence russe sur l'engagement militaire de la France dans le Sahel","datePublished":"2021-10-26T06:52:59+00:00","dateModified":"2022-02-22T19:35:39+00:00","mainEntityOfPage":{"@id":"https:\/\/www.berndbraun.eu\/hello-world-2\/"},"wordCount":614,"commentCount":0,"image":{"@id":"https:\/\/www.berndbraun.eu\/hello-world-2\/#primaryimage"},"thumbnailUrl":"https:\/\/www.berndbraun.eu\/wp-content\/uploads\/2021\/10\/AdobeStock_341927464_soldiers-looking-at-a-map-during-the-preparation-in-the-Canjuers-camp-of-French-soldiers-leaving-for-four-months-of-Opex-in-Mali-as-part-of-the-operation-barkhane-scaled.jpeg","articleSection":["Politics"],"inLanguage":"nl-BE","potentialAction":[{"@type":"CommentAction","name":"Comment","target":["https:\/\/www.berndbraun.eu\/hello-world-2\/#respond"]}]},{"@type":"WebPage","@id":"https:\/\/www.berndbraun.eu\/hello-world-2\/","url":"https:\/\/www.berndbraun.eu\/hello-world-2\/","name":"Bernd Braun - Invloed van de Russische invloed op de militaire inzet van Frankrijk in de Sahel","isPartOf":{"@id":"https:\/\/www.berndbraun.eu\/#website"},"primaryImageOfPage":{"@id":"https:\/\/www.berndbraun.eu\/hello-world-2\/#primaryimage"},"image":{"@id":"https:\/\/www.berndbraun.eu\/hello-world-2\/#primaryimage"},"thumbnailUrl":"https:\/\/www.berndbraun.eu\/wp-content\/uploads\/2021\/10\/AdobeStock_341927464_soldiers-looking-at-a-map-during-the-preparation-in-the-Canjuers-camp-of-French-soldiers-leaving-for-four-months-of-Opex-in-Mali-as-part-of-the-operation-barkhane-scaled.jpeg","datePublished":"2021-10-26T06:52:59+00:00","dateModified":"2022-02-22T19:35:39+00:00","author":{"@id":"https:\/\/www.berndbraun.eu\/#\/schema\/person\/2256bfcf812582fa6ebe78e812b41006"},"breadcrumb":{"@id":"https:\/\/www.berndbraun.eu\/hello-world-2\/#breadcrumb"},"inLanguage":"nl-BE","potentialAction":[{"@type":"ReadAction","target":["https:\/\/www.berndbraun.eu\/hello-world-2\/"]}]},{"@type":"ImageObject","inLanguage":"nl-BE","@id":"https:\/\/www.berndbraun.eu\/hello-world-2\/#primaryimage","url":"https:\/\/www.berndbraun.eu\/wp-content\/uploads\/2021\/10\/AdobeStock_341927464_soldiers-looking-at-a-map-during-the-preparation-in-the-Canjuers-camp-of-French-soldiers-leaving-for-four-months-of-Opex-in-Mali-as-part-of-the-operation-barkhane-scaled.jpeg","contentUrl":"https:\/\/www.berndbraun.eu\/wp-content\/uploads\/2021\/10\/AdobeStock_341927464_soldiers-looking-at-a-map-during-the-preparation-in-the-Canjuers-camp-of-French-soldiers-leaving-for-four-months-of-Opex-in-Mali-as-part-of-the-operation-barkhane-scaled.jpeg","width":2560,"height":1704,"caption":"DRAGUIGNAN, FRANCE - JULY 21: soldiers looking at a map during the preparation in the Canjuers camp of French soldiers leaving for four months of Opex in Mali as part of the operation barkhane, Provence-Alpes-C\u00f4te d'Azur, Draguignan, France on July 21, 2015 in Draguignan, France."},{"@type":"BreadcrumbList","@id":"https:\/\/www.berndbraun.eu\/hello-world-2\/#breadcrumb","itemListElement":[{"@type":"ListItem","position":1,"name":"Accueil","item":"https:\/\/www.berndbraun.eu\/"},{"@type":"ListItem","position":2,"name":"Impacts de l'influence russe sur l'engagement militaire de la France dans le Sahel"}]},{"@type":"WebSite","@id":"https:\/\/www.berndbraun.eu\/#website","url":"https:\/\/www.berndbraun.eu\/","name":"Bernd Braun","description":"","potentialAction":[{"@type":"SearchAction","target":{"@type":"EntryPoint","urlTemplate":"https:\/\/www.berndbraun.eu\/?s={search_term_string}"},"query-input":{"@type":"PropertyValueSpecification","valueRequired":true,"valueName":"search_term_string"}}],"inLanguage":"nl-BE"},{"@type":"Person","@id":"https:\/\/www.berndbraun.eu\/#\/schema\/person\/2256bfcf812582fa6ebe78e812b41006","name":"BigWay","image":{"@type":"ImageObject","inLanguage":"nl-BE","@id":"https:\/\/secure.gravatar.com\/avatar\/cacbb493b880e79c7c7ee92a702e80f44789a36182365548b8e5e57e731c8c20?s=96&d=mm&r=g","url":"https:\/\/secure.gravatar.com\/avatar\/cacbb493b880e79c7c7ee92a702e80f44789a36182365548b8e5e57e731c8c20?s=96&d=mm&r=g","contentUrl":"https:\/\/secure.gravatar.com\/avatar\/cacbb493b880e79c7c7ee92a702e80f44789a36182365548b8e5e57e731c8c20?s=96&d=mm&r=g","caption":"BigWay"},"sameAs":["https:\/\/www.berndbraun.eu"],"url":"https:\/\/www.berndbraun.eu\/be-nl\/author\/bigway\/"}]}},"_links":{"self":[{"href":"https:\/\/www.berndbraun.eu\/be-nl\/wp-json\/wp\/v2\/posts\/69","targetHints":{"allow":["GET"]}}],"collection":[{"href":"https:\/\/www.berndbraun.eu\/be-nl\/wp-json\/wp\/v2\/posts"}],"about":[{"href":"https:\/\/www.berndbraun.eu\/be-nl\/wp-json\/wp\/v2\/types\/post"}],"author":[{"embeddable":true,"href":"https:\/\/www.berndbraun.eu\/be-nl\/wp-json\/wp\/v2\/users\/1"}],"replies":[{"embeddable":true,"href":"https:\/\/www.berndbraun.eu\/be-nl\/wp-json\/wp\/v2\/comments?post=69"}],"version-history":[{"count":21,"href":"https:\/\/www.berndbraun.eu\/be-nl\/wp-json\/wp\/v2\/posts\/69\/revisions"}],"predecessor-version":[{"id":1028,"href":"https:\/\/www.berndbraun.eu\/be-nl\/wp-json\/wp\/v2\/posts\/69\/revisions\/1028"}],"wp:featuredmedia":[{"embeddable":true,"href":"https:\/\/www.berndbraun.eu\/be-nl\/wp-json\/wp\/v2\/media\/119"}],"wp:attachment":[{"href":"https:\/\/www.berndbraun.eu\/be-nl\/wp-json\/wp\/v2\/media?parent=69"}],"wp:term":[{"taxonomy":"category","embeddable":true,"href":"https:\/\/www.berndbraun.eu\/be-nl\/wp-json\/wp\/v2\/categories?post=69"},{"taxonomy":"post_tag","embeddable":true,"href":"https:\/\/www.berndbraun.eu\/be-nl\/wp-json\/wp\/v2\/tags?post=69"},{"taxonomy":"type-darticle","embeddable":true,"href":"https:\/\/www.berndbraun.eu\/be-nl\/wp-json\/wp\/v2\/type-darticle?post=69"}],"curies":[{"name":"wp","href":"https:\/\/api.w.org\/{rel}","templated":true}]}}