{"id":914,"date":"2017-02-05T12:04:02","date_gmt":"2017-02-05T10:04:02","guid":{"rendered":"https:\/\/www.berndbraun.eu\/?p=914"},"modified":"2022-02-22T21:35:57","modified_gmt":"2022-02-22T19:35:57","slug":"relation-usa-iran-les-impacts-politico-economiques-pour-la-france-et-leurope","status":"publish","type":"post","link":"https:\/\/www.berndbraun.eu\/be-nl\/relation-usa-iran-les-impacts-politico-economiques-pour-la-france-et-leurope\/","title":{"rendered":"Betrekkingen VS-Iran: de politieke en economische gevolgen voor Frankrijk en Europa"},"content":{"rendered":"<div style=\"height:40px\" aria-hidden=\"true\" class=\"wp-block-spacer\"><\/div>\n\n\n\n<h2 class=\"has-medium-font-size wp-block-heading\" id=\"introduction\">Inleiding<\/h2>\n\n\n\n<div style=\"height:20px\" aria-hidden=\"true\" class=\"wp-block-spacer\"><\/div>\n\n\n\n<p>&nbsp;&nbsp;&nbsp;&nbsp;&nbsp;&nbsp;&nbsp;&nbsp;&nbsp;&nbsp;&nbsp; Om de markt te ontwikkelen waarin wij ons willen vestigen - namelijk de nieuwe technologie\u00ebn zo dicht mogelijk bij de gebruikers - in deze maatschappij in beweging die Iran is, is het noodzakelijk rekening te houden met de jongste gebeurtenissen op internationale schaal en er profijt van te trekken wanneer zij dat mogelijk maken. &nbsp;&nbsp;&nbsp;<br><br>&nbsp;&nbsp;&nbsp;&nbsp;&nbsp;&nbsp;&nbsp;&nbsp;&nbsp;&nbsp;&nbsp; Van de resultaten van de Amerikaanse verkiezingen tot de opkomst van de Russische en Aziatische invloed op het wereldtoneel, moet onze fractie weten welk standpunt zij moet innemen om de voorsprong te behouden die zij lijkt te hebben bij het vestigen van een zekere hegemonie van onze produkten op Iraans grondgebied, maar ook bij het idee om van Frankrijk een land te maken dat de Iraanse regering steunt, zonder schade te berokkenen aan de verdragen en contracten tussen Frankrijk en de naties die Iran in de marge van de wereldeconomie wensen te zien. Het is dan ook een werk van nauwgezet onderzoek en een zekere diplomatie die onze studie interesseert, die zou kunnen worden vertaald in een vraag van het volgende type: welke kansen kunnen worden aangegrepen om de Franse buitenlandse handel te ontwikkelen op het terrein dat het onze is?<\/p>\n\n\n\n<div style=\"height:35px\" aria-hidden=\"true\" class=\"wp-block-spacer\"><\/div>\n\n\n\n<h2 class=\"has-medium-font-size wp-block-heading\" id=\"i-l-election-de-monsieur-trump-la-figure-de-monroe-et-de-wilson-pour-un-nouveau-type-d-isolationnisme-americain\" style=\"text-transform:uppercase\">I. De verkiezing van de heer Trump, de figuur van Monroe en Wilson voor een nieuw type van de Amerikaanse isolationisme<\/h2>\n\n\n\n<div style=\"height:40px\" aria-hidden=\"true\" class=\"wp-block-spacer\"><\/div>\n\n\n\n<h2 class=\"has-medium-font-size wp-block-heading\" id=\"h-a-les-volontes-du-president-face-a-l-iran\">A. De wensen van de president met betrekking tot Iran<\/h2>\n\n\n\n<p>&nbsp;&nbsp;&nbsp;&nbsp;&nbsp;&nbsp;&nbsp;&nbsp;&nbsp;&nbsp;&nbsp; In zijn eerste ambtsweek slaat de nieuwe president de genadeslag voor het Midden-Oostenprobleem; de handel met Iran wordt beloofd te worden vergeten. Dergelijk geweld zou legitiem kunnen zijn gezien de internationale financi\u00eble allianties en vooroordelen van Trump. Enerzijds blijven de olieproducerende landen van het Arabisch schiereiland de voornaamste leverancier van het zwarte goud van de VS; bijgevolg zijn de hedendaagse en religieuze spelletjes die de betrekkingen bezielen tussen deze landen, waarvan de machthebbers soennieten zijn, en het sjiitische Iran, dat de meerderheid heeft. Deze onenigheid is voor de presidenti\u00eble regering het ideale voorwendsel om af te stappen van de toezeggingen en beloften van openheid die door de regering-Obama op de onderhandelingstafel zijn gelegd. Een dergelijke ommezwaai is ook een handreiking aan Isra\u00ebl, dat weliswaar een land is dat niemand mag omdat het alles wantrouwt, maar dat bepaalde uitwisselingen met de landen van het Arabisch schiereiland - voor olie - tolereert en dat daarom de afspraken van Barack Obama met Iran verafschuwt. Perzi\u00eb is niets anders dan een potenti\u00eble en machtige vijand voor een Isra\u00eblisch volk dat ge\u00efnteresseerd is in een heroprichting van het grote oude Isra\u00ebl. Indien de Perzen er echter in zouden slagen zich aan te sluiten bij alle ontwikkelde landen in termen van technologie, markt, financi\u00ebn en militaire macht, zou de Hebreeuwse wil te gronde gaan omdat de Irani\u00ebrs reeds over een strijdmacht beschikken die in staat is hen in toom te houden, maar vooral om hen binnen te vallen indien de VS een einde zouden maken aan de bescherming die zij sinds 1948 in de regio hebben ingevoerd.<\/p>\n\n\n\n<div class=\"wp-block-image\"><figure class=\"aligncenter size-large\"><img loading=\"lazy\" decoding=\"async\" width=\"1024\" height=\"657\" src=\"https:\/\/www.berndbraun.eu\/wp-content\/uploads\/2022\/02\/AdobeStock_278124461-1-1024x657.jpeg\" alt=\"\" class=\"wp-image-935\" srcset=\"https:\/\/www.berndbraun.eu\/wp-content\/uploads\/2022\/02\/AdobeStock_278124461-1-1024x657.jpeg 1024w, https:\/\/www.berndbraun.eu\/wp-content\/uploads\/2022\/02\/AdobeStock_278124461-1-300x193.jpeg 300w, https:\/\/www.berndbraun.eu\/wp-content\/uploads\/2022\/02\/AdobeStock_278124461-1-768x493.jpeg 768w, https:\/\/www.berndbraun.eu\/wp-content\/uploads\/2022\/02\/AdobeStock_278124461-1-1536x986.jpeg 1536w, https:\/\/www.berndbraun.eu\/wp-content\/uploads\/2022\/02\/AdobeStock_278124461-1-2048x1314.jpeg 2048w, https:\/\/www.berndbraun.eu\/wp-content\/uploads\/2022\/02\/AdobeStock_278124461-1-18x12.jpeg 18w, https:\/\/www.berndbraun.eu\/wp-content\/uploads\/2022\/02\/AdobeStock_278124461-1-scaled.jpeg 2560w\" sizes=\"auto, (max-width: 1024px) 100vw, 1024px\" \/><\/figure><\/div>\n\n\n\n<div style=\"height:40px\" aria-hidden=\"true\" class=\"wp-block-spacer\"><\/div>\n\n\n\n<h2 class=\"has-medium-font-size wp-block-heading\" id=\"b-un-dedain-pour-l-union-europeenne\">B. Een minachting voor de Europese Unie<\/h2>\n\n\n\n<p>&nbsp;&nbsp;&nbsp;&nbsp;&nbsp;&nbsp;&nbsp;&nbsp;&nbsp;&nbsp;&nbsp; Dit verzet tegen Iran gaat hand in hand met een zekere ongezonde kijk op de Europese Unie van de kant van de president. De verschillende crisissen die ons continent heeft doorgemaakt, met name de afgelopen vijf jaar, de bijna wereldwijde ineenstorting van het economische, politieke en sociale systeem van de Unie, bieden de wereld immers een schouwspel dat op het eerste gezicht niet erg innemend is. Daarbij komen nog de komende verkiezingen in Frankrijk en Duitsland, die een morele en diplomatieke tragedie beloven te worden; net als \"America first\" zijn veel radicale politieke partijen gesterkt in hun isolationistische bedoelingen, net als Trump. Het conflictpunt is echter niet alleen de wens om de Amerikaanse markt te beschermen, maar vooral het idee dat de Europese Unie zwak en kwetsbaar is in de ogen van het Amerikaanse voorzitterschap. De EU is een onvergelijkbare markt, maar de interne verdeeldheid, het gebrek aan militaire macht en het verlangen naar onafhankelijkheid van de Amerikaanse dollar zijn allemaal dwaze punten. De Brexit getuigt van de zwakte van een Europa dat niet in staat is zijn machtigste leden tegen te houden, dat niet in staat is zijn grenzen te beschermen, dat niet in staat is verder te kijken dan historische vooroordelen en Turkije en Rusland binnen zijn grenzen te brengen, zo niet fysiek, dan toch minstens economisch.<\/p>\n\n\n\n<p>&nbsp;&nbsp;&nbsp;&nbsp;&nbsp;&nbsp;&nbsp;&nbsp;&nbsp;&nbsp;&nbsp; Dit is een tweede twistpunt tussen de VS en de EU, een tweede toegevoegde waarde aan onze industri\u00eble aanpak.<\/p>\n\n\n\n<div style=\"height:40px\" aria-hidden=\"true\" class=\"wp-block-spacer\"><\/div>\n\n\n\n<h2 class=\"has-medium-font-size wp-block-heading\" id=\"c-un-president-americain-pro-russe\">C. Een pro-Russische president van de VS<\/h2>\n\n\n\n<p>&nbsp;&nbsp;&nbsp;&nbsp;&nbsp;&nbsp;&nbsp;&nbsp;&nbsp;&nbsp;&nbsp; De grote revolutie die Trump heeft teweeggebracht is zijn aantrekkingskracht op Rusland, zijn bereidheid om sterke banden te smeden tussen de Russische economie en die van zijn land. Het is een bereidheid om verder te gaan dan conflicten uit het verleden, om terug te keren naar de moderne wereld in het tsaristische tijdperk, toen de VS en Rusland geen grote reden hadden om in conflict te zijn. Het is een internationale opwarming die ons de Koude Oorlog doet vergeten en de tegenstellingen die het gevolg waren van de machtsstrategie\u00ebn van de twee groten van deze wereld gedurende de laatste veertig jaar. Een dergelijke toenadering is een teken aan de wereld dat wij in plaats van de VS als enige bewaker van het wereldevenwicht - een bewaker die overal waar hij komt problemen zaait - een onovertroffen economische macht zullen hebben die geallieerd is met de grootste militaire macht op het oude continent en in Azi\u00eb. Zowel voor de economie als voor de veiligheid in de wereld zou dit een slechte zaak kunnen zijn, aangezien men begrijpt dat Rusland, indien het de kant van de Amerikanen zou kiezen, geen ander obstakel zou hebben dan de afspraken die met de Amerikanen moeten worden gemaakt over de modus operandi op wereldschaal op het gebied van financi\u00ebn, militair en diplomatie. Het einde van een dergelijk patroon van machtsverdeling zou de VS in staat stellen China, Europa en India af te maken en zichzelf in staat stellen Afrika ten eigen bate te ontwikkelen.&nbsp;&nbsp;&nbsp;&nbsp;&nbsp;<\/p>\n\n\n\n<p>&nbsp;&nbsp;&nbsp;&nbsp;&nbsp;&nbsp;&nbsp;&nbsp;&nbsp;&nbsp;&nbsp; Een dergelijke aanpak is echter lastig omdat de Russen met veel stappen diepere en sterkere banden hebben dan met de VS, die nog steeds de voornaamste internationale tegenstander van de hegemoniale bedoelingen van de VS is. De niet aflatende ijver en inventiviteit van de reus van de voormalige USSR hebben alle Amerikaanse militaire en sociale deskundigen de afgelopen decennia op hun tenen gehouden. Vandaag zou de totstandbrenging van een dergelijke alliantie afhankelijk zijn van een herpositionering van Rusland in zijn betrekkingen met partners als China, India en Iran voor wat ons interesseert. Een delicate zet.<\/p>\n\n\n\n<div style=\"height:40px\" aria-hidden=\"true\" class=\"wp-block-spacer\"><\/div>\n\n\n\n<h2 class=\"has-medium-font-size wp-block-heading\" id=\"ii-quid-de-ces-phenomenes-pour-la-france-et-pour-notre-industrie\" style=\"text-transform:uppercase\">II. Wat betekent dit voor Frankrijk en voor onze industrie?<\/h2>\n\n\n\n<div style=\"height:20px\" aria-hidden=\"true\" class=\"wp-block-spacer\"><\/div>\n\n\n\n<p>&nbsp;&nbsp;&nbsp;&nbsp;&nbsp;&nbsp;&nbsp;&nbsp;&nbsp;&nbsp;&nbsp; Wat de ontwikkeling van onze onderneming betreft, maar ook in verband met de kansen voor Frankrijk die door dergelijke omkeringen van de situatie worden geboden, in het idee van een nieuwe band die met Iran moet worden geweven, zijn de recente gebeurtenissen een echte kans. Vanuit louter diplomatiek oogpunt heeft Frankrijk nu inderdaad vrij spel in Iran, aangezien de Verenigde Staten hun sancties tegen de Perzen zullen opvoeren, maar ook de greep van de Europese Unie, die door het nieuwe Amerikaanse voorzitterschap volledig in diskrediet wordt gebracht, zullen versoepelen. Met enige voorzichtigheid, vooral ten aanzien van Turkije, de landen van het Arabische schiereiland en Isra\u00ebl - dat Frankrijk sinds Charles De Gaulle alleen heeft gerespecteerd uit de wens welwillend en verantwoordelijk te zijn tegenover een wereld die met de vinger wijst naar het land voor de Vel-d'Hiv, maar ook omdat het zijn zaken met de Verenigde Staten goed uitkomt - zullen de Franse machten, waarvan we bijna zeker zijn dat ze in handen zullen vallen van Emmanuel Macron (een groot verdediger van zakenlieden), de volledige vrijheid hebben om de deuren van het Iraanse Rijk en zijn markten te openen.<\/p>\n\n\n\n<p>&nbsp;&nbsp;&nbsp;&nbsp;&nbsp;&nbsp;&nbsp;&nbsp;&nbsp;&nbsp;&nbsp; Bovendien zou onze groep, die zich bezighoudt met onderzoek naar en ontwikkeling van nieuwe technologie\u00ebn - op het gebied van luchtvaart, vervoer, mobiele en geconnecteerde technologie\u00ebn - bij een daadwerkelijke toenadering tussen de VS en Rusland te maken krijgen met een vermindering van het aantal commerci\u00eble contracten tussen de Russen en de Perzen, die zich verraden zouden voelen; die zich zeker verraden zouden voelen omdat een dergelijke alliantie tussen de twee oude vijanden een verzaking zou betekenen van de allianties van de voormalige Sovjetmacht met de gemarginaliseerden van de ontwikkelde wereld. Bovendien zou een stap van de VS weg van de Europese acties, maar vooral van haar financi\u00ebn en economie, een nieuwe lucht geven aan de handel tussen haar leden. Indien de VS ons in de steek laten, zal Duitsland zijn steunpilaar verliezen, de Britten hun invloed bij de Europeanen, en Frankrijk zou zijn plaats als leidende kracht in het centrum van Europa terugwinnen. Met een gedrag dat de uitdagingen van morgen waardig is, zouden de Fransen echter kunnen bijdragen tot de instandhouding van de Europese Unie, de samenwerking tussen ondernemingen kunnen versterken en tegelijkertijd de stappen van hun industri\u00eblen in het buitenland, met name in Iran, kunnen ondersteunen.<\/p>\n\n\n\n<p>&nbsp;&nbsp;&nbsp;&nbsp;&nbsp;&nbsp;&nbsp;&nbsp;&nbsp;&nbsp;&nbsp; Het scenario dat wordt voorbereid is niet catastrofaal, maar vereist gevoeligheid en het vermogen om algemene bewegingen te voorzien van de kant van de omringende machten, evenals van de markten en andere industri\u00eblen in onze sector. Het feit dat Iran op het internationale toneel nog meer op een zijspoor wordt gezet, dat het een nieuw territorium van terroristen wil worden, is echter een kans voor ons, die, door een uitgestoken hand, een tolerante en onbevooroordeelde macht te belichamen, zonder problemen de Perzische markt en hun samenleving zullen binnentreden; ons van meet af aan vrijwel alle mogelijkheden biedend voor de ontwikkeling van onze industrie, en de voordelen die deze met zich meebrengt.<\/p>\n\n\n\n<figure class=\"wp-block-gallery has-nested-images columns-default is-cropped wp-block-gallery-1 is-layout-flex wp-block-gallery-is-layout-flex\">\n<figure class=\"wp-block-image size-large\"><a href=\"https:\/\/www.berndbraun.eu\/wp-content\/uploads\/2022\/02\/AdobeStock_313509945-scaled.jpeg\"><img loading=\"lazy\" decoding=\"async\" width=\"1024\" height=\"683\" data-id=\"939\" src=\"https:\/\/www.berndbraun.eu\/wp-content\/uploads\/2022\/02\/AdobeStock_313509945-1024x683.jpeg\" alt=\"\" class=\"wp-image-939\" srcset=\"https:\/\/www.berndbraun.eu\/wp-content\/uploads\/2022\/02\/AdobeStock_313509945-1024x683.jpeg 1024w, https:\/\/www.berndbraun.eu\/wp-content\/uploads\/2022\/02\/AdobeStock_313509945-300x200.jpeg 300w, https:\/\/www.berndbraun.eu\/wp-content\/uploads\/2022\/02\/AdobeStock_313509945-768x512.jpeg 768w, https:\/\/www.berndbraun.eu\/wp-content\/uploads\/2022\/02\/AdobeStock_313509945-1536x1024.jpeg 1536w, https:\/\/www.berndbraun.eu\/wp-content\/uploads\/2022\/02\/AdobeStock_313509945-2048x1365.jpeg 2048w, https:\/\/www.berndbraun.eu\/wp-content\/uploads\/2022\/02\/AdobeStock_313509945-18x12.jpeg 18w, https:\/\/www.berndbraun.eu\/wp-content\/uploads\/2022\/02\/AdobeStock_313509945-scaled.jpeg 2560w\" sizes=\"auto, (max-width: 1024px) 100vw, 1024px\" \/><\/a><figcaption>Teheran<\/figcaption><\/figure>\n<\/figure>\n\n\n\n<div style=\"height:50px\" aria-hidden=\"true\" class=\"wp-block-spacer\"><\/div>\n\n\n\n<p class=\"has-text-align-center has-cyan-bluish-gray-color has-text-color has-small-font-size\">2022 Alle rechten voorbehouden door BRAUN<\/p>","protected":false},"excerpt":{"rendered":"<p>Introduction &nbsp;&nbsp;&nbsp;&nbsp;&nbsp;&nbsp;&nbsp;&nbsp;&nbsp;&nbsp;&nbsp; Dans une volont\u00e9 de d\u00e9veloppement du march\u00e9 sur lequel nous souhaitons nous implanter \u2013 savoir les nouvelles technologies au plus proche des utilisateurs \u2013 dans cette soci\u00e9t\u00e9 en mouvement qu\u2019est l\u2019Iran, il est n\u00e9cessaire de prendre en compte les derniers \u00e9v\u00e9nements survenus \u00e0 l\u2019\u00e9chelle internationale et d\u2019en tirer profit lorsque ces derniers le [&hellip;]<\/p>\n","protected":false},"author":3,"featured_media":928,"comment_status":"open","ping_status":"open","sticky":false,"template":"","format":"standard","meta":{"footnotes":""},"categories":[5],"tags":[],"type-darticle":[21],"class_list":["post-914","post","type-post","status-publish","format-standard","has-post-thumbnail","hentry","category-politics","type-darticle-analyse"],"yoast_head":"<!-- This site is optimized with the Yoast SEO Premium plugin v21.4 (Yoast SEO v27.2) - https:\/\/yoast.com\/product\/yoast-seo-premium-wordpress\/ -->\n<title>Bernd Braun - Relation USA-Iran : les impacts politico-\u00e9conomiques pour la France et l&#039;Europe<\/title>\n<meta name=\"robots\" content=\"index, follow, max-snippet:-1, max-image-preview:large, max-video-preview:-1\" \/>\n<link rel=\"canonical\" href=\"https:\/\/www.berndbraun.eu\/be-nl\/relation-usa-iran-les-impacts-politico-economiques-pour-la-france-et-leurope\/\" \/>\n<meta property=\"og:locale\" content=\"nl_BE\" \/>\n<meta property=\"og:type\" content=\"article\" \/>\n<meta property=\"og:title\" content=\"Relation USA-Iran : les impacts politico-\u00e9conomiques pour la France et l&#039;Europe\" \/>\n<meta property=\"og:description\" content=\"Introduction &nbsp;&nbsp;&nbsp;&nbsp;&nbsp;&nbsp;&nbsp;&nbsp;&nbsp;&nbsp;&nbsp; Dans une volont\u00e9 de d\u00e9veloppement du march\u00e9 sur lequel nous souhaitons nous implanter \u2013 savoir les nouvelles technologies au plus proche des utilisateurs \u2013 dans cette soci\u00e9t\u00e9 en mouvement qu\u2019est l\u2019Iran, il est n\u00e9cessaire de prendre en compte les derniers \u00e9v\u00e9nements survenus \u00e0 l\u2019\u00e9chelle internationale et d\u2019en tirer profit lorsque ces derniers le [&hellip;]\" \/>\n<meta property=\"og:url\" content=\"https:\/\/www.berndbraun.eu\/be-nl\/relation-usa-iran-les-impacts-politico-economiques-pour-la-france-et-leurope\/\" \/>\n<meta property=\"og:site_name\" content=\"Bernd Braun\" \/>\n<meta property=\"article:published_time\" content=\"2017-02-05T10:04:02+00:00\" \/>\n<meta property=\"article:modified_time\" content=\"2022-02-22T19:35:57+00:00\" \/>\n<meta property=\"og:image\" content=\"https:\/\/www.berndbraun.eu\/wp-content\/uploads\/2017\/02\/AdobeStock_355736206-scaled.jpeg\" \/>\n\t<meta property=\"og:image:width\" content=\"2560\" \/>\n\t<meta property=\"og:image:height\" content=\"1636\" \/>\n\t<meta property=\"og:image:type\" content=\"image\/jpeg\" \/>\n<meta name=\"author\" content=\"Bernd\" \/>\n<meta name=\"twitter:card\" content=\"summary_large_image\" \/>\n<meta name=\"twitter:label1\" content=\"Geschreven door\" \/>\n\t<meta name=\"twitter:data1\" content=\"Bernd\" \/>\n\t<meta name=\"twitter:label2\" content=\"Geschatte leestijd\" \/>\n\t<meta name=\"twitter:data2\" content=\"8 minuten\" \/>\n<script type=\"application\/ld+json\" class=\"yoast-schema-graph\">{\"@context\":\"https:\/\/schema.org\",\"@graph\":[{\"@type\":\"Article\",\"@id\":\"https:\/\/www.berndbraun.eu\/relation-usa-iran-les-impacts-politico-economiques-pour-la-france-et-leurope\/#article\",\"isPartOf\":{\"@id\":\"https:\/\/www.berndbraun.eu\/relation-usa-iran-les-impacts-politico-economiques-pour-la-france-et-leurope\/\"},\"author\":{\"name\":\"Bernd\",\"@id\":\"https:\/\/www.berndbraun.eu\/#\/schema\/person\/a64c4c08b6a8c9f8fe9be655928070ca\"},\"headline\":\"Relation USA-Iran : les impacts politico-\u00e9conomiques pour la France et l'Europe\",\"datePublished\":\"2017-02-05T10:04:02+00:00\",\"dateModified\":\"2022-02-22T19:35:57+00:00\",\"mainEntityOfPage\":{\"@id\":\"https:\/\/www.berndbraun.eu\/relation-usa-iran-les-impacts-politico-economiques-pour-la-france-et-leurope\/\"},\"wordCount\":1934,\"commentCount\":0,\"image\":{\"@id\":\"https:\/\/www.berndbraun.eu\/relation-usa-iran-les-impacts-politico-economiques-pour-la-france-et-leurope\/#primaryimage\"},\"thumbnailUrl\":\"https:\/\/www.berndbraun.eu\/wp-content\/uploads\/2017\/02\/AdobeStock_355736206-scaled.jpeg\",\"articleSection\":[\"Politics\"],\"inLanguage\":\"nl-BE\",\"potentialAction\":[{\"@type\":\"CommentAction\",\"name\":\"Comment\",\"target\":[\"https:\/\/www.berndbraun.eu\/relation-usa-iran-les-impacts-politico-economiques-pour-la-france-et-leurope\/#respond\"]}]},{\"@type\":\"WebPage\",\"@id\":\"https:\/\/www.berndbraun.eu\/relation-usa-iran-les-impacts-politico-economiques-pour-la-france-et-leurope\/\",\"url\":\"https:\/\/www.berndbraun.eu\/relation-usa-iran-les-impacts-politico-economiques-pour-la-france-et-leurope\/\",\"name\":\"Bernd Braun - Relation USA-Iran : les impacts politico-\u00e9conomiques pour la France et l'Europe\",\"isPartOf\":{\"@id\":\"https:\/\/www.berndbraun.eu\/#website\"},\"primaryImageOfPage\":{\"@id\":\"https:\/\/www.berndbraun.eu\/relation-usa-iran-les-impacts-politico-economiques-pour-la-france-et-leurope\/#primaryimage\"},\"image\":{\"@id\":\"https:\/\/www.berndbraun.eu\/relation-usa-iran-les-impacts-politico-economiques-pour-la-france-et-leurope\/#primaryimage\"},\"thumbnailUrl\":\"https:\/\/www.berndbraun.eu\/wp-content\/uploads\/2017\/02\/AdobeStock_355736206-scaled.jpeg\",\"datePublished\":\"2017-02-05T10:04:02+00:00\",\"dateModified\":\"2022-02-22T19:35:57+00:00\",\"author\":{\"@id\":\"https:\/\/www.berndbraun.eu\/#\/schema\/person\/a64c4c08b6a8c9f8fe9be655928070ca\"},\"breadcrumb\":{\"@id\":\"https:\/\/www.berndbraun.eu\/relation-usa-iran-les-impacts-politico-economiques-pour-la-france-et-leurope\/#breadcrumb\"},\"inLanguage\":\"nl-BE\",\"potentialAction\":[{\"@type\":\"ReadAction\",\"target\":[\"https:\/\/www.berndbraun.eu\/relation-usa-iran-les-impacts-politico-economiques-pour-la-france-et-leurope\/\"]}]},{\"@type\":\"ImageObject\",\"inLanguage\":\"nl-BE\",\"@id\":\"https:\/\/www.berndbraun.eu\/relation-usa-iran-les-impacts-politico-economiques-pour-la-france-et-leurope\/#primaryimage\",\"url\":\"https:\/\/www.berndbraun.eu\/wp-content\/uploads\/2017\/02\/AdobeStock_355736206-scaled.jpeg\",\"contentUrl\":\"https:\/\/www.berndbraun.eu\/wp-content\/uploads\/2017\/02\/AdobeStock_355736206-scaled.jpeg\",\"width\":2560,\"height\":1636,\"caption\":\"Waving Iran flag above skyline of Tehran at sunset.\"},{\"@type\":\"BreadcrumbList\",\"@id\":\"https:\/\/www.berndbraun.eu\/relation-usa-iran-les-impacts-politico-economiques-pour-la-france-et-leurope\/#breadcrumb\",\"itemListElement\":[{\"@type\":\"ListItem\",\"position\":1,\"name\":\"Accueil\",\"item\":\"https:\/\/www.berndbraun.eu\/\"},{\"@type\":\"ListItem\",\"position\":2,\"name\":\"Relation USA-Iran : les impacts politico-\u00e9conomiques pour la France et l'Europe\"}]},{\"@type\":\"WebSite\",\"@id\":\"https:\/\/www.berndbraun.eu\/#website\",\"url\":\"https:\/\/www.berndbraun.eu\/\",\"name\":\"Bernd Braun\",\"description\":\"\",\"potentialAction\":[{\"@type\":\"SearchAction\",\"target\":{\"@type\":\"EntryPoint\",\"urlTemplate\":\"https:\/\/www.berndbraun.eu\/?s={search_term_string}\"},\"query-input\":{\"@type\":\"PropertyValueSpecification\",\"valueRequired\":true,\"valueName\":\"search_term_string\"}}],\"inLanguage\":\"nl-BE\"},{\"@type\":\"Person\",\"@id\":\"https:\/\/www.berndbraun.eu\/#\/schema\/person\/a64c4c08b6a8c9f8fe9be655928070ca\",\"name\":\"Bernd\",\"image\":{\"@type\":\"ImageObject\",\"inLanguage\":\"nl-BE\",\"@id\":\"https:\/\/secure.gravatar.com\/avatar\/e51d7b18a7c2fb10dd367a4bab68ef5a6d1736ae3537a0fd211df170b00b15af?s=96&d=mm&r=g\",\"url\":\"https:\/\/secure.gravatar.com\/avatar\/e51d7b18a7c2fb10dd367a4bab68ef5a6d1736ae3537a0fd211df170b00b15af?s=96&d=mm&r=g\",\"contentUrl\":\"https:\/\/secure.gravatar.com\/avatar\/e51d7b18a7c2fb10dd367a4bab68ef5a6d1736ae3537a0fd211df170b00b15af?s=96&d=mm&r=g\",\"caption\":\"Bernd\"},\"url\":\"https:\/\/www.berndbraun.eu\/be-nl\/author\/bernd\/\"}]}<\/script>\n<!-- \/ Yoast SEO Premium plugin. -->","yoast_head_json":{"title":"Bernd Braun - De betrekkingen tussen de VS en Iran: de politieke en economische gevolgen voor Frankrijk en Europa","robots":{"index":"index","follow":"follow","max-snippet":"max-snippet:-1","max-image-preview":"max-image-preview:large","max-video-preview":"max-video-preview:-1"},"canonical":"https:\/\/www.berndbraun.eu\/be-nl\/relation-usa-iran-les-impacts-politico-economiques-pour-la-france-et-leurope\/","og_locale":"nl_BE","og_type":"article","og_title":"Relation USA-Iran : les impacts politico-\u00e9conomiques pour la France et l'Europe","og_description":"Introduction &nbsp;&nbsp;&nbsp;&nbsp;&nbsp;&nbsp;&nbsp;&nbsp;&nbsp;&nbsp;&nbsp; Dans une volont\u00e9 de d\u00e9veloppement du march\u00e9 sur lequel nous souhaitons nous implanter \u2013 savoir les nouvelles technologies au plus proche des utilisateurs \u2013 dans cette soci\u00e9t\u00e9 en mouvement qu\u2019est l\u2019Iran, il est n\u00e9cessaire de prendre en compte les derniers \u00e9v\u00e9nements survenus \u00e0 l\u2019\u00e9chelle internationale et d\u2019en tirer profit lorsque ces derniers le [&hellip;]","og_url":"https:\/\/www.berndbraun.eu\/be-nl\/relation-usa-iran-les-impacts-politico-economiques-pour-la-france-et-leurope\/","og_site_name":"Bernd Braun","article_published_time":"2017-02-05T10:04:02+00:00","article_modified_time":"2022-02-22T19:35:57+00:00","og_image":[{"width":2560,"height":1636,"url":"https:\/\/www.berndbraun.eu\/wp-content\/uploads\/2017\/02\/AdobeStock_355736206-scaled.jpeg","type":"image\/jpeg"}],"author":"Bernd","twitter_card":"summary_large_image","twitter_misc":{"Geschreven door":"Bernd","Geschatte leestijd":"8 minuten"},"schema":{"@context":"https:\/\/schema.org","@graph":[{"@type":"Article","@id":"https:\/\/www.berndbraun.eu\/relation-usa-iran-les-impacts-politico-economiques-pour-la-france-et-leurope\/#article","isPartOf":{"@id":"https:\/\/www.berndbraun.eu\/relation-usa-iran-les-impacts-politico-economiques-pour-la-france-et-leurope\/"},"author":{"name":"Bernd","@id":"https:\/\/www.berndbraun.eu\/#\/schema\/person\/a64c4c08b6a8c9f8fe9be655928070ca"},"headline":"Relation USA-Iran : les impacts politico-\u00e9conomiques pour la France et l'Europe","datePublished":"2017-02-05T10:04:02+00:00","dateModified":"2022-02-22T19:35:57+00:00","mainEntityOfPage":{"@id":"https:\/\/www.berndbraun.eu\/relation-usa-iran-les-impacts-politico-economiques-pour-la-france-et-leurope\/"},"wordCount":1934,"commentCount":0,"image":{"@id":"https:\/\/www.berndbraun.eu\/relation-usa-iran-les-impacts-politico-economiques-pour-la-france-et-leurope\/#primaryimage"},"thumbnailUrl":"https:\/\/www.berndbraun.eu\/wp-content\/uploads\/2017\/02\/AdobeStock_355736206-scaled.jpeg","articleSection":["Politics"],"inLanguage":"nl-BE","potentialAction":[{"@type":"CommentAction","name":"Comment","target":["https:\/\/www.berndbraun.eu\/relation-usa-iran-les-impacts-politico-economiques-pour-la-france-et-leurope\/#respond"]}]},{"@type":"WebPage","@id":"https:\/\/www.berndbraun.eu\/relation-usa-iran-les-impacts-politico-economiques-pour-la-france-et-leurope\/","url":"https:\/\/www.berndbraun.eu\/relation-usa-iran-les-impacts-politico-economiques-pour-la-france-et-leurope\/","name":"Bernd Braun - De betrekkingen tussen de VS en Iran: de politieke en economische gevolgen voor Frankrijk en Europa","isPartOf":{"@id":"https:\/\/www.berndbraun.eu\/#website"},"primaryImageOfPage":{"@id":"https:\/\/www.berndbraun.eu\/relation-usa-iran-les-impacts-politico-economiques-pour-la-france-et-leurope\/#primaryimage"},"image":{"@id":"https:\/\/www.berndbraun.eu\/relation-usa-iran-les-impacts-politico-economiques-pour-la-france-et-leurope\/#primaryimage"},"thumbnailUrl":"https:\/\/www.berndbraun.eu\/wp-content\/uploads\/2017\/02\/AdobeStock_355736206-scaled.jpeg","datePublished":"2017-02-05T10:04:02+00:00","dateModified":"2022-02-22T19:35:57+00:00","author":{"@id":"https:\/\/www.berndbraun.eu\/#\/schema\/person\/a64c4c08b6a8c9f8fe9be655928070ca"},"breadcrumb":{"@id":"https:\/\/www.berndbraun.eu\/relation-usa-iran-les-impacts-politico-economiques-pour-la-france-et-leurope\/#breadcrumb"},"inLanguage":"nl-BE","potentialAction":[{"@type":"ReadAction","target":["https:\/\/www.berndbraun.eu\/relation-usa-iran-les-impacts-politico-economiques-pour-la-france-et-leurope\/"]}]},{"@type":"ImageObject","inLanguage":"nl-BE","@id":"https:\/\/www.berndbraun.eu\/relation-usa-iran-les-impacts-politico-economiques-pour-la-france-et-leurope\/#primaryimage","url":"https:\/\/www.berndbraun.eu\/wp-content\/uploads\/2017\/02\/AdobeStock_355736206-scaled.jpeg","contentUrl":"https:\/\/www.berndbraun.eu\/wp-content\/uploads\/2017\/02\/AdobeStock_355736206-scaled.jpeg","width":2560,"height":1636,"caption":"Waving Iran flag above skyline of Tehran at sunset."},{"@type":"BreadcrumbList","@id":"https:\/\/www.berndbraun.eu\/relation-usa-iran-les-impacts-politico-economiques-pour-la-france-et-leurope\/#breadcrumb","itemListElement":[{"@type":"ListItem","position":1,"name":"Accueil","item":"https:\/\/www.berndbraun.eu\/"},{"@type":"ListItem","position":2,"name":"Relation USA-Iran : les impacts politico-\u00e9conomiques pour la France et l'Europe"}]},{"@type":"WebSite","@id":"https:\/\/www.berndbraun.eu\/#website","url":"https:\/\/www.berndbraun.eu\/","name":"Bernd Braun","description":"","potentialAction":[{"@type":"SearchAction","target":{"@type":"EntryPoint","urlTemplate":"https:\/\/www.berndbraun.eu\/?s={search_term_string}"},"query-input":{"@type":"PropertyValueSpecification","valueRequired":true,"valueName":"search_term_string"}}],"inLanguage":"nl-BE"},{"@type":"Person","@id":"https:\/\/www.berndbraun.eu\/#\/schema\/person\/a64c4c08b6a8c9f8fe9be655928070ca","name":"Bernd","image":{"@type":"ImageObject","inLanguage":"nl-BE","@id":"https:\/\/secure.gravatar.com\/avatar\/e51d7b18a7c2fb10dd367a4bab68ef5a6d1736ae3537a0fd211df170b00b15af?s=96&d=mm&r=g","url":"https:\/\/secure.gravatar.com\/avatar\/e51d7b18a7c2fb10dd367a4bab68ef5a6d1736ae3537a0fd211df170b00b15af?s=96&d=mm&r=g","contentUrl":"https:\/\/secure.gravatar.com\/avatar\/e51d7b18a7c2fb10dd367a4bab68ef5a6d1736ae3537a0fd211df170b00b15af?s=96&d=mm&r=g","caption":"Bernd"},"url":"https:\/\/www.berndbraun.eu\/be-nl\/author\/bernd\/"}]}},"_links":{"self":[{"href":"https:\/\/www.berndbraun.eu\/be-nl\/wp-json\/wp\/v2\/posts\/914","targetHints":{"allow":["GET"]}}],"collection":[{"href":"https:\/\/www.berndbraun.eu\/be-nl\/wp-json\/wp\/v2\/posts"}],"about":[{"href":"https:\/\/www.berndbraun.eu\/be-nl\/wp-json\/wp\/v2\/types\/post"}],"author":[{"embeddable":true,"href":"https:\/\/www.berndbraun.eu\/be-nl\/wp-json\/wp\/v2\/users\/3"}],"replies":[{"embeddable":true,"href":"https:\/\/www.berndbraun.eu\/be-nl\/wp-json\/wp\/v2\/comments?post=914"}],"version-history":[{"count":20,"href":"https:\/\/www.berndbraun.eu\/be-nl\/wp-json\/wp\/v2\/posts\/914\/revisions"}],"predecessor-version":[{"id":1034,"href":"https:\/\/www.berndbraun.eu\/be-nl\/wp-json\/wp\/v2\/posts\/914\/revisions\/1034"}],"wp:featuredmedia":[{"embeddable":true,"href":"https:\/\/www.berndbraun.eu\/be-nl\/wp-json\/wp\/v2\/media\/928"}],"wp:attachment":[{"href":"https:\/\/www.berndbraun.eu\/be-nl\/wp-json\/wp\/v2\/media?parent=914"}],"wp:term":[{"taxonomy":"category","embeddable":true,"href":"https:\/\/www.berndbraun.eu\/be-nl\/wp-json\/wp\/v2\/categories?post=914"},{"taxonomy":"post_tag","embeddable":true,"href":"https:\/\/www.berndbraun.eu\/be-nl\/wp-json\/wp\/v2\/tags?post=914"},{"taxonomy":"type-darticle","embeddable":true,"href":"https:\/\/www.berndbraun.eu\/be-nl\/wp-json\/wp\/v2\/type-darticle?post=914"}],"curies":[{"name":"wp","href":"https:\/\/api.w.org\/{rel}","templated":true}]}}