{"id":988,"date":"2022-02-14T21:03:03","date_gmt":"2022-02-14T19:03:03","guid":{"rendered":"https:\/\/www.berndbraun.eu\/?p=988"},"modified":"2022-11-17T01:10:33","modified_gmt":"2022-11-16T23:10:33","slug":"conflit-au-yemen-un-front-iran-arabie-saoudite-meconnu","status":"publish","type":"post","link":"https:\/\/www.berndbraun.eu\/be-nl\/conflit-au-yemen-un-front-iran-arabie-saoudite-meconnu\/","title":{"rendered":"Conflict in Jemen: een weinig bekend Iran\/Saoedi-Arabi\u00eb-front"},"content":{"rendered":"\n<p>&nbsp;&nbsp;&nbsp;&nbsp;&nbsp;&nbsp;&nbsp;&nbsp;&nbsp;&nbsp;&nbsp; Le Moyen-Orient est le terrain d\u2019anciennes rivalit\u00e9s qui ont pris un tour inqui\u00e9tant ces derni\u00e8res d\u00e9cennies, notamment depuis la fondation de l\u2019\u00c9tat d\u2019Isra\u00ebl en 1948. Ces tensions sont la cons\u00e9quence d\u2019oppositions \u00e9thiques, religieuses, \u00e9conomiques en vue de la domination de la r\u00e9gion par l\u2019une ou l\u2019autre des puissances en pr\u00e9sence. En effet, d\u2019un c\u00f4t\u00e9 les pays arabes de confession musulmane sunnite, qui comptent les \u00c9mirats arabes unis, l\u2019Arabie saoudite, le Qatar, et l\u2019Irak \u2013 ayant des rapports assez conflictuels depuis plusieurs si\u00e8cles \u2013 d\u2019un autre, la Turquie, \u00e9galement sunnite mais d\u2019une ethnie diff\u00e9rente de celle des arabes, \u00e0 laquelle est encore oppos\u00e9e sur bien des points. Il y a encore l\u2019Iran, de religion musulmane, chiite cependant, ennemi jur\u00e9 des sunnites, alli\u00e9 au Liban dont l\u2019histoire est davantage affili\u00e9e aux Chr\u00e9tiens catholiques d\u2019Occident mais gouvern\u00e9 par des Chiites. Enfin, au centre de cette r\u00e9gion instable se trouve le jeune \u00c9tat isra\u00e9lien, juif, qui semble d\u00e9termin\u00e9 \u00e0 reconqu\u00e9rir les territoires perdus lors de la domination romaine \u00e0 partir de 63 avant J\u00e9sus-Christ. La situation est de plus en plus critique, d\u2019autant que plusieurs crises ont \u00e9clat\u00e9 au cours du dernier si\u00e8cle et dans celui-ci&nbsp;: la guerre de 1948, la guerre de Suez en 1956, la guerre des Six Jours en 1967, la guerre d'usure en 1967, la guerre du Kippour en 1973, la premi\u00e8re guerre du Liban en 1982, et la seconde guerre du Liban en 2006. De nos jours, l\u2019un des principaux sujets de tensions et d\u2019inqui\u00e9tudes est un petit pays de la p\u00e9ninsule arabe, le Y\u00e9men.<\/p>\n\n\n\n<p>&nbsp;&nbsp;&nbsp;&nbsp;&nbsp;&nbsp;&nbsp;&nbsp;&nbsp;&nbsp;&nbsp; Ravag\u00e9 par une guerre civile depuis 2014, et pour la deuxi\u00e8me fois depuis 1994<a href=\"#_ftn3\" id=\"_ftnref3\">[3]<\/a>, ce pays souffre d\u2019un conflit moins m\u00e9diatis\u00e9 par rapport \u00e0 ceux d'Iraq et de Syrie. Les partis en opposition sont d\u2019un c\u00f4t\u00e9 les Houthis, qui contr\u00f4lent une grande partie du Nord du territoire (dont la capitale Sanaa), et de l\u2019autre les forces gouvernementales y\u00e9m\u00e9nites rest\u00e9es fid\u00e8les au pr\u00e9sident Hadi en exil, majoritairement pr\u00e9sents dans le Sud et l'Est du Y\u00e9men<a href=\"#_ftn4\" id=\"_ftnref4\">[4]<\/a>. D'autres bellig\u00e9rants sont impliqu\u00e9s, comme les s\u00e9paratistes du Conseil de transition du Sud, qui contr\u00f4lent Aden et ses environs<a href=\"#_ftn5\" id=\"_ftnref5\">[5]<\/a>.<\/p>\n\n\n\n<figure class=\"wp-block-gallery aligncenter has-nested-images columns-default is-cropped wp-block-gallery-1 is-layout-flex wp-block-gallery-is-layout-flex\">\n<figure class=\"wp-block-image size-large\"><a href=\"https:\/\/www.berndbraun.eu\/wp-content\/uploads\/2022\/02\/AdobeStock_256151416-scaled.jpeg\"><img loading=\"lazy\" decoding=\"async\" width=\"1024\" height=\"683\" data-id=\"993\" src=\"https:\/\/www.berndbraun.eu\/wp-content\/uploads\/2022\/02\/AdobeStock_256151416-1024x683.jpeg\" alt=\"\" class=\"wp-image-993\" srcset=\"https:\/\/www.berndbraun.eu\/wp-content\/uploads\/2022\/02\/AdobeStock_256151416-1024x683.jpeg 1024w, https:\/\/www.berndbraun.eu\/wp-content\/uploads\/2022\/02\/AdobeStock_256151416-300x200.jpeg 300w, https:\/\/www.berndbraun.eu\/wp-content\/uploads\/2022\/02\/AdobeStock_256151416-768x512.jpeg 768w, https:\/\/www.berndbraun.eu\/wp-content\/uploads\/2022\/02\/AdobeStock_256151416-1536x1024.jpeg 1536w, https:\/\/www.berndbraun.eu\/wp-content\/uploads\/2022\/02\/AdobeStock_256151416-2048x1365.jpeg 2048w, https:\/\/www.berndbraun.eu\/wp-content\/uploads\/2022\/02\/AdobeStock_256151416-18x12.jpeg 18w, https:\/\/www.berndbraun.eu\/wp-content\/uploads\/2022\/02\/AdobeStock_256151416-scaled.jpeg 2560w\" sizes=\"auto, (max-width: 1024px) 100vw, 1024px\" \/><\/a><figcaption class=\"wp-element-caption\">\u00cele de Socotra, Y\u00e9men, oc\u00e9an Indien<\/figcaption><\/figure>\n<\/figure>\n\n\n\n<p>&nbsp;&nbsp;&nbsp;&nbsp;&nbsp;&nbsp;&nbsp;&nbsp;&nbsp;&nbsp;&nbsp; En analysant les causes et le d\u00e9roul\u00e9 de cette guerre, nous remarquons que le Y\u00e9men, malgr\u00e9 qu'il soit le pays le plus pauvre de la p\u00e9ninsule arabique, d\u00e9signe avant tout un endroit strat\u00e9gique<a id=\"_ftnref6\" href=\"#_ftn6\">[6]<\/a>. Effectivement, situ\u00e9 le long du d\u00e9troit de Bab el Mandeb, soit \u00e0 mi-chemin entre la Mer rouge et le golfe d'Aden, il est un carrefour pour le trafic maritime en provenance du canal de Suez (\u00c9gypte), du golfe d'Aqaba (Arabie saoudite et Isra\u00ebl) et de l'Oc\u00e9an Indien<a id=\"_ftnref7\" href=\"#_ftn7\">[7]<\/a>. Il est situ\u00e9 en face de Djibouti, qui abrite des bases militaires fran\u00e7aises, am\u00e9ricaines et chinoises, ainsi que de la Somalie, confront\u00e9e \u00e0 la fois \u00e0 la piraterie et au radicalisme islamique<a id=\"_ftnref8\" href=\"#_ftn8\">[8]<\/a>.<\/p>\n\n\n\n<p>&nbsp;&nbsp;&nbsp;&nbsp;&nbsp;&nbsp;&nbsp;&nbsp;&nbsp;&nbsp;&nbsp; La raison pour laquelle ce conflit arm\u00e9 est \u00e0 prendre au s\u00e9rieux, au-del\u00e0 des morts qu\u2019il provoque, est qu\u2019il concerne la r\u00e9gion de la p\u00e9ninsule certes la plus pauvre de tout le territoire arabe, mais strat\u00e9gique. En effet, affleurant au D\u00e9troit de Bab El-Mandeb, \u00e0 mi-chemin entre la Mer rouge et le Golf d\u2019Aden, le Y\u00e9men est un carrefour commercial maritime important pour toutes les marchandises en provenance du Canal de Suez, qui est contr\u00f4l\u00e9 par l\u2019\u00c9gypte, du Golf d\u2019Aqaba que se partagent Isra\u00ebl et l\u2019Arabie saoudite, mais \u00e9galement de l\u2019Oc\u00e9an indien.<\/p>\n\n\n\n<p>&nbsp;&nbsp;&nbsp;&nbsp;&nbsp;&nbsp;&nbsp;&nbsp;&nbsp;&nbsp;&nbsp; Actuellement, deux puissances se disputent le contr\u00f4le du Y\u00e9men : l'Iran et l'Arabie saoudite<a id=\"_ftnref9\" href=\"#_ftn9\">[9]<\/a>. Les Houthis, chiites comme la majorit\u00e9 des Iraniens, sont soutenus logistiquement et militairement par T\u00e9h\u00e9ran, et disposent m\u00eame du soutien du Hezbollah libanais, \u00e9galement appuy\u00e9s par l'Iran<a id=\"_ftnref10\" href=\"#_ftn10\">[10]<\/a>. Cet appui iranien repr\u00e9sente un danger pour Riyad qui y voit une man\u0153uvre d\u2019encerclement de la part des Chiites, alors que les tensions sont d\u00e9j\u00e0 \u00e0 leur comble entre elle et T\u00e9h\u00e9ran. Tensions pr\u00e9sentes dans d'autres pays arabes, comme au Bahre\u00efn, en Irak, en Syrie et au Liban<a id=\"_ftnref11\" href=\"#_ftn11\">[11]<\/a>. Ces probl\u00e8mes sont le pr\u00e9texte invoqu\u00e9 par l'Arabie saoudite \u00e0 son intervention dans le conflit y\u00e9m\u00e9nite depuis 2015, formant une coalition avec plusieurs pays alli\u00e9s multipliant les raids sur les zones contr\u00f4l\u00e9es par les Houthis (Op\u00e9rations <em>Temp\u00eate d\u00e9cisive<\/em> et <em>Restaurer l'espoir)<\/em>, ainsi qu'\u00e0 travers un soutien militaire des forces gouvernementales y\u00e9m\u00e9nites<a id=\"_ftnref12\" href=\"#_ftn12\">[12]<\/a>. Les \u00c9mirats arabes unis, alli\u00e9s de Riyad, soutiennent de leurs c\u00f4t\u00e9s les forces s\u00e9paratistes du Sud, aussi rivaux des Houthis<a id=\"_ftnref13\" href=\"#_ftn13\">[13]<\/a>.<\/p>\n\n\n\n<p class=\"has-white-color has-vivid-red-background-color has-text-color has-background\">&nbsp;&nbsp;&nbsp;&nbsp;&nbsp;&nbsp;&nbsp;&nbsp;&nbsp;&nbsp;&nbsp; Les bellig\u00e9rants ont re\u00e7u de nombreuses aides de l'\u00e9tranger en mati\u00e8re d\u2019armement. Dans le cas de l'Arabie saoudite, Ryad a b\u00e9n\u00e9fici\u00e9 des soutiens am\u00e9ricain et britannique, notamment pour la formation de ses pilotes de chasse pour des avions fabriqu\u00e9s par les \u00c9tats-Unis ou par l\u2019Europe[14] - c\u2019est-\u00e0-dire par la France avec les ventes de Rafales. Sur le plan maritime, l\u2019Arabie saoudite dispose aussi d\u2019\u00e9quipements europ\u00e9ens et am\u00e9ricains[15].&nbsp; Les Saoudiens cherchent aussi \u00e0 se r\u00e9approvisionner en missiles aupr\u00e8s des Am\u00e9ricains[16]. &nbsp;Hormis les \u00c9tats-Unis et la Grande-Bretagne,&nbsp;la France, le Canada, l'Italie et l'Espagne fournissent aussi des armes \u00e0 la&nbsp;coalition men\u00e9e par l'Arabie saoudite[17]. La Belgique&nbsp;fait \u00e9galement partie des pays europ\u00e9ens ayant autoris\u00e9 les exportations vers l'Arabie saoudite[18]. Le Royaume saoudien, du fait de son engagement dans la guerre au Y\u00e9men, est le premier importateur mondial d'armement, avec un accroissement de 61% de son approvisionnement entre 2016 et 2020[19]. Riyad a achet\u00e9 \u00e0 la France pour pr\u00e8s d\u20191 milliard 400 millions d\u2019euros de mat\u00e9riel de guerre, et des armes fran\u00e7aises ont \u00e9t\u00e9 trouv\u00e9es au Y\u00e9men[20].&nbsp;L'Arabie Saoudite a \u00e9t\u00e9 l'an dernier, le troisi\u00e8me client de l'Italie \u00e0 l'\u00e9chelle du Moyen-Orient et de l'Afrique du Nord[21]. D'apr\u00e8s les num\u00e9ros de s\u00e9rie qui figuraient sur les fragments de bombes retrouv\u00e9s, il \u00e9tait indiqu\u00e9 qu\u2019elles furent fabriqu\u00e9es par l'entreprise italienne RWM, filiale de l'Allemand Rheinmetall[22].<\/p>\n\n\n\n<p class=\"has-white-color has-black-background-color has-text-color has-background\">&nbsp;&nbsp;&nbsp;&nbsp;&nbsp;&nbsp;&nbsp;&nbsp;&nbsp;&nbsp;&nbsp; Les alli\u00e9s des pays du Golfe sont fournis en armes modernes par l\u2019Arabie saoudite et les \u00c9mirats Arabes Unis<a id=\"_ftnref23\" href=\"#_ftn23\">[23]<\/a>. En revanche, au Y\u00e9men, les armes utilis\u00e9es par l\u2019arm\u00e9e y\u00e9m\u00e9nite sont essentiellement de conception russe, tandis que les Houthis b\u00e9n\u00e9ficient notamment du soutien de l\u2019Iran par l\u2019interm\u00e9diaire de livraison de missiles et d\u2019armes anti-tanks<a id=\"_ftnref24\" href=\"#_ftn24\">[24]<\/a>.&nbsp; Les Houthis ont r\u00e9cemment acquis un nouveau type de drone de type Delta et un nouveau mod\u00e8le de missiles de croisi\u00e8re terrestres<a id=\"_ftnref25\" href=\"#_ftn25\">[25]<\/a>. Les Houthis disposent de plusieurs types de drones, parfois fabriqu\u00e9s localement : le Samad-3, qui peut \u00eatre \u00e9quip\u00e9 de 18kg d'explosifs, avec une port\u00e9e de 1.500 kilom\u00e8tres, et une vitesse de pointe de 250 km\/heure ; les Qasef-1 et Qasef-2, avec une port\u00e9e de 150 km pour une charge de 30 kg d'explosifs; enfin les drones de reconnaissance de courte port\u00e9e comme le Rased (35 km), le Hudhhud (30 km) et le Raqib (15 km)<a id=\"_ftnref26\" href=\"#_ftn26\">[26]<\/a>.&nbsp;&nbsp;<\/p>\n\n\n\n<figure class=\"wp-block-gallery aligncenter has-nested-images columns-default is-cropped wp-block-gallery-2 is-layout-flex wp-block-gallery-is-layout-flex\">\n<figure class=\"wp-block-image size-large\"><a href=\"https:\/\/www.berndbraun.eu\/wp-content\/uploads\/2022\/02\/AdobeStock_125635500-scaled.jpeg\"><img loading=\"lazy\" decoding=\"async\" width=\"1024\" height=\"683\" data-id=\"994\" src=\"https:\/\/www.berndbraun.eu\/wp-content\/uploads\/2022\/02\/AdobeStock_125635500-1024x683.jpeg\" alt=\"\" class=\"wp-image-994\" srcset=\"https:\/\/www.berndbraun.eu\/wp-content\/uploads\/2022\/02\/AdobeStock_125635500-1024x683.jpeg 1024w, https:\/\/www.berndbraun.eu\/wp-content\/uploads\/2022\/02\/AdobeStock_125635500-300x200.jpeg 300w, https:\/\/www.berndbraun.eu\/wp-content\/uploads\/2022\/02\/AdobeStock_125635500-768x512.jpeg 768w, https:\/\/www.berndbraun.eu\/wp-content\/uploads\/2022\/02\/AdobeStock_125635500-1536x1024.jpeg 1536w, https:\/\/www.berndbraun.eu\/wp-content\/uploads\/2022\/02\/AdobeStock_125635500-2048x1365.jpeg 2048w, https:\/\/www.berndbraun.eu\/wp-content\/uploads\/2022\/02\/AdobeStock_125635500-18x12.jpeg 18w, https:\/\/www.berndbraun.eu\/wp-content\/uploads\/2022\/02\/AdobeStock_125635500-scaled.jpeg 2560w\" sizes=\"auto, (max-width: 1024px) 100vw, 1024px\" \/><\/a><figcaption class=\"wp-element-caption\">Socotra, Y\u00e9men<\/figcaption><\/figure>\n<\/figure>\n\n\n\n<p>&nbsp;&nbsp;&nbsp;&nbsp;&nbsp;&nbsp;&nbsp;&nbsp;&nbsp;&nbsp;&nbsp; Comme le Liban avec le Hezbollah, l'Irak avec ses milices pro-iraniennes, la Syrie avec Al Assad, le Y\u00e9men est un des principaux fronts opposant l'Arabie saoudite sunnite et l'Iran chiite<a id=\"_ftnref27\" href=\"#_ftn27\">[27]<\/a>. Il ne s'agit non pas seulement d'une guerre civile, mais aussi d'une guerre d'influence<a id=\"_ftnref28\" href=\"#_ftn28\">[28]<\/a>. De plus, le conflit y\u00e9m\u00e9nite a rendu le pays \u00e9conomiquement exsangue<a id=\"_ftnref29\" href=\"#_ftn29\">[29]<\/a>. En plus de la plus grave<strong>&nbsp;<\/strong>crise humanitaire du monde, les habitants sont souvent priv\u00e9s de l'aide internationale, d\u00e9tourn\u00e9e \u00e0 la fois par les Houthis et par le gouvernement central<a id=\"_ftnref30\" href=\"#_ftn30\">[30]<\/a>. D'apr\u00e8s le directeur du Programme alimentaire mondial (PAM), rien que dans la capitale de Sana'a, seuls 40 % des dons parviennent aux citoyens dans le besoin, et un tiers seulement re\u00e7oit de l'aide dans le bastion nord de la milice rebelle<a id=\"_ftnref31\" href=\"#_ftn31\">[31]<\/a>.<\/p>\n\n\n\n<p>&nbsp;&nbsp;&nbsp;&nbsp;&nbsp;&nbsp;&nbsp;&nbsp;&nbsp;&nbsp;&nbsp; Ces derniers mois, l'impasse dans lequel ce conflit est tomb\u00e9, les bombardements houthis des territoires saoudiens et \u00e9miratis, voient l'Arabie saoudite et l'Iran multiplier les n\u00e9gociations en vue de normaliser leurs relations, rompues depuis 2016, et mettre un terme aux combats<a id=\"_ftnref32\" href=\"#_ftn32\">[32]<\/a>. Leurs r\u00e9sultats restent incertains...<\/p>\n\n\n\n<div style=\"height:50px\" aria-hidden=\"true\" class=\"wp-block-spacer\"><\/div>\n\n\n\n<p class=\"has-text-align-center has-cyan-bluish-gray-color has-text-color has-small-font-size\">\u00a9 2022 Tous droits r\u00e9serv\u00e9s par BRAUN<\/p>\n","protected":false},"excerpt":{"rendered":"<p>&nbsp;&nbsp;&nbsp;&nbsp;&nbsp;&nbsp;&nbsp;&nbsp;&nbsp;&nbsp;&nbsp; Le Moyen-Orient est le terrain d\u2019anciennes rivalit\u00e9s qui ont pris un tour inqui\u00e9tant ces derni\u00e8res d\u00e9cennies, notamment depuis la fondation de l\u2019\u00c9tat d\u2019Isra\u00ebl en 1948. Ces tensions sont la cons\u00e9quence d\u2019oppositions \u00e9thiques, religieuses, \u00e9conomiques en vue de la domination de la r\u00e9gion par l\u2019une ou l\u2019autre des puissances en pr\u00e9sence. En effet, d\u2019un c\u00f4t\u00e9 [&hellip;]<\/p>\n","protected":false},"author":3,"featured_media":992,"comment_status":"open","ping_status":"open","sticky":false,"template":"","format":"standard","meta":{"footnotes":""},"categories":[5],"tags":[],"type-darticle":[21],"class_list":["post-988","post","type-post","status-publish","format-standard","has-post-thumbnail","hentry","category-politics","type-darticle-analyse"],"yoast_head":"<!-- This site is optimized with the Yoast SEO Premium plugin v21.4 (Yoast SEO v27.2) - https:\/\/yoast.com\/product\/yoast-seo-premium-wordpress\/ -->\n<title>Bernd Braun - Conflit au Y\u00e9men : un front Iran\/Arabie saoudite m\u00e9connu<\/title>\n<meta name=\"robots\" content=\"index, follow, max-snippet:-1, max-image-preview:large, max-video-preview:-1\" \/>\n<link rel=\"canonical\" href=\"https:\/\/www.berndbraun.eu\/be-nl\/conflit-au-yemen-un-front-iran-arabie-saoudite-meconnu\/\" \/>\n<meta property=\"og:locale\" content=\"nl_BE\" \/>\n<meta property=\"og:type\" content=\"article\" \/>\n<meta property=\"og:title\" content=\"Conflit au Y\u00e9men : un front Iran\/Arabie saoudite m\u00e9connu\" \/>\n<meta property=\"og:description\" content=\"&nbsp;&nbsp;&nbsp;&nbsp;&nbsp;&nbsp;&nbsp;&nbsp;&nbsp;&nbsp;&nbsp; Le Moyen-Orient est le terrain d\u2019anciennes rivalit\u00e9s qui ont pris un tour inqui\u00e9tant ces derni\u00e8res d\u00e9cennies, notamment depuis la fondation de l\u2019\u00c9tat d\u2019Isra\u00ebl en 1948. Ces tensions sont la cons\u00e9quence d\u2019oppositions \u00e9thiques, religieuses, \u00e9conomiques en vue de la domination de la r\u00e9gion par l\u2019une ou l\u2019autre des puissances en pr\u00e9sence. En effet, d\u2019un c\u00f4t\u00e9 [&hellip;]\" \/>\n<meta property=\"og:url\" content=\"https:\/\/www.berndbraun.eu\/be-nl\/conflit-au-yemen-un-front-iran-arabie-saoudite-meconnu\/\" \/>\n<meta property=\"og:site_name\" content=\"Bernd Braun\" \/>\n<meta property=\"article:published_time\" content=\"2022-02-14T19:03:03+00:00\" \/>\n<meta property=\"article:modified_time\" content=\"2022-11-16T23:10:33+00:00\" \/>\n<meta property=\"og:image\" content=\"https:\/\/www.berndbraun.eu\/wp-content\/uploads\/2022\/02\/AdobeStock_65932951-scaled.jpeg\" \/>\n\t<meta property=\"og:image:width\" content=\"2560\" \/>\n\t<meta property=\"og:image:height\" content=\"1709\" \/>\n\t<meta property=\"og:image:type\" content=\"image\/jpeg\" \/>\n<meta name=\"author\" content=\"Bernd\" \/>\n<meta name=\"twitter:card\" content=\"summary_large_image\" \/>\n<meta name=\"twitter:label1\" content=\"Geschreven door\" \/>\n\t<meta name=\"twitter:data1\" content=\"Bernd\" \/>\n\t<meta name=\"twitter:label2\" content=\"Geschatte leestijd\" \/>\n\t<meta name=\"twitter:data2\" content=\"7 minuten\" \/>\n<script type=\"application\/ld+json\" class=\"yoast-schema-graph\">{\"@context\":\"https:\/\/schema.org\",\"@graph\":[{\"@type\":\"Article\",\"@id\":\"https:\/\/www.berndbraun.eu\/conflit-au-yemen-un-front-iran-arabie-saoudite-meconnu\/#article\",\"isPartOf\":{\"@id\":\"https:\/\/www.berndbraun.eu\/conflit-au-yemen-un-front-iran-arabie-saoudite-meconnu\/\"},\"author\":{\"name\":\"Bernd\",\"@id\":\"https:\/\/www.berndbraun.eu\/#\/schema\/person\/a64c4c08b6a8c9f8fe9be655928070ca\"},\"headline\":\"Conflit au Y\u00e9men : un front Iran\/Arabie saoudite m\u00e9connu\",\"datePublished\":\"2022-02-14T19:03:03+00:00\",\"dateModified\":\"2022-11-16T23:10:33+00:00\",\"mainEntityOfPage\":{\"@id\":\"https:\/\/www.berndbraun.eu\/conflit-au-yemen-un-front-iran-arabie-saoudite-meconnu\/\"},\"wordCount\":1576,\"commentCount\":0,\"image\":{\"@id\":\"https:\/\/www.berndbraun.eu\/conflit-au-yemen-un-front-iran-arabie-saoudite-meconnu\/#primaryimage\"},\"thumbnailUrl\":\"https:\/\/www.berndbraun.eu\/wp-content\/uploads\/2022\/02\/AdobeStock_65932951-scaled.jpeg\",\"articleSection\":[\"Politics\"],\"inLanguage\":\"nl-BE\",\"potentialAction\":[{\"@type\":\"CommentAction\",\"name\":\"Comment\",\"target\":[\"https:\/\/www.berndbraun.eu\/conflit-au-yemen-un-front-iran-arabie-saoudite-meconnu\/#respond\"]}]},{\"@type\":\"WebPage\",\"@id\":\"https:\/\/www.berndbraun.eu\/conflit-au-yemen-un-front-iran-arabie-saoudite-meconnu\/\",\"url\":\"https:\/\/www.berndbraun.eu\/conflit-au-yemen-un-front-iran-arabie-saoudite-meconnu\/\",\"name\":\"Bernd Braun - Conflit au Y\u00e9men : un front Iran\/Arabie saoudite m\u00e9connu\",\"isPartOf\":{\"@id\":\"https:\/\/www.berndbraun.eu\/#website\"},\"primaryImageOfPage\":{\"@id\":\"https:\/\/www.berndbraun.eu\/conflit-au-yemen-un-front-iran-arabie-saoudite-meconnu\/#primaryimage\"},\"image\":{\"@id\":\"https:\/\/www.berndbraun.eu\/conflit-au-yemen-un-front-iran-arabie-saoudite-meconnu\/#primaryimage\"},\"thumbnailUrl\":\"https:\/\/www.berndbraun.eu\/wp-content\/uploads\/2022\/02\/AdobeStock_65932951-scaled.jpeg\",\"datePublished\":\"2022-02-14T19:03:03+00:00\",\"dateModified\":\"2022-11-16T23:10:33+00:00\",\"author\":{\"@id\":\"https:\/\/www.berndbraun.eu\/#\/schema\/person\/a64c4c08b6a8c9f8fe9be655928070ca\"},\"breadcrumb\":{\"@id\":\"https:\/\/www.berndbraun.eu\/conflit-au-yemen-un-front-iran-arabie-saoudite-meconnu\/#breadcrumb\"},\"inLanguage\":\"nl-BE\",\"potentialAction\":[{\"@type\":\"ReadAction\",\"target\":[\"https:\/\/www.berndbraun.eu\/conflit-au-yemen-un-front-iran-arabie-saoudite-meconnu\/\"]}]},{\"@type\":\"ImageObject\",\"inLanguage\":\"nl-BE\",\"@id\":\"https:\/\/www.berndbraun.eu\/conflit-au-yemen-un-front-iran-arabie-saoudite-meconnu\/#primaryimage\",\"url\":\"https:\/\/www.berndbraun.eu\/wp-content\/uploads\/2022\/02\/AdobeStock_65932951-scaled.jpeg\",\"contentUrl\":\"https:\/\/www.berndbraun.eu\/wp-content\/uploads\/2022\/02\/AdobeStock_65932951-scaled.jpeg\",\"width\":2560,\"height\":1709},{\"@type\":\"BreadcrumbList\",\"@id\":\"https:\/\/www.berndbraun.eu\/conflit-au-yemen-un-front-iran-arabie-saoudite-meconnu\/#breadcrumb\",\"itemListElement\":[{\"@type\":\"ListItem\",\"position\":1,\"name\":\"Accueil\",\"item\":\"https:\/\/www.berndbraun.eu\/\"},{\"@type\":\"ListItem\",\"position\":2,\"name\":\"Conflit au Y\u00e9men : un front Iran\/Arabie saoudite m\u00e9connu\"}]},{\"@type\":\"WebSite\",\"@id\":\"https:\/\/www.berndbraun.eu\/#website\",\"url\":\"https:\/\/www.berndbraun.eu\/\",\"name\":\"Bernd Braun\",\"description\":\"\",\"potentialAction\":[{\"@type\":\"SearchAction\",\"target\":{\"@type\":\"EntryPoint\",\"urlTemplate\":\"https:\/\/www.berndbraun.eu\/?s={search_term_string}\"},\"query-input\":{\"@type\":\"PropertyValueSpecification\",\"valueRequired\":true,\"valueName\":\"search_term_string\"}}],\"inLanguage\":\"nl-BE\"},{\"@type\":\"Person\",\"@id\":\"https:\/\/www.berndbraun.eu\/#\/schema\/person\/a64c4c08b6a8c9f8fe9be655928070ca\",\"name\":\"Bernd\",\"image\":{\"@type\":\"ImageObject\",\"inLanguage\":\"nl-BE\",\"@id\":\"https:\/\/secure.gravatar.com\/avatar\/e51d7b18a7c2fb10dd367a4bab68ef5a6d1736ae3537a0fd211df170b00b15af?s=96&d=mm&r=g\",\"url\":\"https:\/\/secure.gravatar.com\/avatar\/e51d7b18a7c2fb10dd367a4bab68ef5a6d1736ae3537a0fd211df170b00b15af?s=96&d=mm&r=g\",\"contentUrl\":\"https:\/\/secure.gravatar.com\/avatar\/e51d7b18a7c2fb10dd367a4bab68ef5a6d1736ae3537a0fd211df170b00b15af?s=96&d=mm&r=g\",\"caption\":\"Bernd\"},\"url\":\"https:\/\/www.berndbraun.eu\/be-nl\/author\/bernd\/\"}]}<\/script>\n<!-- \/ Yoast SEO Premium plugin. -->","yoast_head_json":{"title":"Bernd Braun - Conflict in Jemen: een weinig bekend Iran\/Saudi-Arabi\u00eb front","robots":{"index":"index","follow":"follow","max-snippet":"max-snippet:-1","max-image-preview":"max-image-preview:large","max-video-preview":"max-video-preview:-1"},"canonical":"https:\/\/www.berndbraun.eu\/be-nl\/conflit-au-yemen-un-front-iran-arabie-saoudite-meconnu\/","og_locale":"nl_BE","og_type":"article","og_title":"Conflit au Y\u00e9men : un front Iran\/Arabie saoudite m\u00e9connu","og_description":"&nbsp;&nbsp;&nbsp;&nbsp;&nbsp;&nbsp;&nbsp;&nbsp;&nbsp;&nbsp;&nbsp; Le Moyen-Orient est le terrain d\u2019anciennes rivalit\u00e9s qui ont pris un tour inqui\u00e9tant ces derni\u00e8res d\u00e9cennies, notamment depuis la fondation de l\u2019\u00c9tat d\u2019Isra\u00ebl en 1948. Ces tensions sont la cons\u00e9quence d\u2019oppositions \u00e9thiques, religieuses, \u00e9conomiques en vue de la domination de la r\u00e9gion par l\u2019une ou l\u2019autre des puissances en pr\u00e9sence. En effet, d\u2019un c\u00f4t\u00e9 [&hellip;]","og_url":"https:\/\/www.berndbraun.eu\/be-nl\/conflit-au-yemen-un-front-iran-arabie-saoudite-meconnu\/","og_site_name":"Bernd Braun","article_published_time":"2022-02-14T19:03:03+00:00","article_modified_time":"2022-11-16T23:10:33+00:00","og_image":[{"width":2560,"height":1709,"url":"https:\/\/www.berndbraun.eu\/wp-content\/uploads\/2022\/02\/AdobeStock_65932951-scaled.jpeg","type":"image\/jpeg"}],"author":"Bernd","twitter_card":"summary_large_image","twitter_misc":{"Geschreven door":"Bernd","Geschatte leestijd":"7 minuten"},"schema":{"@context":"https:\/\/schema.org","@graph":[{"@type":"Article","@id":"https:\/\/www.berndbraun.eu\/conflit-au-yemen-un-front-iran-arabie-saoudite-meconnu\/#article","isPartOf":{"@id":"https:\/\/www.berndbraun.eu\/conflit-au-yemen-un-front-iran-arabie-saoudite-meconnu\/"},"author":{"name":"Bernd","@id":"https:\/\/www.berndbraun.eu\/#\/schema\/person\/a64c4c08b6a8c9f8fe9be655928070ca"},"headline":"Conflit au Y\u00e9men : un front Iran\/Arabie saoudite m\u00e9connu","datePublished":"2022-02-14T19:03:03+00:00","dateModified":"2022-11-16T23:10:33+00:00","mainEntityOfPage":{"@id":"https:\/\/www.berndbraun.eu\/conflit-au-yemen-un-front-iran-arabie-saoudite-meconnu\/"},"wordCount":1576,"commentCount":0,"image":{"@id":"https:\/\/www.berndbraun.eu\/conflit-au-yemen-un-front-iran-arabie-saoudite-meconnu\/#primaryimage"},"thumbnailUrl":"https:\/\/www.berndbraun.eu\/wp-content\/uploads\/2022\/02\/AdobeStock_65932951-scaled.jpeg","articleSection":["Politics"],"inLanguage":"nl-BE","potentialAction":[{"@type":"CommentAction","name":"Comment","target":["https:\/\/www.berndbraun.eu\/conflit-au-yemen-un-front-iran-arabie-saoudite-meconnu\/#respond"]}]},{"@type":"WebPage","@id":"https:\/\/www.berndbraun.eu\/conflit-au-yemen-un-front-iran-arabie-saoudite-meconnu\/","url":"https:\/\/www.berndbraun.eu\/conflit-au-yemen-un-front-iran-arabie-saoudite-meconnu\/","name":"Bernd Braun - Conflict in Jemen: een weinig bekend Iran\/Saudi-Arabi\u00eb front","isPartOf":{"@id":"https:\/\/www.berndbraun.eu\/#website"},"primaryImageOfPage":{"@id":"https:\/\/www.berndbraun.eu\/conflit-au-yemen-un-front-iran-arabie-saoudite-meconnu\/#primaryimage"},"image":{"@id":"https:\/\/www.berndbraun.eu\/conflit-au-yemen-un-front-iran-arabie-saoudite-meconnu\/#primaryimage"},"thumbnailUrl":"https:\/\/www.berndbraun.eu\/wp-content\/uploads\/2022\/02\/AdobeStock_65932951-scaled.jpeg","datePublished":"2022-02-14T19:03:03+00:00","dateModified":"2022-11-16T23:10:33+00:00","author":{"@id":"https:\/\/www.berndbraun.eu\/#\/schema\/person\/a64c4c08b6a8c9f8fe9be655928070ca"},"breadcrumb":{"@id":"https:\/\/www.berndbraun.eu\/conflit-au-yemen-un-front-iran-arabie-saoudite-meconnu\/#breadcrumb"},"inLanguage":"nl-BE","potentialAction":[{"@type":"ReadAction","target":["https:\/\/www.berndbraun.eu\/conflit-au-yemen-un-front-iran-arabie-saoudite-meconnu\/"]}]},{"@type":"ImageObject","inLanguage":"nl-BE","@id":"https:\/\/www.berndbraun.eu\/conflit-au-yemen-un-front-iran-arabie-saoudite-meconnu\/#primaryimage","url":"https:\/\/www.berndbraun.eu\/wp-content\/uploads\/2022\/02\/AdobeStock_65932951-scaled.jpeg","contentUrl":"https:\/\/www.berndbraun.eu\/wp-content\/uploads\/2022\/02\/AdobeStock_65932951-scaled.jpeg","width":2560,"height":1709},{"@type":"BreadcrumbList","@id":"https:\/\/www.berndbraun.eu\/conflit-au-yemen-un-front-iran-arabie-saoudite-meconnu\/#breadcrumb","itemListElement":[{"@type":"ListItem","position":1,"name":"Accueil","item":"https:\/\/www.berndbraun.eu\/"},{"@type":"ListItem","position":2,"name":"Conflit au Y\u00e9men : un front Iran\/Arabie saoudite m\u00e9connu"}]},{"@type":"WebSite","@id":"https:\/\/www.berndbraun.eu\/#website","url":"https:\/\/www.berndbraun.eu\/","name":"Bernd Braun","description":"","potentialAction":[{"@type":"SearchAction","target":{"@type":"EntryPoint","urlTemplate":"https:\/\/www.berndbraun.eu\/?s={search_term_string}"},"query-input":{"@type":"PropertyValueSpecification","valueRequired":true,"valueName":"search_term_string"}}],"inLanguage":"nl-BE"},{"@type":"Person","@id":"https:\/\/www.berndbraun.eu\/#\/schema\/person\/a64c4c08b6a8c9f8fe9be655928070ca","name":"Bernd","image":{"@type":"ImageObject","inLanguage":"nl-BE","@id":"https:\/\/secure.gravatar.com\/avatar\/e51d7b18a7c2fb10dd367a4bab68ef5a6d1736ae3537a0fd211df170b00b15af?s=96&d=mm&r=g","url":"https:\/\/secure.gravatar.com\/avatar\/e51d7b18a7c2fb10dd367a4bab68ef5a6d1736ae3537a0fd211df170b00b15af?s=96&d=mm&r=g","contentUrl":"https:\/\/secure.gravatar.com\/avatar\/e51d7b18a7c2fb10dd367a4bab68ef5a6d1736ae3537a0fd211df170b00b15af?s=96&d=mm&r=g","caption":"Bernd"},"url":"https:\/\/www.berndbraun.eu\/be-nl\/author\/bernd\/"}]}},"_links":{"self":[{"href":"https:\/\/www.berndbraun.eu\/be-nl\/wp-json\/wp\/v2\/posts\/988","targetHints":{"allow":["GET"]}}],"collection":[{"href":"https:\/\/www.berndbraun.eu\/be-nl\/wp-json\/wp\/v2\/posts"}],"about":[{"href":"https:\/\/www.berndbraun.eu\/be-nl\/wp-json\/wp\/v2\/types\/post"}],"author":[{"embeddable":true,"href":"https:\/\/www.berndbraun.eu\/be-nl\/wp-json\/wp\/v2\/users\/3"}],"replies":[{"embeddable":true,"href":"https:\/\/www.berndbraun.eu\/be-nl\/wp-json\/wp\/v2\/comments?post=988"}],"version-history":[{"count":20,"href":"https:\/\/www.berndbraun.eu\/be-nl\/wp-json\/wp\/v2\/posts\/988\/revisions"}],"predecessor-version":[{"id":1545,"href":"https:\/\/www.berndbraun.eu\/be-nl\/wp-json\/wp\/v2\/posts\/988\/revisions\/1545"}],"wp:featuredmedia":[{"embeddable":true,"href":"https:\/\/www.berndbraun.eu\/be-nl\/wp-json\/wp\/v2\/media\/992"}],"wp:attachment":[{"href":"https:\/\/www.berndbraun.eu\/be-nl\/wp-json\/wp\/v2\/media?parent=988"}],"wp:term":[{"taxonomy":"category","embeddable":true,"href":"https:\/\/www.berndbraun.eu\/be-nl\/wp-json\/wp\/v2\/categories?post=988"},{"taxonomy":"post_tag","embeddable":true,"href":"https:\/\/www.berndbraun.eu\/be-nl\/wp-json\/wp\/v2\/tags?post=988"},{"taxonomy":"type-darticle","embeddable":true,"href":"https:\/\/www.berndbraun.eu\/be-nl\/wp-json\/wp\/v2\/type-darticle?post=988"}],"curies":[{"name":"wp","href":"https:\/\/api.w.org\/{rel}","templated":true}]}}