{"id":1,"date":"2021-08-25T05:09:57","date_gmt":"2021-08-25T03:09:57","guid":{"rendered":"https:\/\/www.berndbraun.eu\/?p=1"},"modified":"2022-02-22T21:35:56","modified_gmt":"2022-02-22T19:35:56","slug":"hello-world","status":"publish","type":"post","link":"https:\/\/www.berndbraun.eu\/de\/hello-world\/","title":{"rendered":"Der Westen gibt seinem Gegner mehr Spielraum: dem radikalen Islam"},"content":{"rendered":"\n<p> &nbsp;&nbsp;&nbsp;&nbsp;&nbsp;&nbsp;&nbsp;&nbsp;&nbsp;&nbsp;&nbsp; De nos jours, en Occident, la soci\u00e9t\u00e9 est confront\u00e9e \u00e0 un ph\u00e9nom\u00e8ne de plus en plus pr\u00e9occupant, qui est celui de l'islam radical. Les interrogations concernent de plus en plus les solutions pour y faire face<a href=\"#_ftn1\">[1]<\/a>. Cependant, beaucoup de personnalit\u00e9s issues des milieux m\u00e9diatiques, politiques et acad\u00e9miques abordent ces probl\u00e8mes sans analyser toutefois les causes. Aujourd'hui, nous observons une r\u00e9p\u00e9tition d'erreur qui s'est d\u00e9j\u00e0 produit auparavant<a href=\"#_ftn2\">[2]<\/a>. Les actions de l'Occident vis-\u00e0-vis de l'islam radical ressemblent beaucoup \u00e0 celles vis-\u00e0-vis de l'Iran au moment de la r\u00e9volution de 1978-1979, et encore celles envers les pays arabes en 2010-2011<a href=\"#_ftn3\">[3]<\/a>. Il est int\u00e9ressant de rappeler les dirigeants dans les pays mentionn\u00e9s \u00e9taient d\u00e9j\u00e0 confront\u00e9s au probl\u00e8me de l'islam radical et travaillaient \u00e0 le contenir<a href=\"#_ftn4\">[4]<\/a>.<\/p>\n\n\n\n<p>&nbsp;&nbsp;&nbsp;&nbsp;&nbsp;&nbsp;&nbsp;&nbsp;&nbsp;&nbsp;&nbsp; Cependant, depuis cette \u00e9poque, les gouvernements occidentaux avaient adopt\u00e9 une approche qui consistait principalement \u00e0 se focaliser sur les droits de l'Homme et la d\u00e9mocratie, et ce, au d\u00e9triment de la r\u00e9alit\u00e9 du terrain au Moyen-Orient (diff\u00e9rences socioculturelles)<a href=\"#_ftn5\">[5]<\/a>.&nbsp; On avait observ\u00e9 les m\u00eames d\u00e9cisions vis-\u00e0-vis de la Tunisie, l'\u00c9gypte et de la Syrie<a href=\"#_ftn6\">[6]<\/a>. Dans les deux cas de figure, les r\u00e9sultats ne sont pas fait attendre (crise politique aggrav\u00e9, r\u00e9pression accrue, guerre civile)<a href=\"#_ftn7\">[7]<\/a>.<\/p>\n\n\n\n<p>&nbsp;&nbsp;&nbsp;&nbsp;&nbsp;&nbsp;&nbsp;&nbsp;&nbsp;&nbsp;&nbsp; Ces \u00e9v\u00e9nements montrent les inconv\u00e9nients et les d\u00e9fauts de la conception du <em>soft power<\/em> en Occident, surtout en Europe. De nos jours, l'Union europ\u00e9enne, et dans une certaine mesure les \u00c9tats-Unis, travaillent davantage sur la promotion des valeurs comme les droits de l'Homme et la d\u00e9mocratie, et en sanctionnant les divers pays qui officiellement ne les respectent pas (Iran, Syrie,...)<a href=\"#_ftn8\">[8]<\/a>.<\/p>\n\n\n\n<figure class=\"wp-block-image size-full is-resized\"><img loading=\"lazy\" decoding=\"async\" src=\"https:\/\/www.berndbraun.eu\/wp-content\/uploads\/2021\/11\/AdobeStock_139157046_bundeswehr-scaled.jpeg\" alt=\"\" class=\"wp-image-113\" width=\"1280\" height=\"850\" srcset=\"https:\/\/www.berndbraun.eu\/wp-content\/uploads\/2021\/11\/AdobeStock_139157046_bundeswehr-scaled.jpeg 2560w, https:\/\/www.berndbraun.eu\/wp-content\/uploads\/2021\/11\/AdobeStock_139157046_bundeswehr-300x199.jpeg 300w, https:\/\/www.berndbraun.eu\/wp-content\/uploads\/2021\/11\/AdobeStock_139157046_bundeswehr-1024x680.jpeg 1024w, https:\/\/www.berndbraun.eu\/wp-content\/uploads\/2021\/11\/AdobeStock_139157046_bundeswehr-768x510.jpeg 768w, https:\/\/www.berndbraun.eu\/wp-content\/uploads\/2021\/11\/AdobeStock_139157046_bundeswehr-1536x1020.jpeg 1536w, https:\/\/www.berndbraun.eu\/wp-content\/uploads\/2021\/11\/AdobeStock_139157046_bundeswehr-2048x1360.jpeg 2048w, https:\/\/www.berndbraun.eu\/wp-content\/uploads\/2021\/11\/AdobeStock_139157046_bundeswehr-18x12.jpeg 18w\" sizes=\"auto, (max-width: 1280px) 100vw, 1280px\" \/><figcaption>Afghanistan\/ Kunduz August 2012 Photo: Tobias K\u00f6hler \/ mediendenk - Passau<\/figcaption><\/figure>\n\n\n\n<p>&nbsp;&nbsp;&nbsp;&nbsp;&nbsp;&nbsp;&nbsp;&nbsp;&nbsp;&nbsp;&nbsp; Au suivi des faits d'actualit\u00e9s depuis les ann\u00e9es 1970, la politique occidentale de la promotion des valeurs pr\u00e9sentait des r\u00e9sultats mitig\u00e9s. Elle a certes contribu\u00e9 au d\u00e9veloppement socio-\u00e9conomique du voisinage europ\u00e9en, mais elle a \u00e9galement cr\u00e9\u00e9 des ph\u00e9nom\u00e8nes comme les crises migratoires qui ont partiellement export\u00e9 l'islam radical en Occident, comme on a pu l'observer depuis 2015 (attentats, ins\u00e9curit\u00e9 urbaine croissante, troubles aux fronti\u00e8res ext\u00e9rieures) en Europe<a href=\"#_ftn9\">[9]<\/a>. Le tableau des sanctions occidentales pr\u00e9sentent aussi un c\u00f4t\u00e9 sombre, dans la mesure qu'elles n'ont pas contribu\u00e9s \u00e0 un changement de r\u00e9gime et\/ou de gouvernance, et encore moins \u00e0 une \u00e9radication de l'islam radical<a href=\"#_ftn10\">[10]<\/a>. Elles ont aussi provoqu\u00e9 \u00e0 un approfondissement des relations entre les pays qui posent probl\u00e8me \u00e0 l'Occident<a href=\"#_ftn11\">[11]<\/a>. On peut rappeler les cas de la Syrie et l'Iran qui ont multipli\u00e9 leurs contacts avec la Chine et la Russie<a href=\"#_ftn12\">[12]<\/a>. De plus, ces deux derniers pays nomm\u00e9s disposent d'une sph\u00e8re d'influence importante dans le monde, y compris en Afrique et en Am\u00e9rique latine<a href=\"#_ftn13\">[13]<\/a>. \u00c0 travers un tel r\u00e9seau g\u00e9opolitique, on note que la promotion des valeurs et la sanction en cas de non-respect de celles-ci ne sont pas seulement inefficaces mais aussi facilement contournables<a href=\"#_ftn14\">[14]<\/a>. Elles ont parfois provoqu\u00e9 l'effet inverse (guerre civile, crise humanitaire,...), qui a partiellement contribu\u00e9 \u00e0 l'expansion de l'islam radical en Occident<a href=\"#_ftn15\">[15]<\/a>. On ne peut conclure que contre son gr\u00e9, l'Occident a bel et bien donn\u00e9 plus d'espace \u00e0 l'islam radical dans son propre territoire.<\/p>\n\n\n\n<figure class=\"wp-block-image size-full is-resized\"><img loading=\"lazy\" decoding=\"async\" src=\"https:\/\/www.berndbraun.eu\/wp-content\/uploads\/2021\/11\/AdobeStock_216566553_Military-aircraft-fill-Kabul-Aiport-Afghanistan-scaled.jpeg\" alt=\"\" class=\"wp-image-112\" width=\"1280\" height=\"851\" srcset=\"https:\/\/www.berndbraun.eu\/wp-content\/uploads\/2021\/11\/AdobeStock_216566553_Military-aircraft-fill-Kabul-Aiport-Afghanistan-scaled.jpeg 2560w, https:\/\/www.berndbraun.eu\/wp-content\/uploads\/2021\/11\/AdobeStock_216566553_Military-aircraft-fill-Kabul-Aiport-Afghanistan-300x199.jpeg 300w, https:\/\/www.berndbraun.eu\/wp-content\/uploads\/2021\/11\/AdobeStock_216566553_Military-aircraft-fill-Kabul-Aiport-Afghanistan-1024x681.jpeg 1024w, https:\/\/www.berndbraun.eu\/wp-content\/uploads\/2021\/11\/AdobeStock_216566553_Military-aircraft-fill-Kabul-Aiport-Afghanistan-768x511.jpeg 768w, https:\/\/www.berndbraun.eu\/wp-content\/uploads\/2021\/11\/AdobeStock_216566553_Military-aircraft-fill-Kabul-Aiport-Afghanistan-1536x1021.jpeg 1536w, https:\/\/www.berndbraun.eu\/wp-content\/uploads\/2021\/11\/AdobeStock_216566553_Military-aircraft-fill-Kabul-Aiport-Afghanistan-2048x1362.jpeg 2048w, https:\/\/www.berndbraun.eu\/wp-content\/uploads\/2021\/11\/AdobeStock_216566553_Military-aircraft-fill-Kabul-Aiport-Afghanistan-18x12.jpeg 18w\" sizes=\"auto, (max-width: 1280px) 100vw, 1280px\" \/><figcaption>Military aircraft fill Kabul Aiport, Afghanistan August 2021<\/figcaption><\/figure>\n\n\n\n<div style=\"height:50px\" aria-hidden=\"true\" class=\"wp-block-spacer\"><\/div>\n\n\n\n<p class=\"has-text-align-center has-cyan-bluish-gray-color has-text-color has-small-font-size\">\u00a9 2021 Tous droits r\u00e9serv\u00e9s par BRAUN<\/p>\n","protected":false},"excerpt":{"rendered":"<p>&nbsp;&nbsp;&nbsp;&nbsp;&nbsp;&nbsp;&nbsp;&nbsp;&nbsp;&nbsp;&nbsp; De nos jours, en Occident, la soci\u00e9t\u00e9 est confront\u00e9e \u00e0 un ph\u00e9nom\u00e8ne de plus en plus pr\u00e9occupant, qui est celui de l'islam radical. Les interrogations concernent de plus en plus les solutions pour y faire face[1]. Cependant, beaucoup de personnalit\u00e9s issues des milieux m\u00e9diatiques, politiques et acad\u00e9miques abordent ces probl\u00e8mes sans analyser toutefois les [&hellip;]<\/p>\n","protected":false},"author":3,"featured_media":108,"comment_status":"open","ping_status":"open","sticky":false,"template":"","format":"standard","meta":{"footnotes":""},"categories":[5],"tags":[],"type-darticle":[21],"class_list":["post-1","post","type-post","status-publish","format-standard","has-post-thumbnail","hentry","category-politics","type-darticle-analyse"],"yoast_head":"<!-- This site is optimized with the Yoast SEO Premium plugin v21.4 (Yoast SEO v27.2) - https:\/\/yoast.com\/product\/yoast-seo-premium-wordpress\/ -->\n<title>Bernd Braun - L&#039;Occident donne plus de marge de man\u0153uvre \u00e0 son adversaire : l&#039;islam radical<\/title>\n<meta name=\"robots\" content=\"index, follow, max-snippet:-1, max-image-preview:large, max-video-preview:-1\" \/>\n<link rel=\"canonical\" href=\"https:\/\/www.berndbraun.eu\/de\/hello-world\/\" \/>\n<meta property=\"og:locale\" content=\"de_DE\" \/>\n<meta property=\"og:type\" content=\"article\" \/>\n<meta property=\"og:title\" content=\"L&#039;Occident donne plus de marge de man\u0153uvre \u00e0 son adversaire : l&#039;islam radical\" \/>\n<meta property=\"og:description\" content=\"&nbsp;&nbsp;&nbsp;&nbsp;&nbsp;&nbsp;&nbsp;&nbsp;&nbsp;&nbsp;&nbsp; De nos jours, en Occident, la soci\u00e9t\u00e9 est confront\u00e9e \u00e0 un ph\u00e9nom\u00e8ne de plus en plus pr\u00e9occupant, qui est celui de l&#039;islam radical. Les interrogations concernent de plus en plus les solutions pour y faire face[1]. Cependant, beaucoup de personnalit\u00e9s issues des milieux m\u00e9diatiques, politiques et acad\u00e9miques abordent ces probl\u00e8mes sans analyser toutefois les [&hellip;]\" \/>\n<meta property=\"og:url\" content=\"https:\/\/www.berndbraun.eu\/de\/hello-world\/\" \/>\n<meta property=\"og:site_name\" content=\"Bernd Braun\" \/>\n<meta property=\"article:published_time\" content=\"2021-08-25T03:09:57+00:00\" \/>\n<meta property=\"article:modified_time\" content=\"2022-02-22T19:35:56+00:00\" \/>\n<meta property=\"og:image\" content=\"https:\/\/www.berndbraun.eu\/wp-content\/uploads\/2021\/11\/AdobeStock_452304684_Satellite-view-of-Kabul-airport-Hamid-Karzai-International-Airport-houses-streets-and-buildings-in-the-neighboring-area.-Evacuation-of-refugees-Afghanistan.-Nasa-image-scaled.jpeg\" \/>\n\t<meta property=\"og:image:width\" content=\"2560\" \/>\n\t<meta property=\"og:image:height\" content=\"1521\" \/>\n\t<meta property=\"og:image:type\" content=\"image\/jpeg\" \/>\n<meta name=\"author\" content=\"Bernd\" \/>\n<meta name=\"twitter:card\" content=\"summary_large_image\" \/>\n<meta name=\"twitter:label1\" content=\"Verfasst von\" \/>\n\t<meta name=\"twitter:data1\" content=\"Bernd\" \/>\n\t<meta name=\"twitter:label2\" content=\"Gesch\u00e4tzte Lesezeit\" \/>\n\t<meta name=\"twitter:data2\" content=\"3\u00a0Minuten\" \/>\n<script type=\"application\/ld+json\" class=\"yoast-schema-graph\">{\"@context\":\"https:\/\/schema.org\",\"@graph\":[{\"@type\":\"Article\",\"@id\":\"https:\/\/www.berndbraun.eu\/hello-world\/#article\",\"isPartOf\":{\"@id\":\"https:\/\/www.berndbraun.eu\/hello-world\/\"},\"author\":{\"name\":\"Bernd\",\"@id\":\"https:\/\/www.berndbraun.eu\/#\/schema\/person\/a64c4c08b6a8c9f8fe9be655928070ca\"},\"headline\":\"L'Occident donne plus de marge de man\u0153uvre \u00e0 son adversaire : l'islam radical\",\"datePublished\":\"2021-08-25T03:09:57+00:00\",\"dateModified\":\"2022-02-22T19:35:56+00:00\",\"mainEntityOfPage\":{\"@id\":\"https:\/\/www.berndbraun.eu\/hello-world\/\"},\"wordCount\":647,\"commentCount\":0,\"image\":{\"@id\":\"https:\/\/www.berndbraun.eu\/hello-world\/#primaryimage\"},\"thumbnailUrl\":\"https:\/\/www.berndbraun.eu\/wp-content\/uploads\/2021\/11\/AdobeStock_452304684_Satellite-view-of-Kabul-airport-Hamid-Karzai-International-Airport-houses-streets-and-buildings-in-the-neighboring-area.-Evacuation-of-refugees-Afghanistan.-Nasa-image-scaled.jpeg\",\"articleSection\":[\"Politics\"],\"inLanguage\":\"de\",\"potentialAction\":[{\"@type\":\"CommentAction\",\"name\":\"Comment\",\"target\":[\"https:\/\/www.berndbraun.eu\/hello-world\/#respond\"]}]},{\"@type\":\"WebPage\",\"@id\":\"https:\/\/www.berndbraun.eu\/hello-world\/\",\"url\":\"https:\/\/www.berndbraun.eu\/hello-world\/\",\"name\":\"Bernd Braun - L'Occident donne plus de marge de man\u0153uvre \u00e0 son adversaire : l'islam radical\",\"isPartOf\":{\"@id\":\"https:\/\/www.berndbraun.eu\/#website\"},\"primaryImageOfPage\":{\"@id\":\"https:\/\/www.berndbraun.eu\/hello-world\/#primaryimage\"},\"image\":{\"@id\":\"https:\/\/www.berndbraun.eu\/hello-world\/#primaryimage\"},\"thumbnailUrl\":\"https:\/\/www.berndbraun.eu\/wp-content\/uploads\/2021\/11\/AdobeStock_452304684_Satellite-view-of-Kabul-airport-Hamid-Karzai-International-Airport-houses-streets-and-buildings-in-the-neighboring-area.-Evacuation-of-refugees-Afghanistan.-Nasa-image-scaled.jpeg\",\"datePublished\":\"2021-08-25T03:09:57+00:00\",\"dateModified\":\"2022-02-22T19:35:56+00:00\",\"author\":{\"@id\":\"https:\/\/www.berndbraun.eu\/#\/schema\/person\/a64c4c08b6a8c9f8fe9be655928070ca\"},\"breadcrumb\":{\"@id\":\"https:\/\/www.berndbraun.eu\/hello-world\/#breadcrumb\"},\"inLanguage\":\"de\",\"potentialAction\":[{\"@type\":\"ReadAction\",\"target\":[\"https:\/\/www.berndbraun.eu\/hello-world\/\"]}]},{\"@type\":\"ImageObject\",\"inLanguage\":\"de\",\"@id\":\"https:\/\/www.berndbraun.eu\/hello-world\/#primaryimage\",\"url\":\"https:\/\/www.berndbraun.eu\/wp-content\/uploads\/2021\/11\/AdobeStock_452304684_Satellite-view-of-Kabul-airport-Hamid-Karzai-International-Airport-houses-streets-and-buildings-in-the-neighboring-area.-Evacuation-of-refugees-Afghanistan.-Nasa-image-scaled.jpeg\",\"contentUrl\":\"https:\/\/www.berndbraun.eu\/wp-content\/uploads\/2021\/11\/AdobeStock_452304684_Satellite-view-of-Kabul-airport-Hamid-Karzai-International-Airport-houses-streets-and-buildings-in-the-neighboring-area.-Evacuation-of-refugees-Afghanistan.-Nasa-image-scaled.jpeg\",\"width\":2560,\"height\":1521},{\"@type\":\"BreadcrumbList\",\"@id\":\"https:\/\/www.berndbraun.eu\/hello-world\/#breadcrumb\",\"itemListElement\":[{\"@type\":\"ListItem\",\"position\":1,\"name\":\"Accueil\",\"item\":\"https:\/\/www.berndbraun.eu\/\"},{\"@type\":\"ListItem\",\"position\":2,\"name\":\"L'Occident donne plus de marge de man\u0153uvre \u00e0 son adversaire : l'islam radical\"}]},{\"@type\":\"WebSite\",\"@id\":\"https:\/\/www.berndbraun.eu\/#website\",\"url\":\"https:\/\/www.berndbraun.eu\/\",\"name\":\"Bernd Braun\",\"description\":\"\",\"potentialAction\":[{\"@type\":\"SearchAction\",\"target\":{\"@type\":\"EntryPoint\",\"urlTemplate\":\"https:\/\/www.berndbraun.eu\/?s={search_term_string}\"},\"query-input\":{\"@type\":\"PropertyValueSpecification\",\"valueRequired\":true,\"valueName\":\"search_term_string\"}}],\"inLanguage\":\"de\"},{\"@type\":\"Person\",\"@id\":\"https:\/\/www.berndbraun.eu\/#\/schema\/person\/a64c4c08b6a8c9f8fe9be655928070ca\",\"name\":\"Bernd\",\"image\":{\"@type\":\"ImageObject\",\"inLanguage\":\"de\",\"@id\":\"https:\/\/secure.gravatar.com\/avatar\/e51d7b18a7c2fb10dd367a4bab68ef5a6d1736ae3537a0fd211df170b00b15af?s=96&d=mm&r=g\",\"url\":\"https:\/\/secure.gravatar.com\/avatar\/e51d7b18a7c2fb10dd367a4bab68ef5a6d1736ae3537a0fd211df170b00b15af?s=96&d=mm&r=g\",\"contentUrl\":\"https:\/\/secure.gravatar.com\/avatar\/e51d7b18a7c2fb10dd367a4bab68ef5a6d1736ae3537a0fd211df170b00b15af?s=96&d=mm&r=g\",\"caption\":\"Bernd\"},\"url\":\"https:\/\/www.berndbraun.eu\/de\/author\/bernd\/\"}]}<\/script>\n<!-- \/ Yoast SEO Premium plugin. -->","yoast_head_json":{"title":"Bernd Braun - Der Westen gibt seinem Gegner mehr Spielraum: dem radikalen Islam","robots":{"index":"index","follow":"follow","max-snippet":"max-snippet:-1","max-image-preview":"max-image-preview:large","max-video-preview":"max-video-preview:-1"},"canonical":"https:\/\/www.berndbraun.eu\/de\/hello-world\/","og_locale":"de_DE","og_type":"article","og_title":"L'Occident donne plus de marge de man\u0153uvre \u00e0 son adversaire : l'islam radical","og_description":"&nbsp;&nbsp;&nbsp;&nbsp;&nbsp;&nbsp;&nbsp;&nbsp;&nbsp;&nbsp;&nbsp; De nos jours, en Occident, la soci\u00e9t\u00e9 est confront\u00e9e \u00e0 un ph\u00e9nom\u00e8ne de plus en plus pr\u00e9occupant, qui est celui de l'islam radical. Les interrogations concernent de plus en plus les solutions pour y faire face[1]. Cependant, beaucoup de personnalit\u00e9s issues des milieux m\u00e9diatiques, politiques et acad\u00e9miques abordent ces probl\u00e8mes sans analyser toutefois les [&hellip;]","og_url":"https:\/\/www.berndbraun.eu\/de\/hello-world\/","og_site_name":"Bernd Braun","article_published_time":"2021-08-25T03:09:57+00:00","article_modified_time":"2022-02-22T19:35:56+00:00","og_image":[{"width":2560,"height":1521,"url":"https:\/\/www.berndbraun.eu\/wp-content\/uploads\/2021\/11\/AdobeStock_452304684_Satellite-view-of-Kabul-airport-Hamid-Karzai-International-Airport-houses-streets-and-buildings-in-the-neighboring-area.-Evacuation-of-refugees-Afghanistan.-Nasa-image-scaled.jpeg","type":"image\/jpeg"}],"author":"Bernd","twitter_card":"summary_large_image","twitter_misc":{"Verfasst von":"Bernd","Gesch\u00e4tzte Lesezeit":"3\u00a0Minuten"},"schema":{"@context":"https:\/\/schema.org","@graph":[{"@type":"Article","@id":"https:\/\/www.berndbraun.eu\/hello-world\/#article","isPartOf":{"@id":"https:\/\/www.berndbraun.eu\/hello-world\/"},"author":{"name":"Bernd","@id":"https:\/\/www.berndbraun.eu\/#\/schema\/person\/a64c4c08b6a8c9f8fe9be655928070ca"},"headline":"L'Occident donne plus de marge de man\u0153uvre \u00e0 son adversaire : l'islam radical","datePublished":"2021-08-25T03:09:57+00:00","dateModified":"2022-02-22T19:35:56+00:00","mainEntityOfPage":{"@id":"https:\/\/www.berndbraun.eu\/hello-world\/"},"wordCount":647,"commentCount":0,"image":{"@id":"https:\/\/www.berndbraun.eu\/hello-world\/#primaryimage"},"thumbnailUrl":"https:\/\/www.berndbraun.eu\/wp-content\/uploads\/2021\/11\/AdobeStock_452304684_Satellite-view-of-Kabul-airport-Hamid-Karzai-International-Airport-houses-streets-and-buildings-in-the-neighboring-area.-Evacuation-of-refugees-Afghanistan.-Nasa-image-scaled.jpeg","articleSection":["Politics"],"inLanguage":"de","potentialAction":[{"@type":"CommentAction","name":"Comment","target":["https:\/\/www.berndbraun.eu\/hello-world\/#respond"]}]},{"@type":"WebPage","@id":"https:\/\/www.berndbraun.eu\/hello-world\/","url":"https:\/\/www.berndbraun.eu\/hello-world\/","name":"Bernd Braun - Der Westen gibt seinem Gegner mehr Spielraum: dem radikalen Islam","isPartOf":{"@id":"https:\/\/www.berndbraun.eu\/#website"},"primaryImageOfPage":{"@id":"https:\/\/www.berndbraun.eu\/hello-world\/#primaryimage"},"image":{"@id":"https:\/\/www.berndbraun.eu\/hello-world\/#primaryimage"},"thumbnailUrl":"https:\/\/www.berndbraun.eu\/wp-content\/uploads\/2021\/11\/AdobeStock_452304684_Satellite-view-of-Kabul-airport-Hamid-Karzai-International-Airport-houses-streets-and-buildings-in-the-neighboring-area.-Evacuation-of-refugees-Afghanistan.-Nasa-image-scaled.jpeg","datePublished":"2021-08-25T03:09:57+00:00","dateModified":"2022-02-22T19:35:56+00:00","author":{"@id":"https:\/\/www.berndbraun.eu\/#\/schema\/person\/a64c4c08b6a8c9f8fe9be655928070ca"},"breadcrumb":{"@id":"https:\/\/www.berndbraun.eu\/hello-world\/#breadcrumb"},"inLanguage":"de","potentialAction":[{"@type":"ReadAction","target":["https:\/\/www.berndbraun.eu\/hello-world\/"]}]},{"@type":"ImageObject","inLanguage":"de","@id":"https:\/\/www.berndbraun.eu\/hello-world\/#primaryimage","url":"https:\/\/www.berndbraun.eu\/wp-content\/uploads\/2021\/11\/AdobeStock_452304684_Satellite-view-of-Kabul-airport-Hamid-Karzai-International-Airport-houses-streets-and-buildings-in-the-neighboring-area.-Evacuation-of-refugees-Afghanistan.-Nasa-image-scaled.jpeg","contentUrl":"https:\/\/www.berndbraun.eu\/wp-content\/uploads\/2021\/11\/AdobeStock_452304684_Satellite-view-of-Kabul-airport-Hamid-Karzai-International-Airport-houses-streets-and-buildings-in-the-neighboring-area.-Evacuation-of-refugees-Afghanistan.-Nasa-image-scaled.jpeg","width":2560,"height":1521},{"@type":"BreadcrumbList","@id":"https:\/\/www.berndbraun.eu\/hello-world\/#breadcrumb","itemListElement":[{"@type":"ListItem","position":1,"name":"Accueil","item":"https:\/\/www.berndbraun.eu\/"},{"@type":"ListItem","position":2,"name":"L'Occident donne plus de marge de man\u0153uvre \u00e0 son adversaire : l'islam radical"}]},{"@type":"WebSite","@id":"https:\/\/www.berndbraun.eu\/#website","url":"https:\/\/www.berndbraun.eu\/","name":"Bernd Braun","description":"","potentialAction":[{"@type":"SearchAction","target":{"@type":"EntryPoint","urlTemplate":"https:\/\/www.berndbraun.eu\/?s={search_term_string}"},"query-input":{"@type":"PropertyValueSpecification","valueRequired":true,"valueName":"search_term_string"}}],"inLanguage":"de"},{"@type":"Person","@id":"https:\/\/www.berndbraun.eu\/#\/schema\/person\/a64c4c08b6a8c9f8fe9be655928070ca","name":"Bernd","image":{"@type":"ImageObject","inLanguage":"de","@id":"https:\/\/secure.gravatar.com\/avatar\/e51d7b18a7c2fb10dd367a4bab68ef5a6d1736ae3537a0fd211df170b00b15af?s=96&d=mm&r=g","url":"https:\/\/secure.gravatar.com\/avatar\/e51d7b18a7c2fb10dd367a4bab68ef5a6d1736ae3537a0fd211df170b00b15af?s=96&d=mm&r=g","contentUrl":"https:\/\/secure.gravatar.com\/avatar\/e51d7b18a7c2fb10dd367a4bab68ef5a6d1736ae3537a0fd211df170b00b15af?s=96&d=mm&r=g","caption":"Bernd"},"url":"https:\/\/www.berndbraun.eu\/de\/author\/bernd\/"}]}},"_links":{"self":[{"href":"https:\/\/www.berndbraun.eu\/de\/wp-json\/wp\/v2\/posts\/1","targetHints":{"allow":["GET"]}}],"collection":[{"href":"https:\/\/www.berndbraun.eu\/de\/wp-json\/wp\/v2\/posts"}],"about":[{"href":"https:\/\/www.berndbraun.eu\/de\/wp-json\/wp\/v2\/types\/post"}],"author":[{"embeddable":true,"href":"https:\/\/www.berndbraun.eu\/de\/wp-json\/wp\/v2\/users\/3"}],"replies":[{"embeddable":true,"href":"https:\/\/www.berndbraun.eu\/de\/wp-json\/wp\/v2\/comments?post=1"}],"version-history":[{"count":32,"href":"https:\/\/www.berndbraun.eu\/de\/wp-json\/wp\/v2\/posts\/1\/revisions"}],"predecessor-version":[{"id":1033,"href":"https:\/\/www.berndbraun.eu\/de\/wp-json\/wp\/v2\/posts\/1\/revisions\/1033"}],"wp:featuredmedia":[{"embeddable":true,"href":"https:\/\/www.berndbraun.eu\/de\/wp-json\/wp\/v2\/media\/108"}],"wp:attachment":[{"href":"https:\/\/www.berndbraun.eu\/de\/wp-json\/wp\/v2\/media?parent=1"}],"wp:term":[{"taxonomy":"category","embeddable":true,"href":"https:\/\/www.berndbraun.eu\/de\/wp-json\/wp\/v2\/categories?post=1"},{"taxonomy":"post_tag","embeddable":true,"href":"https:\/\/www.berndbraun.eu\/de\/wp-json\/wp\/v2\/tags?post=1"},{"taxonomy":"type-darticle","embeddable":true,"href":"https:\/\/www.berndbraun.eu\/de\/wp-json\/wp\/v2\/type-darticle?post=1"}],"curies":[{"name":"wp","href":"https:\/\/api.w.org\/{rel}","templated":true}]}}