{"id":1191,"date":"2022-04-30T22:17:13","date_gmt":"2022-04-30T20:17:13","guid":{"rendered":"https:\/\/www.berndbraun.eu\/?p=1191"},"modified":"2022-11-17T01:26:49","modified_gmt":"2022-11-16T23:26:49","slug":"attaque-iranienne-a-erbil","status":"publish","type":"post","link":"https:\/\/www.berndbraun.eu\/de\/attaque-iranienne-a-erbil\/","title":{"rendered":"Iranischer Angriff in Erbil"},"content":{"rendered":"<p class=\"has-white-color has-text-color has-background\" style=\"background-color:#4c5468\">&nbsp;&nbsp;&nbsp;&nbsp;&nbsp;&nbsp;&nbsp;&nbsp;&nbsp;&nbsp;&nbsp; Am 13. M\u00e4rz bombardierte der Iran Erbil, eine Gro\u00dfstadt im Nordosten des Iraks, die \u00fcberwiegend von der kurdischen Bev\u00f6lkerung des Landes bewohnt wird. Teheran bekennt sich zu den Angriffen, die auf Infrastrukturen fielen, bei denen es sich nach Angaben der Revolutionsgarden um israelische Trainingskomplexe, aber auch um strategische Zentren handelte.<\/p>\n\n\n\n<figure class=\"wp-block-video\"><video height=\"1080\" style=\"aspect-ratio: 1920 \/ 1080;\" width=\"1920\" autoplay src=\"https:\/\/www.berndbraun.eu\/wp-content\/uploads\/2022\/05\/dreamstime_214559435.mp4\"><\/video><\/figure>\n\n\n\n<p>&nbsp;&nbsp;&nbsp;&nbsp;&nbsp;&nbsp;&nbsp;&nbsp;&nbsp;&nbsp;&nbsp; Es handelt sich also um eine Rivalit\u00e4t, eine Feindschaft, die alt ist, tief im Bewusstsein verankert ist und in unseren aktuellen Ereignissen widerhallt. Seit 2012 hat Israel zahlreiche Luftangriffe gegen Syrien geflogen. Diese Spannungen - deren Zusammenhang sich leicht zwischen den Bem\u00fchungen der USA und Tel Avivs um die Destabilisierung des syrischen Regimes von Baschar al-Assad und dem j\u00fcngsten B\u00fcrgerkrieg, unter dem die syrische Gesellschaft gelitten hat, herstellen lie\u00dfe - f\u00fchrten zu einer Zunahme der israelischen Interventionen gegen Syrien, wobei der Iran half.<\/p>\n\n\n\n<p>&nbsp;&nbsp;&nbsp;&nbsp;&nbsp;&nbsp;&nbsp;&nbsp;&nbsp;&nbsp;&nbsp; Am 07. M\u00e4rz 2022 bombardierte Israel die Vororte von Damaskus, wobei zwei Menschen ums Leben kamen. Die Zahl der Toten war gering, doch die kriegerische Aktion hatte keinen anderen Zweck als die Entschlossenheit Israels, den syrischen Machthaber abzusetzen. Der Grund f\u00fcr diese Absicht ist in den besonderen Beziehungen zwischen Damaskus und Teheran zu suchen, die beide Sitze in mehrheitlich schiitischen L\u00e4ndern sind und sich beide gegen die israelische Vorherrschaft im Nahen Osten wenden.<\/p>\n\n\n\n<p class=\"has-white-color has-text-color has-background\" style=\"background-color:#9a2525\">&nbsp;&nbsp;&nbsp;&nbsp;&nbsp;&nbsp;&nbsp;&nbsp;&nbsp;&nbsp;&nbsp; Als Reaktion auf die Angriffe in der N\u00e4he von Damaskus, die Tel Aviv nach eigenen Angaben gegen die iranischen Pasdaran-Kr\u00e4fte gef\u00fchrt hatte, lie\u00df der Iran die Stadt Erbil im irakischen Kurdistan unter dem Vorwand bombardieren, dass sich dort US-amerikanische und israelische Milit\u00e4rkomplexe bef\u00e4nden. Washington und der j\u00fcdische Staat dementierten sofort, dass es dort St\u00fctzpunkte gebe, die ihnen geh\u00f6rten, und verwiesen darauf, dass sich in der Stadt lediglich ein US-Konsulat befinde. Gegen Teheran wurden neue Sanktionen verh\u00e4ngt.<\/p>\n\n\n\n<p>&nbsp;&nbsp;&nbsp;&nbsp;&nbsp;&nbsp;&nbsp;&nbsp;&nbsp;&nbsp;&nbsp; Da der Iran jedoch Teil der chinesisch-russischen Wirtschafts-, Milit\u00e4r- und Energieallianz ist, haben die gegen ihn verh\u00e4ngten Sanktionen immer weniger Auswirkungen, au\u00dfer auf europ\u00e4ischer Seite. Tats\u00e4chlich sind die europ\u00e4ischen Positionen unklar. Einige L\u00e4nder wie Frankreich, Deutschland oder Italien versuchen, ihre Marktanteile im Land zu halten, bleiben aber zaghaft und werden zu unsicheren Handels- und diplomatischen Partnern, sobald sie von den USA zur Ordnung gerufen werden.<\/p>\n\n\n\n<figure class=\"wp-block-gallery has-nested-images columns-default is-cropped wp-block-gallery-1 is-layout-flex wp-block-gallery-is-layout-flex\"><\/figure>\n\n\n\n<figure class=\"wp-block-gallery has-nested-images columns-default is-cropped wp-block-gallery-2 is-layout-flex wp-block-gallery-is-layout-flex\">\n<figure class=\"wp-block-image size-large\"><a href=\"https:\/\/www.berndbraun.eu\/wp-content\/uploads\/2022\/05\/dreamstime_m_244131702-scaled.jpg\"><img loading=\"lazy\" decoding=\"async\" width=\"1024\" height=\"640\" data-id=\"1198\" src=\"https:\/\/www.berndbraun.eu\/wp-content\/uploads\/2022\/05\/dreamstime_m_244131702-1024x640.jpg\" alt=\"\" class=\"wp-image-1198\" srcset=\"https:\/\/www.berndbraun.eu\/wp-content\/uploads\/2022\/05\/dreamstime_m_244131702-1024x640.jpg 1024w, https:\/\/www.berndbraun.eu\/wp-content\/uploads\/2022\/05\/dreamstime_m_244131702-300x188.jpg 300w, https:\/\/www.berndbraun.eu\/wp-content\/uploads\/2022\/05\/dreamstime_m_244131702-768x480.jpg 768w, https:\/\/www.berndbraun.eu\/wp-content\/uploads\/2022\/05\/dreamstime_m_244131702-1536x960.jpg 1536w, https:\/\/www.berndbraun.eu\/wp-content\/uploads\/2022\/05\/dreamstime_m_244131702-2048x1280.jpg 2048w, https:\/\/www.berndbraun.eu\/wp-content\/uploads\/2022\/05\/dreamstime_m_244131702-18x12.jpg 18w, https:\/\/www.berndbraun.eu\/wp-content\/uploads\/2022\/05\/dreamstime_m_244131702-scaled.jpg 2560w\" sizes=\"auto, (max-width: 1024px) 100vw, 1024px\" \/><\/a><figcaption class=\"wp-element-caption\">Erbil \u00a9 Rasool Ali<\/figcaption><\/figure>\n\n\n\n<figure class=\"wp-block-image size-large\"><a href=\"https:\/\/www.berndbraun.eu\/wp-content\/uploads\/2022\/05\/dreamstime_m_244131725.jpg\"><img loading=\"lazy\" decoding=\"async\" width=\"1024\" height=\"683\" data-id=\"1199\" src=\"https:\/\/www.berndbraun.eu\/wp-content\/uploads\/2022\/05\/dreamstime_m_244131725-1024x683.jpg\" alt=\"\" class=\"wp-image-1199\" srcset=\"https:\/\/www.berndbraun.eu\/wp-content\/uploads\/2022\/05\/dreamstime_m_244131725-1024x683.jpg 1024w, https:\/\/www.berndbraun.eu\/wp-content\/uploads\/2022\/05\/dreamstime_m_244131725-300x200.jpg 300w, https:\/\/www.berndbraun.eu\/wp-content\/uploads\/2022\/05\/dreamstime_m_244131725-768x512.jpg 768w, https:\/\/www.berndbraun.eu\/wp-content\/uploads\/2022\/05\/dreamstime_m_244131725-1536x1024.jpg 1536w, https:\/\/www.berndbraun.eu\/wp-content\/uploads\/2022\/05\/dreamstime_m_244131725-2048x1365.jpg 2048w, https:\/\/www.berndbraun.eu\/wp-content\/uploads\/2022\/05\/dreamstime_m_244131725-18x12.jpg 18w, https:\/\/www.berndbraun.eu\/wp-content\/uploads\/2022\/05\/dreamstime_m_244131725.jpg 2121w\" sizes=\"auto, (max-width: 1024px) 100vw, 1024px\" \/><\/a><figcaption class=\"wp-element-caption\">Erbil \u00a9 Rasool Ali<\/figcaption><\/figure>\n<\/figure>\n\n\n\n<p>&nbsp;&nbsp;&nbsp;&nbsp;&nbsp;&nbsp;&nbsp;&nbsp;&nbsp;&nbsp;&nbsp; Im Zusammenhang mit dem s\u00fcdrussischen Krieg gegen die Ukraine, bei dem es vor allem um die Gebiete des Donbass, d. h. die russischsprachigen Regionen Donezk und Luhansk, geht, hat sich der Iran auf die Seite Russlands gestellt und wartet auf eine Stellungnahme Chinas. Da die Lage in der Region alle anderen Krisen des Augenblicks \u00fcberlagert, nutzte Israel das Schussfenster, um iranische Kr\u00e4fte in Syrien anzugreifen und damit zu versuchen, das Regime von El-Assad weiter zu destabilisieren. Teheran ist nach wie vor bereit, seine Interessen und die seiner Verb\u00fcndeten zu verteidigen, vor allem aber sein Machtprojekt in der Region zu verwirklichen und den W\u00fcnschen Tel Avivs entgegenzuwirken.<\/p>\n\n\n\n<div style=\"height:50px\" aria-hidden=\"true\" class=\"wp-block-spacer\"><\/div>\n\n\n\n<p class=\"has-text-align-center has-cyan-bluish-gray-color has-text-color has-small-font-size\">2022 Alle Rechte vorbehalten von BRAUN<\/p>","protected":false},"excerpt":{"rendered":"<p>&nbsp;&nbsp;&nbsp;&nbsp;&nbsp;&nbsp;&nbsp;&nbsp;&nbsp;&nbsp;&nbsp; Le 13 mars dernier l\u2019Iran bombardait Erbil, grande ville du Nord-Est irakien majoritairement habit\u00e9e par les populations kurdes du pays. T\u00e9h\u00e9ran revendique les frappes qui s\u2019abattent sur des infrastructures que les Gardiens de la R\u00e9volution affirment \u00eatre des complexes isra\u00e9liens d\u2019entra\u00eenement, mais \u00e9galement des centres strat\u00e9giques. &nbsp;&nbsp;&nbsp;&nbsp;&nbsp;&nbsp;&nbsp;&nbsp;&nbsp;&nbsp;&nbsp; Il s\u2019agit donc d\u2019une rivalit\u00e9, d\u2019une inimiti\u00e9 [&hellip;]<\/p>\n","protected":false},"author":3,"featured_media":1194,"comment_status":"open","ping_status":"open","sticky":false,"template":"","format":"standard","meta":{"footnotes":""},"categories":[5],"tags":[],"type-darticle":[24],"class_list":["post-1191","post","type-post","status-publish","format-standard","has-post-thumbnail","hentry","category-politics","type-darticle-video"],"yoast_head":"<!-- This site is optimized with the Yoast SEO Premium plugin v21.4 (Yoast SEO v27.2) - https:\/\/yoast.com\/product\/yoast-seo-premium-wordpress\/ -->\n<title>Bernd Braun - Attaque iranienne \u00e0 Erbil<\/title>\n<meta name=\"robots\" content=\"index, follow, max-snippet:-1, max-image-preview:large, max-video-preview:-1\" \/>\n<link rel=\"canonical\" href=\"https:\/\/www.berndbraun.eu\/de\/attaque-iranienne-a-erbil\/\" \/>\n<meta property=\"og:locale\" content=\"de_DE\" \/>\n<meta property=\"og:type\" content=\"article\" \/>\n<meta property=\"og:title\" content=\"Attaque iranienne \u00e0 Erbil\" \/>\n<meta property=\"og:description\" content=\"&nbsp;&nbsp;&nbsp;&nbsp;&nbsp;&nbsp;&nbsp;&nbsp;&nbsp;&nbsp;&nbsp; Le 13 mars dernier l\u2019Iran bombardait Erbil, grande ville du Nord-Est irakien majoritairement habit\u00e9e par les populations kurdes du pays. T\u00e9h\u00e9ran revendique les frappes qui s\u2019abattent sur des infrastructures que les Gardiens de la R\u00e9volution affirment \u00eatre des complexes isra\u00e9liens d\u2019entra\u00eenement, mais \u00e9galement des centres strat\u00e9giques. &nbsp;&nbsp;&nbsp;&nbsp;&nbsp;&nbsp;&nbsp;&nbsp;&nbsp;&nbsp;&nbsp; Il s\u2019agit donc d\u2019une rivalit\u00e9, d\u2019une inimiti\u00e9 [&hellip;]\" \/>\n<meta property=\"og:url\" content=\"https:\/\/www.berndbraun.eu\/de\/attaque-iranienne-a-erbil\/\" \/>\n<meta property=\"og:site_name\" content=\"Bernd Braun\" \/>\n<meta property=\"article:published_time\" content=\"2022-04-30T20:17:13+00:00\" \/>\n<meta property=\"article:modified_time\" content=\"2022-11-16T23:26:49+00:00\" \/>\n<meta property=\"og:image\" content=\"https:\/\/www.berndbraun.eu\/wp-content\/uploads\/2022\/05\/dreamstime_m_147204758-scaled.jpg\" \/>\n\t<meta property=\"og:image:width\" content=\"2560\" \/>\n\t<meta property=\"og:image:height\" content=\"1025\" \/>\n\t<meta property=\"og:image:type\" content=\"image\/jpeg\" \/>\n<meta name=\"author\" content=\"Bernd\" \/>\n<meta name=\"twitter:card\" content=\"summary_large_image\" \/>\n<meta name=\"twitter:label1\" content=\"Verfasst von\" \/>\n\t<meta name=\"twitter:data1\" content=\"Bernd\" \/>\n\t<meta name=\"twitter:label2\" content=\"Gesch\u00e4tzte Lesezeit\" \/>\n\t<meta name=\"twitter:data2\" content=\"3\u00a0Minuten\" \/>\n<script type=\"application\/ld+json\" class=\"yoast-schema-graph\">{\"@context\":\"https:\/\/schema.org\",\"@graph\":[{\"@type\":\"Article\",\"@id\":\"https:\/\/www.berndbraun.eu\/attaque-iranienne-a-erbil\/#article\",\"isPartOf\":{\"@id\":\"https:\/\/www.berndbraun.eu\/attaque-iranienne-a-erbil\/\"},\"author\":{\"name\":\"Bernd\",\"@id\":\"https:\/\/www.berndbraun.eu\/#\/schema\/person\/a64c4c08b6a8c9f8fe9be655928070ca\"},\"headline\":\"Attaque iranienne \u00e0 Erbil\",\"datePublished\":\"2022-04-30T20:17:13+00:00\",\"dateModified\":\"2022-11-16T23:26:49+00:00\",\"mainEntityOfPage\":{\"@id\":\"https:\/\/www.berndbraun.eu\/attaque-iranienne-a-erbil\/\"},\"wordCount\":659,\"commentCount\":0,\"image\":{\"@id\":\"https:\/\/www.berndbraun.eu\/attaque-iranienne-a-erbil\/#primaryimage\"},\"thumbnailUrl\":\"https:\/\/www.berndbraun.eu\/wp-content\/uploads\/2022\/05\/dreamstime_m_147204758-scaled.jpg\",\"articleSection\":[\"Politics\"],\"inLanguage\":\"de\",\"potentialAction\":[{\"@type\":\"CommentAction\",\"name\":\"Comment\",\"target\":[\"https:\/\/www.berndbraun.eu\/attaque-iranienne-a-erbil\/#respond\"]}]},{\"@type\":\"WebPage\",\"@id\":\"https:\/\/www.berndbraun.eu\/attaque-iranienne-a-erbil\/\",\"url\":\"https:\/\/www.berndbraun.eu\/attaque-iranienne-a-erbil\/\",\"name\":\"Bernd Braun - Attaque iranienne \u00e0 Erbil\",\"isPartOf\":{\"@id\":\"https:\/\/www.berndbraun.eu\/#website\"},\"primaryImageOfPage\":{\"@id\":\"https:\/\/www.berndbraun.eu\/attaque-iranienne-a-erbil\/#primaryimage\"},\"image\":{\"@id\":\"https:\/\/www.berndbraun.eu\/attaque-iranienne-a-erbil\/#primaryimage\"},\"thumbnailUrl\":\"https:\/\/www.berndbraun.eu\/wp-content\/uploads\/2022\/05\/dreamstime_m_147204758-scaled.jpg\",\"datePublished\":\"2022-04-30T20:17:13+00:00\",\"dateModified\":\"2022-11-16T23:26:49+00:00\",\"author\":{\"@id\":\"https:\/\/www.berndbraun.eu\/#\/schema\/person\/a64c4c08b6a8c9f8fe9be655928070ca\"},\"breadcrumb\":{\"@id\":\"https:\/\/www.berndbraun.eu\/attaque-iranienne-a-erbil\/#breadcrumb\"},\"inLanguage\":\"de\",\"potentialAction\":[{\"@type\":\"ReadAction\",\"target\":[\"https:\/\/www.berndbraun.eu\/attaque-iranienne-a-erbil\/\"]}]},{\"@type\":\"ImageObject\",\"inLanguage\":\"de\",\"@id\":\"https:\/\/www.berndbraun.eu\/attaque-iranienne-a-erbil\/#primaryimage\",\"url\":\"https:\/\/www.berndbraun.eu\/wp-content\/uploads\/2022\/05\/dreamstime_m_147204758-scaled.jpg\",\"contentUrl\":\"https:\/\/www.berndbraun.eu\/wp-content\/uploads\/2022\/05\/dreamstime_m_147204758-scaled.jpg\",\"width\":2560,\"height\":1025},{\"@type\":\"BreadcrumbList\",\"@id\":\"https:\/\/www.berndbraun.eu\/attaque-iranienne-a-erbil\/#breadcrumb\",\"itemListElement\":[{\"@type\":\"ListItem\",\"position\":1,\"name\":\"Accueil\",\"item\":\"https:\/\/www.berndbraun.eu\/\"},{\"@type\":\"ListItem\",\"position\":2,\"name\":\"Attaque iranienne \u00e0 Erbil\"}]},{\"@type\":\"WebSite\",\"@id\":\"https:\/\/www.berndbraun.eu\/#website\",\"url\":\"https:\/\/www.berndbraun.eu\/\",\"name\":\"Bernd Braun\",\"description\":\"\",\"potentialAction\":[{\"@type\":\"SearchAction\",\"target\":{\"@type\":\"EntryPoint\",\"urlTemplate\":\"https:\/\/www.berndbraun.eu\/?s={search_term_string}\"},\"query-input\":{\"@type\":\"PropertyValueSpecification\",\"valueRequired\":true,\"valueName\":\"search_term_string\"}}],\"inLanguage\":\"de\"},{\"@type\":\"Person\",\"@id\":\"https:\/\/www.berndbraun.eu\/#\/schema\/person\/a64c4c08b6a8c9f8fe9be655928070ca\",\"name\":\"Bernd\",\"image\":{\"@type\":\"ImageObject\",\"inLanguage\":\"de\",\"@id\":\"https:\/\/secure.gravatar.com\/avatar\/e51d7b18a7c2fb10dd367a4bab68ef5a6d1736ae3537a0fd211df170b00b15af?s=96&d=mm&r=g\",\"url\":\"https:\/\/secure.gravatar.com\/avatar\/e51d7b18a7c2fb10dd367a4bab68ef5a6d1736ae3537a0fd211df170b00b15af?s=96&d=mm&r=g\",\"contentUrl\":\"https:\/\/secure.gravatar.com\/avatar\/e51d7b18a7c2fb10dd367a4bab68ef5a6d1736ae3537a0fd211df170b00b15af?s=96&d=mm&r=g\",\"caption\":\"Bernd\"},\"url\":\"https:\/\/www.berndbraun.eu\/de\/author\/bernd\/\"}]}<\/script>\n<!-- \/ Yoast SEO Premium plugin. -->","yoast_head_json":{"title":"Bernd Braun - Iranischer Angriff in Erbil","robots":{"index":"index","follow":"follow","max-snippet":"max-snippet:-1","max-image-preview":"max-image-preview:large","max-video-preview":"max-video-preview:-1"},"canonical":"https:\/\/www.berndbraun.eu\/de\/attaque-iranienne-a-erbil\/","og_locale":"de_DE","og_type":"article","og_title":"Attaque iranienne \u00e0 Erbil","og_description":"&nbsp;&nbsp;&nbsp;&nbsp;&nbsp;&nbsp;&nbsp;&nbsp;&nbsp;&nbsp;&nbsp; Le 13 mars dernier l\u2019Iran bombardait Erbil, grande ville du Nord-Est irakien majoritairement habit\u00e9e par les populations kurdes du pays. T\u00e9h\u00e9ran revendique les frappes qui s\u2019abattent sur des infrastructures que les Gardiens de la R\u00e9volution affirment \u00eatre des complexes isra\u00e9liens d\u2019entra\u00eenement, mais \u00e9galement des centres strat\u00e9giques. &nbsp;&nbsp;&nbsp;&nbsp;&nbsp;&nbsp;&nbsp;&nbsp;&nbsp;&nbsp;&nbsp; Il s\u2019agit donc d\u2019une rivalit\u00e9, d\u2019une inimiti\u00e9 [&hellip;]","og_url":"https:\/\/www.berndbraun.eu\/de\/attaque-iranienne-a-erbil\/","og_site_name":"Bernd Braun","article_published_time":"2022-04-30T20:17:13+00:00","article_modified_time":"2022-11-16T23:26:49+00:00","og_image":[{"width":2560,"height":1025,"url":"https:\/\/www.berndbraun.eu\/wp-content\/uploads\/2022\/05\/dreamstime_m_147204758-scaled.jpg","type":"image\/jpeg"}],"author":"Bernd","twitter_card":"summary_large_image","twitter_misc":{"Verfasst von":"Bernd","Gesch\u00e4tzte Lesezeit":"3\u00a0Minuten"},"schema":{"@context":"https:\/\/schema.org","@graph":[{"@type":"Article","@id":"https:\/\/www.berndbraun.eu\/attaque-iranienne-a-erbil\/#article","isPartOf":{"@id":"https:\/\/www.berndbraun.eu\/attaque-iranienne-a-erbil\/"},"author":{"name":"Bernd","@id":"https:\/\/www.berndbraun.eu\/#\/schema\/person\/a64c4c08b6a8c9f8fe9be655928070ca"},"headline":"Attaque iranienne \u00e0 Erbil","datePublished":"2022-04-30T20:17:13+00:00","dateModified":"2022-11-16T23:26:49+00:00","mainEntityOfPage":{"@id":"https:\/\/www.berndbraun.eu\/attaque-iranienne-a-erbil\/"},"wordCount":659,"commentCount":0,"image":{"@id":"https:\/\/www.berndbraun.eu\/attaque-iranienne-a-erbil\/#primaryimage"},"thumbnailUrl":"https:\/\/www.berndbraun.eu\/wp-content\/uploads\/2022\/05\/dreamstime_m_147204758-scaled.jpg","articleSection":["Politics"],"inLanguage":"de","potentialAction":[{"@type":"CommentAction","name":"Comment","target":["https:\/\/www.berndbraun.eu\/attaque-iranienne-a-erbil\/#respond"]}]},{"@type":"WebPage","@id":"https:\/\/www.berndbraun.eu\/attaque-iranienne-a-erbil\/","url":"https:\/\/www.berndbraun.eu\/attaque-iranienne-a-erbil\/","name":"Bernd Braun - Iranischer Angriff in Erbil","isPartOf":{"@id":"https:\/\/www.berndbraun.eu\/#website"},"primaryImageOfPage":{"@id":"https:\/\/www.berndbraun.eu\/attaque-iranienne-a-erbil\/#primaryimage"},"image":{"@id":"https:\/\/www.berndbraun.eu\/attaque-iranienne-a-erbil\/#primaryimage"},"thumbnailUrl":"https:\/\/www.berndbraun.eu\/wp-content\/uploads\/2022\/05\/dreamstime_m_147204758-scaled.jpg","datePublished":"2022-04-30T20:17:13+00:00","dateModified":"2022-11-16T23:26:49+00:00","author":{"@id":"https:\/\/www.berndbraun.eu\/#\/schema\/person\/a64c4c08b6a8c9f8fe9be655928070ca"},"breadcrumb":{"@id":"https:\/\/www.berndbraun.eu\/attaque-iranienne-a-erbil\/#breadcrumb"},"inLanguage":"de","potentialAction":[{"@type":"ReadAction","target":["https:\/\/www.berndbraun.eu\/attaque-iranienne-a-erbil\/"]}]},{"@type":"ImageObject","inLanguage":"de","@id":"https:\/\/www.berndbraun.eu\/attaque-iranienne-a-erbil\/#primaryimage","url":"https:\/\/www.berndbraun.eu\/wp-content\/uploads\/2022\/05\/dreamstime_m_147204758-scaled.jpg","contentUrl":"https:\/\/www.berndbraun.eu\/wp-content\/uploads\/2022\/05\/dreamstime_m_147204758-scaled.jpg","width":2560,"height":1025},{"@type":"BreadcrumbList","@id":"https:\/\/www.berndbraun.eu\/attaque-iranienne-a-erbil\/#breadcrumb","itemListElement":[{"@type":"ListItem","position":1,"name":"Accueil","item":"https:\/\/www.berndbraun.eu\/"},{"@type":"ListItem","position":2,"name":"Attaque iranienne \u00e0 Erbil"}]},{"@type":"WebSite","@id":"https:\/\/www.berndbraun.eu\/#website","url":"https:\/\/www.berndbraun.eu\/","name":"Bernd Braun","description":"","potentialAction":[{"@type":"SearchAction","target":{"@type":"EntryPoint","urlTemplate":"https:\/\/www.berndbraun.eu\/?s={search_term_string}"},"query-input":{"@type":"PropertyValueSpecification","valueRequired":true,"valueName":"search_term_string"}}],"inLanguage":"de"},{"@type":"Person","@id":"https:\/\/www.berndbraun.eu\/#\/schema\/person\/a64c4c08b6a8c9f8fe9be655928070ca","name":"Bernd","image":{"@type":"ImageObject","inLanguage":"de","@id":"https:\/\/secure.gravatar.com\/avatar\/e51d7b18a7c2fb10dd367a4bab68ef5a6d1736ae3537a0fd211df170b00b15af?s=96&d=mm&r=g","url":"https:\/\/secure.gravatar.com\/avatar\/e51d7b18a7c2fb10dd367a4bab68ef5a6d1736ae3537a0fd211df170b00b15af?s=96&d=mm&r=g","contentUrl":"https:\/\/secure.gravatar.com\/avatar\/e51d7b18a7c2fb10dd367a4bab68ef5a6d1736ae3537a0fd211df170b00b15af?s=96&d=mm&r=g","caption":"Bernd"},"url":"https:\/\/www.berndbraun.eu\/de\/author\/bernd\/"}]}},"_links":{"self":[{"href":"https:\/\/www.berndbraun.eu\/de\/wp-json\/wp\/v2\/posts\/1191","targetHints":{"allow":["GET"]}}],"collection":[{"href":"https:\/\/www.berndbraun.eu\/de\/wp-json\/wp\/v2\/posts"}],"about":[{"href":"https:\/\/www.berndbraun.eu\/de\/wp-json\/wp\/v2\/types\/post"}],"author":[{"embeddable":true,"href":"https:\/\/www.berndbraun.eu\/de\/wp-json\/wp\/v2\/users\/3"}],"replies":[{"embeddable":true,"href":"https:\/\/www.berndbraun.eu\/de\/wp-json\/wp\/v2\/comments?post=1191"}],"version-history":[{"count":12,"href":"https:\/\/www.berndbraun.eu\/de\/wp-json\/wp\/v2\/posts\/1191\/revisions"}],"predecessor-version":[{"id":1555,"href":"https:\/\/www.berndbraun.eu\/de\/wp-json\/wp\/v2\/posts\/1191\/revisions\/1555"}],"wp:featuredmedia":[{"embeddable":true,"href":"https:\/\/www.berndbraun.eu\/de\/wp-json\/wp\/v2\/media\/1194"}],"wp:attachment":[{"href":"https:\/\/www.berndbraun.eu\/de\/wp-json\/wp\/v2\/media?parent=1191"}],"wp:term":[{"taxonomy":"category","embeddable":true,"href":"https:\/\/www.berndbraun.eu\/de\/wp-json\/wp\/v2\/categories?post=1191"},{"taxonomy":"post_tag","embeddable":true,"href":"https:\/\/www.berndbraun.eu\/de\/wp-json\/wp\/v2\/tags?post=1191"},{"taxonomy":"type-darticle","embeddable":true,"href":"https:\/\/www.berndbraun.eu\/de\/wp-json\/wp\/v2\/type-darticle?post=1191"}],"curies":[{"name":"wp","href":"https:\/\/api.w.org\/{rel}","templated":true}]}}