{"id":122,"date":"2013-12-07T00:07:21","date_gmt":"2013-12-06T22:07:21","guid":{"rendered":"https:\/\/www.berndbraun.eu\/?p=122"},"modified":"2022-02-22T21:35:57","modified_gmt":"2022-02-22T19:35:57","slug":"le-bresil-et-le-venezuela-deux-puissances-contestatrices-de-lordre-mondial","status":"publish","type":"post","link":"https:\/\/www.berndbraun.eu\/de\/le-bresil-et-le-venezuela-deux-puissances-contestatrices-de-lordre-mondial\/","title":{"rendered":"Brasilien und Venezuela - zwei M\u00e4chte, die die Weltordnung herausfordern"},"content":{"rendered":"\n<p class=\"has-medium-font-size\"><strong>INTRODUCTION<\/strong><\/p>\n\n\n\n<h2 class=\"has-medium-font-size wp-block-heading\" id=\"h-1-l-ideologie-comme-base-d-actions-pour-ces-deux-protagonistes\">1. L'ID\u00c9OLOGIE COMME BASE D'ACTIONS POUR CES DEUX PROTAGONISTES ?<\/h2>\n\n\n\n<div style=\"height:10px\" aria-hidden=\"true\" class=\"wp-block-spacer\"><\/div>\n\n\n\n<h2 class=\"has-medium-font-size wp-block-heading\" id=\"h-2-l-utilisation-des-ressources-geo-economiques-pour-la-construction-du-monde-multipolaire\">2. L'UTILISATION DES RESSOURCES G\u00c9O-\u00c9CONOMIQUES POUR LA CONSTRUCTION DU MONDE MULTIPOLAIRE<\/h2>\n\n\n\n<div style=\"height:10px\" aria-hidden=\"true\" class=\"wp-block-spacer\"><\/div>\n\n\n\n<h2 class=\"has-medium-font-size wp-block-heading\" id=\"h-3-le-role-des-structures-institutionnelles\">3. LE R\u00d4LE DES STRUCTURES INSTITUTIONNELLES<\/h2>\n\n\n\n<div style=\"height:10px\" aria-hidden=\"true\" class=\"wp-block-spacer\"><\/div>\n\n\n\n<h2 class=\"has-medium-font-size wp-block-heading\" id=\"h-4-la-diplomatie-comme-outil-pour-atteindre-le-monde-multipolaire\">4. LA DIPLOMATIE COMME OUTIL POUR ATTEINDRE LE MONDE MULTIPOLAIRE<\/h2>\n\n\n\n<div style=\"height:20px\" aria-hidden=\"true\" class=\"wp-block-spacer\"><\/div>\n\n\n\n<h2 class=\"has-medium-font-size wp-block-heading\" id=\"h-conclusion\">CONCLUSION<\/h2>\n\n\n\n<div style=\"height:60px\" aria-hidden=\"true\" class=\"wp-block-spacer\"><\/div>\n\n\n\n<h2 class=\"has-medium-font-size wp-block-heading\" id=\"h-introduction\"><strong>INTRODUCTION <\/strong><\/h2>\n\n\n\n<p>Le Br\u00e9sil et le Venezuela sont deux puissances r\u00e9gionales sud-am\u00e9ricaines, quoique poss\u00e9dant des caract\u00e9ristiques diff\u00e9rentes. Le Br\u00e9sil, puissance latino-am\u00e9ricaine dominante, peut \u00eatre clairement d\u00e9fini comme grande puissance \u00e9mergente, tandis que le Venezuela b\u00e9n\u00e9ficie plut\u00f4t d'un statut de puissance moyenne. Cependant, c'est principalement ce dernier qui, parmi les \u00c9tats d\u2019Am\u00e9rique-du-Sud, aspirait \u00e0 jouer un r\u00f4le de leader local. Il se comprend alors que la volont\u00e9 du Br\u00e9sil, qui est d'emp\u00eacher que le Venezuela puisse contester son statut de meneur local, l'ait amen\u00e9 \u00e0 tenter de contenir l'influence de son voisin bolivarien. Le souhait des deux nations est de se diriger vers l'\u00e9tablissement d'un ordre international multipolaire, caract\u00e9ris\u00e9 par une redistribution plus \u00e9quilibr\u00e9e de la puissance. Cette r\u00e9alit\u00e9 contradictoire pose la question suivante : \u00ab Le Br\u00e9sil et le Venezuela, deux Puissances contestatrices de l'Ordre mondial : quid de leurs visions pour la construction d'un Monde multipolaire ? \u00bb. Tandis que le Venezuela conteste les fondements-m\u00eames du syst\u00e8me international actuel, incarn\u00e9 par les structures \u00e9tablies par les \u00c9tats-Unis, la posture du Br\u00e9sil est, quant \u00e0 elle, plus mod\u00e9r\u00e9e&nbsp;: \u00e0 l\u2019oppos\u00e9 du Venezuela, le Br\u00e9sil appelle \u00e0 des r\u00e9formes importantes de l'ordre global actuel, tout en gardant ses structures fondamentales actuelles. Le but de cette analyse est de r\u00e9pondre \u00e0 la question qui nous est pos\u00e9e en mettant l'accent sur le concept th\u00e9orique de multipolarit\u00e9 dans les relations internationales, \u00e9troitement li\u00e9 \u00e0 celui de l'\u00e9quilibre des puissances. Ce dernier point, observ\u00e9 sous l'angle r\u00e9aliste des relations internationales, est un travail de recherche qui inclura les facteurs appartenant aux perspectives lib\u00e9rales et identitaires.<\/p>\n\n\n\n<div style=\"height:20px\" aria-hidden=\"true\" class=\"wp-block-spacer\"><\/div>\n\n\n\n<figure class=\"wp-block-gallery has-nested-images columns-default is-cropped wp-block-gallery-1 is-layout-flex wp-block-gallery-is-layout-flex\">\n<figure class=\"wp-block-image size-large\"><img loading=\"lazy\" decoding=\"async\" width=\"1024\" height=\"683\" data-id=\"589\" src=\"https:\/\/www.berndbraun.eu\/wp-content\/uploads\/2021\/12\/dreamstime_l_72933900_Luis-Inacio-Lula-da-Silva-1024x683.jpg\" alt=\"\" class=\"wp-image-589\" srcset=\"https:\/\/www.berndbraun.eu\/wp-content\/uploads\/2021\/12\/dreamstime_l_72933900_Luis-Inacio-Lula-da-Silva-1024x683.jpg 1024w, https:\/\/www.berndbraun.eu\/wp-content\/uploads\/2021\/12\/dreamstime_l_72933900_Luis-Inacio-Lula-da-Silva-300x200.jpg 300w, https:\/\/www.berndbraun.eu\/wp-content\/uploads\/2021\/12\/dreamstime_l_72933900_Luis-Inacio-Lula-da-Silva-768x512.jpg 768w, https:\/\/www.berndbraun.eu\/wp-content\/uploads\/2021\/12\/dreamstime_l_72933900_Luis-Inacio-Lula-da-Silva-1536x1024.jpg 1536w, https:\/\/www.berndbraun.eu\/wp-content\/uploads\/2021\/12\/dreamstime_l_72933900_Luis-Inacio-Lula-da-Silva-2048x1365.jpg 2048w, https:\/\/www.berndbraun.eu\/wp-content\/uploads\/2021\/12\/dreamstime_l_72933900_Luis-Inacio-Lula-da-Silva-18x12.jpg 18w, https:\/\/www.berndbraun.eu\/wp-content\/uploads\/2021\/12\/dreamstime_l_72933900_Luis-Inacio-Lula-da-Silva-scaled.jpg 2560w\" sizes=\"auto, (max-width: 1024px) 100vw, 1024px\" \/><figcaption>Luis Inacio Lula da Silva<\/figcaption><\/figure>\n\n\n\n<figure class=\"wp-block-image size-large\"><img loading=\"lazy\" decoding=\"async\" width=\"1024\" height=\"683\" data-id=\"590\" src=\"https:\/\/www.berndbraun.eu\/wp-content\/uploads\/2021\/12\/dreamstime_l_16500381_Russia-Moscow-15oktyabrya2010g.tseremoniya-open-foundation-stone-of-the-monument-of-Simon-Bolivar.Venezuelan-President-Hugo-Chavez-1024x683.jpg\" alt=\"\" class=\"wp-image-590\" srcset=\"https:\/\/www.berndbraun.eu\/wp-content\/uploads\/2021\/12\/dreamstime_l_16500381_Russia-Moscow-15oktyabrya2010g.tseremoniya-open-foundation-stone-of-the-monument-of-Simon-Bolivar.Venezuelan-President-Hugo-Chavez-1024x683.jpg 1024w, https:\/\/www.berndbraun.eu\/wp-content\/uploads\/2021\/12\/dreamstime_l_16500381_Russia-Moscow-15oktyabrya2010g.tseremoniya-open-foundation-stone-of-the-monument-of-Simon-Bolivar.Venezuelan-President-Hugo-Chavez-300x200.jpg 300w, https:\/\/www.berndbraun.eu\/wp-content\/uploads\/2021\/12\/dreamstime_l_16500381_Russia-Moscow-15oktyabrya2010g.tseremoniya-open-foundation-stone-of-the-monument-of-Simon-Bolivar.Venezuelan-President-Hugo-Chavez-768x512.jpg 768w, https:\/\/www.berndbraun.eu\/wp-content\/uploads\/2021\/12\/dreamstime_l_16500381_Russia-Moscow-15oktyabrya2010g.tseremoniya-open-foundation-stone-of-the-monument-of-Simon-Bolivar.Venezuelan-President-Hugo-Chavez-1536x1024.jpg 1536w, https:\/\/www.berndbraun.eu\/wp-content\/uploads\/2021\/12\/dreamstime_l_16500381_Russia-Moscow-15oktyabrya2010g.tseremoniya-open-foundation-stone-of-the-monument-of-Simon-Bolivar.Venezuelan-President-Hugo-Chavez-2048x1365.jpg 2048w, https:\/\/www.berndbraun.eu\/wp-content\/uploads\/2021\/12\/dreamstime_l_16500381_Russia-Moscow-15oktyabrya2010g.tseremoniya-open-foundation-stone-of-the-monument-of-Simon-Bolivar.Venezuelan-President-Hugo-Chavez-18x12.jpg 18w, https:\/\/www.berndbraun.eu\/wp-content\/uploads\/2021\/12\/dreamstime_l_16500381_Russia-Moscow-15oktyabrya2010g.tseremoniya-open-foundation-stone-of-the-monument-of-Simon-Bolivar.Venezuelan-President-Hugo-Chavez-scaled.jpg 2560w\" sizes=\"auto, (max-width: 1024px) 100vw, 1024px\" \/><figcaption>Hugo Chavez<\/figcaption><\/figure>\n<\/figure>\n\n\n\n<div style=\"height:50px\" aria-hidden=\"true\" class=\"wp-block-spacer\"><\/div>\n\n\n\n<h2 class=\"has-medium-font-size wp-block-heading\" id=\"h-1-l-ideologie-comme-base-d-actions-des-deux-protagonistes\"> <strong>1. L'ID\u00c9OLOGIE COMME BASE D'ACTIONS DES DEUX PROTAGONISTES ? <\/strong><\/h2>\n\n\n\n<p>En premier lieu et du point de vue du cadre th\u00e9orique, la caract\u00e9ristique principale de l'\u00c9tat, qui domine le syst\u00e8me international, est la capacit\u00e9 de menacer l'existence d'un autre \u00c9tat. Par cons\u00e9quent, les \u00c9tats plus faibles doivent former des alliances pour r\u00e9sister face aux puissances sup\u00e9rieures. Selon la th\u00e9orie de l'\u00e9quilibre des puissances, ces alliances dans un syst\u00e8me multipolaire ne sont pas fond\u00e9es sur des valeurs partag\u00e9es, elles sont \u00e9rig\u00e9es dans le but de contrebalancer la puissance dominante.<\/p>\n\n\n\n<p>[...]<\/p>\n\n\n\n<p>Le th\u00e8me des alliances g\u00e9opolitiques, strat\u00e9giques en Am\u00e9rique latine est illustr\u00e9 par les nombreux changements qu'apporte Chavez apr\u00e8s son \u00e9lection en 1998. En effet, ce dernier va saisir toutes les opportunit\u00e9s qui s'offrent au Venezuela de contrebalancer l\u2019influence \u00e9tasunienne en Am\u00e9rique-du-Sud, mais \u00e9galement \u00e0 l'\u00e9chelle internationale. La d\u00e9termination du nouveau pr\u00e9sident v\u00e9n\u00e9zu\u00e9lien est motiv\u00e9e par les id\u00e9es de la R\u00e9volution bolivarienne \u2013 de Simon Bolivar, acteur majeur quoique contrast\u00e9 de l\u2019ind\u00e9pendance des colonies du Nord du continent sud-am\u00e9ricain. Cette id\u00e9ologie dont les principes fondateurs sont ceux du \u00ab&nbsp;socialisme du XIX<sup>\u00e8me<\/sup> si\u00e8cle&nbsp;\u00bb, anti-capitaliste et donc anti-am\u00e9ricain, a pour programme d'\u00e9change la \u00ab&nbsp;p\u00e9tro-diplomatie&nbsp;\u00bb, savoir l'\u00e9dification d'alliances par le biais de contrats d'exploitations du p\u00e9trole v\u00e9n\u00e9zu\u00e9lien par des compagnies \u00e9trang\u00e8res. Convaincu de l'opposition \u00e9tasunienne \u00e0 la \u00ab&nbsp;R\u00e9volution bolivarienne&nbsp;\u00bb, Chavez met en place une politique de transformation de l'ordre \u00e9tabli par les gouvernances globales, tel que nous le connaissons encore de nos jours&nbsp;; il s'agit du monde multipolaire. Cet objectif du pr\u00e9sident passe par la confrontation du n\u00e9o-lib\u00e9ralisme \u00e9conomique et de la globalisation, moyen de parvenir, <em>in fine<\/em>, \u00e0 des actions allant \u00e0 l'encontre des int\u00e9r\u00eats am\u00e9ricains.<\/p>\n\n\n\n<p>[...]<\/p>\n\n\n\n<p>Le Br\u00e9sil, quant \u00e0 lui, poursuivit une politique pragmatique, mod\u00e9r\u00e9e, cependant d\u00e9termin\u00e9e \u00e0 instaurer un monde multipolaire dans lequel les \u00c9tats-Unis sont un alli\u00e9 comme un autre. Ce point est crucial puisqu\u2019il marque la rupture id\u00e9ologique entre le chavisme anti-am\u00e9ricain et la position br\u00e9silienne. En effet, Lula, Pr\u00e9sident ouvrier du Br\u00e9sil de l\u2019\u00e9poque est anti-lib\u00e9ral, fondateur du Parti des Travailleurs, sans lien avec les communistes ou avec les socio-d\u00e9mocrates, dont le programme est tout entier orient\u00e9 vers le combat contre la superpuissance et l\u2019h\u00e9g\u00e9monie du mod\u00e8le \u00e9conomique dominant sur la plan\u00e8te. La vision de Lula da Silva est davantage fond\u00e9e sur les coop\u00e9rations entre les pays oppos\u00e9s \u00e0 la domination de l\u2019ordre \u00e9tabli, que sur une lutte doctrinale et id\u00e9ologique telle que celle propos\u00e9e par Chavez. Le propos de Lula sera de tisser des liens diplomatiques et commerciaux normaux avec Washington. Cette volont\u00e9 d\u2019apaisement va perdurer sera maintenue par l\u2019administration Rousseff.<\/p>\n\n\n\n<div style=\"height:50px\" aria-hidden=\"true\" class=\"wp-block-spacer\"><\/div>\n\n\n\n<h2 class=\"has-medium-font-size wp-block-heading\" id=\"h-2-l-utilisation-des-ressources-geo-economiques-pour-la-construction-du-monde-multipolaire-1\"><strong>2. L'UTILISATION DES RESSOURCES G\u00c9O-\u00c9CONOMIQUES POUR LA CONSTRUCTION DU MONDE MULTIPOLAIRE<\/strong><\/h2>\n\n\n\n<div style=\"height:40px\" aria-hidden=\"true\" class=\"wp-block-spacer\"><\/div>\n\n\n\n<h2 class=\"has-medium-font-size wp-block-heading\" id=\"h-3-le-role-des-structures-institutionnelles-1\"><strong>3. LE R\u00d4LE DES STRUCTURES INSTITUTIONNELLES<\/strong><\/h2>\n\n\n\n<div style=\"height:40px\" aria-hidden=\"true\" class=\"wp-block-spacer\"><\/div>\n\n\n\n<h2 class=\"has-medium-font-size wp-block-heading\" id=\"h-4-la-diplomatie-comme-outil-pour-atteindre-le-monde-multipolaire-1\"><strong>4. LA DIPLOMATIE COMME OUTIL POUR ATTEINDRE LE MONDE MULTIPOLAIRE<\/strong><\/h2>\n\n\n\n<div style=\"height:70px\" aria-hidden=\"true\" class=\"wp-block-spacer\"><\/div>\n\n\n\n<h2 class=\"has-medium-font-size wp-block-heading\" id=\"h-conclusion-1\"><strong>CONCLUSION<\/strong><\/h2>\n\n\n\n<p>Le manque de moyens n\u00e9cessaires \u00e0 la transformation du syst\u00e8me international en vue de mettre fin \u00e0 la domination des \u00c9tats-Unis, am\u00e8ne le Venezuela et le Br\u00e9sil &nbsp;\u00e0 pratiquer contre ces derniers la politique de \u00ab soft balancing \u00bb. Cette forme plus \u00ab douce \u00bb du traditionnel \u00ab power balancing \u00bb cherche \u00e0 augmenter les co\u00fbts pour la superpuissance \u00e0 travers une s\u00e9rie d'actions diplomatiques. Pour le Venezuela, comme pr\u00e9sent\u00e9 au cours de cette analyse, cela se traduisit par une opposition syst\u00e9matique \u00e0 toute forme de coop\u00e9ration (dans le domaine des narcotiques, par exemple), par la cr\u00e9ation d\u2019alliances avec des pays id\u00e9ologiquement proches (Bi\u00e9lorussie, Cuba, Iran), &nbsp;par la mise en place d\u2019obstacles dans les forums internationaux (organisation parall\u00e8le de sommets anti-am\u00e9ricains), par la formulation de contre-propositions (la mise en place de l'ALBA) et par le jeu des tensions diplomatiques (n\u00e9gociations avec la Russie sur le d\u00e9ploiement de missiles sur le territoire du Venezuela par exemple). Toutes les actions du Venezuela \u00e9taient guid\u00e9es par l\u2019id\u00e9ologie r\u00e9volutionnaire bolivarienne. En ce qui concerne le Br\u00e9sil, sa vision de la construction du monde multipolaire \u00e9tait effectivement diff\u00e9rente. Il ne fondait pas le principe politique international de \u00ab soft balancing \u00bb sur un syst\u00e8me id\u00e9ologique. En poursuivant ses int\u00e9r\u00eats par pragmatisme, le Br\u00e9sil savait qu'il ne pouvait exclure de ses strat\u00e9gies son puissant voisin nord-am\u00e9ricain. Par cons\u00e9quent, il utilisa divers outils \u00e9conomiques, institutionnels et diplomatiques dans le but de r\u00e9former les r\u00e8gles de l'ordre \u00e9tabli. Ainsi, le Br\u00e9sil ne contesta aucunement les fondements de ce syst\u00e8me international, tels que le libre march\u00e9 ou la d\u00e9mocratie, sur lesquels il a notamment d\u00e9velopp\u00e9 sa puissance. Son approche consiste en un d\u00e9veloppement de partenariats multilat\u00e9raux avec tous les acteurs composant la sc\u00e8ne internationale. Reste \u00e0 savoir, si les visions d'un nouvel ordre mondial selon le Pr\u00e9sident Lula et le Pr\u00e9sident Ch\u00e1vez trouveront une continuit\u00e9 dans les politiques de Dilma Rousseff et celles de Nicol\u00e1s Maduro.<\/p>\n\n\n\n<div style=\"height:40px\" aria-hidden=\"true\" class=\"wp-block-spacer\"><\/div>\n\n\n\n<p class=\"has-text-align-center has-cyan-bluish-gray-color has-text-color has-small-font-size\">\u00a9 2021 Tous droits r\u00e9serv\u00e9s par BRAUN<\/p>\n","protected":false},"excerpt":{"rendered":"<p>INTRODUCTION 1. L'ID\u00c9OLOGIE COMME BASE D'ACTIONS POUR CES DEUX PROTAGONISTES ? 2. L'UTILISATION DES RESSOURCES G\u00c9O-\u00c9CONOMIQUES POUR LA CONSTRUCTION DU MONDE MULTIPOLAIRE 3. LE R\u00d4LE DES STRUCTURES INSTITUTIONNELLES 4. LA DIPLOMATIE COMME OUTIL POUR ATTEINDRE LE MONDE MULTIPOLAIRE CONCLUSION INTRODUCTION Le Br\u00e9sil et le Venezuela sont deux puissances r\u00e9gionales sud-am\u00e9ricaines, quoique poss\u00e9dant des caract\u00e9ristiques diff\u00e9rentes. [&hellip;]<\/p>\n","protected":false},"author":3,"featured_media":588,"comment_status":"open","ping_status":"open","sticky":false,"template":"","format":"standard","meta":{"footnotes":""},"categories":[5],"tags":[],"type-darticle":[21],"class_list":["post-122","post","type-post","status-publish","format-standard","has-post-thumbnail","hentry","category-politics","type-darticle-analyse"],"yoast_head":"<!-- This site is optimized with the Yoast SEO Premium plugin v21.4 (Yoast SEO v27.2) - https:\/\/yoast.com\/product\/yoast-seo-premium-wordpress\/ -->\n<title>Bernd Braun - Le Br\u00e9sil et le Venezuela, deux puissances contestatrices de l&#039;Ordre mondial<\/title>\n<meta name=\"robots\" content=\"index, follow, max-snippet:-1, max-image-preview:large, max-video-preview:-1\" \/>\n<link rel=\"canonical\" href=\"https:\/\/www.berndbraun.eu\/de\/le-bresil-et-le-venezuela-deux-puissances-contestatrices-de-lordre-mondial\/\" \/>\n<meta property=\"og:locale\" content=\"de_DE\" \/>\n<meta property=\"og:type\" content=\"article\" \/>\n<meta property=\"og:title\" content=\"Le Br\u00e9sil et le Venezuela, deux puissances contestatrices de l&#039;Ordre mondial\" \/>\n<meta property=\"og:description\" content=\"INTRODUCTION 1. L&#039;ID\u00c9OLOGIE COMME BASE D&#039;ACTIONS POUR CES DEUX PROTAGONISTES ? 2. L&#039;UTILISATION DES RESSOURCES G\u00c9O-\u00c9CONOMIQUES POUR LA CONSTRUCTION DU MONDE MULTIPOLAIRE 3. LE R\u00d4LE DES STRUCTURES INSTITUTIONNELLES 4. LA DIPLOMATIE COMME OUTIL POUR ATTEINDRE LE MONDE MULTIPOLAIRE CONCLUSION INTRODUCTION Le Br\u00e9sil et le Venezuela sont deux puissances r\u00e9gionales sud-am\u00e9ricaines, quoique poss\u00e9dant des caract\u00e9ristiques diff\u00e9rentes. [&hellip;]\" \/>\n<meta property=\"og:url\" content=\"https:\/\/www.berndbraun.eu\/de\/le-bresil-et-le-venezuela-deux-puissances-contestatrices-de-lordre-mondial\/\" \/>\n<meta property=\"og:site_name\" content=\"Bernd Braun\" \/>\n<meta property=\"article:published_time\" content=\"2013-12-06T22:07:21+00:00\" \/>\n<meta property=\"article:modified_time\" content=\"2022-02-22T19:35:57+00:00\" \/>\n<meta property=\"og:image\" content=\"https:\/\/www.berndbraun.eu\/wp-content\/uploads\/2021\/12\/AdobeStock_262085450-scaled.jpeg\" \/>\n\t<meta property=\"og:image:width\" content=\"2560\" \/>\n\t<meta property=\"og:image:height\" content=\"1433\" \/>\n\t<meta property=\"og:image:type\" content=\"image\/jpeg\" \/>\n<meta name=\"author\" content=\"Bernd\" \/>\n<meta name=\"twitter:card\" content=\"summary_large_image\" \/>\n<meta name=\"twitter:label1\" content=\"Verfasst von\" \/>\n\t<meta name=\"twitter:data1\" content=\"Bernd\" \/>\n\t<meta name=\"twitter:label2\" content=\"Gesch\u00e4tzte Lesezeit\" \/>\n\t<meta name=\"twitter:data2\" content=\"6\u00a0Minuten\" \/>\n<script type=\"application\/ld+json\" class=\"yoast-schema-graph\">{\"@context\":\"https:\/\/schema.org\",\"@graph\":[{\"@type\":\"Article\",\"@id\":\"https:\/\/www.berndbraun.eu\/le-bresil-et-le-venezuela-deux-puissances-contestatrices-de-lordre-mondial\/#article\",\"isPartOf\":{\"@id\":\"https:\/\/www.berndbraun.eu\/le-bresil-et-le-venezuela-deux-puissances-contestatrices-de-lordre-mondial\/\"},\"author\":{\"name\":\"Bernd\",\"@id\":\"https:\/\/www.berndbraun.eu\/#\/schema\/person\/a64c4c08b6a8c9f8fe9be655928070ca\"},\"headline\":\"Le Br\u00e9sil et le Venezuela, deux puissances contestatrices de l'Ordre mondial\",\"datePublished\":\"2013-12-06T22:07:21+00:00\",\"dateModified\":\"2022-02-22T19:35:57+00:00\",\"mainEntityOfPage\":{\"@id\":\"https:\/\/www.berndbraun.eu\/le-bresil-et-le-venezuela-deux-puissances-contestatrices-de-lordre-mondial\/\"},\"wordCount\":1256,\"commentCount\":0,\"image\":{\"@id\":\"https:\/\/www.berndbraun.eu\/le-bresil-et-le-venezuela-deux-puissances-contestatrices-de-lordre-mondial\/#primaryimage\"},\"thumbnailUrl\":\"https:\/\/www.berndbraun.eu\/wp-content\/uploads\/2021\/12\/AdobeStock_262085450-scaled.jpeg\",\"articleSection\":[\"Politics\"],\"inLanguage\":\"de\",\"potentialAction\":[{\"@type\":\"CommentAction\",\"name\":\"Comment\",\"target\":[\"https:\/\/www.berndbraun.eu\/le-bresil-et-le-venezuela-deux-puissances-contestatrices-de-lordre-mondial\/#respond\"]}]},{\"@type\":\"WebPage\",\"@id\":\"https:\/\/www.berndbraun.eu\/le-bresil-et-le-venezuela-deux-puissances-contestatrices-de-lordre-mondial\/\",\"url\":\"https:\/\/www.berndbraun.eu\/le-bresil-et-le-venezuela-deux-puissances-contestatrices-de-lordre-mondial\/\",\"name\":\"Bernd Braun - Le Br\u00e9sil et le Venezuela, deux puissances contestatrices de l'Ordre mondial\",\"isPartOf\":{\"@id\":\"https:\/\/www.berndbraun.eu\/#website\"},\"primaryImageOfPage\":{\"@id\":\"https:\/\/www.berndbraun.eu\/le-bresil-et-le-venezuela-deux-puissances-contestatrices-de-lordre-mondial\/#primaryimage\"},\"image\":{\"@id\":\"https:\/\/www.berndbraun.eu\/le-bresil-et-le-venezuela-deux-puissances-contestatrices-de-lordre-mondial\/#primaryimage\"},\"thumbnailUrl\":\"https:\/\/www.berndbraun.eu\/wp-content\/uploads\/2021\/12\/AdobeStock_262085450-scaled.jpeg\",\"datePublished\":\"2013-12-06T22:07:21+00:00\",\"dateModified\":\"2022-02-22T19:35:57+00:00\",\"author\":{\"@id\":\"https:\/\/www.berndbraun.eu\/#\/schema\/person\/a64c4c08b6a8c9f8fe9be655928070ca\"},\"breadcrumb\":{\"@id\":\"https:\/\/www.berndbraun.eu\/le-bresil-et-le-venezuela-deux-puissances-contestatrices-de-lordre-mondial\/#breadcrumb\"},\"inLanguage\":\"de\",\"potentialAction\":[{\"@type\":\"ReadAction\",\"target\":[\"https:\/\/www.berndbraun.eu\/le-bresil-et-le-venezuela-deux-puissances-contestatrices-de-lordre-mondial\/\"]}]},{\"@type\":\"ImageObject\",\"inLanguage\":\"de\",\"@id\":\"https:\/\/www.berndbraun.eu\/le-bresil-et-le-venezuela-deux-puissances-contestatrices-de-lordre-mondial\/#primaryimage\",\"url\":\"https:\/\/www.berndbraun.eu\/wp-content\/uploads\/2021\/12\/AdobeStock_262085450-scaled.jpeg\",\"contentUrl\":\"https:\/\/www.berndbraun.eu\/wp-content\/uploads\/2021\/12\/AdobeStock_262085450-scaled.jpeg\",\"width\":2560,\"height\":1433,\"caption\":\"Venezuela and Brazil flags together textile cloth, fabric texture\"},{\"@type\":\"BreadcrumbList\",\"@id\":\"https:\/\/www.berndbraun.eu\/le-bresil-et-le-venezuela-deux-puissances-contestatrices-de-lordre-mondial\/#breadcrumb\",\"itemListElement\":[{\"@type\":\"ListItem\",\"position\":1,\"name\":\"Accueil\",\"item\":\"https:\/\/www.berndbraun.eu\/\"},{\"@type\":\"ListItem\",\"position\":2,\"name\":\"Le Br\u00e9sil et le Venezuela, deux puissances contestatrices de l'Ordre mondial\"}]},{\"@type\":\"WebSite\",\"@id\":\"https:\/\/www.berndbraun.eu\/#website\",\"url\":\"https:\/\/www.berndbraun.eu\/\",\"name\":\"Bernd Braun\",\"description\":\"\",\"potentialAction\":[{\"@type\":\"SearchAction\",\"target\":{\"@type\":\"EntryPoint\",\"urlTemplate\":\"https:\/\/www.berndbraun.eu\/?s={search_term_string}\"},\"query-input\":{\"@type\":\"PropertyValueSpecification\",\"valueRequired\":true,\"valueName\":\"search_term_string\"}}],\"inLanguage\":\"de\"},{\"@type\":\"Person\",\"@id\":\"https:\/\/www.berndbraun.eu\/#\/schema\/person\/a64c4c08b6a8c9f8fe9be655928070ca\",\"name\":\"Bernd\",\"image\":{\"@type\":\"ImageObject\",\"inLanguage\":\"de\",\"@id\":\"https:\/\/secure.gravatar.com\/avatar\/e51d7b18a7c2fb10dd367a4bab68ef5a6d1736ae3537a0fd211df170b00b15af?s=96&d=mm&r=g\",\"url\":\"https:\/\/secure.gravatar.com\/avatar\/e51d7b18a7c2fb10dd367a4bab68ef5a6d1736ae3537a0fd211df170b00b15af?s=96&d=mm&r=g\",\"contentUrl\":\"https:\/\/secure.gravatar.com\/avatar\/e51d7b18a7c2fb10dd367a4bab68ef5a6d1736ae3537a0fd211df170b00b15af?s=96&d=mm&r=g\",\"caption\":\"Bernd\"},\"url\":\"https:\/\/www.berndbraun.eu\/de\/author\/bernd\/\"}]}<\/script>\n<!-- \/ Yoast SEO Premium plugin. -->","yoast_head_json":{"title":"Bernd Braun - Brasilien und Venezuela, zwei Protestm\u00e4chte gegen die Weltordnung","robots":{"index":"index","follow":"follow","max-snippet":"max-snippet:-1","max-image-preview":"max-image-preview:large","max-video-preview":"max-video-preview:-1"},"canonical":"https:\/\/www.berndbraun.eu\/de\/le-bresil-et-le-venezuela-deux-puissances-contestatrices-de-lordre-mondial\/","og_locale":"de_DE","og_type":"article","og_title":"Le Br\u00e9sil et le Venezuela, deux puissances contestatrices de l'Ordre mondial","og_description":"INTRODUCTION 1. L'ID\u00c9OLOGIE COMME BASE D'ACTIONS POUR CES DEUX PROTAGONISTES ? 2. L'UTILISATION DES RESSOURCES G\u00c9O-\u00c9CONOMIQUES POUR LA CONSTRUCTION DU MONDE MULTIPOLAIRE 3. LE R\u00d4LE DES STRUCTURES INSTITUTIONNELLES 4. LA DIPLOMATIE COMME OUTIL POUR ATTEINDRE LE MONDE MULTIPOLAIRE CONCLUSION INTRODUCTION Le Br\u00e9sil et le Venezuela sont deux puissances r\u00e9gionales sud-am\u00e9ricaines, quoique poss\u00e9dant des caract\u00e9ristiques diff\u00e9rentes. [&hellip;]","og_url":"https:\/\/www.berndbraun.eu\/de\/le-bresil-et-le-venezuela-deux-puissances-contestatrices-de-lordre-mondial\/","og_site_name":"Bernd Braun","article_published_time":"2013-12-06T22:07:21+00:00","article_modified_time":"2022-02-22T19:35:57+00:00","og_image":[{"width":2560,"height":1433,"url":"https:\/\/www.berndbraun.eu\/wp-content\/uploads\/2021\/12\/AdobeStock_262085450-scaled.jpeg","type":"image\/jpeg"}],"author":"Bernd","twitter_card":"summary_large_image","twitter_misc":{"Verfasst von":"Bernd","Gesch\u00e4tzte Lesezeit":"6\u00a0Minuten"},"schema":{"@context":"https:\/\/schema.org","@graph":[{"@type":"Article","@id":"https:\/\/www.berndbraun.eu\/le-bresil-et-le-venezuela-deux-puissances-contestatrices-de-lordre-mondial\/#article","isPartOf":{"@id":"https:\/\/www.berndbraun.eu\/le-bresil-et-le-venezuela-deux-puissances-contestatrices-de-lordre-mondial\/"},"author":{"name":"Bernd","@id":"https:\/\/www.berndbraun.eu\/#\/schema\/person\/a64c4c08b6a8c9f8fe9be655928070ca"},"headline":"Le Br\u00e9sil et le Venezuela, deux puissances contestatrices de l'Ordre mondial","datePublished":"2013-12-06T22:07:21+00:00","dateModified":"2022-02-22T19:35:57+00:00","mainEntityOfPage":{"@id":"https:\/\/www.berndbraun.eu\/le-bresil-et-le-venezuela-deux-puissances-contestatrices-de-lordre-mondial\/"},"wordCount":1256,"commentCount":0,"image":{"@id":"https:\/\/www.berndbraun.eu\/le-bresil-et-le-venezuela-deux-puissances-contestatrices-de-lordre-mondial\/#primaryimage"},"thumbnailUrl":"https:\/\/www.berndbraun.eu\/wp-content\/uploads\/2021\/12\/AdobeStock_262085450-scaled.jpeg","articleSection":["Politics"],"inLanguage":"de","potentialAction":[{"@type":"CommentAction","name":"Comment","target":["https:\/\/www.berndbraun.eu\/le-bresil-et-le-venezuela-deux-puissances-contestatrices-de-lordre-mondial\/#respond"]}]},{"@type":"WebPage","@id":"https:\/\/www.berndbraun.eu\/le-bresil-et-le-venezuela-deux-puissances-contestatrices-de-lordre-mondial\/","url":"https:\/\/www.berndbraun.eu\/le-bresil-et-le-venezuela-deux-puissances-contestatrices-de-lordre-mondial\/","name":"Bernd Braun - Brasilien und Venezuela, zwei Protestm\u00e4chte gegen die Weltordnung","isPartOf":{"@id":"https:\/\/www.berndbraun.eu\/#website"},"primaryImageOfPage":{"@id":"https:\/\/www.berndbraun.eu\/le-bresil-et-le-venezuela-deux-puissances-contestatrices-de-lordre-mondial\/#primaryimage"},"image":{"@id":"https:\/\/www.berndbraun.eu\/le-bresil-et-le-venezuela-deux-puissances-contestatrices-de-lordre-mondial\/#primaryimage"},"thumbnailUrl":"https:\/\/www.berndbraun.eu\/wp-content\/uploads\/2021\/12\/AdobeStock_262085450-scaled.jpeg","datePublished":"2013-12-06T22:07:21+00:00","dateModified":"2022-02-22T19:35:57+00:00","author":{"@id":"https:\/\/www.berndbraun.eu\/#\/schema\/person\/a64c4c08b6a8c9f8fe9be655928070ca"},"breadcrumb":{"@id":"https:\/\/www.berndbraun.eu\/le-bresil-et-le-venezuela-deux-puissances-contestatrices-de-lordre-mondial\/#breadcrumb"},"inLanguage":"de","potentialAction":[{"@type":"ReadAction","target":["https:\/\/www.berndbraun.eu\/le-bresil-et-le-venezuela-deux-puissances-contestatrices-de-lordre-mondial\/"]}]},{"@type":"ImageObject","inLanguage":"de","@id":"https:\/\/www.berndbraun.eu\/le-bresil-et-le-venezuela-deux-puissances-contestatrices-de-lordre-mondial\/#primaryimage","url":"https:\/\/www.berndbraun.eu\/wp-content\/uploads\/2021\/12\/AdobeStock_262085450-scaled.jpeg","contentUrl":"https:\/\/www.berndbraun.eu\/wp-content\/uploads\/2021\/12\/AdobeStock_262085450-scaled.jpeg","width":2560,"height":1433,"caption":"Venezuela and Brazil flags together textile cloth, fabric texture"},{"@type":"BreadcrumbList","@id":"https:\/\/www.berndbraun.eu\/le-bresil-et-le-venezuela-deux-puissances-contestatrices-de-lordre-mondial\/#breadcrumb","itemListElement":[{"@type":"ListItem","position":1,"name":"Accueil","item":"https:\/\/www.berndbraun.eu\/"},{"@type":"ListItem","position":2,"name":"Le Br\u00e9sil et le Venezuela, deux puissances contestatrices de l'Ordre mondial"}]},{"@type":"WebSite","@id":"https:\/\/www.berndbraun.eu\/#website","url":"https:\/\/www.berndbraun.eu\/","name":"Bernd Braun","description":"","potentialAction":[{"@type":"SearchAction","target":{"@type":"EntryPoint","urlTemplate":"https:\/\/www.berndbraun.eu\/?s={search_term_string}"},"query-input":{"@type":"PropertyValueSpecification","valueRequired":true,"valueName":"search_term_string"}}],"inLanguage":"de"},{"@type":"Person","@id":"https:\/\/www.berndbraun.eu\/#\/schema\/person\/a64c4c08b6a8c9f8fe9be655928070ca","name":"Bernd","image":{"@type":"ImageObject","inLanguage":"de","@id":"https:\/\/secure.gravatar.com\/avatar\/e51d7b18a7c2fb10dd367a4bab68ef5a6d1736ae3537a0fd211df170b00b15af?s=96&d=mm&r=g","url":"https:\/\/secure.gravatar.com\/avatar\/e51d7b18a7c2fb10dd367a4bab68ef5a6d1736ae3537a0fd211df170b00b15af?s=96&d=mm&r=g","contentUrl":"https:\/\/secure.gravatar.com\/avatar\/e51d7b18a7c2fb10dd367a4bab68ef5a6d1736ae3537a0fd211df170b00b15af?s=96&d=mm&r=g","caption":"Bernd"},"url":"https:\/\/www.berndbraun.eu\/de\/author\/bernd\/"}]}},"_links":{"self":[{"href":"https:\/\/www.berndbraun.eu\/de\/wp-json\/wp\/v2\/posts\/122","targetHints":{"allow":["GET"]}}],"collection":[{"href":"https:\/\/www.berndbraun.eu\/de\/wp-json\/wp\/v2\/posts"}],"about":[{"href":"https:\/\/www.berndbraun.eu\/de\/wp-json\/wp\/v2\/types\/post"}],"author":[{"embeddable":true,"href":"https:\/\/www.berndbraun.eu\/de\/wp-json\/wp\/v2\/users\/3"}],"replies":[{"embeddable":true,"href":"https:\/\/www.berndbraun.eu\/de\/wp-json\/wp\/v2\/comments?post=122"}],"version-history":[{"count":22,"href":"https:\/\/www.berndbraun.eu\/de\/wp-json\/wp\/v2\/posts\/122\/revisions"}],"predecessor-version":[{"id":1039,"href":"https:\/\/www.berndbraun.eu\/de\/wp-json\/wp\/v2\/posts\/122\/revisions\/1039"}],"wp:featuredmedia":[{"embeddable":true,"href":"https:\/\/www.berndbraun.eu\/de\/wp-json\/wp\/v2\/media\/588"}],"wp:attachment":[{"href":"https:\/\/www.berndbraun.eu\/de\/wp-json\/wp\/v2\/media?parent=122"}],"wp:term":[{"taxonomy":"category","embeddable":true,"href":"https:\/\/www.berndbraun.eu\/de\/wp-json\/wp\/v2\/categories?post=122"},{"taxonomy":"post_tag","embeddable":true,"href":"https:\/\/www.berndbraun.eu\/de\/wp-json\/wp\/v2\/tags?post=122"},{"taxonomy":"type-darticle","embeddable":true,"href":"https:\/\/www.berndbraun.eu\/de\/wp-json\/wp\/v2\/type-darticle?post=122"}],"curies":[{"name":"wp","href":"https:\/\/api.w.org\/{rel}","templated":true}]}}