{"id":1383,"date":"2022-09-01T18:01:40","date_gmt":"2022-09-01T16:01:40","guid":{"rendered":"https:\/\/www.berndbraun.eu\/?p=1383"},"modified":"2022-11-17T01:18:24","modified_gmt":"2022-11-16T23:18:24","slug":"the-upcoming-italian-elections-the-players-the-favorites-the-outsiders","status":"publish","type":"post","link":"https:\/\/www.berndbraun.eu\/de\/the-upcoming-italian-elections-the-players-the-favorites-the-outsiders\/","title":{"rendered":"Die anstehenden italienischen Wahlen: die Spieler, die Favoriten, die Au\u00dfenseiter"},"content":{"rendered":"<p>&nbsp;&nbsp;&nbsp;&nbsp;&nbsp;&nbsp;&nbsp;&nbsp;&nbsp;&nbsp;&nbsp; Am 25. September werden die Italiener zu den Wahlurnen gehen, um eine neue Regierung zu w\u00e4hlen, nachdem Mitte des Sommers Schlichtungswahlen anberaumt wurden. Politische Turbulenzen sind in Italien nichts Ungew\u00f6hnliches und selbst Mario Draghi war nicht in der Lage, die unstabile politische Szene Italiens zu \u00fcberleben.<\/p>\n\n\n\n<div style=\"height:1px\" aria-hidden=\"true\" class=\"wp-block-spacer\"><\/div>\n\n\n\n<p class=\"has-white-color has-vivid-red-background-color has-text-color has-background\"><strong>Der Fall von Mario Draghi<\/strong><br><br>&nbsp;&nbsp;&nbsp;&nbsp;&nbsp;&nbsp;&nbsp;&nbsp;&nbsp;&nbsp;&nbsp; Draghi leitete eine nationale Einheitsregierung, die im Wesentlichen aus allen gro\u00dfen Parteien im Parlament bestand, mit Ausnahme von Giorgia Melonis Fratelli d'Italia (ECR). Der Premier verlor seine Mehrheit nach einer Krise, die von der F\u00fcnf-Sterne-Bewegung (NI), dem Anf\u00fchrer Giuseppe Conte, ausgel\u00f6st wurde, nachdem er drohte, die Regierung zu verlassen, wenn nicht mehr F\u00fcnf-Sterne-Politik auf die Tagesordnung gesetzt w\u00fcrde. Anschlie\u00dfend musste Mario Draghi vor dem Parlament \u00fcber die andauernde Krise sprechen. Seine Rede entt\u00e4uschte zwei andere Parteien in der Mehrheit, Forza Italia (EPP) und Lega (ID), die sich \u00fcber einige Passagen in Draghis Rede beschwerten. Lega und Forza Italia schlugen daraufhin vor, mit Draghi als Regierungschef weiterzumachen, forderten aber im Gegenzug die Zusicherung, dass die F\u00fcnf Sterne nicht in die neue Mehrheit aufgenommen werden w\u00fcrden. Es wurde keine Einigung erzielt und als Folge dessen fiel die Regierung schlie\u00dflich.<\/p>\n\n\n\n<p><br><strong>The players<\/strong><br><br>&nbsp;&nbsp;&nbsp;&nbsp;&nbsp;&nbsp;&nbsp;&nbsp;&nbsp;&nbsp;&nbsp; Nach dem Sturz Draghis versuchten die Parteien, B\u00fcndnisse und Koalitionen f\u00fcr die bevorstehenden Wahlen zu bilden. Zwei liberale Parteien (Azione und +Europa, Renew Europe) und die Sozialisten (PD + Minderheitsparteien, S&amp;D) waren sehr nahe daran, eine Koalition zu bilden, um eine Chance zu haben, den Mitte-Rechts-Block herauszufordern, und unterzeichneten sogar ein offizielles Abkommen, um eine gemeinsame Koalition zu pr\u00e4sentieren. Kurz darauf brachen die Liberalen von Azione, angef\u00fchrt von Carlo Calenda, die Koalition ab, w\u00e4hrend +Europa beschloss, zu bleiben. Nach diesem Split gr\u00fcndete Azione ein B\u00fcndnis mit Italia Viva (RE), der Partei des ehemaligen Premierministers Matteo Renzi.<br><br>&nbsp;&nbsp;&nbsp;&nbsp;&nbsp;&nbsp;&nbsp;&nbsp;&nbsp;&nbsp;&nbsp; PD (S&amp;D) entschied sich sp\u00e4ter, einige kleinere weit links stehende Parteien in ihre Koalition aufzunehmen, wodurch sie sich noch weiter links positionierte und es f\u00fcr die liberale Koalition einfacher machte, ihre Stimmen aus der Mitte\/Moderate zu holen. Die PD pr\u00e4sentierte den W\u00e4hlern ein Programm, das sich auf drei \"S\u00e4ulen\" konzentrierte: Nachhaltige Entwicklung und \u00f6kologischer und digitaler \u00dcbergang; Jobs, Wissen und soziale Gerechtigkeit; Rechte und B\u00fcrgerrechte.<br><br>&nbsp;&nbsp;&nbsp;&nbsp;&nbsp;&nbsp;&nbsp;&nbsp;&nbsp;&nbsp;&nbsp; Eine der Minderheitsparteien, die in das sozialistische B\u00fcndnis aufgenommen wurden, hei\u00dft \"Sinistra Italiana\", angef\u00fchrt von Nicola Fratoianni, der f\u00fcr seine weit hergeholten Positionen zu Wirtschaftsfragen und seine skeptischen Ansichten zur NATO bekannt ist (er war gegen den Beitritt Finnlands und Schwedens nach der russischen Invasion). Die Einbeziehung von Sinistra Italiana in die Koalition f\u00fchrte zu Kritik von allen Seiten an der PD und ihrem Sekret\u00e4r Enrico Letta. Sinistra Italiana setzte sich w\u00e4hrend der Draghi-Regierung auf die Oppositionspl\u00e4tze.<\/p>\n\n\n\n<p><\/p>\n\n\n<div class=\"wp-block-image\">\n<figure class=\"aligncenter size-large is-resized\"><img loading=\"lazy\" decoding=\"async\" src=\"https:\/\/www.berndbraun.eu\/wp-content\/uploads\/2022\/08\/POLL-29-agosto-1024x580.png\" alt=\"\" class=\"wp-image-1398\" width=\"900\" height=\"435\"\/><figcaption class=\"wp-element-caption\"><br>Umfrage am August 29th<\/figcaption><\/figure>\n<\/div>\n\n\n<p>&nbsp;&nbsp;&nbsp;&nbsp;&nbsp;&nbsp;&nbsp;&nbsp;&nbsp;&nbsp;&nbsp; Luigi di Maio, der scheidende Au\u00dfenminister, verlie\u00df die 5-Sterne-Bewegung bereits vor der politischen Krise, die zum Zusammenbruch der Draghi-Regierung f\u00fchrte, nachdem er mit Giuseppe Conte \u00fcber die Haltung der Partei zum russisch-ukrainischen Konflikt uneins war. Tens of 5 Stars Parlamentsmitglieder folgten Di Maio und verlie\u00dfen die Bewegung. Di Maio gr\u00fcndete daraufhin eine politische Liste mit dem Namen \"Impegno Civico\", die zusammen mit der von der PD gef\u00fchrten Mitte-Links-Koalition laufen sollte.<br><br>&nbsp;&nbsp;&nbsp;&nbsp;&nbsp;&nbsp;&nbsp;&nbsp;&nbsp;&nbsp;&nbsp; In der Zwischenzeit best\u00e4tigte Giuseppe Conte, dass die F\u00fcnf-Sterne-Bewegung bei den Wahlen 2022 alleine antreten wird.<br><br>&nbsp;&nbsp;&nbsp;&nbsp;&nbsp;&nbsp;&nbsp;&nbsp;&nbsp;&nbsp;&nbsp; Dies ist das beste Szenario f\u00fcr die Mitte-Rechts-Koalition, die sich aus Giorgia Melonis Fratelli D'Italia, Matteo Salvinis Lega, Silvio Berlusconis Forza Italia (EPP) und der zentristischen Liste Noi Moderati (EPP) zusammensetzt. Die Koalition bewegt sich konstant um 48%, und mit dem aktuellen Wahlrecht wird erwartet, dass die Mitte-Rechts-Koalition eine Mehrheit in beiden Kammern, Camera und Senato, gewinnen wird. Die Mitte-Rechts-Koalition hat ein internes Abkommen dar\u00fcber, welche Partei den Namen ausw\u00e4hlt, der dem Pr\u00e4sidenten vorgeschlagen werden soll, um die Regierung zu f\u00fchren. Die Partei mit der h\u00f6chsten Stimmenzahl wird den Namen w\u00e4hlen. Bei den heutigen Prozents\u00e4tzen sollte Fratelli d'Italia die Partei sein, die den zuk\u00fcnftigen Premierminister nominiert und Giorgia Meloni wird wahrscheinlich die Kandidatin sein.<\/p>\n\n\n\n<figure class=\"wp-block-gallery has-nested-images columns-default is-cropped wp-block-gallery-1 is-layout-flex wp-block-gallery-is-layout-flex\">\n<figure class=\"wp-block-image size-large\"><img loading=\"lazy\" decoding=\"async\" width=\"800\" height=\"533\" data-id=\"1393\" src=\"https:\/\/www.berndbraun.eu\/wp-content\/uploads\/2022\/08\/dreamstime_s_40354951_comp.jpg\" alt=\"\" class=\"wp-image-1393\" srcset=\"https:\/\/www.berndbraun.eu\/wp-content\/uploads\/2022\/08\/dreamstime_s_40354951_comp.jpg 800w, https:\/\/www.berndbraun.eu\/wp-content\/uploads\/2022\/08\/dreamstime_s_40354951_comp-300x200.jpg 300w, https:\/\/www.berndbraun.eu\/wp-content\/uploads\/2022\/08\/dreamstime_s_40354951_comp-768x512.jpg 768w, https:\/\/www.berndbraun.eu\/wp-content\/uploads\/2022\/08\/dreamstime_s_40354951_comp-18x12.jpg 18w\" sizes=\"auto, (max-width: 800px) 100vw, 800px\" \/><figcaption class=\"wp-element-caption\"><a href=\"https:\/\/www.dreamstime.com\/photos-images\/giorgia-meloni.html\">Giorgia Meloni<\/a>&nbsp;Lupoalb68<\/figcaption><\/figure>\n\n\n\n<figure class=\"wp-block-image size-large\"><img loading=\"lazy\" decoding=\"async\" width=\"800\" height=\"533\" data-id=\"1394\" src=\"https:\/\/www.berndbraun.eu\/wp-content\/uploads\/2022\/08\/dreamstime_s_199781395_comp.jpg\" alt=\"\" class=\"wp-image-1394\" srcset=\"https:\/\/www.berndbraun.eu\/wp-content\/uploads\/2022\/08\/dreamstime_s_199781395_comp.jpg 800w, https:\/\/www.berndbraun.eu\/wp-content\/uploads\/2022\/08\/dreamstime_s_199781395_comp-300x200.jpg 300w, https:\/\/www.berndbraun.eu\/wp-content\/uploads\/2022\/08\/dreamstime_s_199781395_comp-768x512.jpg 768w, https:\/\/www.berndbraun.eu\/wp-content\/uploads\/2022\/08\/dreamstime_s_199781395_comp-18x12.jpg 18w\" sizes=\"auto, (max-width: 800px) 100vw, 800px\" \/><figcaption class=\"wp-element-caption\"><a href=\"https:\/\/www.dreamstime.com\/photos-images\/giorgia-meloni.html\">Giorgia Meloni<\/a>&nbsp;Vincenzo Izzo<\/figcaption><\/figure>\n<\/figure>\n\n\n\n<p>&nbsp;&nbsp;&nbsp;&nbsp;&nbsp;&nbsp;&nbsp;&nbsp;&nbsp;&nbsp;&nbsp; <\/p>\n\n\n\n<p><strong>The favorites<\/strong><br><br>&nbsp;&nbsp;&nbsp;&nbsp;&nbsp;&nbsp;&nbsp;&nbsp;&nbsp;&nbsp;&nbsp; Dies ist die erste Chance seit Jahren, dass die Mitte-Rechts-Partei nach ihrer letzten Regierung, die bis zu ihrem Zusammenbruch im Jahr 2011 von Silvio Berlusconi gef\u00fchrt wurde, wieder an die Macht kommt. Elf Jahre sp\u00e4ter ist Berlusconi bereit f\u00fcr sein Comeback in die italienische Politik, nachdem er 2019 zum Mitglied des Europ\u00e4ischen Parlaments gew\u00e4hlt wurde.<br><br>&nbsp;&nbsp;&nbsp;&nbsp;&nbsp;&nbsp;&nbsp;&nbsp;&nbsp;&nbsp;&nbsp; W\u00e4hrend Giorgia Meloni nach der Erststimme strebt, konzentriert sich Matteo Salvini in seiner Lega-Kampagne auf das Thema Sicherheit und seine m\u00f6gliche R\u00fcckkehr als Innenminister. Italien war eines der Hauptziele von illegalen \u00dcberfahrten und Menschenschmugglern \u00fcber das Mittelmeer und im Sommer dieses Jahres stieg die Zahl der Ank\u00f6mmlinge erneut an und erreicht nun die vorst\u00e4dtischen Zahlen.<br><br>&nbsp;&nbsp;&nbsp;&nbsp;&nbsp;&nbsp;&nbsp;&nbsp;&nbsp;&nbsp;&nbsp; Die Mitte-Rechts-Koalition pr\u00e4sentierte ein gemeinsames Wahlprogramm, das aus 15 Punkten besteht. Der erste Punkt betrifft die internationale Positionierung Italiens, das als \"vollst\u00e4ndiger Teil Europas, der Atlantischen Allianz und des Westens\" definiert wird.<br><br>&nbsp;&nbsp;&nbsp;&nbsp;&nbsp;&nbsp;&nbsp;&nbsp;&nbsp;&nbsp;&nbsp; Das Dokument behandelt verschiedene Themen, darunter Steuer- und Justizreformen, die durch die \u00dcberpr\u00fcfung bestimmter Wohlfahrtsfragen, die Bek\u00e4mpfung der illegalen Einwanderung und den Umweltschutz gehen. Das Programm beinhaltet auch eine \"\u00dcberarbeitung des PNRR (Recovery Plan) entsprechend den ver\u00e4nderten Bedingungen, Bed\u00fcrfnissen und Priorit\u00e4ten\" und den Vorschlag einer Verfassungsreform, die zur Direktwahl des Pr\u00e4sidenten der Republik und zur Erh\u00f6hung der regionalen Autonomie f\u00fchren soll.<br><\/p>\n\n\n\n<div style=\"height:9px\" aria-hidden=\"true\" class=\"wp-block-spacer\"><\/div>\n\n\n\n<p class=\"has-white-color has-text-color has-background\" style=\"background-color:#573636\"><strong>The Outsiders<\/strong><br><br>&nbsp;&nbsp;&nbsp;&nbsp;&nbsp;&nbsp;&nbsp;&nbsp;&nbsp;&nbsp;&nbsp; Die liberale Koalition, die von Calendas Azione und Renzis Italia Viva gebildet wird, bewegt sich um 5% (die H\u00fcrde f\u00fcr den Einzug ins Parlament liegt bei 3%) und hat als Hauptzielgruppe die moderat zentristische W\u00e4hlerschaft. Ihr Programm besteht aus progressiven Punkten und pragmatischen Ansichten zu energiepolitischen Fragen wie der Notwendigkeit der Nutzung von Kernenergie, die bis heute in Italien nicht eingesetzt wurde.<br><br>&nbsp;&nbsp;&nbsp;&nbsp;&nbsp;&nbsp;&nbsp;&nbsp;&nbsp;&nbsp;&nbsp; In diesem Punkt konvergiert die liberale Koalition in Richtung der Mitte-Rechten. Die Energiekrise ist eine<br>der Hauptthemen, die in diesem Wahlkampf diskutiert werden und die den meisten italienischen W\u00e4hlern Sorgen bereiten. Die hohen Stromrechnungen fordern bereits Opfer unter den Unternehmen, die Preiserh\u00f6hungen werden auch schwer auf den Haushalten lasten. The center-left coalition and the 5 Stars are strongly against the use of nuclear energy, while the liberal coalition and the center-right are strongly in favor of its use and believe that any environmentally clean tool should be used to fight the energy crisis and move towards the energetic autonomy of Italy.<\/p>\n\n\n\n<div style=\"height:1px\" aria-hidden=\"true\" class=\"wp-block-spacer\"><\/div>\n\n\n\n<p><br><strong>Was nach dem 25. September zu erwarten ist<\/strong><br><br>&nbsp;&nbsp;&nbsp;&nbsp;&nbsp;&nbsp;&nbsp;&nbsp;&nbsp;&nbsp;&nbsp; Die Mitte-Rechts-Partei wird voraussichtlich gewinnen, aber was k\u00f6nnen wir von der neugeborenen Regierung erwarten? Die Konservativen werden sich mit einer der gr\u00f6\u00dften Krisen unserer j\u00fcngsten Geschichte auseinandersetzen m\u00fcssen, dem russisch-ukrainischen Konflikt, \u00fcberh\u00f6hten Gaspreisen und Inflation. Dar\u00fcber hinaus wird Br\u00fcssel ein wachsames Auge auf Italien haben und erwarten, dass es die w\u00e4hrend der Draghi-Regierung gemachten Zusagen einh\u00e4lt. Wie wird die Lage der italienischen Regierung in einem der h\u00e4rtesten Winter seit Jahrzehnten in Europa sein?<\/p>\n\n\n<div class=\"wp-block-image\">\n<figure class=\"aligncenter size-large\"><img loading=\"lazy\" decoding=\"async\" width=\"1024\" height=\"564\" src=\"https:\/\/www.berndbraun.eu\/wp-content\/uploads\/2022\/08\/AdobeStock_16237932_compressed-1024x564.jpeg\" alt=\"\" class=\"wp-image-1387\" srcset=\"https:\/\/www.berndbraun.eu\/wp-content\/uploads\/2022\/08\/AdobeStock_16237932_compressed-1024x564.jpeg 1024w, https:\/\/www.berndbraun.eu\/wp-content\/uploads\/2022\/08\/AdobeStock_16237932_compressed-300x165.jpeg 300w, https:\/\/www.berndbraun.eu\/wp-content\/uploads\/2022\/08\/AdobeStock_16237932_compressed-768x423.jpeg 768w, https:\/\/www.berndbraun.eu\/wp-content\/uploads\/2022\/08\/AdobeStock_16237932_compressed-1536x846.jpeg 1536w, https:\/\/www.berndbraun.eu\/wp-content\/uploads\/2022\/08\/AdobeStock_16237932_compressed-2048x1128.jpeg 2048w, https:\/\/www.berndbraun.eu\/wp-content\/uploads\/2022\/08\/AdobeStock_16237932_compressed-18x10.jpeg 18w, https:\/\/www.berndbraun.eu\/wp-content\/uploads\/2022\/08\/AdobeStock_16237932_compressed-scaled.jpeg 2560w\" sizes=\"auto, (max-width: 1024px) 100vw, 1024px\" \/><\/figure>\n<\/div>\n\n\n<div style=\"height:50px\" aria-hidden=\"true\" class=\"wp-block-spacer\"><\/div>\n\n\n\n<p class=\"has-text-align-center has-cyan-bluish-gray-color has-text-color has-small-font-size\">2022 Alle Rechte vorbehalten von BRAUN<\/p>","protected":false},"excerpt":{"rendered":"<p>&nbsp;&nbsp;&nbsp;&nbsp;&nbsp;&nbsp;&nbsp;&nbsp;&nbsp;&nbsp;&nbsp; On the 25th of September Italians will go to the polls to elect a new Government after snap elections were called in the middle of summer. Political turmoil is not uncommon in Italy and even Mario Draghi was not able to survive the unstable Italian political scene. The fall of Mario Draghi &nbsp;&nbsp;&nbsp;&nbsp;&nbsp;&nbsp;&nbsp;&nbsp;&nbsp;&nbsp;&nbsp; Draghi [&hellip;]<\/p>\n","protected":false},"author":3,"featured_media":1386,"comment_status":"open","ping_status":"open","sticky":false,"template":"","format":"standard","meta":{"footnotes":""},"categories":[5],"tags":[],"type-darticle":[22],"class_list":["post-1383","post","type-post","status-publish","format-standard","has-post-thumbnail","hentry","category-politics","type-darticle-commentaire"],"yoast_head":"<!-- This site is optimized with the Yoast SEO Premium plugin v21.4 (Yoast SEO v27.2) - https:\/\/yoast.com\/product\/yoast-seo-premium-wordpress\/ -->\n<title>Bernd Braun - Prochaines \u00e9lections italiennes : les joueurs, les favoris et les outsiders<\/title>\n<meta name=\"robots\" content=\"index, follow, max-snippet:-1, max-image-preview:large, max-video-preview:-1\" \/>\n<link rel=\"canonical\" href=\"https:\/\/www.berndbraun.eu\/de\/the-upcoming-italian-elections-the-players-the-favorites-the-outsiders\/\" \/>\n<meta property=\"og:locale\" content=\"de_DE\" \/>\n<meta property=\"og:type\" content=\"article\" \/>\n<meta property=\"og:title\" content=\"Prochaines \u00e9lections italiennes : les joueurs, les favoris et les outsiders\" \/>\n<meta property=\"og:description\" content=\"&nbsp;&nbsp;&nbsp;&nbsp;&nbsp;&nbsp;&nbsp;&nbsp;&nbsp;&nbsp;&nbsp; On the 25th of September Italians will go to the polls to elect a new Government after snap elections were called in the middle of summer. Political turmoil is not uncommon in Italy and even Mario Draghi was not able to survive the unstable Italian political scene. The fall of Mario Draghi &nbsp;&nbsp;&nbsp;&nbsp;&nbsp;&nbsp;&nbsp;&nbsp;&nbsp;&nbsp;&nbsp; Draghi [&hellip;]\" \/>\n<meta property=\"og:url\" content=\"https:\/\/www.berndbraun.eu\/de\/the-upcoming-italian-elections-the-players-the-favorites-the-outsiders\/\" \/>\n<meta property=\"og:site_name\" content=\"Bernd Braun\" \/>\n<meta property=\"article:published_time\" content=\"2022-09-01T16:01:40+00:00\" \/>\n<meta property=\"article:modified_time\" content=\"2022-11-16T23:18:24+00:00\" \/>\n<meta property=\"og:image\" content=\"https:\/\/www.berndbraun.eu\/wp-content\/uploads\/2022\/09\/AdobeStock_57651263_compressed-scaled.jpeg\" \/>\n\t<meta property=\"og:image:width\" content=\"2560\" \/>\n\t<meta property=\"og:image:height\" content=\"1239\" \/>\n\t<meta property=\"og:image:type\" content=\"image\/jpeg\" \/>\n<meta name=\"author\" content=\"Bernd\" \/>\n<meta name=\"twitter:card\" content=\"summary_large_image\" \/>\n<meta name=\"twitter:label1\" content=\"Verfasst von\" \/>\n\t<meta name=\"twitter:data1\" content=\"Bernd\" \/>\n\t<meta name=\"twitter:label2\" content=\"Gesch\u00e4tzte Lesezeit\" \/>\n\t<meta name=\"twitter:data2\" content=\"6\u00a0Minuten\" \/>\n<script type=\"application\/ld+json\" class=\"yoast-schema-graph\">{\"@context\":\"https:\/\/schema.org\",\"@graph\":[{\"@type\":\"Article\",\"@id\":\"https:\/\/www.berndbraun.eu\/the-upcoming-italian-elections-the-players-the-favorites-the-outsiders\/#article\",\"isPartOf\":{\"@id\":\"https:\/\/www.berndbraun.eu\/the-upcoming-italian-elections-the-players-the-favorites-the-outsiders\/\"},\"author\":{\"name\":\"Bernd\",\"@id\":\"https:\/\/www.berndbraun.eu\/#\/schema\/person\/a64c4c08b6a8c9f8fe9be655928070ca\"},\"headline\":\"Prochaines \u00e9lections italiennes : les joueurs, les favoris et les outsiders\",\"datePublished\":\"2022-09-01T16:01:40+00:00\",\"dateModified\":\"2022-11-16T23:18:24+00:00\",\"mainEntityOfPage\":{\"@id\":\"https:\/\/www.berndbraun.eu\/the-upcoming-italian-elections-the-players-the-favorites-the-outsiders\/\"},\"wordCount\":1350,\"commentCount\":0,\"image\":{\"@id\":\"https:\/\/www.berndbraun.eu\/the-upcoming-italian-elections-the-players-the-favorites-the-outsiders\/#primaryimage\"},\"thumbnailUrl\":\"https:\/\/www.berndbraun.eu\/wp-content\/uploads\/2022\/09\/AdobeStock_57651263_compressed-scaled.jpeg\",\"articleSection\":[\"Politics\"],\"inLanguage\":\"de\",\"potentialAction\":[{\"@type\":\"CommentAction\",\"name\":\"Comment\",\"target\":[\"https:\/\/www.berndbraun.eu\/the-upcoming-italian-elections-the-players-the-favorites-the-outsiders\/#respond\"]}]},{\"@type\":\"WebPage\",\"@id\":\"https:\/\/www.berndbraun.eu\/the-upcoming-italian-elections-the-players-the-favorites-the-outsiders\/\",\"url\":\"https:\/\/www.berndbraun.eu\/the-upcoming-italian-elections-the-players-the-favorites-the-outsiders\/\",\"name\":\"Bernd Braun - Prochaines \u00e9lections italiennes : les joueurs, les favoris et les outsiders\",\"isPartOf\":{\"@id\":\"https:\/\/www.berndbraun.eu\/#website\"},\"primaryImageOfPage\":{\"@id\":\"https:\/\/www.berndbraun.eu\/the-upcoming-italian-elections-the-players-the-favorites-the-outsiders\/#primaryimage\"},\"image\":{\"@id\":\"https:\/\/www.berndbraun.eu\/the-upcoming-italian-elections-the-players-the-favorites-the-outsiders\/#primaryimage\"},\"thumbnailUrl\":\"https:\/\/www.berndbraun.eu\/wp-content\/uploads\/2022\/09\/AdobeStock_57651263_compressed-scaled.jpeg\",\"datePublished\":\"2022-09-01T16:01:40+00:00\",\"dateModified\":\"2022-11-16T23:18:24+00:00\",\"author\":{\"@id\":\"https:\/\/www.berndbraun.eu\/#\/schema\/person\/a64c4c08b6a8c9f8fe9be655928070ca\"},\"breadcrumb\":{\"@id\":\"https:\/\/www.berndbraun.eu\/the-upcoming-italian-elections-the-players-the-favorites-the-outsiders\/#breadcrumb\"},\"inLanguage\":\"de\",\"potentialAction\":[{\"@type\":\"ReadAction\",\"target\":[\"https:\/\/www.berndbraun.eu\/the-upcoming-italian-elections-the-players-the-favorites-the-outsiders\/\"]}]},{\"@type\":\"ImageObject\",\"inLanguage\":\"de\",\"@id\":\"https:\/\/www.berndbraun.eu\/the-upcoming-italian-elections-the-players-the-favorites-the-outsiders\/#primaryimage\",\"url\":\"https:\/\/www.berndbraun.eu\/wp-content\/uploads\/2022\/09\/AdobeStock_57651263_compressed-scaled.jpeg\",\"contentUrl\":\"https:\/\/www.berndbraun.eu\/wp-content\/uploads\/2022\/09\/AdobeStock_57651263_compressed-scaled.jpeg\",\"width\":2560,\"height\":1239},{\"@type\":\"BreadcrumbList\",\"@id\":\"https:\/\/www.berndbraun.eu\/the-upcoming-italian-elections-the-players-the-favorites-the-outsiders\/#breadcrumb\",\"itemListElement\":[{\"@type\":\"ListItem\",\"position\":1,\"name\":\"Accueil\",\"item\":\"https:\/\/www.berndbraun.eu\/\"},{\"@type\":\"ListItem\",\"position\":2,\"name\":\"Prochaines \u00e9lections italiennes : les joueurs, les favoris et les outsiders\"}]},{\"@type\":\"WebSite\",\"@id\":\"https:\/\/www.berndbraun.eu\/#website\",\"url\":\"https:\/\/www.berndbraun.eu\/\",\"name\":\"Bernd Braun\",\"description\":\"\",\"potentialAction\":[{\"@type\":\"SearchAction\",\"target\":{\"@type\":\"EntryPoint\",\"urlTemplate\":\"https:\/\/www.berndbraun.eu\/?s={search_term_string}\"},\"query-input\":{\"@type\":\"PropertyValueSpecification\",\"valueRequired\":true,\"valueName\":\"search_term_string\"}}],\"inLanguage\":\"de\"},{\"@type\":\"Person\",\"@id\":\"https:\/\/www.berndbraun.eu\/#\/schema\/person\/a64c4c08b6a8c9f8fe9be655928070ca\",\"name\":\"Bernd\",\"image\":{\"@type\":\"ImageObject\",\"inLanguage\":\"de\",\"@id\":\"https:\/\/secure.gravatar.com\/avatar\/e51d7b18a7c2fb10dd367a4bab68ef5a6d1736ae3537a0fd211df170b00b15af?s=96&d=mm&r=g\",\"url\":\"https:\/\/secure.gravatar.com\/avatar\/e51d7b18a7c2fb10dd367a4bab68ef5a6d1736ae3537a0fd211df170b00b15af?s=96&d=mm&r=g\",\"contentUrl\":\"https:\/\/secure.gravatar.com\/avatar\/e51d7b18a7c2fb10dd367a4bab68ef5a6d1736ae3537a0fd211df170b00b15af?s=96&d=mm&r=g\",\"caption\":\"Bernd\"},\"url\":\"https:\/\/www.berndbraun.eu\/de\/author\/bernd\/\"}]}<\/script>\n<!-- \/ Yoast SEO Premium plugin. -->","yoast_head_json":{"title":"Bernd Braun - Die n\u00e4chsten Wahlen in Italien: Spieler, Favoriten und Au\u00dfenseiter","robots":{"index":"index","follow":"follow","max-snippet":"max-snippet:-1","max-image-preview":"max-image-preview:large","max-video-preview":"max-video-preview:-1"},"canonical":"https:\/\/www.berndbraun.eu\/de\/the-upcoming-italian-elections-the-players-the-favorites-the-outsiders\/","og_locale":"de_DE","og_type":"article","og_title":"Prochaines \u00e9lections italiennes : les joueurs, les favoris et les outsiders","og_description":"&nbsp;&nbsp;&nbsp;&nbsp;&nbsp;&nbsp;&nbsp;&nbsp;&nbsp;&nbsp;&nbsp; On the 25th of September Italians will go to the polls to elect a new Government after snap elections were called in the middle of summer. Political turmoil is not uncommon in Italy and even Mario Draghi was not able to survive the unstable Italian political scene. The fall of Mario Draghi &nbsp;&nbsp;&nbsp;&nbsp;&nbsp;&nbsp;&nbsp;&nbsp;&nbsp;&nbsp;&nbsp; Draghi [&hellip;]","og_url":"https:\/\/www.berndbraun.eu\/de\/the-upcoming-italian-elections-the-players-the-favorites-the-outsiders\/","og_site_name":"Bernd Braun","article_published_time":"2022-09-01T16:01:40+00:00","article_modified_time":"2022-11-16T23:18:24+00:00","og_image":[{"width":2560,"height":1239,"url":"https:\/\/www.berndbraun.eu\/wp-content\/uploads\/2022\/09\/AdobeStock_57651263_compressed-scaled.jpeg","type":"image\/jpeg"}],"author":"Bernd","twitter_card":"summary_large_image","twitter_misc":{"Verfasst von":"Bernd","Gesch\u00e4tzte Lesezeit":"6\u00a0Minuten"},"schema":{"@context":"https:\/\/schema.org","@graph":[{"@type":"Article","@id":"https:\/\/www.berndbraun.eu\/the-upcoming-italian-elections-the-players-the-favorites-the-outsiders\/#article","isPartOf":{"@id":"https:\/\/www.berndbraun.eu\/the-upcoming-italian-elections-the-players-the-favorites-the-outsiders\/"},"author":{"name":"Bernd","@id":"https:\/\/www.berndbraun.eu\/#\/schema\/person\/a64c4c08b6a8c9f8fe9be655928070ca"},"headline":"Prochaines \u00e9lections italiennes : les joueurs, les favoris et les outsiders","datePublished":"2022-09-01T16:01:40+00:00","dateModified":"2022-11-16T23:18:24+00:00","mainEntityOfPage":{"@id":"https:\/\/www.berndbraun.eu\/the-upcoming-italian-elections-the-players-the-favorites-the-outsiders\/"},"wordCount":1350,"commentCount":0,"image":{"@id":"https:\/\/www.berndbraun.eu\/the-upcoming-italian-elections-the-players-the-favorites-the-outsiders\/#primaryimage"},"thumbnailUrl":"https:\/\/www.berndbraun.eu\/wp-content\/uploads\/2022\/09\/AdobeStock_57651263_compressed-scaled.jpeg","articleSection":["Politics"],"inLanguage":"de","potentialAction":[{"@type":"CommentAction","name":"Comment","target":["https:\/\/www.berndbraun.eu\/the-upcoming-italian-elections-the-players-the-favorites-the-outsiders\/#respond"]}]},{"@type":"WebPage","@id":"https:\/\/www.berndbraun.eu\/the-upcoming-italian-elections-the-players-the-favorites-the-outsiders\/","url":"https:\/\/www.berndbraun.eu\/the-upcoming-italian-elections-the-players-the-favorites-the-outsiders\/","name":"Bernd Braun - Die n\u00e4chsten Wahlen in Italien: Spieler, Favoriten und Au\u00dfenseiter","isPartOf":{"@id":"https:\/\/www.berndbraun.eu\/#website"},"primaryImageOfPage":{"@id":"https:\/\/www.berndbraun.eu\/the-upcoming-italian-elections-the-players-the-favorites-the-outsiders\/#primaryimage"},"image":{"@id":"https:\/\/www.berndbraun.eu\/the-upcoming-italian-elections-the-players-the-favorites-the-outsiders\/#primaryimage"},"thumbnailUrl":"https:\/\/www.berndbraun.eu\/wp-content\/uploads\/2022\/09\/AdobeStock_57651263_compressed-scaled.jpeg","datePublished":"2022-09-01T16:01:40+00:00","dateModified":"2022-11-16T23:18:24+00:00","author":{"@id":"https:\/\/www.berndbraun.eu\/#\/schema\/person\/a64c4c08b6a8c9f8fe9be655928070ca"},"breadcrumb":{"@id":"https:\/\/www.berndbraun.eu\/the-upcoming-italian-elections-the-players-the-favorites-the-outsiders\/#breadcrumb"},"inLanguage":"de","potentialAction":[{"@type":"ReadAction","target":["https:\/\/www.berndbraun.eu\/the-upcoming-italian-elections-the-players-the-favorites-the-outsiders\/"]}]},{"@type":"ImageObject","inLanguage":"de","@id":"https:\/\/www.berndbraun.eu\/the-upcoming-italian-elections-the-players-the-favorites-the-outsiders\/#primaryimage","url":"https:\/\/www.berndbraun.eu\/wp-content\/uploads\/2022\/09\/AdobeStock_57651263_compressed-scaled.jpeg","contentUrl":"https:\/\/www.berndbraun.eu\/wp-content\/uploads\/2022\/09\/AdobeStock_57651263_compressed-scaled.jpeg","width":2560,"height":1239},{"@type":"BreadcrumbList","@id":"https:\/\/www.berndbraun.eu\/the-upcoming-italian-elections-the-players-the-favorites-the-outsiders\/#breadcrumb","itemListElement":[{"@type":"ListItem","position":1,"name":"Accueil","item":"https:\/\/www.berndbraun.eu\/"},{"@type":"ListItem","position":2,"name":"Prochaines \u00e9lections italiennes : les joueurs, les favoris et les outsiders"}]},{"@type":"WebSite","@id":"https:\/\/www.berndbraun.eu\/#website","url":"https:\/\/www.berndbraun.eu\/","name":"Bernd Braun","description":"","potentialAction":[{"@type":"SearchAction","target":{"@type":"EntryPoint","urlTemplate":"https:\/\/www.berndbraun.eu\/?s={search_term_string}"},"query-input":{"@type":"PropertyValueSpecification","valueRequired":true,"valueName":"search_term_string"}}],"inLanguage":"de"},{"@type":"Person","@id":"https:\/\/www.berndbraun.eu\/#\/schema\/person\/a64c4c08b6a8c9f8fe9be655928070ca","name":"Bernd","image":{"@type":"ImageObject","inLanguage":"de","@id":"https:\/\/secure.gravatar.com\/avatar\/e51d7b18a7c2fb10dd367a4bab68ef5a6d1736ae3537a0fd211df170b00b15af?s=96&d=mm&r=g","url":"https:\/\/secure.gravatar.com\/avatar\/e51d7b18a7c2fb10dd367a4bab68ef5a6d1736ae3537a0fd211df170b00b15af?s=96&d=mm&r=g","contentUrl":"https:\/\/secure.gravatar.com\/avatar\/e51d7b18a7c2fb10dd367a4bab68ef5a6d1736ae3537a0fd211df170b00b15af?s=96&d=mm&r=g","caption":"Bernd"},"url":"https:\/\/www.berndbraun.eu\/de\/author\/bernd\/"}]}},"_links":{"self":[{"href":"https:\/\/www.berndbraun.eu\/de\/wp-json\/wp\/v2\/posts\/1383","targetHints":{"allow":["GET"]}}],"collection":[{"href":"https:\/\/www.berndbraun.eu\/de\/wp-json\/wp\/v2\/posts"}],"about":[{"href":"https:\/\/www.berndbraun.eu\/de\/wp-json\/wp\/v2\/types\/post"}],"author":[{"embeddable":true,"href":"https:\/\/www.berndbraun.eu\/de\/wp-json\/wp\/v2\/users\/3"}],"replies":[{"embeddable":true,"href":"https:\/\/www.berndbraun.eu\/de\/wp-json\/wp\/v2\/comments?post=1383"}],"version-history":[{"count":20,"href":"https:\/\/www.berndbraun.eu\/de\/wp-json\/wp\/v2\/posts\/1383\/revisions"}],"predecessor-version":[{"id":1547,"href":"https:\/\/www.berndbraun.eu\/de\/wp-json\/wp\/v2\/posts\/1383\/revisions\/1547"}],"wp:featuredmedia":[{"embeddable":true,"href":"https:\/\/www.berndbraun.eu\/de\/wp-json\/wp\/v2\/media\/1386"}],"wp:attachment":[{"href":"https:\/\/www.berndbraun.eu\/de\/wp-json\/wp\/v2\/media?parent=1383"}],"wp:term":[{"taxonomy":"category","embeddable":true,"href":"https:\/\/www.berndbraun.eu\/de\/wp-json\/wp\/v2\/categories?post=1383"},{"taxonomy":"post_tag","embeddable":true,"href":"https:\/\/www.berndbraun.eu\/de\/wp-json\/wp\/v2\/tags?post=1383"},{"taxonomy":"type-darticle","embeddable":true,"href":"https:\/\/www.berndbraun.eu\/de\/wp-json\/wp\/v2\/type-darticle?post=1383"}],"curies":[{"name":"wp","href":"https:\/\/api.w.org\/{rel}","templated":true}]}}