{"id":914,"date":"2017-02-05T12:04:02","date_gmt":"2017-02-05T10:04:02","guid":{"rendered":"https:\/\/www.berndbraun.eu\/?p=914"},"modified":"2022-02-22T21:35:57","modified_gmt":"2022-02-22T19:35:57","slug":"relation-usa-iran-les-impacts-politico-economiques-pour-la-france-et-leurope","status":"publish","type":"post","link":"https:\/\/www.berndbraun.eu\/de\/relation-usa-iran-les-impacts-politico-economiques-pour-la-france-et-leurope\/","title":{"rendered":"Beziehungen zwischen den USA und dem Iran: Politisch-wirtschaftliche Auswirkungen f\u00fcr Frankreich und Europa"},"content":{"rendered":"<div style=\"height:40px\" aria-hidden=\"true\" class=\"wp-block-spacer\"><\/div>\n\n\n\n<h2 class=\"has-medium-font-size wp-block-heading\" id=\"introduction\">Einf\u00fchrung<\/h2>\n\n\n\n<div style=\"height:20px\" aria-hidden=\"true\" class=\"wp-block-spacer\"><\/div>\n\n\n\n<p>&nbsp;&nbsp;&nbsp;&nbsp;&nbsp;&nbsp;&nbsp;&nbsp;&nbsp;&nbsp;&nbsp; Im Bestreben, den Markt, auf dem wir uns etablieren wollen - n\u00e4mlich neue Technologien in unmittelbarer N\u00e4he der Nutzer - in der schnelllebigen Gesellschaft des Iran zu entwickeln, ist es notwendig, die j\u00fcngsten internationalen Ereignisse zu ber\u00fccksichtigen und davon zu profitieren, wenn diese es erlauben. &nbsp;&nbsp;&nbsp;<br><br>&nbsp;&nbsp;&nbsp;&nbsp;&nbsp;&nbsp;&nbsp;&nbsp;&nbsp;&nbsp;&nbsp; Von den Wahlergebnissen in den USA bis hin zum wachsenden Einfluss Russlands und Asiens auf der Weltb\u00fchne muss unsere Gruppe wissen, welche Position sie einnehmen soll, um den Vorsprung zu halten, den sie bei der Etablierung einer gewissen Hegemonie unserer Produkte auf iranischem Boden zu haben scheint, aber auch um Frankreich zu einem Land zu machen, das die iranische Regierung unterst\u00fctzt, ohne dabei die Vertr\u00e4ge und Abkommen zwischen Frankreich und den Nationen zu beeintr\u00e4chtigen, die den Iran am Rande der globalen Wirtschaft sehen wollen. Folglich ist es eine sorgf\u00e4ltige Recherche und eine gewisse Diplomatie, die unsere Studie interessiert, die sich in einer Fragestellung wie der folgenden ausdr\u00fccken k\u00f6nnte: Welche M\u00f6glichkeiten m\u00fcssen ergriffen werden, um den franz\u00f6sischen Au\u00dfenhandel in unserem Bereich zu entwickeln?<\/p>\n\n\n\n<div style=\"height:35px\" aria-hidden=\"true\" class=\"wp-block-spacer\"><\/div>\n\n\n\n<h2 class=\"has-medium-font-size wp-block-heading\" id=\"i-l-election-de-monsieur-trump-la-figure-de-monroe-et-de-wilson-pour-un-nouveau-type-d-isolationnisme-americain\" style=\"text-transform:uppercase\">I. Die Wahl von Herrn Trump, die Figur von Monroe und Wilson f\u00fcr eine neue Art des amerikanischen Isolationismus<\/h2>\n\n\n\n<div style=\"height:40px\" aria-hidden=\"true\" class=\"wp-block-spacer\"><\/div>\n\n\n\n<h2 class=\"has-medium-font-size wp-block-heading\" id=\"h-a-les-volontes-du-president-face-a-l-iran\">A. Der Wille des Pr\u00e4sidenten gegen\u00fcber dem Iran<\/h2>\n\n\n\n<p>&nbsp;&nbsp;&nbsp;&nbsp;&nbsp;&nbsp;&nbsp;&nbsp;&nbsp;&nbsp;&nbsp; In seiner ersten Amtswoche versetzte der neue Pr\u00e4sident dem Nahost-Problem den endg\u00fcltigen Todessto\u00df; der Handel mit dem Iran wurde zum Vergessen versprochen. Eine solche Gewalt k\u00f6nnte angesichts der finanziellen Allianzen und Voreingenommenheiten Trumps auf internationaler Ebene legitim sein. Auf der einen Seite bleiben die \u00f6lreichen L\u00e4nder der arabischen Halbinsel der gr\u00f6\u00dfte Lieferant des schwarzen Goldes f\u00fcr die USA; folglich sind die zeitgen\u00f6ssischen und religi\u00f6sen Spiele, die die Beziehungen zwischen diesen L\u00e4ndern mit ihren sunnitischen M\u00e4chten und dem Iran mit seiner schiitischen Mehrheit antreiben. Diese Uneinigkeit ist der ideale Vorwand f\u00fcr die Pr\u00e4sidialadministration, um von den Verpflichtungen und Versprechen der Offenheit, die die Obama-Regierung auf den Verhandlungstisch gelegt hatte, abzur\u00fccken. Eine solche Kehrtwende ist auch eine ausgestreckte Hand f\u00fcr Israel, das, obwohl dieses Land, das niemanden mag, weil es allem misstraut, einen gewissen Handel mit den L\u00e4ndern der arabischen Halbinsel - wegen des \u00d6ls - toleriert, Barack Obamas Haltung gegen\u00fcber dem Iran verabscheut hat. Persien war f\u00fcr das israelische Volk, das an der Wiedererrichtung des antiken Gro\u00dfisraels interessiert war, nichts anderes als ein potenzieller und m\u00e4chtiger Feind. Sollten die Perser jedoch den Anschluss an die technologisch, marktwirtschaftlich, finanziell und milit\u00e4risch entwickelten L\u00e4nder schaffen, w\u00e4re der Wille der Hebr\u00e4er dahin, denn die Iraner verf\u00fcgen bereits \u00fcber eine Kraft, die sie in Schach halten und vor allem \u00fcberfallen k\u00f6nnte, wenn die USA ihren seit 1948 bestehenden Schutz in der Region aufk\u00fcndigen w\u00fcrden.<\/p>\n\n\n\n<div class=\"wp-block-image\"><figure class=\"aligncenter size-large\"><img loading=\"lazy\" decoding=\"async\" width=\"1024\" height=\"657\" src=\"https:\/\/www.berndbraun.eu\/wp-content\/uploads\/2022\/02\/AdobeStock_278124461-1-1024x657.jpeg\" alt=\"\" class=\"wp-image-935\" srcset=\"https:\/\/www.berndbraun.eu\/wp-content\/uploads\/2022\/02\/AdobeStock_278124461-1-1024x657.jpeg 1024w, https:\/\/www.berndbraun.eu\/wp-content\/uploads\/2022\/02\/AdobeStock_278124461-1-300x193.jpeg 300w, https:\/\/www.berndbraun.eu\/wp-content\/uploads\/2022\/02\/AdobeStock_278124461-1-768x493.jpeg 768w, https:\/\/www.berndbraun.eu\/wp-content\/uploads\/2022\/02\/AdobeStock_278124461-1-1536x986.jpeg 1536w, https:\/\/www.berndbraun.eu\/wp-content\/uploads\/2022\/02\/AdobeStock_278124461-1-2048x1314.jpeg 2048w, https:\/\/www.berndbraun.eu\/wp-content\/uploads\/2022\/02\/AdobeStock_278124461-1-18x12.jpeg 18w, https:\/\/www.berndbraun.eu\/wp-content\/uploads\/2022\/02\/AdobeStock_278124461-1-scaled.jpeg 2560w\" sizes=\"auto, (max-width: 1024px) 100vw, 1024px\" \/><\/figure><\/div>\n\n\n\n<div style=\"height:40px\" aria-hidden=\"true\" class=\"wp-block-spacer\"><\/div>\n\n\n\n<h2 class=\"has-medium-font-size wp-block-heading\" id=\"b-un-dedain-pour-l-union-europeenne\">B. Eine Geringsch\u00e4tzung der Europ\u00e4ischen Union<\/h2>\n\n\n\n<p>&nbsp;&nbsp;&nbsp;&nbsp;&nbsp;&nbsp;&nbsp;&nbsp;&nbsp;&nbsp;&nbsp; Eine solche Opposition gegen den Iran geht Hand in Hand mit einer gewissen ungesunden Vision des Pr\u00e4sidenten in Bezug auf die Europ\u00e4ische Union. Die verschiedenen Krisen, die unser Kontinent vor allem in den letzten f\u00fcnf Jahren durchlebt hat, und der fast globale Zusammenbruch des wirtschaftlichen, politischen und sozialen Systems der Union bieten der Welt auf den ersten Blick ein wenig ansprechendes Bild. Hinzu kommen die bevorstehenden Wahlen in Frankreich und Deutschland, die eine moralische und diplomatische Trag\u00f6die zu werden versprechen, da viele radikale politische Parteien, wie \"America\" first, in ihren isolationistischen Bestrebungen, die denen von Trump \u00e4hneln, best\u00e4rkt wurden. Der Konfliktpunkt liegt jedoch nicht nur in dem Wunsch, den amerikanischen Markt zu sch\u00fctzen, sondern vor allem in der Vorstellung, dass die Europ\u00e4ische Union in den Augen der US-Pr\u00e4sidentschaft schwach und zerbrechlich ist. Die EU stellt zwar einen unvergleichlichen Markt dar, aber ihre innere Zerrissenheit, ihre mangelnde milit\u00e4rische St\u00e4rke und ihr Wunsch nach Unabh\u00e4ngigkeit vom US-Dollar sind dumme Punkte. Der Brexit ist ein Zeugnis dieser Schw\u00e4che eines Europas, das unf\u00e4hig ist, seine m\u00e4chtigsten Mitglieder zu halten, unf\u00e4hig, seine Grenzen zu sch\u00fctzen, \u00fcber historische Vorurteile hinwegzusehen und die T\u00fcrkei und Russland in seine, wenn nicht physischen, so doch zumindest wirtschaftlichen Grenzen einzubeziehen.<\/p>\n\n\n\n<p>&nbsp;&nbsp;&nbsp;&nbsp;&nbsp;&nbsp;&nbsp;&nbsp;&nbsp;&nbsp;&nbsp; Hier liegt ein zweites Streitthema zwischen den USA und der EU, ein zweiter Mehrwert f\u00fcr unseren industriellen Ansatz.<\/p>\n\n\n\n<div style=\"height:40px\" aria-hidden=\"true\" class=\"wp-block-spacer\"><\/div>\n\n\n\n<h2 class=\"has-medium-font-size wp-block-heading\" id=\"c-un-president-americain-pro-russe\">C. Ein pro-russischer US-Pr\u00e4sident<\/h2>\n\n\n\n<p>&nbsp;&nbsp;&nbsp;&nbsp;&nbsp;&nbsp;&nbsp;&nbsp;&nbsp;&nbsp;&nbsp; Die gro\u00dfe Revolution, die Trump mit sich brachte, war seine Anziehungskraft auf Russland, sein Wille, starke Verbindungen zwischen der russischen Wirtschaft und der seines Landes zu kn\u00fcpfen. Ein Wille, der \u00fcber vergangene Konflikte hinausgeht, der die moderne Welt in die Zarenzeit zur\u00fcckversetzt, als die USA und Russland keinen gro\u00dfen Grund hatten, sich zu bek\u00e4mpfen. Es ist eine internationale Klimaerw\u00e4rmung, die den Kalten Krieg und die Gegens\u00e4tze, die in den letzten 40 Jahren aus den Machtstrategien der beiden Gro\u00dfen der Welt entstanden sind, vergessen l\u00e4sst. Eine solche Ann\u00e4herung ist ein Zeichen f\u00fcr die Welt, die verstehen muss, dass wir dann statt der USA als einzigem H\u00fcter des globalen Gleichgewichts - ein H\u00fcter, der \u00fcberall, wo er sich verirrt, Unruhe stiftet - eine un\u00fcberwindbare Wirtschaftsmacht haben werden, die mit der gr\u00f6\u00dften milit\u00e4rischen Kraft des alten Kontinents und Asiens verbunden ist. Sowohl f\u00fcr die Wirtschaft als auch f\u00fcr die globale Sicherheit k\u00f6nnte dies nichts Gutes bedeuten, denn wenn man versteht, dass Russland, wenn es sich auf die Seite der USA schl\u00e4gt, kein anderes Hindernis mehr hat als die Absprachen, die mit den Amerikanern \u00fcber den globalen Modus Operandi in den Bereichen Finanzen, Milit\u00e4r und Diplomatie getroffen werden m\u00fcssen. Das Ende einer solchen Aufteilung der Machtmuster w\u00fcrde es den USA erm\u00f6glichen, mit China, Europa und Indien abzuschlie\u00dfen und es sich leisten zu k\u00f6nnen, Afrika zu ihren eigenen Gunsten zu entwickeln.&nbsp;&nbsp;&nbsp;&nbsp;&nbsp;<\/p>\n\n\n\n<p>&nbsp;&nbsp;&nbsp;&nbsp;&nbsp;&nbsp;&nbsp;&nbsp;&nbsp;&nbsp;&nbsp; Ein solcher Ansatz ist jedoch heikel, da die Russen zu vielen Schritten tiefere und st\u00e4rkere Verbindungen haben als zu den USA, die immer noch der gr\u00f6\u00dfte internationale Gegner der amerikanischen Hegemoniebestrebungen sind. Ein unersch\u00fctterlicher Eifer und Erfindungsreichtum seitens des Riesen der ehemaligen UdSSR hat in den letzten Jahrzehnten alle milit\u00e4rischen und gesellschaftlichen Experten der USA in Alarmbereitschaft versetzt. Heute w\u00fcrde die Einrichtung eines solchen B\u00fcndnisses einer Neupositionierung Russlands in seinen Verpflichtungen gegen\u00fcber Partnern wie China, Indien und dem Iran, was uns hier interessiert, unterliegen. Eine heikle Bewegung.<\/p>\n\n\n\n<div style=\"height:40px\" aria-hidden=\"true\" class=\"wp-block-spacer\"><\/div>\n\n\n\n<h2 class=\"has-medium-font-size wp-block-heading\" id=\"ii-quid-de-ces-phenomenes-pour-la-france-et-pour-notre-industrie\" style=\"text-transform:uppercase\">II. Was bedeuten diese Ph\u00e4nomene f\u00fcr Frankreich und unsere Industrie?<\/h2>\n\n\n\n<div style=\"height:20px\" aria-hidden=\"true\" class=\"wp-block-spacer\"><\/div>\n\n\n\n<p>&nbsp;&nbsp;&nbsp;&nbsp;&nbsp;&nbsp;&nbsp;&nbsp;&nbsp;&nbsp;&nbsp; Im Hinblick auf die Entwicklung unseres Unternehmens, aber auch in Bezug auf die Chancen f\u00fcr Frankreich, die sich durch solche Wendungen in der Situation ergeben, sind die j\u00fcngsten Ereignisse im Hinblick auf eine neue Verbindung mit dem Iran eine echte Chance. Aus rein diplomatischer Sicht hat Frankreich nun freie Hand im Iran, da die USA ihre Sanktionen gegen die Perser erh\u00f6hen und auch die Europ\u00e4ische Union, die von der neuen US-Pr\u00e4sidentschaft v\u00f6llig in Misskredit gebracht wurde, von der Leine lassen werden. Abgesehen von einigen Vorsichtsma\u00dfnahmen, insbesondere gegen\u00fcber der T\u00fcrkei, den L\u00e4ndern der arabischen Halbinsel und Israel - die Frankreich seit Charles De Gaulle nur respektiert, um sich gegen\u00fcber einer Welt, die wegen des Vel-d'Hiv mit dem Finger auf sie zeigt, wohlwollend und verantwortlich zu zeigen, aber auch, weil es seinen Gesch\u00e4ften mit den USA entgegenkam - haben die franz\u00f6sischen Beh\u00f6rden, von denen wir ziemlich sicher sind, dass sie Emmanuel Macron (dem gro\u00dfen Verteidiger der Unternehmer) in die H\u00e4nde fallen werden, alle Freiheiten, die Tore des iranischen Reiches und seiner M\u00e4rkte zu \u00f6ffnen.<\/p>\n\n\n\n<p>&nbsp;&nbsp;&nbsp;&nbsp;&nbsp;&nbsp;&nbsp;&nbsp;&nbsp;&nbsp;&nbsp; Sollte es zu einer tats\u00e4chlichen Ann\u00e4herung zwischen den USA und Russland kommen, w\u00fcrde unsere Gruppe, die sich mit der Erforschung und Entwicklung neuer Technologien - in den Bereichen Luftfahrt, Transport, mobile und vernetzte Technologien - befasst, die Reduzierung von Handelsvertr\u00e4gen zwischen den Russen und Persern erleben, die sich betrogen f\u00fchlen w\u00fcrden; die sich sicherlich aus dem Grund betrogen f\u00fchlen w\u00fcrden, weil ein solches B\u00fcndnis zwischen den beiden alten Feinden eine Absage an die fr\u00fcheren B\u00fcndnisse der ehemaligen Sowjetmacht mit den Marginalisierten der entwickelten Welt bedeuten w\u00fcrde. Au\u00dferdem w\u00fcrde eine Abkehr der USA von europ\u00e4ischen Aktien, vor allem aber von ihren Finanzen und ihrer Wirtschaft, frischen Wind in den Handel zwischen ihren Mitgliedern bringen. Wenn die USA uns im Stich lassen, w\u00fcrde Deutschland seinen St\u00fctzstab verlieren, die Briten ihr Einflussmittel bei den Kontinentaleurop\u00e4ern, und Frankreich w\u00fcrde dann wieder seinen Platz als f\u00fchrende Kraft im Zentrum Europas einnehmen. Mit einem Verhalten, das den Herausforderungen von morgen w\u00fcrdig ist, k\u00f6nnten die Franzosen zur Aufrechterhaltung der Europ\u00e4ischen Union und zur St\u00e4rkung der Zusammenarbeit zwischen den Unternehmen beitragen und gleichzeitig die Schritte der franz\u00f6sischen Industrie im Ausland, insbesondere im Iran, unterst\u00fctzen.<\/p>\n\n\n\n<p>&nbsp;&nbsp;&nbsp;&nbsp;&nbsp;&nbsp;&nbsp;&nbsp;&nbsp;&nbsp;&nbsp; Das Szenario, das sich in Vorbereitung befindet, ist nicht katastrophal, erfordert jedoch Feingef\u00fchl und die F\u00e4higkeit, die allgemeinen Bewegungen seitens der M\u00e4chte um uns herum sowie der M\u00e4rkte und der anderen Industriellen in unserem Sektor vorherzusehen. Wenn der Iran auf der internationalen B\u00fchne noch weiter ins Abseits gedr\u00e4ngt wird und zu einem neuen Territorium f\u00fcr Terroristen wird, ist dies eine Chance f\u00fcr uns, da wir durch die Verk\u00f6rperung einer ausgestreckten Hand, einer toleranten und vorurteilsfreien Macht ohne Schwierigkeiten in den Markt der Perser und in ihre Gesellschaft eintreten k\u00f6nnen.<\/p>\n\n\n\n<figure class=\"wp-block-gallery has-nested-images columns-default is-cropped wp-block-gallery-1 is-layout-flex wp-block-gallery-is-layout-flex\">\n<figure class=\"wp-block-image size-large\"><a href=\"https:\/\/www.berndbraun.eu\/wp-content\/uploads\/2022\/02\/AdobeStock_313509945-scaled.jpeg\"><img loading=\"lazy\" decoding=\"async\" width=\"1024\" height=\"683\" data-id=\"939\" src=\"https:\/\/www.berndbraun.eu\/wp-content\/uploads\/2022\/02\/AdobeStock_313509945-1024x683.jpeg\" alt=\"\" class=\"wp-image-939\" srcset=\"https:\/\/www.berndbraun.eu\/wp-content\/uploads\/2022\/02\/AdobeStock_313509945-1024x683.jpeg 1024w, https:\/\/www.berndbraun.eu\/wp-content\/uploads\/2022\/02\/AdobeStock_313509945-300x200.jpeg 300w, https:\/\/www.berndbraun.eu\/wp-content\/uploads\/2022\/02\/AdobeStock_313509945-768x512.jpeg 768w, https:\/\/www.berndbraun.eu\/wp-content\/uploads\/2022\/02\/AdobeStock_313509945-1536x1024.jpeg 1536w, https:\/\/www.berndbraun.eu\/wp-content\/uploads\/2022\/02\/AdobeStock_313509945-2048x1365.jpeg 2048w, https:\/\/www.berndbraun.eu\/wp-content\/uploads\/2022\/02\/AdobeStock_313509945-18x12.jpeg 18w, https:\/\/www.berndbraun.eu\/wp-content\/uploads\/2022\/02\/AdobeStock_313509945-scaled.jpeg 2560w\" sizes=\"auto, (max-width: 1024px) 100vw, 1024px\" \/><\/a><figcaption>Teheran<\/figcaption><\/figure>\n<\/figure>\n\n\n\n<div style=\"height:50px\" aria-hidden=\"true\" class=\"wp-block-spacer\"><\/div>\n\n\n\n<p class=\"has-text-align-center has-cyan-bluish-gray-color has-text-color has-small-font-size\">2022 Alle Rechte vorbehalten von BRAUN<\/p>","protected":false},"excerpt":{"rendered":"<p>Introduction &nbsp;&nbsp;&nbsp;&nbsp;&nbsp;&nbsp;&nbsp;&nbsp;&nbsp;&nbsp;&nbsp; Dans une volont\u00e9 de d\u00e9veloppement du march\u00e9 sur lequel nous souhaitons nous implanter \u2013 savoir les nouvelles technologies au plus proche des utilisateurs \u2013 dans cette soci\u00e9t\u00e9 en mouvement qu\u2019est l\u2019Iran, il est n\u00e9cessaire de prendre en compte les derniers \u00e9v\u00e9nements survenus \u00e0 l\u2019\u00e9chelle internationale et d\u2019en tirer profit lorsque ces derniers le [&hellip;]<\/p>\n","protected":false},"author":3,"featured_media":928,"comment_status":"open","ping_status":"open","sticky":false,"template":"","format":"standard","meta":{"footnotes":""},"categories":[5],"tags":[],"type-darticle":[21],"class_list":["post-914","post","type-post","status-publish","format-standard","has-post-thumbnail","hentry","category-politics","type-darticle-analyse"],"yoast_head":"<!-- This site is optimized with the Yoast SEO Premium plugin v21.4 (Yoast SEO v27.2) - https:\/\/yoast.com\/product\/yoast-seo-premium-wordpress\/ -->\n<title>Bernd Braun - Relation USA-Iran : les impacts politico-\u00e9conomiques pour la France et l&#039;Europe<\/title>\n<meta name=\"robots\" content=\"index, follow, max-snippet:-1, max-image-preview:large, max-video-preview:-1\" \/>\n<link rel=\"canonical\" href=\"https:\/\/www.berndbraun.eu\/de\/relation-usa-iran-les-impacts-politico-economiques-pour-la-france-et-leurope\/\" \/>\n<meta property=\"og:locale\" content=\"de_DE\" \/>\n<meta property=\"og:type\" content=\"article\" \/>\n<meta property=\"og:title\" content=\"Relation USA-Iran : les impacts politico-\u00e9conomiques pour la France et l&#039;Europe\" \/>\n<meta property=\"og:description\" content=\"Introduction &nbsp;&nbsp;&nbsp;&nbsp;&nbsp;&nbsp;&nbsp;&nbsp;&nbsp;&nbsp;&nbsp; Dans une volont\u00e9 de d\u00e9veloppement du march\u00e9 sur lequel nous souhaitons nous implanter \u2013 savoir les nouvelles technologies au plus proche des utilisateurs \u2013 dans cette soci\u00e9t\u00e9 en mouvement qu\u2019est l\u2019Iran, il est n\u00e9cessaire de prendre en compte les derniers \u00e9v\u00e9nements survenus \u00e0 l\u2019\u00e9chelle internationale et d\u2019en tirer profit lorsque ces derniers le [&hellip;]\" \/>\n<meta property=\"og:url\" content=\"https:\/\/www.berndbraun.eu\/de\/relation-usa-iran-les-impacts-politico-economiques-pour-la-france-et-leurope\/\" \/>\n<meta property=\"og:site_name\" content=\"Bernd Braun\" \/>\n<meta property=\"article:published_time\" content=\"2017-02-05T10:04:02+00:00\" \/>\n<meta property=\"article:modified_time\" content=\"2022-02-22T19:35:57+00:00\" \/>\n<meta property=\"og:image\" content=\"https:\/\/www.berndbraun.eu\/wp-content\/uploads\/2017\/02\/AdobeStock_355736206-scaled.jpeg\" \/>\n\t<meta property=\"og:image:width\" content=\"2560\" \/>\n\t<meta property=\"og:image:height\" content=\"1636\" \/>\n\t<meta property=\"og:image:type\" content=\"image\/jpeg\" \/>\n<meta name=\"author\" content=\"Bernd\" \/>\n<meta name=\"twitter:card\" content=\"summary_large_image\" \/>\n<meta name=\"twitter:label1\" content=\"Verfasst von\" \/>\n\t<meta name=\"twitter:data1\" content=\"Bernd\" \/>\n\t<meta name=\"twitter:label2\" content=\"Gesch\u00e4tzte Lesezeit\" \/>\n\t<meta name=\"twitter:data2\" content=\"8\u00a0Minuten\" \/>\n<script type=\"application\/ld+json\" class=\"yoast-schema-graph\">{\"@context\":\"https:\/\/schema.org\",\"@graph\":[{\"@type\":\"Article\",\"@id\":\"https:\/\/www.berndbraun.eu\/relation-usa-iran-les-impacts-politico-economiques-pour-la-france-et-leurope\/#article\",\"isPartOf\":{\"@id\":\"https:\/\/www.berndbraun.eu\/relation-usa-iran-les-impacts-politico-economiques-pour-la-france-et-leurope\/\"},\"author\":{\"name\":\"Bernd\",\"@id\":\"https:\/\/www.berndbraun.eu\/#\/schema\/person\/a64c4c08b6a8c9f8fe9be655928070ca\"},\"headline\":\"Relation USA-Iran : les impacts politico-\u00e9conomiques pour la France et l'Europe\",\"datePublished\":\"2017-02-05T10:04:02+00:00\",\"dateModified\":\"2022-02-22T19:35:57+00:00\",\"mainEntityOfPage\":{\"@id\":\"https:\/\/www.berndbraun.eu\/relation-usa-iran-les-impacts-politico-economiques-pour-la-france-et-leurope\/\"},\"wordCount\":1934,\"commentCount\":0,\"image\":{\"@id\":\"https:\/\/www.berndbraun.eu\/relation-usa-iran-les-impacts-politico-economiques-pour-la-france-et-leurope\/#primaryimage\"},\"thumbnailUrl\":\"https:\/\/www.berndbraun.eu\/wp-content\/uploads\/2017\/02\/AdobeStock_355736206-scaled.jpeg\",\"articleSection\":[\"Politics\"],\"inLanguage\":\"de\",\"potentialAction\":[{\"@type\":\"CommentAction\",\"name\":\"Comment\",\"target\":[\"https:\/\/www.berndbraun.eu\/relation-usa-iran-les-impacts-politico-economiques-pour-la-france-et-leurope\/#respond\"]}]},{\"@type\":\"WebPage\",\"@id\":\"https:\/\/www.berndbraun.eu\/relation-usa-iran-les-impacts-politico-economiques-pour-la-france-et-leurope\/\",\"url\":\"https:\/\/www.berndbraun.eu\/relation-usa-iran-les-impacts-politico-economiques-pour-la-france-et-leurope\/\",\"name\":\"Bernd Braun - Relation USA-Iran : les impacts politico-\u00e9conomiques pour la France et l'Europe\",\"isPartOf\":{\"@id\":\"https:\/\/www.berndbraun.eu\/#website\"},\"primaryImageOfPage\":{\"@id\":\"https:\/\/www.berndbraun.eu\/relation-usa-iran-les-impacts-politico-economiques-pour-la-france-et-leurope\/#primaryimage\"},\"image\":{\"@id\":\"https:\/\/www.berndbraun.eu\/relation-usa-iran-les-impacts-politico-economiques-pour-la-france-et-leurope\/#primaryimage\"},\"thumbnailUrl\":\"https:\/\/www.berndbraun.eu\/wp-content\/uploads\/2017\/02\/AdobeStock_355736206-scaled.jpeg\",\"datePublished\":\"2017-02-05T10:04:02+00:00\",\"dateModified\":\"2022-02-22T19:35:57+00:00\",\"author\":{\"@id\":\"https:\/\/www.berndbraun.eu\/#\/schema\/person\/a64c4c08b6a8c9f8fe9be655928070ca\"},\"breadcrumb\":{\"@id\":\"https:\/\/www.berndbraun.eu\/relation-usa-iran-les-impacts-politico-economiques-pour-la-france-et-leurope\/#breadcrumb\"},\"inLanguage\":\"de\",\"potentialAction\":[{\"@type\":\"ReadAction\",\"target\":[\"https:\/\/www.berndbraun.eu\/relation-usa-iran-les-impacts-politico-economiques-pour-la-france-et-leurope\/\"]}]},{\"@type\":\"ImageObject\",\"inLanguage\":\"de\",\"@id\":\"https:\/\/www.berndbraun.eu\/relation-usa-iran-les-impacts-politico-economiques-pour-la-france-et-leurope\/#primaryimage\",\"url\":\"https:\/\/www.berndbraun.eu\/wp-content\/uploads\/2017\/02\/AdobeStock_355736206-scaled.jpeg\",\"contentUrl\":\"https:\/\/www.berndbraun.eu\/wp-content\/uploads\/2017\/02\/AdobeStock_355736206-scaled.jpeg\",\"width\":2560,\"height\":1636,\"caption\":\"Waving Iran flag above skyline of Tehran at sunset.\"},{\"@type\":\"BreadcrumbList\",\"@id\":\"https:\/\/www.berndbraun.eu\/relation-usa-iran-les-impacts-politico-economiques-pour-la-france-et-leurope\/#breadcrumb\",\"itemListElement\":[{\"@type\":\"ListItem\",\"position\":1,\"name\":\"Accueil\",\"item\":\"https:\/\/www.berndbraun.eu\/\"},{\"@type\":\"ListItem\",\"position\":2,\"name\":\"Relation USA-Iran : les impacts politico-\u00e9conomiques pour la France et l'Europe\"}]},{\"@type\":\"WebSite\",\"@id\":\"https:\/\/www.berndbraun.eu\/#website\",\"url\":\"https:\/\/www.berndbraun.eu\/\",\"name\":\"Bernd Braun\",\"description\":\"\",\"potentialAction\":[{\"@type\":\"SearchAction\",\"target\":{\"@type\":\"EntryPoint\",\"urlTemplate\":\"https:\/\/www.berndbraun.eu\/?s={search_term_string}\"},\"query-input\":{\"@type\":\"PropertyValueSpecification\",\"valueRequired\":true,\"valueName\":\"search_term_string\"}}],\"inLanguage\":\"de\"},{\"@type\":\"Person\",\"@id\":\"https:\/\/www.berndbraun.eu\/#\/schema\/person\/a64c4c08b6a8c9f8fe9be655928070ca\",\"name\":\"Bernd\",\"image\":{\"@type\":\"ImageObject\",\"inLanguage\":\"de\",\"@id\":\"https:\/\/secure.gravatar.com\/avatar\/e51d7b18a7c2fb10dd367a4bab68ef5a6d1736ae3537a0fd211df170b00b15af?s=96&d=mm&r=g\",\"url\":\"https:\/\/secure.gravatar.com\/avatar\/e51d7b18a7c2fb10dd367a4bab68ef5a6d1736ae3537a0fd211df170b00b15af?s=96&d=mm&r=g\",\"contentUrl\":\"https:\/\/secure.gravatar.com\/avatar\/e51d7b18a7c2fb10dd367a4bab68ef5a6d1736ae3537a0fd211df170b00b15af?s=96&d=mm&r=g\",\"caption\":\"Bernd\"},\"url\":\"https:\/\/www.berndbraun.eu\/de\/author\/bernd\/\"}]}<\/script>\n<!-- \/ Yoast SEO Premium plugin. -->","yoast_head_json":{"title":"Bernd Braun - Beziehung USA-Iran: Politisch-\u00f6konomische Auswirkungen f\u00fcr Frankreich und Europa","robots":{"index":"index","follow":"follow","max-snippet":"max-snippet:-1","max-image-preview":"max-image-preview:large","max-video-preview":"max-video-preview:-1"},"canonical":"https:\/\/www.berndbraun.eu\/de\/relation-usa-iran-les-impacts-politico-economiques-pour-la-france-et-leurope\/","og_locale":"de_DE","og_type":"article","og_title":"Relation USA-Iran : les impacts politico-\u00e9conomiques pour la France et l'Europe","og_description":"Introduction &nbsp;&nbsp;&nbsp;&nbsp;&nbsp;&nbsp;&nbsp;&nbsp;&nbsp;&nbsp;&nbsp; Dans une volont\u00e9 de d\u00e9veloppement du march\u00e9 sur lequel nous souhaitons nous implanter \u2013 savoir les nouvelles technologies au plus proche des utilisateurs \u2013 dans cette soci\u00e9t\u00e9 en mouvement qu\u2019est l\u2019Iran, il est n\u00e9cessaire de prendre en compte les derniers \u00e9v\u00e9nements survenus \u00e0 l\u2019\u00e9chelle internationale et d\u2019en tirer profit lorsque ces derniers le [&hellip;]","og_url":"https:\/\/www.berndbraun.eu\/de\/relation-usa-iran-les-impacts-politico-economiques-pour-la-france-et-leurope\/","og_site_name":"Bernd Braun","article_published_time":"2017-02-05T10:04:02+00:00","article_modified_time":"2022-02-22T19:35:57+00:00","og_image":[{"width":2560,"height":1636,"url":"https:\/\/www.berndbraun.eu\/wp-content\/uploads\/2017\/02\/AdobeStock_355736206-scaled.jpeg","type":"image\/jpeg"}],"author":"Bernd","twitter_card":"summary_large_image","twitter_misc":{"Verfasst von":"Bernd","Gesch\u00e4tzte Lesezeit":"8\u00a0Minuten"},"schema":{"@context":"https:\/\/schema.org","@graph":[{"@type":"Article","@id":"https:\/\/www.berndbraun.eu\/relation-usa-iran-les-impacts-politico-economiques-pour-la-france-et-leurope\/#article","isPartOf":{"@id":"https:\/\/www.berndbraun.eu\/relation-usa-iran-les-impacts-politico-economiques-pour-la-france-et-leurope\/"},"author":{"name":"Bernd","@id":"https:\/\/www.berndbraun.eu\/#\/schema\/person\/a64c4c08b6a8c9f8fe9be655928070ca"},"headline":"Relation USA-Iran : les impacts politico-\u00e9conomiques pour la France et l'Europe","datePublished":"2017-02-05T10:04:02+00:00","dateModified":"2022-02-22T19:35:57+00:00","mainEntityOfPage":{"@id":"https:\/\/www.berndbraun.eu\/relation-usa-iran-les-impacts-politico-economiques-pour-la-france-et-leurope\/"},"wordCount":1934,"commentCount":0,"image":{"@id":"https:\/\/www.berndbraun.eu\/relation-usa-iran-les-impacts-politico-economiques-pour-la-france-et-leurope\/#primaryimage"},"thumbnailUrl":"https:\/\/www.berndbraun.eu\/wp-content\/uploads\/2017\/02\/AdobeStock_355736206-scaled.jpeg","articleSection":["Politics"],"inLanguage":"de","potentialAction":[{"@type":"CommentAction","name":"Comment","target":["https:\/\/www.berndbraun.eu\/relation-usa-iran-les-impacts-politico-economiques-pour-la-france-et-leurope\/#respond"]}]},{"@type":"WebPage","@id":"https:\/\/www.berndbraun.eu\/relation-usa-iran-les-impacts-politico-economiques-pour-la-france-et-leurope\/","url":"https:\/\/www.berndbraun.eu\/relation-usa-iran-les-impacts-politico-economiques-pour-la-france-et-leurope\/","name":"Bernd Braun - Beziehung USA-Iran: Politisch-\u00f6konomische Auswirkungen f\u00fcr Frankreich und Europa","isPartOf":{"@id":"https:\/\/www.berndbraun.eu\/#website"},"primaryImageOfPage":{"@id":"https:\/\/www.berndbraun.eu\/relation-usa-iran-les-impacts-politico-economiques-pour-la-france-et-leurope\/#primaryimage"},"image":{"@id":"https:\/\/www.berndbraun.eu\/relation-usa-iran-les-impacts-politico-economiques-pour-la-france-et-leurope\/#primaryimage"},"thumbnailUrl":"https:\/\/www.berndbraun.eu\/wp-content\/uploads\/2017\/02\/AdobeStock_355736206-scaled.jpeg","datePublished":"2017-02-05T10:04:02+00:00","dateModified":"2022-02-22T19:35:57+00:00","author":{"@id":"https:\/\/www.berndbraun.eu\/#\/schema\/person\/a64c4c08b6a8c9f8fe9be655928070ca"},"breadcrumb":{"@id":"https:\/\/www.berndbraun.eu\/relation-usa-iran-les-impacts-politico-economiques-pour-la-france-et-leurope\/#breadcrumb"},"inLanguage":"de","potentialAction":[{"@type":"ReadAction","target":["https:\/\/www.berndbraun.eu\/relation-usa-iran-les-impacts-politico-economiques-pour-la-france-et-leurope\/"]}]},{"@type":"ImageObject","inLanguage":"de","@id":"https:\/\/www.berndbraun.eu\/relation-usa-iran-les-impacts-politico-economiques-pour-la-france-et-leurope\/#primaryimage","url":"https:\/\/www.berndbraun.eu\/wp-content\/uploads\/2017\/02\/AdobeStock_355736206-scaled.jpeg","contentUrl":"https:\/\/www.berndbraun.eu\/wp-content\/uploads\/2017\/02\/AdobeStock_355736206-scaled.jpeg","width":2560,"height":1636,"caption":"Waving Iran flag above skyline of Tehran at sunset."},{"@type":"BreadcrumbList","@id":"https:\/\/www.berndbraun.eu\/relation-usa-iran-les-impacts-politico-economiques-pour-la-france-et-leurope\/#breadcrumb","itemListElement":[{"@type":"ListItem","position":1,"name":"Accueil","item":"https:\/\/www.berndbraun.eu\/"},{"@type":"ListItem","position":2,"name":"Relation USA-Iran : les impacts politico-\u00e9conomiques pour la France et l'Europe"}]},{"@type":"WebSite","@id":"https:\/\/www.berndbraun.eu\/#website","url":"https:\/\/www.berndbraun.eu\/","name":"Bernd Braun","description":"","potentialAction":[{"@type":"SearchAction","target":{"@type":"EntryPoint","urlTemplate":"https:\/\/www.berndbraun.eu\/?s={search_term_string}"},"query-input":{"@type":"PropertyValueSpecification","valueRequired":true,"valueName":"search_term_string"}}],"inLanguage":"de"},{"@type":"Person","@id":"https:\/\/www.berndbraun.eu\/#\/schema\/person\/a64c4c08b6a8c9f8fe9be655928070ca","name":"Bernd","image":{"@type":"ImageObject","inLanguage":"de","@id":"https:\/\/secure.gravatar.com\/avatar\/e51d7b18a7c2fb10dd367a4bab68ef5a6d1736ae3537a0fd211df170b00b15af?s=96&d=mm&r=g","url":"https:\/\/secure.gravatar.com\/avatar\/e51d7b18a7c2fb10dd367a4bab68ef5a6d1736ae3537a0fd211df170b00b15af?s=96&d=mm&r=g","contentUrl":"https:\/\/secure.gravatar.com\/avatar\/e51d7b18a7c2fb10dd367a4bab68ef5a6d1736ae3537a0fd211df170b00b15af?s=96&d=mm&r=g","caption":"Bernd"},"url":"https:\/\/www.berndbraun.eu\/de\/author\/bernd\/"}]}},"_links":{"self":[{"href":"https:\/\/www.berndbraun.eu\/de\/wp-json\/wp\/v2\/posts\/914","targetHints":{"allow":["GET"]}}],"collection":[{"href":"https:\/\/www.berndbraun.eu\/de\/wp-json\/wp\/v2\/posts"}],"about":[{"href":"https:\/\/www.berndbraun.eu\/de\/wp-json\/wp\/v2\/types\/post"}],"author":[{"embeddable":true,"href":"https:\/\/www.berndbraun.eu\/de\/wp-json\/wp\/v2\/users\/3"}],"replies":[{"embeddable":true,"href":"https:\/\/www.berndbraun.eu\/de\/wp-json\/wp\/v2\/comments?post=914"}],"version-history":[{"count":20,"href":"https:\/\/www.berndbraun.eu\/de\/wp-json\/wp\/v2\/posts\/914\/revisions"}],"predecessor-version":[{"id":1034,"href":"https:\/\/www.berndbraun.eu\/de\/wp-json\/wp\/v2\/posts\/914\/revisions\/1034"}],"wp:featuredmedia":[{"embeddable":true,"href":"https:\/\/www.berndbraun.eu\/de\/wp-json\/wp\/v2\/media\/928"}],"wp:attachment":[{"href":"https:\/\/www.berndbraun.eu\/de\/wp-json\/wp\/v2\/media?parent=914"}],"wp:term":[{"taxonomy":"category","embeddable":true,"href":"https:\/\/www.berndbraun.eu\/de\/wp-json\/wp\/v2\/categories?post=914"},{"taxonomy":"post_tag","embeddable":true,"href":"https:\/\/www.berndbraun.eu\/de\/wp-json\/wp\/v2\/tags?post=914"},{"taxonomy":"type-darticle","embeddable":true,"href":"https:\/\/www.berndbraun.eu\/de\/wp-json\/wp\/v2\/type-darticle?post=914"}],"curies":[{"name":"wp","href":"https:\/\/api.w.org\/{rel}","templated":true}]}}