{"id":1191,"date":"2022-04-30T22:17:13","date_gmt":"2022-04-30T20:17:13","guid":{"rendered":"https:\/\/www.berndbraun.eu\/?p=1191"},"modified":"2022-11-17T01:26:49","modified_gmt":"2022-11-16T23:26:49","slug":"attaque-iranienne-a-erbil","status":"publish","type":"post","link":"https:\/\/www.berndbraun.eu\/dk\/attaque-iranienne-a-erbil\/","title":{"rendered":"Iransk angreb i Erbil"},"content":{"rendered":"<p class=\"has-white-color has-text-color has-background\" style=\"background-color:#4c5468\">&nbsp;&nbsp;&nbsp;&nbsp;&nbsp;&nbsp;&nbsp;&nbsp;&nbsp;&nbsp;&nbsp; Den 13. marts bombede Iran Erbil, en stor by i det nord\u00f8stlige Irak, der hovedsagelig er beboet af landets kurdiske befolkning. Teheran p\u00e5tog sig ansvaret for angrebene, der ramte infrastrukturer, som if\u00f8lge Revolutionsgarden er israelske tr\u00e6ningskomplekser, men ogs\u00e5 strategiske centre.<\/p>\n\n\n\n<figure class=\"wp-block-video\"><video height=\"1080\" style=\"aspect-ratio: 1920 \/ 1080;\" width=\"1920\" autoplay src=\"https:\/\/www.berndbraun.eu\/wp-content\/uploads\/2022\/05\/dreamstime_214559435.mp4\"><\/video><\/figure>\n\n\n\n<p>&nbsp;&nbsp;&nbsp;&nbsp;&nbsp;&nbsp;&nbsp;&nbsp;&nbsp;&nbsp;&nbsp; Det er derfor en rivalisering, et fjendskab, der er gammelt, dybt forankret i bevidstheden, og som giver genlyd i vores nuv\u00e6rende situation. Siden 2012 har Israel gennemf\u00f8rt adskillige luftangreb mod Syrien. Disse sp\u00e6ndinger - som let kan k\u00e6des sammen med USA's og Tel Avivs bestr\u00e6belser p\u00e5 at destabilisere Bashar El-Assads regime i Syrien og den nylige borgerkrig, som det syriske samfund har lidt under - har f\u00f8rt til en stigning i antallet af israelske interventioner mod Syrien med hj\u00e6lp fra Iran.<\/p>\n\n\n\n<p>&nbsp;&nbsp;&nbsp;&nbsp;&nbsp;&nbsp;&nbsp;&nbsp;&nbsp;&nbsp;&nbsp; Den 7. marts 2022 bombarderede Israel en forstad til Damaskus og dr\u00e6bte to personer. En lille afgift, men en krigerisk handling, der ikke har noget andet form\u00e5l end den hebraiske vilje til at afs\u00e6tte den syriske leder. \u00c5rsagen til en s\u00e5dan vilje skal findes i de s\u00e6rlige forbindelser, der eksisterer mellem Damaskus og Teheran, som begge er s\u00e6der for lande med et shiitisk flertal, der begge er imod Israels dominans i Mellem\u00f8sten.<\/p>\n\n\n\n<p class=\"has-white-color has-text-color has-background\" style=\"background-color:#9a2525\">&nbsp;&nbsp;&nbsp;&nbsp;&nbsp;&nbsp;&nbsp;&nbsp;&nbsp;&nbsp;&nbsp; Som svar p\u00e5 angrebene n\u00e6r Damaskus, som Tel Aviv siger, at de blev udf\u00f8rt mod de iranske styrker, Pasdaran, bombede Iran byen Erbil i i irakisk Kurdistan under p\u00e5skud af tilstedev\u00e6relsen af amerikanske og israelske milit\u00e6rkomplekser. Washington og den hebraiske stat ben\u00e6gtede straks tilstedev\u00e6relsen af baser, der tilh\u00f8rer dem, og p\u00e5pegede, at der kun er et amerikansk konsulat i byen. Der blev indf\u00f8rt nye sanktioner mod Teheran.<\/p>\n\n\n\n<p>&nbsp;&nbsp;&nbsp;&nbsp;&nbsp;&nbsp;&nbsp;&nbsp;&nbsp;&nbsp;&nbsp; Men da Iran er en del af den kinesisk-russiske \u00f8konomiske, milit\u00e6re og energim\u00e6ssige alliance, har de sanktioner, der er indf\u00f8rt mod Iran, mindre og mindre effekt, undtagen p\u00e5 den europ\u00e6iske side. De europ\u00e6iske holdninger er faktisk uklare, idet nogle lande som Frankrig, Tyskland og Italien fors\u00f8ger at bevare deres markedsandel i landet, men forbliver tilbageholdende og bliver usikre kommercielle og diplomatiske partnere, s\u00e5 snart USA kalder dem til orden.<\/p>\n\n\n\n<figure class=\"wp-block-gallery has-nested-images columns-default is-cropped wp-block-gallery-1 is-layout-flex wp-block-gallery-is-layout-flex\"><\/figure>\n\n\n\n<figure class=\"wp-block-gallery has-nested-images columns-default is-cropped wp-block-gallery-2 is-layout-flex wp-block-gallery-is-layout-flex\">\n<figure class=\"wp-block-image size-large\"><a href=\"https:\/\/www.berndbraun.eu\/wp-content\/uploads\/2022\/05\/dreamstime_m_244131702-scaled.jpg\"><img loading=\"lazy\" decoding=\"async\" width=\"1024\" height=\"640\" data-id=\"1198\" src=\"https:\/\/www.berndbraun.eu\/wp-content\/uploads\/2022\/05\/dreamstime_m_244131702-1024x640.jpg\" alt=\"\" class=\"wp-image-1198\" srcset=\"https:\/\/www.berndbraun.eu\/wp-content\/uploads\/2022\/05\/dreamstime_m_244131702-1024x640.jpg 1024w, https:\/\/www.berndbraun.eu\/wp-content\/uploads\/2022\/05\/dreamstime_m_244131702-300x188.jpg 300w, https:\/\/www.berndbraun.eu\/wp-content\/uploads\/2022\/05\/dreamstime_m_244131702-768x480.jpg 768w, https:\/\/www.berndbraun.eu\/wp-content\/uploads\/2022\/05\/dreamstime_m_244131702-1536x960.jpg 1536w, https:\/\/www.berndbraun.eu\/wp-content\/uploads\/2022\/05\/dreamstime_m_244131702-2048x1280.jpg 2048w, https:\/\/www.berndbraun.eu\/wp-content\/uploads\/2022\/05\/dreamstime_m_244131702-18x12.jpg 18w, https:\/\/www.berndbraun.eu\/wp-content\/uploads\/2022\/05\/dreamstime_m_244131702-scaled.jpg 2560w\" sizes=\"auto, (max-width: 1024px) 100vw, 1024px\" \/><\/a><figcaption class=\"wp-element-caption\">Erbil \u00a9 Rasool Ali<\/figcaption><\/figure>\n\n\n\n<figure class=\"wp-block-image size-large\"><a href=\"https:\/\/www.berndbraun.eu\/wp-content\/uploads\/2022\/05\/dreamstime_m_244131725.jpg\"><img loading=\"lazy\" decoding=\"async\" width=\"1024\" height=\"683\" data-id=\"1199\" src=\"https:\/\/www.berndbraun.eu\/wp-content\/uploads\/2022\/05\/dreamstime_m_244131725-1024x683.jpg\" alt=\"\" class=\"wp-image-1199\" srcset=\"https:\/\/www.berndbraun.eu\/wp-content\/uploads\/2022\/05\/dreamstime_m_244131725-1024x683.jpg 1024w, https:\/\/www.berndbraun.eu\/wp-content\/uploads\/2022\/05\/dreamstime_m_244131725-300x200.jpg 300w, https:\/\/www.berndbraun.eu\/wp-content\/uploads\/2022\/05\/dreamstime_m_244131725-768x512.jpg 768w, https:\/\/www.berndbraun.eu\/wp-content\/uploads\/2022\/05\/dreamstime_m_244131725-1536x1024.jpg 1536w, https:\/\/www.berndbraun.eu\/wp-content\/uploads\/2022\/05\/dreamstime_m_244131725-2048x1365.jpg 2048w, https:\/\/www.berndbraun.eu\/wp-content\/uploads\/2022\/05\/dreamstime_m_244131725-18x12.jpg 18w, https:\/\/www.berndbraun.eu\/wp-content\/uploads\/2022\/05\/dreamstime_m_244131725.jpg 2121w\" sizes=\"auto, (max-width: 1024px) 100vw, 1024px\" \/><\/a><figcaption class=\"wp-element-caption\">Erbil \u00a9 Rasool Ali<\/figcaption><\/figure>\n<\/figure>\n\n\n\n<p>&nbsp;&nbsp;&nbsp;&nbsp;&nbsp;&nbsp;&nbsp;&nbsp;&nbsp;&nbsp;&nbsp; I forbindelse med den sydlige russiske krig mod Ukraine, hvor Donbass-omr\u00e5derne, dvs. de russisktalende regioner Donetsk og Luhansk, er det vigtigste sp\u00f8rgsm\u00e5l, har Iran taget parti for Rusland og ventet p\u00e5, at Kina skulle tage stilling. Da situationen i regionen havde forrang for alle andre kriser i \u00f8jeblikket, benyttede Israel denne mulighed til at angribe iranske styrker i Syrien for at fors\u00f8ge at destabilisere El-Assad-regimet yderligere. De angreb, som Irans revolution\u00e6re styrker har iv\u00e6rksat fra omr\u00e5derne n\u00e6r Irak, er et budskab til Israel, USA og resten af Vesten. Teheran er fortsat parat til at forsvare sine interesser og sine allieredes interesser, men frem for alt til at gennemf\u00f8re sit magtprojekt i regionen, der \u00f8nsker at im\u00f8deg\u00e5 Tel Avivs \u00f8nsker.<\/p>\n\n\n\n<div style=\"height:50px\" aria-hidden=\"true\" class=\"wp-block-spacer\"><\/div>\n\n\n\n<p class=\"has-text-align-center has-cyan-bluish-gray-color has-text-color has-small-font-size\">2022 Alle rettigheder forbeholdt BRAUN<\/p>","protected":false},"excerpt":{"rendered":"<p>&nbsp;&nbsp;&nbsp;&nbsp;&nbsp;&nbsp;&nbsp;&nbsp;&nbsp;&nbsp;&nbsp; Le 13 mars dernier l\u2019Iran bombardait Erbil, grande ville du Nord-Est irakien majoritairement habit\u00e9e par les populations kurdes du pays. T\u00e9h\u00e9ran revendique les frappes qui s\u2019abattent sur des infrastructures que les Gardiens de la R\u00e9volution affirment \u00eatre des complexes isra\u00e9liens d\u2019entra\u00eenement, mais \u00e9galement des centres strat\u00e9giques. &nbsp;&nbsp;&nbsp;&nbsp;&nbsp;&nbsp;&nbsp;&nbsp;&nbsp;&nbsp;&nbsp; Il s\u2019agit donc d\u2019une rivalit\u00e9, d\u2019une inimiti\u00e9 [&hellip;]<\/p>\n","protected":false},"author":3,"featured_media":1194,"comment_status":"open","ping_status":"open","sticky":false,"template":"","format":"standard","meta":{"footnotes":""},"categories":[5],"tags":[],"type-darticle":[24],"class_list":["post-1191","post","type-post","status-publish","format-standard","has-post-thumbnail","hentry","category-politics","type-darticle-video"],"yoast_head":"<!-- This site is optimized with the Yoast SEO Premium plugin v21.4 (Yoast SEO v27.2) - https:\/\/yoast.com\/product\/yoast-seo-premium-wordpress\/ -->\n<title>Bernd Braun - Attaque iranienne \u00e0 Erbil<\/title>\n<meta name=\"robots\" content=\"index, follow, max-snippet:-1, max-image-preview:large, max-video-preview:-1\" \/>\n<link rel=\"canonical\" href=\"https:\/\/www.berndbraun.eu\/dk\/attaque-iranienne-a-erbil\/\" \/>\n<meta property=\"og:locale\" content=\"da_DK\" \/>\n<meta property=\"og:type\" content=\"article\" \/>\n<meta property=\"og:title\" content=\"Attaque iranienne \u00e0 Erbil\" \/>\n<meta property=\"og:description\" content=\"&nbsp;&nbsp;&nbsp;&nbsp;&nbsp;&nbsp;&nbsp;&nbsp;&nbsp;&nbsp;&nbsp; Le 13 mars dernier l\u2019Iran bombardait Erbil, grande ville du Nord-Est irakien majoritairement habit\u00e9e par les populations kurdes du pays. T\u00e9h\u00e9ran revendique les frappes qui s\u2019abattent sur des infrastructures que les Gardiens de la R\u00e9volution affirment \u00eatre des complexes isra\u00e9liens d\u2019entra\u00eenement, mais \u00e9galement des centres strat\u00e9giques. &nbsp;&nbsp;&nbsp;&nbsp;&nbsp;&nbsp;&nbsp;&nbsp;&nbsp;&nbsp;&nbsp; Il s\u2019agit donc d\u2019une rivalit\u00e9, d\u2019une inimiti\u00e9 [&hellip;]\" \/>\n<meta property=\"og:url\" content=\"https:\/\/www.berndbraun.eu\/dk\/attaque-iranienne-a-erbil\/\" \/>\n<meta property=\"og:site_name\" content=\"Bernd Braun\" \/>\n<meta property=\"article:published_time\" content=\"2022-04-30T20:17:13+00:00\" \/>\n<meta property=\"article:modified_time\" content=\"2022-11-16T23:26:49+00:00\" \/>\n<meta property=\"og:image\" content=\"https:\/\/www.berndbraun.eu\/wp-content\/uploads\/2022\/05\/dreamstime_m_147204758-scaled.jpg\" \/>\n\t<meta property=\"og:image:width\" content=\"2560\" \/>\n\t<meta property=\"og:image:height\" content=\"1025\" \/>\n\t<meta property=\"og:image:type\" content=\"image\/jpeg\" \/>\n<meta name=\"author\" content=\"Bernd\" \/>\n<meta name=\"twitter:card\" content=\"summary_large_image\" \/>\n<meta name=\"twitter:label1\" content=\"Skrevet af\" \/>\n\t<meta name=\"twitter:data1\" content=\"Bernd\" \/>\n\t<meta name=\"twitter:label2\" content=\"Estimeret l\u00e6setid\" \/>\n\t<meta name=\"twitter:data2\" content=\"3 minutter\" \/>\n<script type=\"application\/ld+json\" class=\"yoast-schema-graph\">{\"@context\":\"https:\/\/schema.org\",\"@graph\":[{\"@type\":\"Article\",\"@id\":\"https:\/\/www.berndbraun.eu\/attaque-iranienne-a-erbil\/#article\",\"isPartOf\":{\"@id\":\"https:\/\/www.berndbraun.eu\/attaque-iranienne-a-erbil\/\"},\"author\":{\"name\":\"Bernd\",\"@id\":\"https:\/\/www.berndbraun.eu\/#\/schema\/person\/a64c4c08b6a8c9f8fe9be655928070ca\"},\"headline\":\"Attaque iranienne \u00e0 Erbil\",\"datePublished\":\"2022-04-30T20:17:13+00:00\",\"dateModified\":\"2022-11-16T23:26:49+00:00\",\"mainEntityOfPage\":{\"@id\":\"https:\/\/www.berndbraun.eu\/attaque-iranienne-a-erbil\/\"},\"wordCount\":659,\"commentCount\":0,\"image\":{\"@id\":\"https:\/\/www.berndbraun.eu\/attaque-iranienne-a-erbil\/#primaryimage\"},\"thumbnailUrl\":\"https:\/\/www.berndbraun.eu\/wp-content\/uploads\/2022\/05\/dreamstime_m_147204758-scaled.jpg\",\"articleSection\":[\"Politics\"],\"inLanguage\":\"da-DK\",\"potentialAction\":[{\"@type\":\"CommentAction\",\"name\":\"Comment\",\"target\":[\"https:\/\/www.berndbraun.eu\/attaque-iranienne-a-erbil\/#respond\"]}]},{\"@type\":\"WebPage\",\"@id\":\"https:\/\/www.berndbraun.eu\/attaque-iranienne-a-erbil\/\",\"url\":\"https:\/\/www.berndbraun.eu\/attaque-iranienne-a-erbil\/\",\"name\":\"Bernd Braun - Attaque iranienne \u00e0 Erbil\",\"isPartOf\":{\"@id\":\"https:\/\/www.berndbraun.eu\/#website\"},\"primaryImageOfPage\":{\"@id\":\"https:\/\/www.berndbraun.eu\/attaque-iranienne-a-erbil\/#primaryimage\"},\"image\":{\"@id\":\"https:\/\/www.berndbraun.eu\/attaque-iranienne-a-erbil\/#primaryimage\"},\"thumbnailUrl\":\"https:\/\/www.berndbraun.eu\/wp-content\/uploads\/2022\/05\/dreamstime_m_147204758-scaled.jpg\",\"datePublished\":\"2022-04-30T20:17:13+00:00\",\"dateModified\":\"2022-11-16T23:26:49+00:00\",\"author\":{\"@id\":\"https:\/\/www.berndbraun.eu\/#\/schema\/person\/a64c4c08b6a8c9f8fe9be655928070ca\"},\"breadcrumb\":{\"@id\":\"https:\/\/www.berndbraun.eu\/attaque-iranienne-a-erbil\/#breadcrumb\"},\"inLanguage\":\"da-DK\",\"potentialAction\":[{\"@type\":\"ReadAction\",\"target\":[\"https:\/\/www.berndbraun.eu\/attaque-iranienne-a-erbil\/\"]}]},{\"@type\":\"ImageObject\",\"inLanguage\":\"da-DK\",\"@id\":\"https:\/\/www.berndbraun.eu\/attaque-iranienne-a-erbil\/#primaryimage\",\"url\":\"https:\/\/www.berndbraun.eu\/wp-content\/uploads\/2022\/05\/dreamstime_m_147204758-scaled.jpg\",\"contentUrl\":\"https:\/\/www.berndbraun.eu\/wp-content\/uploads\/2022\/05\/dreamstime_m_147204758-scaled.jpg\",\"width\":2560,\"height\":1025},{\"@type\":\"BreadcrumbList\",\"@id\":\"https:\/\/www.berndbraun.eu\/attaque-iranienne-a-erbil\/#breadcrumb\",\"itemListElement\":[{\"@type\":\"ListItem\",\"position\":1,\"name\":\"Accueil\",\"item\":\"https:\/\/www.berndbraun.eu\/\"},{\"@type\":\"ListItem\",\"position\":2,\"name\":\"Attaque iranienne \u00e0 Erbil\"}]},{\"@type\":\"WebSite\",\"@id\":\"https:\/\/www.berndbraun.eu\/#website\",\"url\":\"https:\/\/www.berndbraun.eu\/\",\"name\":\"Bernd Braun\",\"description\":\"\",\"potentialAction\":[{\"@type\":\"SearchAction\",\"target\":{\"@type\":\"EntryPoint\",\"urlTemplate\":\"https:\/\/www.berndbraun.eu\/?s={search_term_string}\"},\"query-input\":{\"@type\":\"PropertyValueSpecification\",\"valueRequired\":true,\"valueName\":\"search_term_string\"}}],\"inLanguage\":\"da-DK\"},{\"@type\":\"Person\",\"@id\":\"https:\/\/www.berndbraun.eu\/#\/schema\/person\/a64c4c08b6a8c9f8fe9be655928070ca\",\"name\":\"Bernd\",\"image\":{\"@type\":\"ImageObject\",\"inLanguage\":\"da-DK\",\"@id\":\"https:\/\/secure.gravatar.com\/avatar\/e51d7b18a7c2fb10dd367a4bab68ef5a6d1736ae3537a0fd211df170b00b15af?s=96&d=mm&r=g\",\"url\":\"https:\/\/secure.gravatar.com\/avatar\/e51d7b18a7c2fb10dd367a4bab68ef5a6d1736ae3537a0fd211df170b00b15af?s=96&d=mm&r=g\",\"contentUrl\":\"https:\/\/secure.gravatar.com\/avatar\/e51d7b18a7c2fb10dd367a4bab68ef5a6d1736ae3537a0fd211df170b00b15af?s=96&d=mm&r=g\",\"caption\":\"Bernd\"},\"url\":\"https:\/\/www.berndbraun.eu\/dk\/author\/bernd\/\"}]}<\/script>\n<!-- \/ Yoast SEO Premium plugin. -->","yoast_head_json":{"title":"Bernd Braun - Iransk angreb i Erbil","robots":{"index":"index","follow":"follow","max-snippet":"max-snippet:-1","max-image-preview":"max-image-preview:large","max-video-preview":"max-video-preview:-1"},"canonical":"https:\/\/www.berndbraun.eu\/dk\/attaque-iranienne-a-erbil\/","og_locale":"da_DK","og_type":"article","og_title":"Attaque iranienne \u00e0 Erbil","og_description":"&nbsp;&nbsp;&nbsp;&nbsp;&nbsp;&nbsp;&nbsp;&nbsp;&nbsp;&nbsp;&nbsp; Le 13 mars dernier l\u2019Iran bombardait Erbil, grande ville du Nord-Est irakien majoritairement habit\u00e9e par les populations kurdes du pays. T\u00e9h\u00e9ran revendique les frappes qui s\u2019abattent sur des infrastructures que les Gardiens de la R\u00e9volution affirment \u00eatre des complexes isra\u00e9liens d\u2019entra\u00eenement, mais \u00e9galement des centres strat\u00e9giques. &nbsp;&nbsp;&nbsp;&nbsp;&nbsp;&nbsp;&nbsp;&nbsp;&nbsp;&nbsp;&nbsp; Il s\u2019agit donc d\u2019une rivalit\u00e9, d\u2019une inimiti\u00e9 [&hellip;]","og_url":"https:\/\/www.berndbraun.eu\/dk\/attaque-iranienne-a-erbil\/","og_site_name":"Bernd Braun","article_published_time":"2022-04-30T20:17:13+00:00","article_modified_time":"2022-11-16T23:26:49+00:00","og_image":[{"width":2560,"height":1025,"url":"https:\/\/www.berndbraun.eu\/wp-content\/uploads\/2022\/05\/dreamstime_m_147204758-scaled.jpg","type":"image\/jpeg"}],"author":"Bernd","twitter_card":"summary_large_image","twitter_misc":{"Skrevet af":"Bernd","Estimeret l\u00e6setid":"3 minutter"},"schema":{"@context":"https:\/\/schema.org","@graph":[{"@type":"Article","@id":"https:\/\/www.berndbraun.eu\/attaque-iranienne-a-erbil\/#article","isPartOf":{"@id":"https:\/\/www.berndbraun.eu\/attaque-iranienne-a-erbil\/"},"author":{"name":"Bernd","@id":"https:\/\/www.berndbraun.eu\/#\/schema\/person\/a64c4c08b6a8c9f8fe9be655928070ca"},"headline":"Attaque iranienne \u00e0 Erbil","datePublished":"2022-04-30T20:17:13+00:00","dateModified":"2022-11-16T23:26:49+00:00","mainEntityOfPage":{"@id":"https:\/\/www.berndbraun.eu\/attaque-iranienne-a-erbil\/"},"wordCount":659,"commentCount":0,"image":{"@id":"https:\/\/www.berndbraun.eu\/attaque-iranienne-a-erbil\/#primaryimage"},"thumbnailUrl":"https:\/\/www.berndbraun.eu\/wp-content\/uploads\/2022\/05\/dreamstime_m_147204758-scaled.jpg","articleSection":["Politics"],"inLanguage":"da-DK","potentialAction":[{"@type":"CommentAction","name":"Comment","target":["https:\/\/www.berndbraun.eu\/attaque-iranienne-a-erbil\/#respond"]}]},{"@type":"WebPage","@id":"https:\/\/www.berndbraun.eu\/attaque-iranienne-a-erbil\/","url":"https:\/\/www.berndbraun.eu\/attaque-iranienne-a-erbil\/","name":"Bernd Braun - Iransk angreb i Erbil","isPartOf":{"@id":"https:\/\/www.berndbraun.eu\/#website"},"primaryImageOfPage":{"@id":"https:\/\/www.berndbraun.eu\/attaque-iranienne-a-erbil\/#primaryimage"},"image":{"@id":"https:\/\/www.berndbraun.eu\/attaque-iranienne-a-erbil\/#primaryimage"},"thumbnailUrl":"https:\/\/www.berndbraun.eu\/wp-content\/uploads\/2022\/05\/dreamstime_m_147204758-scaled.jpg","datePublished":"2022-04-30T20:17:13+00:00","dateModified":"2022-11-16T23:26:49+00:00","author":{"@id":"https:\/\/www.berndbraun.eu\/#\/schema\/person\/a64c4c08b6a8c9f8fe9be655928070ca"},"breadcrumb":{"@id":"https:\/\/www.berndbraun.eu\/attaque-iranienne-a-erbil\/#breadcrumb"},"inLanguage":"da-DK","potentialAction":[{"@type":"ReadAction","target":["https:\/\/www.berndbraun.eu\/attaque-iranienne-a-erbil\/"]}]},{"@type":"ImageObject","inLanguage":"da-DK","@id":"https:\/\/www.berndbraun.eu\/attaque-iranienne-a-erbil\/#primaryimage","url":"https:\/\/www.berndbraun.eu\/wp-content\/uploads\/2022\/05\/dreamstime_m_147204758-scaled.jpg","contentUrl":"https:\/\/www.berndbraun.eu\/wp-content\/uploads\/2022\/05\/dreamstime_m_147204758-scaled.jpg","width":2560,"height":1025},{"@type":"BreadcrumbList","@id":"https:\/\/www.berndbraun.eu\/attaque-iranienne-a-erbil\/#breadcrumb","itemListElement":[{"@type":"ListItem","position":1,"name":"Accueil","item":"https:\/\/www.berndbraun.eu\/"},{"@type":"ListItem","position":2,"name":"Attaque iranienne \u00e0 Erbil"}]},{"@type":"WebSite","@id":"https:\/\/www.berndbraun.eu\/#website","url":"https:\/\/www.berndbraun.eu\/","name":"Bernd Braun","description":"","potentialAction":[{"@type":"SearchAction","target":{"@type":"EntryPoint","urlTemplate":"https:\/\/www.berndbraun.eu\/?s={search_term_string}"},"query-input":{"@type":"PropertyValueSpecification","valueRequired":true,"valueName":"search_term_string"}}],"inLanguage":"da-DK"},{"@type":"Person","@id":"https:\/\/www.berndbraun.eu\/#\/schema\/person\/a64c4c08b6a8c9f8fe9be655928070ca","name":"Bernd","image":{"@type":"ImageObject","inLanguage":"da-DK","@id":"https:\/\/secure.gravatar.com\/avatar\/e51d7b18a7c2fb10dd367a4bab68ef5a6d1736ae3537a0fd211df170b00b15af?s=96&d=mm&r=g","url":"https:\/\/secure.gravatar.com\/avatar\/e51d7b18a7c2fb10dd367a4bab68ef5a6d1736ae3537a0fd211df170b00b15af?s=96&d=mm&r=g","contentUrl":"https:\/\/secure.gravatar.com\/avatar\/e51d7b18a7c2fb10dd367a4bab68ef5a6d1736ae3537a0fd211df170b00b15af?s=96&d=mm&r=g","caption":"Bernd"},"url":"https:\/\/www.berndbraun.eu\/dk\/author\/bernd\/"}]}},"_links":{"self":[{"href":"https:\/\/www.berndbraun.eu\/dk\/wp-json\/wp\/v2\/posts\/1191","targetHints":{"allow":["GET"]}}],"collection":[{"href":"https:\/\/www.berndbraun.eu\/dk\/wp-json\/wp\/v2\/posts"}],"about":[{"href":"https:\/\/www.berndbraun.eu\/dk\/wp-json\/wp\/v2\/types\/post"}],"author":[{"embeddable":true,"href":"https:\/\/www.berndbraun.eu\/dk\/wp-json\/wp\/v2\/users\/3"}],"replies":[{"embeddable":true,"href":"https:\/\/www.berndbraun.eu\/dk\/wp-json\/wp\/v2\/comments?post=1191"}],"version-history":[{"count":12,"href":"https:\/\/www.berndbraun.eu\/dk\/wp-json\/wp\/v2\/posts\/1191\/revisions"}],"predecessor-version":[{"id":1555,"href":"https:\/\/www.berndbraun.eu\/dk\/wp-json\/wp\/v2\/posts\/1191\/revisions\/1555"}],"wp:featuredmedia":[{"embeddable":true,"href":"https:\/\/www.berndbraun.eu\/dk\/wp-json\/wp\/v2\/media\/1194"}],"wp:attachment":[{"href":"https:\/\/www.berndbraun.eu\/dk\/wp-json\/wp\/v2\/media?parent=1191"}],"wp:term":[{"taxonomy":"category","embeddable":true,"href":"https:\/\/www.berndbraun.eu\/dk\/wp-json\/wp\/v2\/categories?post=1191"},{"taxonomy":"post_tag","embeddable":true,"href":"https:\/\/www.berndbraun.eu\/dk\/wp-json\/wp\/v2\/tags?post=1191"},{"taxonomy":"type-darticle","embeddable":true,"href":"https:\/\/www.berndbraun.eu\/dk\/wp-json\/wp\/v2\/type-darticle?post=1191"}],"curies":[{"name":"wp","href":"https:\/\/api.w.org\/{rel}","templated":true}]}}