{"id":561,"date":"2015-01-06T22:54:26","date_gmt":"2015-01-06T20:54:26","guid":{"rendered":"https:\/\/www.berndbraun.eu\/?p=561"},"modified":"2022-02-22T21:35:57","modified_gmt":"2022-02-22T19:35:57","slug":"the-decision-making-process-of-obama-concerning-isis","status":"publish","type":"post","link":"https:\/\/www.berndbraun.eu\/dk\/the-decision-making-process-of-obama-concerning-isis\/","title":{"rendered":"Obamas beslutningsproces i forbindelse med ISIS"},"content":{"rendered":"<div style=\"height:20px\" aria-hidden=\"true\" class=\"wp-block-spacer\"><\/div>\n\n\n\n<h2 class=\"has-medium-font-size wp-block-heading\">I. Pr\u00e6sidenten og hans r\u00e5dgivere<br><\/h2>\n\n\n\n<div style=\"height:10px\" aria-hidden=\"true\" class=\"wp-block-spacer\"><\/div>\n\n\n\n<h2 class=\"has-medium-font-size wp-block-heading\">II. Den bureaukratiske variabel<br><\/h2>\n\n\n\n<div style=\"height:10px\" aria-hidden=\"true\" class=\"wp-block-spacer\"><\/div>\n\n\n\n<h2 class=\"has-medium-font-size wp-block-heading\">III. De statslige og samfundsm\u00e6ssige variabler<br><\/h2>\n\n\n\n<div style=\"height:10px\" aria-hidden=\"true\" class=\"wp-block-spacer\"><\/div>\n\n\n\n<h2 class=\"has-medium-font-size wp-block-heading\">IV. Den kognitive tilgang<br><\/h2>\n\n\n\n<div style=\"height:10px\" aria-hidden=\"true\" class=\"wp-block-spacer\"><\/div>\n\n\n\n<h2 class=\"has-medium-font-size wp-block-heading\">V. Den systemiske variabel<br><\/h2>\n\n\n\n<div style=\"height:59px\" aria-hidden=\"true\" class=\"wp-block-spacer\"><\/div>\n\n\n\n<h3 class=\"has-medium-font-size wp-block-heading\"> I. Pr\u00e6sidenten og hans r\u00e5dgivere <\/h3>\n\n\n\n<p>          Den virkelige beslutningsproces er grundl\u00e6ggende baseret p\u00e5 pr\u00e6sidentens Obama-stab, dvs. en lille inderkreds af r\u00e5dgivere, som knyttede deres relationer til ham under valgkampen i 2008. Det er i det v\u00e6sentlige pr\u00e6sident Obama selv, der beslutter det efter at have h\u00f8rt nogle aspekter inden for denne inderkreds af r\u00e5dgivere. Det er hovedsageligt den <em>Stabschef <\/em>McDonough en af sine <strong>spindoktorer <\/strong>og <strong>bolsterere<\/strong>), den mest tillidsfulde over for formanden. S\u00e5 kommer S. Rice, den nationale sikkerhedsr\u00e5dgiver. Disse udg\u00f8r sammen med resten af den inderste kreds den \"<strong>i gruppen<\/strong>\"Pr\u00e6sidentens loyalister nyder godt af den privilegerede adgang til ham. Resten af de intuitive r\u00e5dgivere udg\u00f8r \"<strong>gruppe uden for gruppen<\/strong>\"Dette er et typisk tr\u00e6k ved Obama-administrationen, der lider af vertikal dyadeforbindelse (Danserau), da lederen udvikler forskellige relationer til hver struktur. Dette er et typisk tr\u00e6k ved Obama-administrationen, som lider af vertikal dyadeforbindelse (Danserau), da lederen udvikler forskellige relationer til hver enkelt struktur. Desuden viser de fleste af de karakteristika, der g\u00f8r sig g\u00e6ldende i denne sag, at en <em>formel struktur<\/em> regulerer de hierarkiske relationer.<\/p>\n\n\n\n<p>          Faktisk er beslutningsprocessen <strong>lukket <\/strong>hovedsagelig til pr\u00e6sidentens loyalister, med deraf f\u00f8lgende mangel p\u00e5 <strong>brainstorming <\/strong>uden for gruppen. Selv om der er forskellige muligheder p\u00e5 bordet, bliver de ikke overvejet, og selv om m\u00e5lene ikke n\u00e5s, bliver strategierne ikke revurderet. Obama har heller ikke i sin inderkreds af r\u00e5dgivere nogen, der kan spille rollen som den <strong>dj\u00e6vlens advokat<\/strong>.<\/p>\n\n\n\n<div class=\"wp-block-image\"><figure class=\"aligncenter size-large\"><img loading=\"lazy\" decoding=\"async\" width=\"1024\" height=\"680\" src=\"https:\/\/www.berndbraun.eu\/wp-content\/uploads\/2021\/12\/AdobeStock_126580420_Statue-of-Abraham-Lincoln-at-Lincoln-Memorial-Washington-DC-District-of-Columbia-1024x680.jpeg\" alt=\"\" class=\"wp-image-567\" srcset=\"https:\/\/www.berndbraun.eu\/wp-content\/uploads\/2021\/12\/AdobeStock_126580420_Statue-of-Abraham-Lincoln-at-Lincoln-Memorial-Washington-DC-District-of-Columbia-1024x680.jpeg 1024w, https:\/\/www.berndbraun.eu\/wp-content\/uploads\/2021\/12\/AdobeStock_126580420_Statue-of-Abraham-Lincoln-at-Lincoln-Memorial-Washington-DC-District-of-Columbia-300x199.jpeg 300w, https:\/\/www.berndbraun.eu\/wp-content\/uploads\/2021\/12\/AdobeStock_126580420_Statue-of-Abraham-Lincoln-at-Lincoln-Memorial-Washington-DC-District-of-Columbia-768x510.jpeg 768w, https:\/\/www.berndbraun.eu\/wp-content\/uploads\/2021\/12\/AdobeStock_126580420_Statue-of-Abraham-Lincoln-at-Lincoln-Memorial-Washington-DC-District-of-Columbia-1536x1020.jpeg 1536w, https:\/\/www.berndbraun.eu\/wp-content\/uploads\/2021\/12\/AdobeStock_126580420_Statue-of-Abraham-Lincoln-at-Lincoln-Memorial-Washington-DC-District-of-Columbia-2048x1360.jpeg 2048w, https:\/\/www.berndbraun.eu\/wp-content\/uploads\/2021\/12\/AdobeStock_126580420_Statue-of-Abraham-Lincoln-at-Lincoln-Memorial-Washington-DC-District-of-Columbia-18x12.jpeg 18w, https:\/\/www.berndbraun.eu\/wp-content\/uploads\/2021\/12\/AdobeStock_126580420_Statue-of-Abraham-Lincoln-at-Lincoln-Memorial-Washington-DC-District-of-Columbia.jpeg 2560w\" sizes=\"auto, (max-width: 1024px) 100vw, 1024px\" \/><figcaption>Statue af Abraham Lincoln ved Lincoln Memorial, Washington DC, District of Columbia<\/figcaption><\/figure><\/div>\n\n\n\n<h3 class=\"has-medium-font-size wp-block-heading\">II. Den bureaukratiske variabel<\/h3>\n\n\n\n<p>          Beslutningsprocessen er pr\u00e6get af st\u00e6rke skel og sp\u00e6ndinger mellem den civile og den milit\u00e6re sf\u00e6re, hvilket is\u00e6r kan illustreres af uoverensstemmelserne mellem forsvarsministeriet og Det Hvide Hus. Hoved\u00e5rsagen til s\u00e5danne sp\u00e6ndinger er, at beslutningsprocessen er sk\u00e6v i den forstand, at formanden <strong>mangler tillid <\/strong>i andre institutionelle r\u00e5dgivere som f.eks. forsvarsministeren eller udenrigsministeren. Dette resulterer i, at <strong>manglende h\u00f8ringer<\/strong>i det v\u00e6sentlige med Pentagon. P\u00e5 trods af at forsvarsministeriet har en anden opfattelse af den strategi, der er n\u00f8dvendig for at bek\u00e6mpe ISIS, tages der ikke hensyn til den, selv efter en betydelig periode, hvor Obamas politiks m\u00e5l ikke er n\u00e5et. Som f\u00f8lge heraf var de bureaukratiske opdelinger, der udm\u00f8ntede sig i dysfunktioner, et centralt element, der hindrede opbygningen af en klar sk\u00e5ret strategi p\u00e5 lang sigt.<br><br>          En positiv faktor er dog, at Kerry, Hagel og Dempsey trods forskellige synspunkter om den g\u00e6ldende strategi offentligt fors\u00f8gte at vise deres st\u00f8tte til Obamas strategi. Der var faktisk ogs\u00e5 nogle eksempler p\u00e5 godt samarbejde, som det var tilf\u00e6ldet mellem Kerry og Obama i bestr\u00e6belserne p\u00e5 at danne en international koalition mod ISIS.<\/p>\n\n\n\n<div class=\"wp-block-image\"><figure class=\"aligncenter size-large is-resized\"><img loading=\"lazy\" decoding=\"async\" src=\"https:\/\/www.berndbraun.eu\/wp-content\/uploads\/2021\/12\/AdobeStock_11070385-1024x683.jpeg\" alt=\"\" class=\"wp-image-568\" width=\"1300\" height=\"500\"\/><\/figure><\/div>\n\n\n\n<h3 class=\"has-medium-font-size wp-block-heading\">III. De statslige og samfundsm\u00e6ssige variabler<\/h3>\n\n\n\n<p>          The <strong>den offentlige mening <\/strong>har altid spillet en central rolle i forbindelse med Obamas pr\u00e6sidentperiode. I det foreliggende tilf\u00e6lde har videoerne af halshugningerne af amerikanske journalister haft en massiv indvirkning p\u00e5 den offentlige mening i USA, som en slags \"<strong>CNN-effekt<\/strong>\"har fulgt. Dette har haft stor betydning for udformningen af strategien, som ogs\u00e5 i sine yderligere tilpasninger altid vil f\u00f8lge meningsm\u00e5lingerne, hvilket viser afvisningen af at sende tropper p\u00e5 jorden (procentdelen af befolkningen, der \u00f8nskede luftangreb, var faktisk den samme som dem, der var imod at sende landtropper). Dette giver kredit til den <strong>pluralistisk model<\/strong>.<br><br>          Kongressen er langt fra en faktor i sig selv, men Obama har en tendens til at bruge den til sine egne politiske spil. Han beder om dens godkendelse, n\u00e5r han faktisk ikke \u00f8nsker at gribe ind (vel vidende, at han ikke vil f\u00e5 den), og n\u00e6gter den, n\u00e5r han \u00f8nsker at handle, under p\u00e5ber\u00e5belse af <em>AUMF <\/em>eller eller <em>Lov om krigsbef\u00f8jelser<\/em>.<\/p>\n\n\n\n<div class=\"wp-block-image\"><figure class=\"aligncenter size-large is-resized\"><img loading=\"lazy\" decoding=\"async\" src=\"https:\/\/www.berndbraun.eu\/wp-content\/uploads\/2021\/12\/AdobeStock_100810104_A-dollar-bill-figuring-George-Washington-on-top-of-a-map-of-Syria-1024x683.jpeg\" alt=\"\" class=\"wp-image-570\" width=\"1300\" height=\"500\"\/><figcaption>En dollarseddel med George Washington p\u00e5 toppen af et kort over Syrien<\/figcaption><\/figure><\/div>\n\n\n\n<h3 class=\"has-medium-font-size wp-block-heading\">IV. Den kognitive tilgang<\/h3>\n\n\n\n<p>          Lige ind i Rystadt's <strong>fejlopfattelse <\/strong>teori, beviser Obamas holdning endnu en gang, at pr\u00e6sidenten har den farlige tendens til at <em>forvr\u00e6nger virkeligheden for at tilpasse den til sine perceptuelle foruds\u00e6tninger<\/em>, <strong>forsp\u00e6nding <\/strong>og dermed hele beslutningsprocessen. Faktisk beskrev han f\u00f8rst ISIS som et JV-hold (Junior Varsity team) i medierne, idet han undervurderede truslen og fortsatte med at skubbe sin dagsorden med henblik p\u00e5 at <strong>komfort <\/strong>egen vision af den verden, hvorigennem \"<em>krigsb\u00f8lgen er ved at aftage<\/em>\". Beskyttelse af hans <strong>centrale overbevisninger<\/strong>var han modstander af at sende tropper p\u00e5 jorden til kampmissioner, idet han ignorerede eksperternes r\u00e5d ved at fastholde \"<em>teknikker til reduktion af konsistensen<\/em>\"gennem en proces af <strong>selektiv fortolkning<\/strong> g\u00f8r det muligt for ham at blive i Lambros <strong>fantasi cirkel<\/strong> hvor hans <strong>\u00f8nsket\u00e6nkning<\/strong> virker alt sammen s\u00e5 virkeligt.<br><br>          Desuden med en <strong>H\u00f8j kognitiv kompleksitet<\/strong>han giver ogs\u00e5 Herman ret, da den p\u00e5g\u00e6ldende sag er et eksempel p\u00e5 hans vanskeligheder med at tr\u00e6ffe en hurtig beslutning selv, idet han aldrig f\u00e5r nok information, og det giver ham Duroselle's pris \"<em>Forsigtig<\/em>\"beslutningstager.<br><br>          Den idiosynkratiske analyse af en s\u00e5dan situation fremh\u00e6ver is\u00e6r hans <strong>ego<\/strong>som spiller en vigtig rolle, n\u00e5r en beslutningstager er s\u00e5 meget afsk\u00e5ret fra virkeligheden, og dette tyder st\u00e6rkt p\u00e5, at meningsm\u00e5linger, der angiver en tilbagegang i hans popularitet, kan have v\u00e6ret bem\u00e6rkelsesv\u00e6rdige variabler i den m\u00e5de, han \"<em>h\u00e5ndteret<\/em>\"krisen. Vi kan ogs\u00e5 konstatere, at <strong>stress<\/strong>-relaterede reaktioner kan p\u00e5peges her. Start med en <strong>afvisning<\/strong>flytte til <strong>aggression <\/strong>(den <em>Horsesh*t<\/em> \u00f8jeblik bragte en indlysende yderligere st\u00e6rk <strong>mangel p\u00e5 f\u00f8lelsesm\u00e6ssig intelligens<\/strong>), for endelig at n\u00e5 til det punkt i beslutningsprocessen, hvor der skal tr\u00e6ffes en beslutning <strong>lammelse <\/strong>i sig selv anerkender hans manglende evne til at tr\u00e6ffe beslutninger. I denne optik kunne man ogs\u00e5 argumentere for, at hvis man f\u00f8lger Hermans teori om <strong>evaluering og vurdering af ledere<\/strong>manden fremst\u00e5r som selvsikker (med ord som \"<em>I<\/em>\", \"<em>mig<\/em>\", \"<em>som \u00f8verstbefalende...<\/em>\", \"<em>min prioritet<\/em>\"fors\u00f8ger at ), n\u00e5r han annoncerer gunstige og positive foranstaltninger, mens han ved negative annoncer eller n\u00e5r han har til hensigt at rejse sig op i <strong>gruppens identitet<\/strong>han spiller holdspiller-kortet (\"<em>vi har ikke nogen strategi<\/em>\", \"<em>vi vil ikke blive trukket ind i endnu en krig<\/em>\").<br><br>          Men en s\u00e5dan holdning skal forst\u00e5s <strong>set med Obamas egne \u00f8jne<\/strong>. Som en forsvarer af nationsopbygningen f\u00e5r hans retorik over for denne krise ham til at se de <strong>Dilemmaet med sm\u00f8r og pistoler<\/strong> da hans kortsigtede interesser er i modstrid med de langsigtede ambitioner. Han er faktisk \"<em>manden, der afslutter krigen<\/em>\"og det agter han at blive ved med at v\u00e6re. Bag argumentet om offentlighedens krigstr\u00e6thed ligger hans egen modvilje mod at projicere amerikansk magt. Dette h\u00e6nger sammen med hans besatte vilje til at adskille sig fra sin forg\u00e6nger G.W. Bush, som gerne s\u00e5 sig selv som \"<em>den afg\u00f8rende faktor<\/em>\"hvilket g\u00f8r, at han i sidste ende ikke tr\u00e6ffer nogen beslutning overhovedet. Og selv om han gjorde <strong>enkle analogier<\/strong> med Yemen og Afghanistan under beslutningsprocessen, kan dette som helhed mere ligne en helt omvendt analogi fra Bush-modellen, hvor han ved hj\u00e6lp af antagonisme skrev sin egen identitetsdefinition.<br><br>          Obamas beslutningstagning er ogs\u00e5 ofte reaktion\u00e6r i forhold til begivenhederne i forbindelse med ISIS. En vis <strong>mangel p\u00e5 beslutsomhed<\/strong> har ogs\u00e5 som resultat en <strong>manglende klarhed<\/strong> om de strategiske m\u00e5l. Retorikkens fasthed stemmer ofte ikke overens med de konkrete handlinger, og de opstillede m\u00e5l er <strong>urealistisk <\/strong>med strategien p\u00e5 plads. Han centraliserer beslutningstagningen inden for en meget lille gruppe af r\u00e5dgivere og er ofte <strong>personligt involveret<\/strong>. Hans stil er ogs\u00e5 pr\u00e6get af en vilje til at kontrollere og styre alle detaljer, hvilket kan illustreres ved hans <strong>mikroforvaltningstilgang<\/strong>. Han er <strong>ikke modtagelig<\/strong> til de andres meninger en del af de loyalister. Endelig har pr\u00e6sident Obama en <strong>sammenh\u00e6ngende tankesystem <\/strong>domineret af princippet om, at amerikanske landtropper ikke skal deltage i kampmissioner, hvilket resulterer i en slags <strong>manglende fleksibilitet<\/strong>. Han kan ogs\u00e5 beskrives som <strong>opportunistisk <\/strong>da han bruger den juridiske begrundelse for milit\u00e6re aktioner (baseret p\u00e5 kongressens godkendelse eller ej) i overensstemmelse med sin egen politiske dagsorden.<br><br>          If\u00f8lge Barber's typologi kan Obama i forbindelse med kampen mod ISIS beskrives som <strong>negativ-aktiv<\/strong> eller <strong>negativ-passiv<\/strong> formand. <strong>Negativ <\/strong>p\u00e5 grund af hans manglende entusiasme over for sin forpligtelse til at tage fat p\u00e5 ISIS, hvilket tvinger ham til at g\u00e5 imod sin vision om \"<em>Formanden afslutter krigene<\/em>\". <strong>Aktiv <\/strong>p\u00e5 grund af hans vilje til at styre alle detaljer, selv dem af operationel karakter, i forbindelse med konflikten og <strong>passiv <\/strong>p\u00e5 grund af hans temmelig reaktion\u00e6re tilgang til de farer, som ISIS udg\u00f8r, i stedet for at tr\u00e6ffe proaktive foranstaltninger for at im\u00f8deg\u00e5 truslen.<br><\/p>\n\n\n\n<div class=\"wp-block-image\"><figure class=\"aligncenter size-large\"><img loading=\"lazy\" decoding=\"async\" width=\"714\" height=\"1024\" src=\"https:\/\/www.berndbraun.eu\/wp-content\/uploads\/2021\/12\/dreamstime_l_15414083_Storm-Descends-on-Capitol-Hill-1-714x1024.jpg\" alt=\"\" class=\"wp-image-586\" srcset=\"https:\/\/www.berndbraun.eu\/wp-content\/uploads\/2021\/12\/dreamstime_l_15414083_Storm-Descends-on-Capitol-Hill-1-714x1024.jpg 714w, https:\/\/www.berndbraun.eu\/wp-content\/uploads\/2021\/12\/dreamstime_l_15414083_Storm-Descends-on-Capitol-Hill-1-209x300.jpg 209w, https:\/\/www.berndbraun.eu\/wp-content\/uploads\/2021\/12\/dreamstime_l_15414083_Storm-Descends-on-Capitol-Hill-1-768x1102.jpg 768w, https:\/\/www.berndbraun.eu\/wp-content\/uploads\/2021\/12\/dreamstime_l_15414083_Storm-Descends-on-Capitol-Hill-1-1070x1536.jpg 1070w, https:\/\/www.berndbraun.eu\/wp-content\/uploads\/2021\/12\/dreamstime_l_15414083_Storm-Descends-on-Capitol-Hill-1-1427x2048.jpg 1427w, https:\/\/www.berndbraun.eu\/wp-content\/uploads\/2021\/12\/dreamstime_l_15414083_Storm-Descends-on-Capitol-Hill-1-8x12.jpg 8w, https:\/\/www.berndbraun.eu\/wp-content\/uploads\/2021\/12\/dreamstime_l_15414083_Storm-Descends-on-Capitol-Hill-1-scaled.jpg 1784w\" sizes=\"auto, (max-width: 714px) 100vw, 714px\" \/><figcaption>Capitol Hill<\/figcaption><\/figure><\/div>\n\n\n\n<h3 class=\"has-medium-font-size wp-block-heading\">V. Den systemiske variabel<\/h3>\n\n\n\n<p>          Krisen er ikke kun truende for USA, men ogs\u00e5 for USA's omd\u00f8mme og prestige som en \"<em>global magt<\/em>\". Desuden udg\u00f8r ISIS' fremmarch en endnu st\u00f8rre trussel mod dets allierede i regionen, som USA skal sikre en trov\u00e6rdig st\u00f8tte til.<br><br>          Men selv om dette nummer er skrevet i forbindelse med den globale \"<em>krig mod terrorisme<\/em>\", m\u00e5 man ikke glemme, at denne prioritet fortsat er en prioritet blandt andre i en kompleks international kontekst, hvor USA er aktiv og besk\u00e6ftiger sig med forskellige vigtige sager som f.eks. Ukraine eller USA's politik om at dreje Asien ind.<br><br>          Endelig er Obamas vilje til at danne en international koalition til at bek\u00e6mpe ISIS baseret p\u00e5 det faktum, at det, der er vigtigt for Obama, f\u00f8rst og fremmest er de <strong>nationsopbygning<\/strong> derhjemme. Derfor, <strong>byrdefordeling<\/strong> er et uundg\u00e5eligt element i Obamas strategi. Desuden m\u00e5 vi bem\u00e6rke, at det at have st\u00f8tte fra arabiske stater og privilegere de indf\u00f8dte krigere styrker hans tro p\u00e5, at \"<em>vi kan ikke g\u00f8re for irakerne, hvad de selv skal g\u00f8re, og vi kan heller ikke erstatte de arabiske partnere med at sikre deres region<\/em>\".<br><\/p>","protected":false},"excerpt":{"rendered":"<p>I. The President and his advisors II. The bureaucratic variable III. The governmental and societal variables IV. The cognitive approach V. The systemic variable I. The President and his advisors The real decision-making process is fundamentally based on the President\u00b4s Obama staff, i.e. a small inner circle of advisors who forged their relationships with him [&hellip;]<\/p>\n","protected":false},"author":3,"featured_media":564,"comment_status":"open","ping_status":"open","sticky":false,"template":"","format":"standard","meta":{"footnotes":""},"categories":[5],"tags":[],"type-darticle":[21],"class_list":["post-561","post","type-post","status-publish","format-standard","has-post-thumbnail","hentry","category-politics","type-darticle-analyse"],"yoast_head":"<!-- This site is optimized with the Yoast SEO Premium plugin v21.4 (Yoast SEO v27.2) - https:\/\/yoast.com\/product\/yoast-seo-premium-wordpress\/ -->\n<title>Bernd Braun - Le processus d\u00e9cisionnel d&#039;Obama concernant ISIS<\/title>\n<meta name=\"robots\" content=\"index, follow, max-snippet:-1, max-image-preview:large, max-video-preview:-1\" \/>\n<link rel=\"canonical\" href=\"https:\/\/www.berndbraun.eu\/dk\/the-decision-making-process-of-obama-concerning-isis\/\" \/>\n<meta property=\"og:locale\" content=\"da_DK\" \/>\n<meta property=\"og:type\" content=\"article\" \/>\n<meta property=\"og:title\" content=\"Le processus d\u00e9cisionnel d&#039;Obama concernant ISIS\" \/>\n<meta property=\"og:description\" content=\"I. The President and his advisors II. The bureaucratic variable III. The governmental and societal variables IV. The cognitive approach V. The systemic variable I. The President and his advisors The real decision-making process is fundamentally based on the President\u00b4s Obama staff, i.e. a small inner circle of advisors who forged their relationships with him [&hellip;]\" \/>\n<meta property=\"og:url\" content=\"https:\/\/www.berndbraun.eu\/dk\/the-decision-making-process-of-obama-concerning-isis\/\" \/>\n<meta property=\"og:site_name\" content=\"Bernd Braun\" \/>\n<meta property=\"article:published_time\" content=\"2015-01-06T20:54:26+00:00\" \/>\n<meta property=\"article:modified_time\" content=\"2022-02-22T19:35:57+00:00\" \/>\n<meta property=\"og:image\" content=\"https:\/\/www.berndbraun.eu\/wp-content\/uploads\/2021\/12\/AdobeStock_303053153-scaled.jpeg\" \/>\n\t<meta property=\"og:image:width\" content=\"2560\" \/>\n\t<meta property=\"og:image:height\" content=\"1440\" \/>\n\t<meta property=\"og:image:type\" content=\"image\/jpeg\" \/>\n<meta name=\"author\" content=\"Bernd\" \/>\n<meta name=\"twitter:card\" content=\"summary_large_image\" \/>\n<meta name=\"twitter:label1\" content=\"Skrevet af\" \/>\n\t<meta name=\"twitter:data1\" content=\"Bernd\" \/>\n\t<meta name=\"twitter:label2\" content=\"Estimeret l\u00e6setid\" \/>\n\t<meta name=\"twitter:data2\" content=\"8 minutter\" \/>\n<script type=\"application\/ld+json\" class=\"yoast-schema-graph\">{\"@context\":\"https:\/\/schema.org\",\"@graph\":[{\"@type\":\"Article\",\"@id\":\"https:\/\/www.berndbraun.eu\/the-decision-making-process-of-obama-concerning-isis\/#article\",\"isPartOf\":{\"@id\":\"https:\/\/www.berndbraun.eu\/the-decision-making-process-of-obama-concerning-isis\/\"},\"author\":{\"name\":\"Bernd\",\"@id\":\"https:\/\/www.berndbraun.eu\/#\/schema\/person\/a64c4c08b6a8c9f8fe9be655928070ca\"},\"headline\":\"Le processus d\u00e9cisionnel d'Obama concernant ISIS\",\"datePublished\":\"2015-01-06T20:54:26+00:00\",\"dateModified\":\"2022-02-22T19:35:57+00:00\",\"mainEntityOfPage\":{\"@id\":\"https:\/\/www.berndbraun.eu\/the-decision-making-process-of-obama-concerning-isis\/\"},\"wordCount\":1660,\"commentCount\":0,\"image\":{\"@id\":\"https:\/\/www.berndbraun.eu\/the-decision-making-process-of-obama-concerning-isis\/#primaryimage\"},\"thumbnailUrl\":\"https:\/\/www.berndbraun.eu\/wp-content\/uploads\/2021\/12\/AdobeStock_303053153-scaled.jpeg\",\"articleSection\":[\"Politics\"],\"inLanguage\":\"da-DK\",\"potentialAction\":[{\"@type\":\"CommentAction\",\"name\":\"Comment\",\"target\":[\"https:\/\/www.berndbraun.eu\/the-decision-making-process-of-obama-concerning-isis\/#respond\"]}]},{\"@type\":\"WebPage\",\"@id\":\"https:\/\/www.berndbraun.eu\/the-decision-making-process-of-obama-concerning-isis\/\",\"url\":\"https:\/\/www.berndbraun.eu\/the-decision-making-process-of-obama-concerning-isis\/\",\"name\":\"Bernd Braun - Le processus d\u00e9cisionnel d'Obama concernant ISIS\",\"isPartOf\":{\"@id\":\"https:\/\/www.berndbraun.eu\/#website\"},\"primaryImageOfPage\":{\"@id\":\"https:\/\/www.berndbraun.eu\/the-decision-making-process-of-obama-concerning-isis\/#primaryimage\"},\"image\":{\"@id\":\"https:\/\/www.berndbraun.eu\/the-decision-making-process-of-obama-concerning-isis\/#primaryimage\"},\"thumbnailUrl\":\"https:\/\/www.berndbraun.eu\/wp-content\/uploads\/2021\/12\/AdobeStock_303053153-scaled.jpeg\",\"datePublished\":\"2015-01-06T20:54:26+00:00\",\"dateModified\":\"2022-02-22T19:35:57+00:00\",\"author\":{\"@id\":\"https:\/\/www.berndbraun.eu\/#\/schema\/person\/a64c4c08b6a8c9f8fe9be655928070ca\"},\"breadcrumb\":{\"@id\":\"https:\/\/www.berndbraun.eu\/the-decision-making-process-of-obama-concerning-isis\/#breadcrumb\"},\"inLanguage\":\"da-DK\",\"potentialAction\":[{\"@type\":\"ReadAction\",\"target\":[\"https:\/\/www.berndbraun.eu\/the-decision-making-process-of-obama-concerning-isis\/\"]}]},{\"@type\":\"ImageObject\",\"inLanguage\":\"da-DK\",\"@id\":\"https:\/\/www.berndbraun.eu\/the-decision-making-process-of-obama-concerning-isis\/#primaryimage\",\"url\":\"https:\/\/www.berndbraun.eu\/wp-content\/uploads\/2021\/12\/AdobeStock_303053153-scaled.jpeg\",\"contentUrl\":\"https:\/\/www.berndbraun.eu\/wp-content\/uploads\/2021\/12\/AdobeStock_303053153-scaled.jpeg\",\"width\":2560,\"height\":1440},{\"@type\":\"BreadcrumbList\",\"@id\":\"https:\/\/www.berndbraun.eu\/the-decision-making-process-of-obama-concerning-isis\/#breadcrumb\",\"itemListElement\":[{\"@type\":\"ListItem\",\"position\":1,\"name\":\"Accueil\",\"item\":\"https:\/\/www.berndbraun.eu\/\"},{\"@type\":\"ListItem\",\"position\":2,\"name\":\"Le processus d\u00e9cisionnel d'Obama concernant ISIS\"}]},{\"@type\":\"WebSite\",\"@id\":\"https:\/\/www.berndbraun.eu\/#website\",\"url\":\"https:\/\/www.berndbraun.eu\/\",\"name\":\"Bernd Braun\",\"description\":\"\",\"potentialAction\":[{\"@type\":\"SearchAction\",\"target\":{\"@type\":\"EntryPoint\",\"urlTemplate\":\"https:\/\/www.berndbraun.eu\/?s={search_term_string}\"},\"query-input\":{\"@type\":\"PropertyValueSpecification\",\"valueRequired\":true,\"valueName\":\"search_term_string\"}}],\"inLanguage\":\"da-DK\"},{\"@type\":\"Person\",\"@id\":\"https:\/\/www.berndbraun.eu\/#\/schema\/person\/a64c4c08b6a8c9f8fe9be655928070ca\",\"name\":\"Bernd\",\"image\":{\"@type\":\"ImageObject\",\"inLanguage\":\"da-DK\",\"@id\":\"https:\/\/secure.gravatar.com\/avatar\/e51d7b18a7c2fb10dd367a4bab68ef5a6d1736ae3537a0fd211df170b00b15af?s=96&d=mm&r=g\",\"url\":\"https:\/\/secure.gravatar.com\/avatar\/e51d7b18a7c2fb10dd367a4bab68ef5a6d1736ae3537a0fd211df170b00b15af?s=96&d=mm&r=g\",\"contentUrl\":\"https:\/\/secure.gravatar.com\/avatar\/e51d7b18a7c2fb10dd367a4bab68ef5a6d1736ae3537a0fd211df170b00b15af?s=96&d=mm&r=g\",\"caption\":\"Bernd\"},\"url\":\"https:\/\/www.berndbraun.eu\/dk\/author\/bernd\/\"}]}<\/script>\n<!-- \/ Yoast SEO Premium plugin. -->","yoast_head_json":{"title":"Bernd Braun - Obamas beslutningsproces i forbindelse med ISIS","robots":{"index":"index","follow":"follow","max-snippet":"max-snippet:-1","max-image-preview":"max-image-preview:large","max-video-preview":"max-video-preview:-1"},"canonical":"https:\/\/www.berndbraun.eu\/dk\/the-decision-making-process-of-obama-concerning-isis\/","og_locale":"da_DK","og_type":"article","og_title":"Le processus d\u00e9cisionnel d'Obama concernant ISIS","og_description":"I. The President and his advisors II. The bureaucratic variable III. The governmental and societal variables IV. The cognitive approach V. The systemic variable I. The President and his advisors The real decision-making process is fundamentally based on the President\u00b4s Obama staff, i.e. a small inner circle of advisors who forged their relationships with him [&hellip;]","og_url":"https:\/\/www.berndbraun.eu\/dk\/the-decision-making-process-of-obama-concerning-isis\/","og_site_name":"Bernd Braun","article_published_time":"2015-01-06T20:54:26+00:00","article_modified_time":"2022-02-22T19:35:57+00:00","og_image":[{"width":2560,"height":1440,"url":"https:\/\/www.berndbraun.eu\/wp-content\/uploads\/2021\/12\/AdobeStock_303053153-scaled.jpeg","type":"image\/jpeg"}],"author":"Bernd","twitter_card":"summary_large_image","twitter_misc":{"Skrevet af":"Bernd","Estimeret l\u00e6setid":"8 minutter"},"schema":{"@context":"https:\/\/schema.org","@graph":[{"@type":"Article","@id":"https:\/\/www.berndbraun.eu\/the-decision-making-process-of-obama-concerning-isis\/#article","isPartOf":{"@id":"https:\/\/www.berndbraun.eu\/the-decision-making-process-of-obama-concerning-isis\/"},"author":{"name":"Bernd","@id":"https:\/\/www.berndbraun.eu\/#\/schema\/person\/a64c4c08b6a8c9f8fe9be655928070ca"},"headline":"Le processus d\u00e9cisionnel d'Obama concernant ISIS","datePublished":"2015-01-06T20:54:26+00:00","dateModified":"2022-02-22T19:35:57+00:00","mainEntityOfPage":{"@id":"https:\/\/www.berndbraun.eu\/the-decision-making-process-of-obama-concerning-isis\/"},"wordCount":1660,"commentCount":0,"image":{"@id":"https:\/\/www.berndbraun.eu\/the-decision-making-process-of-obama-concerning-isis\/#primaryimage"},"thumbnailUrl":"https:\/\/www.berndbraun.eu\/wp-content\/uploads\/2021\/12\/AdobeStock_303053153-scaled.jpeg","articleSection":["Politics"],"inLanguage":"da-DK","potentialAction":[{"@type":"CommentAction","name":"Comment","target":["https:\/\/www.berndbraun.eu\/the-decision-making-process-of-obama-concerning-isis\/#respond"]}]},{"@type":"WebPage","@id":"https:\/\/www.berndbraun.eu\/the-decision-making-process-of-obama-concerning-isis\/","url":"https:\/\/www.berndbraun.eu\/the-decision-making-process-of-obama-concerning-isis\/","name":"Bernd Braun - Obamas beslutningsproces i forbindelse med ISIS","isPartOf":{"@id":"https:\/\/www.berndbraun.eu\/#website"},"primaryImageOfPage":{"@id":"https:\/\/www.berndbraun.eu\/the-decision-making-process-of-obama-concerning-isis\/#primaryimage"},"image":{"@id":"https:\/\/www.berndbraun.eu\/the-decision-making-process-of-obama-concerning-isis\/#primaryimage"},"thumbnailUrl":"https:\/\/www.berndbraun.eu\/wp-content\/uploads\/2021\/12\/AdobeStock_303053153-scaled.jpeg","datePublished":"2015-01-06T20:54:26+00:00","dateModified":"2022-02-22T19:35:57+00:00","author":{"@id":"https:\/\/www.berndbraun.eu\/#\/schema\/person\/a64c4c08b6a8c9f8fe9be655928070ca"},"breadcrumb":{"@id":"https:\/\/www.berndbraun.eu\/the-decision-making-process-of-obama-concerning-isis\/#breadcrumb"},"inLanguage":"da-DK","potentialAction":[{"@type":"ReadAction","target":["https:\/\/www.berndbraun.eu\/the-decision-making-process-of-obama-concerning-isis\/"]}]},{"@type":"ImageObject","inLanguage":"da-DK","@id":"https:\/\/www.berndbraun.eu\/the-decision-making-process-of-obama-concerning-isis\/#primaryimage","url":"https:\/\/www.berndbraun.eu\/wp-content\/uploads\/2021\/12\/AdobeStock_303053153-scaled.jpeg","contentUrl":"https:\/\/www.berndbraun.eu\/wp-content\/uploads\/2021\/12\/AdobeStock_303053153-scaled.jpeg","width":2560,"height":1440},{"@type":"BreadcrumbList","@id":"https:\/\/www.berndbraun.eu\/the-decision-making-process-of-obama-concerning-isis\/#breadcrumb","itemListElement":[{"@type":"ListItem","position":1,"name":"Accueil","item":"https:\/\/www.berndbraun.eu\/"},{"@type":"ListItem","position":2,"name":"Le processus d\u00e9cisionnel d'Obama concernant ISIS"}]},{"@type":"WebSite","@id":"https:\/\/www.berndbraun.eu\/#website","url":"https:\/\/www.berndbraun.eu\/","name":"Bernd Braun","description":"","potentialAction":[{"@type":"SearchAction","target":{"@type":"EntryPoint","urlTemplate":"https:\/\/www.berndbraun.eu\/?s={search_term_string}"},"query-input":{"@type":"PropertyValueSpecification","valueRequired":true,"valueName":"search_term_string"}}],"inLanguage":"da-DK"},{"@type":"Person","@id":"https:\/\/www.berndbraun.eu\/#\/schema\/person\/a64c4c08b6a8c9f8fe9be655928070ca","name":"Bernd","image":{"@type":"ImageObject","inLanguage":"da-DK","@id":"https:\/\/secure.gravatar.com\/avatar\/e51d7b18a7c2fb10dd367a4bab68ef5a6d1736ae3537a0fd211df170b00b15af?s=96&d=mm&r=g","url":"https:\/\/secure.gravatar.com\/avatar\/e51d7b18a7c2fb10dd367a4bab68ef5a6d1736ae3537a0fd211df170b00b15af?s=96&d=mm&r=g","contentUrl":"https:\/\/secure.gravatar.com\/avatar\/e51d7b18a7c2fb10dd367a4bab68ef5a6d1736ae3537a0fd211df170b00b15af?s=96&d=mm&r=g","caption":"Bernd"},"url":"https:\/\/www.berndbraun.eu\/dk\/author\/bernd\/"}]}},"_links":{"self":[{"href":"https:\/\/www.berndbraun.eu\/dk\/wp-json\/wp\/v2\/posts\/561","targetHints":{"allow":["GET"]}}],"collection":[{"href":"https:\/\/www.berndbraun.eu\/dk\/wp-json\/wp\/v2\/posts"}],"about":[{"href":"https:\/\/www.berndbraun.eu\/dk\/wp-json\/wp\/v2\/types\/post"}],"author":[{"embeddable":true,"href":"https:\/\/www.berndbraun.eu\/dk\/wp-json\/wp\/v2\/users\/3"}],"replies":[{"embeddable":true,"href":"https:\/\/www.berndbraun.eu\/dk\/wp-json\/wp\/v2\/comments?post=561"}],"version-history":[{"count":18,"href":"https:\/\/www.berndbraun.eu\/dk\/wp-json\/wp\/v2\/posts\/561\/revisions"}],"predecessor-version":[{"id":1037,"href":"https:\/\/www.berndbraun.eu\/dk\/wp-json\/wp\/v2\/posts\/561\/revisions\/1037"}],"wp:featuredmedia":[{"embeddable":true,"href":"https:\/\/www.berndbraun.eu\/dk\/wp-json\/wp\/v2\/media\/564"}],"wp:attachment":[{"href":"https:\/\/www.berndbraun.eu\/dk\/wp-json\/wp\/v2\/media?parent=561"}],"wp:term":[{"taxonomy":"category","embeddable":true,"href":"https:\/\/www.berndbraun.eu\/dk\/wp-json\/wp\/v2\/categories?post=561"},{"taxonomy":"post_tag","embeddable":true,"href":"https:\/\/www.berndbraun.eu\/dk\/wp-json\/wp\/v2\/tags?post=561"},{"taxonomy":"type-darticle","embeddable":true,"href":"https:\/\/www.berndbraun.eu\/dk\/wp-json\/wp\/v2\/type-darticle?post=561"}],"curies":[{"name":"wp","href":"https:\/\/api.w.org\/{rel}","templated":true}]}}