{"id":1191,"date":"2022-04-30T22:17:13","date_gmt":"2022-04-30T20:17:13","guid":{"rendered":"https:\/\/www.berndbraun.eu\/?p=1191"},"modified":"2022-11-17T01:26:49","modified_gmt":"2022-11-16T23:26:49","slug":"attaque-iranienne-a-erbil","status":"publish","type":"post","link":"https:\/\/www.berndbraun.eu\/en\/attaque-iranienne-a-erbil\/","title":{"rendered":"Iranian attack in Erbil"},"content":{"rendered":"<p class=\"has-white-color has-text-color has-background\" style=\"background-color:#4c5468\">&nbsp;&nbsp;&nbsp;&nbsp;&nbsp;&nbsp;&nbsp;&nbsp;&nbsp;&nbsp;&nbsp; On 13 March, Iran bombed Erbil, a large city in the north-east of Iraq inhabited mainly by the Kurdish population of the country. Tehran claimed responsibility for the strikes, which hit infrastructures that the Revolutionary Guards claim to be Israeli training complexes, but also strategic centres.<\/p>\n\n\n\n<figure class=\"wp-block-video\"><video height=\"1080\" style=\"aspect-ratio: 1920 \/ 1080;\" width=\"1920\" autoplay src=\"https:\/\/www.berndbraun.eu\/wp-content\/uploads\/2022\/05\/dreamstime_214559435.mp4\"><\/video><\/figure>\n\n\n\n<p>&nbsp;&nbsp;&nbsp;&nbsp;&nbsp;&nbsp;&nbsp;&nbsp;&nbsp;&nbsp;&nbsp; It is therefore a rivalry, an enmity that is ancient, deeply rooted in the consciousness and that echoes in our current situation. Since 2012, numerous air raids have been carried out by Israel against Syria. These tensions - whose link could easily be woven between the efforts of the United States and Tel Aviv to destabilise the Syrian regime of Bashar El-Assad, and the recent civil war suffered by Syrian society - have led to an increase in the number of Israeli interventions against Syria, aided by Iran.<\/p>\n\n\n\n<p>&nbsp;&nbsp;&nbsp;&nbsp;&nbsp;&nbsp;&nbsp;&nbsp;&nbsp;&nbsp;&nbsp; On 7 March 2022 Israel bombed the suburbs of Damascus, killing two people. A small toll but a belligerent action that has no other purpose than the Hebrew determination to depose the Syrian leader. The reason for such a will is to be found in the particular relations that exist between Damascus and Tehran, both seats of countries with a Shiite majority, both opposed to the domination of Israel in the Middle East.<\/p>\n\n\n\n<p class=\"has-white-color has-text-color has-background\" style=\"background-color:#9a2525\">&nbsp;&nbsp;&nbsp;&nbsp;&nbsp;&nbsp;&nbsp;&nbsp;&nbsp;&nbsp;&nbsp; In response to the strikes near Damascus, which Tel Aviv says it carried out against the Iranian forces, Pasdaran, Iran bombed the city of Erbil in Iraqi Kurdistan, using the presence of US and Israeli military complexes as a pretext. Washington and the Hebrew state immediately denied the presence of bases belonging to them, pointing out that only a US Consulate is present in the city. New sanctions were imposed on Tehran.<\/p>\n\n\n\n<p>&nbsp;&nbsp;&nbsp;&nbsp;&nbsp;&nbsp;&nbsp;&nbsp;&nbsp;&nbsp;&nbsp; However, as Iran is part of the Sino-Russian economic, military and energy alliance, the sanctions imposed on it have less and less effect, except on the European side. Indeed, European positions are unclear, with some countries such as France, Germany and Italy trying to maintain their market share in the country, but remaining timid, becoming uncertain commercial and diplomatic partners as soon as the United States calls them to order.<\/p>\n\n\n\n<figure class=\"wp-block-gallery has-nested-images columns-default is-cropped wp-block-gallery-1 is-layout-flex wp-block-gallery-is-layout-flex\"><\/figure>\n\n\n\n<figure class=\"wp-block-gallery has-nested-images columns-default is-cropped wp-block-gallery-2 is-layout-flex wp-block-gallery-is-layout-flex\">\n<figure class=\"wp-block-image size-large\"><a href=\"https:\/\/www.berndbraun.eu\/wp-content\/uploads\/2022\/05\/dreamstime_m_244131702-scaled.jpg\"><img loading=\"lazy\" decoding=\"async\" width=\"1024\" height=\"640\" data-id=\"1198\" src=\"https:\/\/www.berndbraun.eu\/wp-content\/uploads\/2022\/05\/dreamstime_m_244131702-1024x640.jpg\" alt=\"\" class=\"wp-image-1198\" srcset=\"https:\/\/www.berndbraun.eu\/wp-content\/uploads\/2022\/05\/dreamstime_m_244131702-1024x640.jpg 1024w, https:\/\/www.berndbraun.eu\/wp-content\/uploads\/2022\/05\/dreamstime_m_244131702-300x188.jpg 300w, https:\/\/www.berndbraun.eu\/wp-content\/uploads\/2022\/05\/dreamstime_m_244131702-768x480.jpg 768w, https:\/\/www.berndbraun.eu\/wp-content\/uploads\/2022\/05\/dreamstime_m_244131702-1536x960.jpg 1536w, https:\/\/www.berndbraun.eu\/wp-content\/uploads\/2022\/05\/dreamstime_m_244131702-2048x1280.jpg 2048w, https:\/\/www.berndbraun.eu\/wp-content\/uploads\/2022\/05\/dreamstime_m_244131702-18x12.jpg 18w, https:\/\/www.berndbraun.eu\/wp-content\/uploads\/2022\/05\/dreamstime_m_244131702-scaled.jpg 2560w\" sizes=\"auto, (max-width: 1024px) 100vw, 1024px\" \/><\/a><figcaption class=\"wp-element-caption\">Erbil \u00a9 Rasool Ali<\/figcaption><\/figure>\n\n\n\n<figure class=\"wp-block-image size-large\"><a href=\"https:\/\/www.berndbraun.eu\/wp-content\/uploads\/2022\/05\/dreamstime_m_244131725.jpg\"><img loading=\"lazy\" decoding=\"async\" width=\"1024\" height=\"683\" data-id=\"1199\" src=\"https:\/\/www.berndbraun.eu\/wp-content\/uploads\/2022\/05\/dreamstime_m_244131725-1024x683.jpg\" alt=\"\" class=\"wp-image-1199\" srcset=\"https:\/\/www.berndbraun.eu\/wp-content\/uploads\/2022\/05\/dreamstime_m_244131725-1024x683.jpg 1024w, https:\/\/www.berndbraun.eu\/wp-content\/uploads\/2022\/05\/dreamstime_m_244131725-300x200.jpg 300w, https:\/\/www.berndbraun.eu\/wp-content\/uploads\/2022\/05\/dreamstime_m_244131725-768x512.jpg 768w, https:\/\/www.berndbraun.eu\/wp-content\/uploads\/2022\/05\/dreamstime_m_244131725-1536x1024.jpg 1536w, https:\/\/www.berndbraun.eu\/wp-content\/uploads\/2022\/05\/dreamstime_m_244131725-2048x1365.jpg 2048w, https:\/\/www.berndbraun.eu\/wp-content\/uploads\/2022\/05\/dreamstime_m_244131725-18x12.jpg 18w, https:\/\/www.berndbraun.eu\/wp-content\/uploads\/2022\/05\/dreamstime_m_244131725.jpg 2121w\" sizes=\"auto, (max-width: 1024px) 100vw, 1024px\" \/><\/a><figcaption class=\"wp-element-caption\">Erbil \u00a9 Rasool Ali<\/figcaption><\/figure>\n<\/figure>\n\n\n\n<p>&nbsp;&nbsp;&nbsp;&nbsp;&nbsp;&nbsp;&nbsp;&nbsp;&nbsp;&nbsp;&nbsp; In the context of the Southern Russian war against Ukraine, in which the Donbass territories, i.e. the Russian-speaking regions of Donetsk and Luhansk, are the main issue, Iran has sided with Russia, waiting for China to take a stand. With the situation in the region taking precedence over all other crises of the moment, Israel took advantage of this window of opportunity to attack Iranian forces in Syria, attempting to further destabilise the El-Assad regime. The strikes launched from the territories near Iraq by Iran's revolutionary forces are a message to Israel, the United States and the rest of the West; Tehran remains ready to defend its interests, those of its allies, but above all to carry out its power project in the region, wanting to counter Tel Aviv's wishes.<\/p>\n\n\n\n<div style=\"height:50px\" aria-hidden=\"true\" class=\"wp-block-spacer\"><\/div>\n\n\n\n<p class=\"has-text-align-center has-cyan-bluish-gray-color has-text-color has-small-font-size\">All rights reserved by BRAUN<\/p>","protected":false},"excerpt":{"rendered":"<p>&nbsp;&nbsp;&nbsp;&nbsp;&nbsp;&nbsp;&nbsp;&nbsp;&nbsp;&nbsp;&nbsp; Le 13 mars dernier l\u2019Iran bombardait Erbil, grande ville du Nord-Est irakien majoritairement habit\u00e9e par les populations kurdes du pays. T\u00e9h\u00e9ran revendique les frappes qui s\u2019abattent sur des infrastructures que les Gardiens de la R\u00e9volution affirment \u00eatre des complexes isra\u00e9liens d\u2019entra\u00eenement, mais \u00e9galement des centres strat\u00e9giques. &nbsp;&nbsp;&nbsp;&nbsp;&nbsp;&nbsp;&nbsp;&nbsp;&nbsp;&nbsp;&nbsp; Il s\u2019agit donc d\u2019une rivalit\u00e9, d\u2019une inimiti\u00e9 [&hellip;]<\/p>\n","protected":false},"author":3,"featured_media":1194,"comment_status":"open","ping_status":"open","sticky":false,"template":"","format":"standard","meta":{"footnotes":""},"categories":[5],"tags":[],"type-darticle":[24],"class_list":["post-1191","post","type-post","status-publish","format-standard","has-post-thumbnail","hentry","category-politics","type-darticle-video"],"yoast_head":"<!-- This site is optimized with the Yoast SEO Premium plugin v21.4 (Yoast SEO v27.2) - https:\/\/yoast.com\/product\/yoast-seo-premium-wordpress\/ -->\n<title>Bernd Braun - Attaque iranienne \u00e0 Erbil<\/title>\n<meta name=\"robots\" content=\"index, follow, max-snippet:-1, max-image-preview:large, max-video-preview:-1\" \/>\n<link rel=\"canonical\" href=\"https:\/\/www.berndbraun.eu\/en\/attaque-iranienne-a-erbil\/\" \/>\n<meta property=\"og:locale\" content=\"en_GB\" \/>\n<meta property=\"og:type\" content=\"article\" \/>\n<meta property=\"og:title\" content=\"Attaque iranienne \u00e0 Erbil\" \/>\n<meta property=\"og:description\" content=\"&nbsp;&nbsp;&nbsp;&nbsp;&nbsp;&nbsp;&nbsp;&nbsp;&nbsp;&nbsp;&nbsp; Le 13 mars dernier l\u2019Iran bombardait Erbil, grande ville du Nord-Est irakien majoritairement habit\u00e9e par les populations kurdes du pays. T\u00e9h\u00e9ran revendique les frappes qui s\u2019abattent sur des infrastructures que les Gardiens de la R\u00e9volution affirment \u00eatre des complexes isra\u00e9liens d\u2019entra\u00eenement, mais \u00e9galement des centres strat\u00e9giques. &nbsp;&nbsp;&nbsp;&nbsp;&nbsp;&nbsp;&nbsp;&nbsp;&nbsp;&nbsp;&nbsp; Il s\u2019agit donc d\u2019une rivalit\u00e9, d\u2019une inimiti\u00e9 [&hellip;]\" \/>\n<meta property=\"og:url\" content=\"https:\/\/www.berndbraun.eu\/en\/attaque-iranienne-a-erbil\/\" \/>\n<meta property=\"og:site_name\" content=\"Bernd Braun\" \/>\n<meta property=\"article:published_time\" content=\"2022-04-30T20:17:13+00:00\" \/>\n<meta property=\"article:modified_time\" content=\"2022-11-16T23:26:49+00:00\" \/>\n<meta property=\"og:image\" content=\"https:\/\/www.berndbraun.eu\/wp-content\/uploads\/2022\/05\/dreamstime_m_147204758-scaled.jpg\" \/>\n\t<meta property=\"og:image:width\" content=\"2560\" \/>\n\t<meta property=\"og:image:height\" content=\"1025\" \/>\n\t<meta property=\"og:image:type\" content=\"image\/jpeg\" \/>\n<meta name=\"author\" content=\"Bernd\" \/>\n<meta name=\"twitter:card\" content=\"summary_large_image\" \/>\n<meta name=\"twitter:label1\" content=\"Written by\" \/>\n\t<meta name=\"twitter:data1\" content=\"Bernd\" \/>\n\t<meta name=\"twitter:label2\" content=\"Estimated reading time\" \/>\n\t<meta name=\"twitter:data2\" content=\"3 minutes\" \/>\n<script type=\"application\/ld+json\" class=\"yoast-schema-graph\">{\"@context\":\"https:\/\/schema.org\",\"@graph\":[{\"@type\":\"Article\",\"@id\":\"https:\/\/www.berndbraun.eu\/attaque-iranienne-a-erbil\/#article\",\"isPartOf\":{\"@id\":\"https:\/\/www.berndbraun.eu\/attaque-iranienne-a-erbil\/\"},\"author\":{\"name\":\"Bernd\",\"@id\":\"https:\/\/www.berndbraun.eu\/#\/schema\/person\/a64c4c08b6a8c9f8fe9be655928070ca\"},\"headline\":\"Attaque iranienne \u00e0 Erbil\",\"datePublished\":\"2022-04-30T20:17:13+00:00\",\"dateModified\":\"2022-11-16T23:26:49+00:00\",\"mainEntityOfPage\":{\"@id\":\"https:\/\/www.berndbraun.eu\/attaque-iranienne-a-erbil\/\"},\"wordCount\":659,\"commentCount\":0,\"image\":{\"@id\":\"https:\/\/www.berndbraun.eu\/attaque-iranienne-a-erbil\/#primaryimage\"},\"thumbnailUrl\":\"https:\/\/www.berndbraun.eu\/wp-content\/uploads\/2022\/05\/dreamstime_m_147204758-scaled.jpg\",\"articleSection\":[\"Politics\"],\"inLanguage\":\"en-GB\",\"potentialAction\":[{\"@type\":\"CommentAction\",\"name\":\"Comment\",\"target\":[\"https:\/\/www.berndbraun.eu\/attaque-iranienne-a-erbil\/#respond\"]}]},{\"@type\":\"WebPage\",\"@id\":\"https:\/\/www.berndbraun.eu\/attaque-iranienne-a-erbil\/\",\"url\":\"https:\/\/www.berndbraun.eu\/attaque-iranienne-a-erbil\/\",\"name\":\"Bernd Braun - Attaque iranienne \u00e0 Erbil\",\"isPartOf\":{\"@id\":\"https:\/\/www.berndbraun.eu\/#website\"},\"primaryImageOfPage\":{\"@id\":\"https:\/\/www.berndbraun.eu\/attaque-iranienne-a-erbil\/#primaryimage\"},\"image\":{\"@id\":\"https:\/\/www.berndbraun.eu\/attaque-iranienne-a-erbil\/#primaryimage\"},\"thumbnailUrl\":\"https:\/\/www.berndbraun.eu\/wp-content\/uploads\/2022\/05\/dreamstime_m_147204758-scaled.jpg\",\"datePublished\":\"2022-04-30T20:17:13+00:00\",\"dateModified\":\"2022-11-16T23:26:49+00:00\",\"author\":{\"@id\":\"https:\/\/www.berndbraun.eu\/#\/schema\/person\/a64c4c08b6a8c9f8fe9be655928070ca\"},\"breadcrumb\":{\"@id\":\"https:\/\/www.berndbraun.eu\/attaque-iranienne-a-erbil\/#breadcrumb\"},\"inLanguage\":\"en-GB\",\"potentialAction\":[{\"@type\":\"ReadAction\",\"target\":[\"https:\/\/www.berndbraun.eu\/attaque-iranienne-a-erbil\/\"]}]},{\"@type\":\"ImageObject\",\"inLanguage\":\"en-GB\",\"@id\":\"https:\/\/www.berndbraun.eu\/attaque-iranienne-a-erbil\/#primaryimage\",\"url\":\"https:\/\/www.berndbraun.eu\/wp-content\/uploads\/2022\/05\/dreamstime_m_147204758-scaled.jpg\",\"contentUrl\":\"https:\/\/www.berndbraun.eu\/wp-content\/uploads\/2022\/05\/dreamstime_m_147204758-scaled.jpg\",\"width\":2560,\"height\":1025},{\"@type\":\"BreadcrumbList\",\"@id\":\"https:\/\/www.berndbraun.eu\/attaque-iranienne-a-erbil\/#breadcrumb\",\"itemListElement\":[{\"@type\":\"ListItem\",\"position\":1,\"name\":\"Accueil\",\"item\":\"https:\/\/www.berndbraun.eu\/\"},{\"@type\":\"ListItem\",\"position\":2,\"name\":\"Attaque iranienne \u00e0 Erbil\"}]},{\"@type\":\"WebSite\",\"@id\":\"https:\/\/www.berndbraun.eu\/#website\",\"url\":\"https:\/\/www.berndbraun.eu\/\",\"name\":\"Bernd Braun\",\"description\":\"\",\"potentialAction\":[{\"@type\":\"SearchAction\",\"target\":{\"@type\":\"EntryPoint\",\"urlTemplate\":\"https:\/\/www.berndbraun.eu\/?s={search_term_string}\"},\"query-input\":{\"@type\":\"PropertyValueSpecification\",\"valueRequired\":true,\"valueName\":\"search_term_string\"}}],\"inLanguage\":\"en-GB\"},{\"@type\":\"Person\",\"@id\":\"https:\/\/www.berndbraun.eu\/#\/schema\/person\/a64c4c08b6a8c9f8fe9be655928070ca\",\"name\":\"Bernd\",\"image\":{\"@type\":\"ImageObject\",\"inLanguage\":\"en-GB\",\"@id\":\"https:\/\/secure.gravatar.com\/avatar\/e51d7b18a7c2fb10dd367a4bab68ef5a6d1736ae3537a0fd211df170b00b15af?s=96&d=mm&r=g\",\"url\":\"https:\/\/secure.gravatar.com\/avatar\/e51d7b18a7c2fb10dd367a4bab68ef5a6d1736ae3537a0fd211df170b00b15af?s=96&d=mm&r=g\",\"contentUrl\":\"https:\/\/secure.gravatar.com\/avatar\/e51d7b18a7c2fb10dd367a4bab68ef5a6d1736ae3537a0fd211df170b00b15af?s=96&d=mm&r=g\",\"caption\":\"Bernd\"},\"url\":\"https:\/\/www.berndbraun.eu\/en\/author\/bernd\/\"}]}<\/script>\n<!-- \/ Yoast SEO Premium plugin. -->","yoast_head_json":{"title":"Bernd Braun - Iranian attack in Erbil","robots":{"index":"index","follow":"follow","max-snippet":"max-snippet:-1","max-image-preview":"max-image-preview:large","max-video-preview":"max-video-preview:-1"},"canonical":"https:\/\/www.berndbraun.eu\/en\/attaque-iranienne-a-erbil\/","og_locale":"en_GB","og_type":"article","og_title":"Attaque iranienne \u00e0 Erbil","og_description":"&nbsp;&nbsp;&nbsp;&nbsp;&nbsp;&nbsp;&nbsp;&nbsp;&nbsp;&nbsp;&nbsp; Le 13 mars dernier l\u2019Iran bombardait Erbil, grande ville du Nord-Est irakien majoritairement habit\u00e9e par les populations kurdes du pays. T\u00e9h\u00e9ran revendique les frappes qui s\u2019abattent sur des infrastructures que les Gardiens de la R\u00e9volution affirment \u00eatre des complexes isra\u00e9liens d\u2019entra\u00eenement, mais \u00e9galement des centres strat\u00e9giques. &nbsp;&nbsp;&nbsp;&nbsp;&nbsp;&nbsp;&nbsp;&nbsp;&nbsp;&nbsp;&nbsp; Il s\u2019agit donc d\u2019une rivalit\u00e9, d\u2019une inimiti\u00e9 [&hellip;]","og_url":"https:\/\/www.berndbraun.eu\/en\/attaque-iranienne-a-erbil\/","og_site_name":"Bernd Braun","article_published_time":"2022-04-30T20:17:13+00:00","article_modified_time":"2022-11-16T23:26:49+00:00","og_image":[{"width":2560,"height":1025,"url":"https:\/\/www.berndbraun.eu\/wp-content\/uploads\/2022\/05\/dreamstime_m_147204758-scaled.jpg","type":"image\/jpeg"}],"author":"Bernd","twitter_card":"summary_large_image","twitter_misc":{"Written by":"Bernd","Estimated reading time":"3 minutes"},"schema":{"@context":"https:\/\/schema.org","@graph":[{"@type":"Article","@id":"https:\/\/www.berndbraun.eu\/attaque-iranienne-a-erbil\/#article","isPartOf":{"@id":"https:\/\/www.berndbraun.eu\/attaque-iranienne-a-erbil\/"},"author":{"name":"Bernd","@id":"https:\/\/www.berndbraun.eu\/#\/schema\/person\/a64c4c08b6a8c9f8fe9be655928070ca"},"headline":"Attaque iranienne \u00e0 Erbil","datePublished":"2022-04-30T20:17:13+00:00","dateModified":"2022-11-16T23:26:49+00:00","mainEntityOfPage":{"@id":"https:\/\/www.berndbraun.eu\/attaque-iranienne-a-erbil\/"},"wordCount":659,"commentCount":0,"image":{"@id":"https:\/\/www.berndbraun.eu\/attaque-iranienne-a-erbil\/#primaryimage"},"thumbnailUrl":"https:\/\/www.berndbraun.eu\/wp-content\/uploads\/2022\/05\/dreamstime_m_147204758-scaled.jpg","articleSection":["Politics"],"inLanguage":"en-GB","potentialAction":[{"@type":"CommentAction","name":"Comment","target":["https:\/\/www.berndbraun.eu\/attaque-iranienne-a-erbil\/#respond"]}]},{"@type":"WebPage","@id":"https:\/\/www.berndbraun.eu\/attaque-iranienne-a-erbil\/","url":"https:\/\/www.berndbraun.eu\/attaque-iranienne-a-erbil\/","name":"Bernd Braun - Iranian attack in Erbil","isPartOf":{"@id":"https:\/\/www.berndbraun.eu\/#website"},"primaryImageOfPage":{"@id":"https:\/\/www.berndbraun.eu\/attaque-iranienne-a-erbil\/#primaryimage"},"image":{"@id":"https:\/\/www.berndbraun.eu\/attaque-iranienne-a-erbil\/#primaryimage"},"thumbnailUrl":"https:\/\/www.berndbraun.eu\/wp-content\/uploads\/2022\/05\/dreamstime_m_147204758-scaled.jpg","datePublished":"2022-04-30T20:17:13+00:00","dateModified":"2022-11-16T23:26:49+00:00","author":{"@id":"https:\/\/www.berndbraun.eu\/#\/schema\/person\/a64c4c08b6a8c9f8fe9be655928070ca"},"breadcrumb":{"@id":"https:\/\/www.berndbraun.eu\/attaque-iranienne-a-erbil\/#breadcrumb"},"inLanguage":"en-GB","potentialAction":[{"@type":"ReadAction","target":["https:\/\/www.berndbraun.eu\/attaque-iranienne-a-erbil\/"]}]},{"@type":"ImageObject","inLanguage":"en-GB","@id":"https:\/\/www.berndbraun.eu\/attaque-iranienne-a-erbil\/#primaryimage","url":"https:\/\/www.berndbraun.eu\/wp-content\/uploads\/2022\/05\/dreamstime_m_147204758-scaled.jpg","contentUrl":"https:\/\/www.berndbraun.eu\/wp-content\/uploads\/2022\/05\/dreamstime_m_147204758-scaled.jpg","width":2560,"height":1025},{"@type":"BreadcrumbList","@id":"https:\/\/www.berndbraun.eu\/attaque-iranienne-a-erbil\/#breadcrumb","itemListElement":[{"@type":"ListItem","position":1,"name":"Accueil","item":"https:\/\/www.berndbraun.eu\/"},{"@type":"ListItem","position":2,"name":"Attaque iranienne \u00e0 Erbil"}]},{"@type":"WebSite","@id":"https:\/\/www.berndbraun.eu\/#website","url":"https:\/\/www.berndbraun.eu\/","name":"Bernd Braun","description":"","potentialAction":[{"@type":"SearchAction","target":{"@type":"EntryPoint","urlTemplate":"https:\/\/www.berndbraun.eu\/?s={search_term_string}"},"query-input":{"@type":"PropertyValueSpecification","valueRequired":true,"valueName":"search_term_string"}}],"inLanguage":"en-GB"},{"@type":"Person","@id":"https:\/\/www.berndbraun.eu\/#\/schema\/person\/a64c4c08b6a8c9f8fe9be655928070ca","name":"Bernd","image":{"@type":"ImageObject","inLanguage":"en-GB","@id":"https:\/\/secure.gravatar.com\/avatar\/e51d7b18a7c2fb10dd367a4bab68ef5a6d1736ae3537a0fd211df170b00b15af?s=96&d=mm&r=g","url":"https:\/\/secure.gravatar.com\/avatar\/e51d7b18a7c2fb10dd367a4bab68ef5a6d1736ae3537a0fd211df170b00b15af?s=96&d=mm&r=g","contentUrl":"https:\/\/secure.gravatar.com\/avatar\/e51d7b18a7c2fb10dd367a4bab68ef5a6d1736ae3537a0fd211df170b00b15af?s=96&d=mm&r=g","caption":"Bernd"},"url":"https:\/\/www.berndbraun.eu\/en\/author\/bernd\/"}]}},"_links":{"self":[{"href":"https:\/\/www.berndbraun.eu\/en\/wp-json\/wp\/v2\/posts\/1191","targetHints":{"allow":["GET"]}}],"collection":[{"href":"https:\/\/www.berndbraun.eu\/en\/wp-json\/wp\/v2\/posts"}],"about":[{"href":"https:\/\/www.berndbraun.eu\/en\/wp-json\/wp\/v2\/types\/post"}],"author":[{"embeddable":true,"href":"https:\/\/www.berndbraun.eu\/en\/wp-json\/wp\/v2\/users\/3"}],"replies":[{"embeddable":true,"href":"https:\/\/www.berndbraun.eu\/en\/wp-json\/wp\/v2\/comments?post=1191"}],"version-history":[{"count":12,"href":"https:\/\/www.berndbraun.eu\/en\/wp-json\/wp\/v2\/posts\/1191\/revisions"}],"predecessor-version":[{"id":1555,"href":"https:\/\/www.berndbraun.eu\/en\/wp-json\/wp\/v2\/posts\/1191\/revisions\/1555"}],"wp:featuredmedia":[{"embeddable":true,"href":"https:\/\/www.berndbraun.eu\/en\/wp-json\/wp\/v2\/media\/1194"}],"wp:attachment":[{"href":"https:\/\/www.berndbraun.eu\/en\/wp-json\/wp\/v2\/media?parent=1191"}],"wp:term":[{"taxonomy":"category","embeddable":true,"href":"https:\/\/www.berndbraun.eu\/en\/wp-json\/wp\/v2\/categories?post=1191"},{"taxonomy":"post_tag","embeddable":true,"href":"https:\/\/www.berndbraun.eu\/en\/wp-json\/wp\/v2\/tags?post=1191"},{"taxonomy":"type-darticle","embeddable":true,"href":"https:\/\/www.berndbraun.eu\/en\/wp-json\/wp\/v2\/type-darticle?post=1191"}],"curies":[{"name":"wp","href":"https:\/\/api.w.org\/{rel}","templated":true}]}}