{"id":1383,"date":"2022-09-01T18:01:40","date_gmt":"2022-09-01T16:01:40","guid":{"rendered":"https:\/\/www.berndbraun.eu\/?p=1383"},"modified":"2022-11-17T01:18:24","modified_gmt":"2022-11-16T23:18:24","slug":"the-upcoming-italian-elections-the-players-the-favorites-the-outsiders","status":"publish","type":"post","link":"https:\/\/www.berndbraun.eu\/es\/the-upcoming-italian-elections-the-players-the-favorites-the-outsiders\/","title":{"rendered":"Pr\u00f3ximas elecciones italianas: los protagonistas, los favoritos y los outsiders"},"content":{"rendered":"<p>&nbsp;&nbsp;&nbsp;&nbsp;&nbsp;&nbsp;&nbsp;&nbsp;&nbsp;&nbsp;&nbsp; El 25 de septiembre los italianos acudir\u00e1n a las urnas para elegir un nuevo Gobierno, tras la convocatoria de elecciones anticipadas en pleno verano. La agitaci\u00f3n pol\u00edtica no es infrecuente en Italia y ni siquiera Mario Draghi pudo sobrevivir al inestable escenario pol\u00edtico italiano.<\/p>\n\n\n\n<div style=\"height:1px\" aria-hidden=\"true\" class=\"wp-block-spacer\"><\/div>\n\n\n\n<p class=\"has-white-color has-vivid-red-background-color has-text-color has-background\"><strong>La ca\u00edda de Mario Draghi<\/strong><br><br>&nbsp;&nbsp;&nbsp;&nbsp;&nbsp;&nbsp;&nbsp;&nbsp;&nbsp;&nbsp;&nbsp; Draghi dirig\u00eda un Gobierno de unidad nacional compuesto b\u00e1sicamente por todos los partidos importantes del Parlamento, excepto el Fratelli d'Italia (ECR) de Giorgia Meloni. El primer ministro perdi\u00f3 la mayor\u00eda tras la crisis iniciada por el l\u00edder del Movimiento 5 Estrellas (NI), Giuseppe Conte, tras sus amenazas de abandonar el Gobierno si no se inclu\u00edan m\u00e1s pol\u00edticas del 5 Estrellas en el programa. A continuaci\u00f3n, Mario Draghi tuvo que dirigirse al Parlamento en relaci\u00f3n con la crisis actual. Su discurso decepcion\u00f3 a otros dos partidos mayoritarios, Forza Italia (PPE) y Lega (ID), que ten\u00edan algunas quejas sobre ciertos pasajes del discurso de Draghi. Lega y Forza Italia, entonces, propusieron continuar con Draghi como l\u00edder del Gobierno, pero pidieron a cambio la garant\u00eda de que el 5 Estrellas no ser\u00eda incluido en la nueva mayor\u00eda. No se lleg\u00f3 a ning\u00fan acuerdo y, como consecuencia, el gobierno acab\u00f3 cayendo.<\/p>\n\n\n\n<p><br><strong>Los jugadores<\/strong><br><br>&nbsp;&nbsp;&nbsp;&nbsp;&nbsp;&nbsp;&nbsp;&nbsp;&nbsp;&nbsp;&nbsp; Tras la ca\u00edda de Draghi, los partidos se apresuraron a formar alianzas y coaliciones para las pr\u00f3ximas elecciones. Dos partidos liberales (Azione y +Europa, Renew Europe) y los socialistas (PD + partidos menores, S&amp;D) estuvieron muy cerca de encontrar un acuerdo para hacer una coalici\u00f3n con el fin de tener una oportunidad de desafiar al bloque de centro-derecha e incluso firmaron un acuerdo oficial para presentar una coalici\u00f3n com\u00fan. Poco despu\u00e9s, los liberales de Azione, dirigidos por Carlo Calenda, rompieron la coalici\u00f3n, mientras que +Europa decidi\u00f3 quedarse. Tras esta ruptura, Azione fund\u00f3 una alianza con Italia Viva (RE), el partido liderado por el ex primer ministro Matteo Renzi.<br><br>&nbsp;&nbsp;&nbsp;&nbsp;&nbsp;&nbsp;&nbsp;&nbsp;&nbsp;&nbsp;&nbsp; M\u00e1s tarde, el PD (S&amp;D) decidi\u00f3 incluir algunos partidos menores de extrema izquierda en su coalici\u00f3n, posicion\u00e1ndose a\u00fan m\u00e1s a la izquierda, lo que facilit\u00f3 que la coalici\u00f3n liberal se comiera los votos del centro\/moderados. La DP present\u00f3 a los votantes un programa centrado en tres \"pilares\": Desarrollo sostenible y transiciones ecol\u00f3gicas y digitales; Empleo, conocimiento y justicia social; Derechos y ciudadan\u00eda.<br><br>&nbsp;&nbsp;&nbsp;&nbsp;&nbsp;&nbsp;&nbsp;&nbsp;&nbsp;&nbsp;&nbsp; Uno de los partidos menores incluidos en la alianza socialista se llama \"Sinistra Italiana\", dirigido por Nicola Fratoianni, conocido por sus posiciones de extrema izquierda en materia econ\u00f3mica y sus opiniones esc\u00e9pticas sobre la OTAN (se opone a la entrada de Finlandia y Suecia tras la invasi\u00f3n rusa). La inclusi\u00f3n de Sinistra Italiana en la coalici\u00f3n provoc\u00f3 cr\u00edticas de todas partes hacia el PD y su secretario Enrico Letta. Sinistra Italiana sol\u00eda sentarse en los esca\u00f1os de la oposici\u00f3n durante el Gobierno de Draghi.<\/p>\n\n\n\n<p><\/p>\n\n\n<div class=\"wp-block-image\">\n<figure class=\"aligncenter size-large is-resized\"><img loading=\"lazy\" decoding=\"async\" src=\"https:\/\/www.berndbraun.eu\/wp-content\/uploads\/2022\/08\/POLL-29-agosto-1024x580.png\" alt=\"\" class=\"wp-image-1398\" width=\"900\" height=\"435\"\/><figcaption class=\"wp-element-caption\"><br>Encuesta del 29 de agosto<\/figcaption><\/figure>\n<\/div>\n\n\n<p>&nbsp;&nbsp;&nbsp;&nbsp;&nbsp;&nbsp;&nbsp;&nbsp;&nbsp;&nbsp;&nbsp; Luigi di Maio, ministro de Asuntos Exteriores saliente, abandon\u00f3 el movimiento 5 estrellas antes de que la crisis pol\u00edtica provocara la ca\u00edda del Gobierno de Draghi, tras algunos desacuerdos con Giuseppe Conte sobre el posicionamiento del partido en el conflicto ruso-ucraniano. Decenas de diputados de 5 Estrellas siguieron a Di Maio y abandonaron el movimiento. Di Maio, entonces, fund\u00f3 una lista pol\u00edtica llamada \"Impegno Civico\" que se presentar\u00e1 junto a la coalici\u00f3n de centro-izquierda liderada por el PD.<br><br>&nbsp;&nbsp;&nbsp;&nbsp;&nbsp;&nbsp;&nbsp;&nbsp;&nbsp;&nbsp;&nbsp; Mientras tanto, Giuseppe Conte confirm\u00f3 que el movimiento 5 estrellas se presentar\u00e1 en solitario a las elecciones de 2022.<br><br>&nbsp;&nbsp;&nbsp;&nbsp;&nbsp;&nbsp;&nbsp;&nbsp;&nbsp;&nbsp;&nbsp; Este es el mejor escenario para la coalici\u00f3n de centro-derecha compuesta por el Fratelli D'Italia de Giorgia Meloni, la Lega de Matteo Salvini, Forza Italia de Silvio Berlusconi (PPE) y la lista centrista Noi Moderati (PPE). La coalici\u00f3n est\u00e1 en una encuesta que ronda el 48%, y con la actual ley electoral se prev\u00e9 que el centro-derecha obtenga la mayor\u00eda en ambas c\u00e1maras, C\u00e1mara y Senado. La coalici\u00f3n de centro-derecha tiene un acuerdo interno sobre qu\u00e9 partido elegir\u00e1 el nombre que se propondr\u00e1 al Presidente para dirigir el Gobierno. El partido que tenga el mayor n\u00famero de votos elegir\u00e1 el nombre. Con los porcentajes de hoy, el Fratelli d'Italia deber\u00eda ser el partido que designe al futuro Premier y es probable que Giorgia Meloni sea la candidata.<\/p>\n\n\n\n<figure class=\"wp-block-gallery has-nested-images columns-default is-cropped wp-block-gallery-1 is-layout-flex wp-block-gallery-is-layout-flex\">\n<figure class=\"wp-block-image size-large\"><img loading=\"lazy\" decoding=\"async\" width=\"800\" height=\"533\" data-id=\"1393\" src=\"https:\/\/www.berndbraun.eu\/wp-content\/uploads\/2022\/08\/dreamstime_s_40354951_comp.jpg\" alt=\"\" class=\"wp-image-1393\" srcset=\"https:\/\/www.berndbraun.eu\/wp-content\/uploads\/2022\/08\/dreamstime_s_40354951_comp.jpg 800w, https:\/\/www.berndbraun.eu\/wp-content\/uploads\/2022\/08\/dreamstime_s_40354951_comp-300x200.jpg 300w, https:\/\/www.berndbraun.eu\/wp-content\/uploads\/2022\/08\/dreamstime_s_40354951_comp-768x512.jpg 768w, https:\/\/www.berndbraun.eu\/wp-content\/uploads\/2022\/08\/dreamstime_s_40354951_comp-18x12.jpg 18w\" sizes=\"auto, (max-width: 800px) 100vw, 800px\" \/><figcaption class=\"wp-element-caption\"><a href=\"https:\/\/www.dreamstime.com\/photos-images\/giorgia-meloni.html\">Giorgia Meloni<\/a>&nbsp;Lupoalb68<\/figcaption><\/figure>\n\n\n\n<figure class=\"wp-block-image size-large\"><img loading=\"lazy\" decoding=\"async\" width=\"800\" height=\"533\" data-id=\"1394\" src=\"https:\/\/www.berndbraun.eu\/wp-content\/uploads\/2022\/08\/dreamstime_s_199781395_comp.jpg\" alt=\"\" class=\"wp-image-1394\" srcset=\"https:\/\/www.berndbraun.eu\/wp-content\/uploads\/2022\/08\/dreamstime_s_199781395_comp.jpg 800w, https:\/\/www.berndbraun.eu\/wp-content\/uploads\/2022\/08\/dreamstime_s_199781395_comp-300x200.jpg 300w, https:\/\/www.berndbraun.eu\/wp-content\/uploads\/2022\/08\/dreamstime_s_199781395_comp-768x512.jpg 768w, https:\/\/www.berndbraun.eu\/wp-content\/uploads\/2022\/08\/dreamstime_s_199781395_comp-18x12.jpg 18w\" sizes=\"auto, (max-width: 800px) 100vw, 800px\" \/><figcaption class=\"wp-element-caption\"><a href=\"https:\/\/www.dreamstime.com\/photos-images\/giorgia-meloni.html\">Giorgia Meloni<\/a>&nbsp;Vincenzo Izzo<\/figcaption><\/figure>\n<\/figure>\n\n\n\n<p>&nbsp;&nbsp;&nbsp;&nbsp;&nbsp;&nbsp;&nbsp;&nbsp;&nbsp;&nbsp;&nbsp; <\/p>\n\n\n\n<p><strong>Los favoritos<\/strong><br><br>&nbsp;&nbsp;&nbsp;&nbsp;&nbsp;&nbsp;&nbsp;&nbsp;&nbsp;&nbsp;&nbsp; Se trata de la primera oportunidad en a\u00f1os para que el centro-derecha recupere el poder despu\u00e9s de su \u00faltimo gobierno, liderado por Silvio Berlusconi hasta su colapso en 2011. Once a\u00f1os despu\u00e9s, Berlusconi est\u00e1 listo para su regreso a la pol\u00edtica italiana tras su elecci\u00f3n como diputado al Parlamento Europeo en 2019.<br><br>&nbsp;&nbsp;&nbsp;&nbsp;&nbsp;&nbsp;&nbsp;&nbsp;&nbsp;&nbsp;&nbsp; Mientras Giorgia Meloni aspira a la jefatura del Gobierno, Matteo Salvini centra la campa\u00f1a de la Lega en el tema de la seguridad y su posible regreso como ministro del Interior. Italia ha sido uno de los principales objetivos de las traves\u00edas ilegales y de los traficantes de personas a trav\u00e9s del mar Mediterr\u00e1neo y, durante el verano de este a\u00f1o, las cifras de llegadas se han vuelto a disparar y est\u00e1n alcanzando cifras anteriores a la crisis.<br><br>&nbsp;&nbsp;&nbsp;&nbsp;&nbsp;&nbsp;&nbsp;&nbsp;&nbsp;&nbsp;&nbsp; La coalici\u00f3n de centro-derecha present\u00f3 un programa electoral com\u00fan, compuesto por 15 puntos. El punto inicial tiene que ver con el posicionamiento internacional de Italia, definida como \"plenamente parte de Europa, la Alianza Atl\u00e1ntica y Occidente\", y con la fijaci\u00f3n de una \"pol\u00edtica exterior centrada en la protecci\u00f3n del inter\u00e9s nacional y la defensa de la patria\".<br><br>&nbsp;&nbsp;&nbsp;&nbsp;&nbsp;&nbsp;&nbsp;&nbsp;&nbsp;&nbsp;&nbsp; El documento aborda varios temas, entre ellos las reformas fiscal y judicial, pasando por la revisi\u00f3n de algunas cuestiones de bienestar, la lucha contra la inmigraci\u00f3n ilegal y la protecci\u00f3n del medio ambiente. El programa tambi\u00e9n incluye una \"revisi\u00f3n del PNRR (Plan de Recuperaci\u00f3n) de acuerdo con el cambio de las condiciones, necesidades y prioridades\" y la propuesta de una reforma de la Constituci\u00f3n, que se traduce en la elecci\u00f3n directa del Presidente de la Rep\u00fablica y el aumento de las autonom\u00edas regionales.<br><\/p>\n\n\n\n<div style=\"height:9px\" aria-hidden=\"true\" class=\"wp-block-spacer\"><\/div>\n\n\n\n<p class=\"has-white-color has-text-color has-background\" style=\"background-color:#573636\"><strong>Los marginados<\/strong><br><br>&nbsp;&nbsp;&nbsp;&nbsp;&nbsp;&nbsp;&nbsp;&nbsp;&nbsp;&nbsp;&nbsp; La coalici\u00f3n liberal formada por Azione de Calenda e Italia Viva de Renzi est\u00e1 en torno a los 5% (el umbral para entrar en el Parlamento es de 3%) y tiene como principal objetivo el electorado centrista moderado. Su programa se compone de puntos progresistas y puntos de vista pragm\u00e1ticos sobre cuestiones energ\u00e9ticas como la necesidad del uso de la energ\u00eda nuclear, nunca utilizada hasta hoy en Italia.<br><br>&nbsp;&nbsp;&nbsp;&nbsp;&nbsp;&nbsp;&nbsp;&nbsp;&nbsp;&nbsp;&nbsp; En este punto, la coalici\u00f3n liberal converge hacia el centro-derecha. La crisis energ\u00e9tica es una<br>de los principales temas que se debaten en esta campa\u00f1a electoral y que preocupan a los votantes italianos. Las elevadas facturas de los servicios p\u00fablicos ya se est\u00e1n cobrando v\u00edctimas entre las empresas, el aumento de precios tambi\u00e9n pesar\u00e1 en los hogares. La coalici\u00f3n de centro-izquierda y el 5 Estrellas est\u00e1n fuertemente en contra del uso de la energ\u00eda nuclear, mientras que la coalici\u00f3n liberal y el centro-derecha est\u00e1n fuertemente a favor de su uso y creen que se debe utilizar cualquier herramienta ambientalmente limpia para luchar contra la crisis energ\u00e9tica y avanzar hacia la autonom\u00eda energ\u00e9tica de Italia.<\/p>\n\n\n\n<div style=\"height:1px\" aria-hidden=\"true\" class=\"wp-block-spacer\"><\/div>\n\n\n\n<p><br><strong>Qu\u00e9 esperar despu\u00e9s del 25 de septiembre<\/strong><br><br>&nbsp;&nbsp;&nbsp;&nbsp;&nbsp;&nbsp;&nbsp;&nbsp;&nbsp;&nbsp;&nbsp; Se prev\u00e9 que gane el centro-derecha, pero \u00bfqu\u00e9 podemos esperar del reci\u00e9n nacido Gobierno? Los conservadores tendr\u00e1n que hacer frente a una de las mayores crisis de nuestra historia reciente, el conflicto ruso-ucraniano, el aumento del precio del gas y la inflaci\u00f3n. Adem\u00e1s, Bruselas estar\u00e1 atenta y esperar\u00e1 que Italia mantenga las promesas hechas durante el Gobierno de Draghi. \u00bfCu\u00e1l ser\u00e1 la situaci\u00f3n del Gobierno italiano durante uno de los inviernos m\u00e1s duros de las \u00faltimas d\u00e9cadas en Europa?<\/p>\n\n\n<div class=\"wp-block-image\">\n<figure class=\"aligncenter size-large\"><img loading=\"lazy\" decoding=\"async\" width=\"1024\" height=\"564\" src=\"https:\/\/www.berndbraun.eu\/wp-content\/uploads\/2022\/08\/AdobeStock_16237932_compressed-1024x564.jpeg\" alt=\"\" class=\"wp-image-1387\" srcset=\"https:\/\/www.berndbraun.eu\/wp-content\/uploads\/2022\/08\/AdobeStock_16237932_compressed-1024x564.jpeg 1024w, https:\/\/www.berndbraun.eu\/wp-content\/uploads\/2022\/08\/AdobeStock_16237932_compressed-300x165.jpeg 300w, https:\/\/www.berndbraun.eu\/wp-content\/uploads\/2022\/08\/AdobeStock_16237932_compressed-768x423.jpeg 768w, https:\/\/www.berndbraun.eu\/wp-content\/uploads\/2022\/08\/AdobeStock_16237932_compressed-1536x846.jpeg 1536w, https:\/\/www.berndbraun.eu\/wp-content\/uploads\/2022\/08\/AdobeStock_16237932_compressed-2048x1128.jpeg 2048w, https:\/\/www.berndbraun.eu\/wp-content\/uploads\/2022\/08\/AdobeStock_16237932_compressed-18x10.jpeg 18w, https:\/\/www.berndbraun.eu\/wp-content\/uploads\/2022\/08\/AdobeStock_16237932_compressed-scaled.jpeg 2560w\" sizes=\"auto, (max-width: 1024px) 100vw, 1024px\" \/><\/figure>\n<\/div>\n\n\n<div style=\"height:50px\" aria-hidden=\"true\" class=\"wp-block-spacer\"><\/div>\n\n\n\n<p class=\"has-text-align-center has-cyan-bluish-gray-color has-text-color has-small-font-size\">2022 Todos los derechos reservados por BRAUN<\/p>","protected":false},"excerpt":{"rendered":"<p>&nbsp;&nbsp;&nbsp;&nbsp;&nbsp;&nbsp;&nbsp;&nbsp;&nbsp;&nbsp;&nbsp; On the 25th of September Italians will go to the polls to elect a new Government after snap elections were called in the middle of summer. Political turmoil is not uncommon in Italy and even Mario Draghi was not able to survive the unstable Italian political scene. The fall of Mario Draghi &nbsp;&nbsp;&nbsp;&nbsp;&nbsp;&nbsp;&nbsp;&nbsp;&nbsp;&nbsp;&nbsp; Draghi [&hellip;]<\/p>\n","protected":false},"author":3,"featured_media":1386,"comment_status":"open","ping_status":"open","sticky":false,"template":"","format":"standard","meta":{"footnotes":""},"categories":[5],"tags":[],"type-darticle":[22],"class_list":["post-1383","post","type-post","status-publish","format-standard","has-post-thumbnail","hentry","category-politics","type-darticle-commentaire"],"yoast_head":"<!-- This site is optimized with the Yoast SEO Premium plugin v21.4 (Yoast SEO v27.2) - https:\/\/yoast.com\/product\/yoast-seo-premium-wordpress\/ -->\n<title>Bernd Braun - Prochaines \u00e9lections italiennes : les joueurs, les favoris et les outsiders<\/title>\n<meta name=\"robots\" content=\"index, follow, max-snippet:-1, max-image-preview:large, max-video-preview:-1\" \/>\n<link rel=\"canonical\" href=\"https:\/\/www.berndbraun.eu\/es\/the-upcoming-italian-elections-the-players-the-favorites-the-outsiders\/\" \/>\n<meta property=\"og:locale\" content=\"es_ES\" \/>\n<meta property=\"og:type\" content=\"article\" \/>\n<meta property=\"og:title\" content=\"Prochaines \u00e9lections italiennes : les joueurs, les favoris et les outsiders\" \/>\n<meta property=\"og:description\" content=\"&nbsp;&nbsp;&nbsp;&nbsp;&nbsp;&nbsp;&nbsp;&nbsp;&nbsp;&nbsp;&nbsp; On the 25th of September Italians will go to the polls to elect a new Government after snap elections were called in the middle of summer. Political turmoil is not uncommon in Italy and even Mario Draghi was not able to survive the unstable Italian political scene. The fall of Mario Draghi &nbsp;&nbsp;&nbsp;&nbsp;&nbsp;&nbsp;&nbsp;&nbsp;&nbsp;&nbsp;&nbsp; Draghi [&hellip;]\" \/>\n<meta property=\"og:url\" content=\"https:\/\/www.berndbraun.eu\/es\/the-upcoming-italian-elections-the-players-the-favorites-the-outsiders\/\" \/>\n<meta property=\"og:site_name\" content=\"Bernd Braun\" \/>\n<meta property=\"article:published_time\" content=\"2022-09-01T16:01:40+00:00\" \/>\n<meta property=\"article:modified_time\" content=\"2022-11-16T23:18:24+00:00\" \/>\n<meta property=\"og:image\" content=\"https:\/\/www.berndbraun.eu\/wp-content\/uploads\/2022\/09\/AdobeStock_57651263_compressed-scaled.jpeg\" \/>\n\t<meta property=\"og:image:width\" content=\"2560\" \/>\n\t<meta property=\"og:image:height\" content=\"1239\" \/>\n\t<meta property=\"og:image:type\" content=\"image\/jpeg\" \/>\n<meta name=\"author\" content=\"Bernd\" \/>\n<meta name=\"twitter:card\" content=\"summary_large_image\" \/>\n<meta name=\"twitter:label1\" content=\"Escrito por\" \/>\n\t<meta name=\"twitter:data1\" content=\"Bernd\" \/>\n\t<meta name=\"twitter:label2\" content=\"Tiempo de lectura\" \/>\n\t<meta name=\"twitter:data2\" content=\"6 minutos\" \/>\n<script type=\"application\/ld+json\" class=\"yoast-schema-graph\">{\"@context\":\"https:\/\/schema.org\",\"@graph\":[{\"@type\":\"Article\",\"@id\":\"https:\/\/www.berndbraun.eu\/the-upcoming-italian-elections-the-players-the-favorites-the-outsiders\/#article\",\"isPartOf\":{\"@id\":\"https:\/\/www.berndbraun.eu\/the-upcoming-italian-elections-the-players-the-favorites-the-outsiders\/\"},\"author\":{\"name\":\"Bernd\",\"@id\":\"https:\/\/www.berndbraun.eu\/#\/schema\/person\/a64c4c08b6a8c9f8fe9be655928070ca\"},\"headline\":\"Prochaines \u00e9lections italiennes : les joueurs, les favoris et les outsiders\",\"datePublished\":\"2022-09-01T16:01:40+00:00\",\"dateModified\":\"2022-11-16T23:18:24+00:00\",\"mainEntityOfPage\":{\"@id\":\"https:\/\/www.berndbraun.eu\/the-upcoming-italian-elections-the-players-the-favorites-the-outsiders\/\"},\"wordCount\":1350,\"commentCount\":0,\"image\":{\"@id\":\"https:\/\/www.berndbraun.eu\/the-upcoming-italian-elections-the-players-the-favorites-the-outsiders\/#primaryimage\"},\"thumbnailUrl\":\"https:\/\/www.berndbraun.eu\/wp-content\/uploads\/2022\/09\/AdobeStock_57651263_compressed-scaled.jpeg\",\"articleSection\":[\"Politics\"],\"inLanguage\":\"es\",\"potentialAction\":[{\"@type\":\"CommentAction\",\"name\":\"Comment\",\"target\":[\"https:\/\/www.berndbraun.eu\/the-upcoming-italian-elections-the-players-the-favorites-the-outsiders\/#respond\"]}]},{\"@type\":\"WebPage\",\"@id\":\"https:\/\/www.berndbraun.eu\/the-upcoming-italian-elections-the-players-the-favorites-the-outsiders\/\",\"url\":\"https:\/\/www.berndbraun.eu\/the-upcoming-italian-elections-the-players-the-favorites-the-outsiders\/\",\"name\":\"Bernd Braun - Prochaines \u00e9lections italiennes : les joueurs, les favoris et les outsiders\",\"isPartOf\":{\"@id\":\"https:\/\/www.berndbraun.eu\/#website\"},\"primaryImageOfPage\":{\"@id\":\"https:\/\/www.berndbraun.eu\/the-upcoming-italian-elections-the-players-the-favorites-the-outsiders\/#primaryimage\"},\"image\":{\"@id\":\"https:\/\/www.berndbraun.eu\/the-upcoming-italian-elections-the-players-the-favorites-the-outsiders\/#primaryimage\"},\"thumbnailUrl\":\"https:\/\/www.berndbraun.eu\/wp-content\/uploads\/2022\/09\/AdobeStock_57651263_compressed-scaled.jpeg\",\"datePublished\":\"2022-09-01T16:01:40+00:00\",\"dateModified\":\"2022-11-16T23:18:24+00:00\",\"author\":{\"@id\":\"https:\/\/www.berndbraun.eu\/#\/schema\/person\/a64c4c08b6a8c9f8fe9be655928070ca\"},\"breadcrumb\":{\"@id\":\"https:\/\/www.berndbraun.eu\/the-upcoming-italian-elections-the-players-the-favorites-the-outsiders\/#breadcrumb\"},\"inLanguage\":\"es\",\"potentialAction\":[{\"@type\":\"ReadAction\",\"target\":[\"https:\/\/www.berndbraun.eu\/the-upcoming-italian-elections-the-players-the-favorites-the-outsiders\/\"]}]},{\"@type\":\"ImageObject\",\"inLanguage\":\"es\",\"@id\":\"https:\/\/www.berndbraun.eu\/the-upcoming-italian-elections-the-players-the-favorites-the-outsiders\/#primaryimage\",\"url\":\"https:\/\/www.berndbraun.eu\/wp-content\/uploads\/2022\/09\/AdobeStock_57651263_compressed-scaled.jpeg\",\"contentUrl\":\"https:\/\/www.berndbraun.eu\/wp-content\/uploads\/2022\/09\/AdobeStock_57651263_compressed-scaled.jpeg\",\"width\":2560,\"height\":1239},{\"@type\":\"BreadcrumbList\",\"@id\":\"https:\/\/www.berndbraun.eu\/the-upcoming-italian-elections-the-players-the-favorites-the-outsiders\/#breadcrumb\",\"itemListElement\":[{\"@type\":\"ListItem\",\"position\":1,\"name\":\"Accueil\",\"item\":\"https:\/\/www.berndbraun.eu\/\"},{\"@type\":\"ListItem\",\"position\":2,\"name\":\"Prochaines \u00e9lections italiennes : les joueurs, les favoris et les outsiders\"}]},{\"@type\":\"WebSite\",\"@id\":\"https:\/\/www.berndbraun.eu\/#website\",\"url\":\"https:\/\/www.berndbraun.eu\/\",\"name\":\"Bernd Braun\",\"description\":\"\",\"potentialAction\":[{\"@type\":\"SearchAction\",\"target\":{\"@type\":\"EntryPoint\",\"urlTemplate\":\"https:\/\/www.berndbraun.eu\/?s={search_term_string}\"},\"query-input\":{\"@type\":\"PropertyValueSpecification\",\"valueRequired\":true,\"valueName\":\"search_term_string\"}}],\"inLanguage\":\"es\"},{\"@type\":\"Person\",\"@id\":\"https:\/\/www.berndbraun.eu\/#\/schema\/person\/a64c4c08b6a8c9f8fe9be655928070ca\",\"name\":\"Bernd\",\"image\":{\"@type\":\"ImageObject\",\"inLanguage\":\"es\",\"@id\":\"https:\/\/secure.gravatar.com\/avatar\/e51d7b18a7c2fb10dd367a4bab68ef5a6d1736ae3537a0fd211df170b00b15af?s=96&d=mm&r=g\",\"url\":\"https:\/\/secure.gravatar.com\/avatar\/e51d7b18a7c2fb10dd367a4bab68ef5a6d1736ae3537a0fd211df170b00b15af?s=96&d=mm&r=g\",\"contentUrl\":\"https:\/\/secure.gravatar.com\/avatar\/e51d7b18a7c2fb10dd367a4bab68ef5a6d1736ae3537a0fd211df170b00b15af?s=96&d=mm&r=g\",\"caption\":\"Bernd\"},\"url\":\"https:\/\/www.berndbraun.eu\/es\/author\/bernd\/\"}]}<\/script>\n<!-- \/ Yoast SEO Premium plugin. -->","yoast_head_json":{"title":"Bernd Braun - Pr\u00f3ximas elecciones italianas: los protagonistas, los favoritos y los outsiders","robots":{"index":"index","follow":"follow","max-snippet":"max-snippet:-1","max-image-preview":"max-image-preview:large","max-video-preview":"max-video-preview:-1"},"canonical":"https:\/\/www.berndbraun.eu\/es\/the-upcoming-italian-elections-the-players-the-favorites-the-outsiders\/","og_locale":"es_ES","og_type":"article","og_title":"Prochaines \u00e9lections italiennes : les joueurs, les favoris et les outsiders","og_description":"&nbsp;&nbsp;&nbsp;&nbsp;&nbsp;&nbsp;&nbsp;&nbsp;&nbsp;&nbsp;&nbsp; On the 25th of September Italians will go to the polls to elect a new Government after snap elections were called in the middle of summer. Political turmoil is not uncommon in Italy and even Mario Draghi was not able to survive the unstable Italian political scene. The fall of Mario Draghi &nbsp;&nbsp;&nbsp;&nbsp;&nbsp;&nbsp;&nbsp;&nbsp;&nbsp;&nbsp;&nbsp; Draghi [&hellip;]","og_url":"https:\/\/www.berndbraun.eu\/es\/the-upcoming-italian-elections-the-players-the-favorites-the-outsiders\/","og_site_name":"Bernd Braun","article_published_time":"2022-09-01T16:01:40+00:00","article_modified_time":"2022-11-16T23:18:24+00:00","og_image":[{"width":2560,"height":1239,"url":"https:\/\/www.berndbraun.eu\/wp-content\/uploads\/2022\/09\/AdobeStock_57651263_compressed-scaled.jpeg","type":"image\/jpeg"}],"author":"Bernd","twitter_card":"summary_large_image","twitter_misc":{"Escrito por":"Bernd","Tiempo de lectura":"6 minutos"},"schema":{"@context":"https:\/\/schema.org","@graph":[{"@type":"Article","@id":"https:\/\/www.berndbraun.eu\/the-upcoming-italian-elections-the-players-the-favorites-the-outsiders\/#article","isPartOf":{"@id":"https:\/\/www.berndbraun.eu\/the-upcoming-italian-elections-the-players-the-favorites-the-outsiders\/"},"author":{"name":"Bernd","@id":"https:\/\/www.berndbraun.eu\/#\/schema\/person\/a64c4c08b6a8c9f8fe9be655928070ca"},"headline":"Prochaines \u00e9lections italiennes : les joueurs, les favoris et les outsiders","datePublished":"2022-09-01T16:01:40+00:00","dateModified":"2022-11-16T23:18:24+00:00","mainEntityOfPage":{"@id":"https:\/\/www.berndbraun.eu\/the-upcoming-italian-elections-the-players-the-favorites-the-outsiders\/"},"wordCount":1350,"commentCount":0,"image":{"@id":"https:\/\/www.berndbraun.eu\/the-upcoming-italian-elections-the-players-the-favorites-the-outsiders\/#primaryimage"},"thumbnailUrl":"https:\/\/www.berndbraun.eu\/wp-content\/uploads\/2022\/09\/AdobeStock_57651263_compressed-scaled.jpeg","articleSection":["Politics"],"inLanguage":"es","potentialAction":[{"@type":"CommentAction","name":"Comment","target":["https:\/\/www.berndbraun.eu\/the-upcoming-italian-elections-the-players-the-favorites-the-outsiders\/#respond"]}]},{"@type":"WebPage","@id":"https:\/\/www.berndbraun.eu\/the-upcoming-italian-elections-the-players-the-favorites-the-outsiders\/","url":"https:\/\/www.berndbraun.eu\/the-upcoming-italian-elections-the-players-the-favorites-the-outsiders\/","name":"Bernd Braun - Pr\u00f3ximas elecciones italianas: los protagonistas, los favoritos y los outsiders","isPartOf":{"@id":"https:\/\/www.berndbraun.eu\/#website"},"primaryImageOfPage":{"@id":"https:\/\/www.berndbraun.eu\/the-upcoming-italian-elections-the-players-the-favorites-the-outsiders\/#primaryimage"},"image":{"@id":"https:\/\/www.berndbraun.eu\/the-upcoming-italian-elections-the-players-the-favorites-the-outsiders\/#primaryimage"},"thumbnailUrl":"https:\/\/www.berndbraun.eu\/wp-content\/uploads\/2022\/09\/AdobeStock_57651263_compressed-scaled.jpeg","datePublished":"2022-09-01T16:01:40+00:00","dateModified":"2022-11-16T23:18:24+00:00","author":{"@id":"https:\/\/www.berndbraun.eu\/#\/schema\/person\/a64c4c08b6a8c9f8fe9be655928070ca"},"breadcrumb":{"@id":"https:\/\/www.berndbraun.eu\/the-upcoming-italian-elections-the-players-the-favorites-the-outsiders\/#breadcrumb"},"inLanguage":"es","potentialAction":[{"@type":"ReadAction","target":["https:\/\/www.berndbraun.eu\/the-upcoming-italian-elections-the-players-the-favorites-the-outsiders\/"]}]},{"@type":"ImageObject","inLanguage":"es","@id":"https:\/\/www.berndbraun.eu\/the-upcoming-italian-elections-the-players-the-favorites-the-outsiders\/#primaryimage","url":"https:\/\/www.berndbraun.eu\/wp-content\/uploads\/2022\/09\/AdobeStock_57651263_compressed-scaled.jpeg","contentUrl":"https:\/\/www.berndbraun.eu\/wp-content\/uploads\/2022\/09\/AdobeStock_57651263_compressed-scaled.jpeg","width":2560,"height":1239},{"@type":"BreadcrumbList","@id":"https:\/\/www.berndbraun.eu\/the-upcoming-italian-elections-the-players-the-favorites-the-outsiders\/#breadcrumb","itemListElement":[{"@type":"ListItem","position":1,"name":"Accueil","item":"https:\/\/www.berndbraun.eu\/"},{"@type":"ListItem","position":2,"name":"Prochaines \u00e9lections italiennes : les joueurs, les favoris et les outsiders"}]},{"@type":"WebSite","@id":"https:\/\/www.berndbraun.eu\/#website","url":"https:\/\/www.berndbraun.eu\/","name":"Bernd Braun","description":"","potentialAction":[{"@type":"SearchAction","target":{"@type":"EntryPoint","urlTemplate":"https:\/\/www.berndbraun.eu\/?s={search_term_string}"},"query-input":{"@type":"PropertyValueSpecification","valueRequired":true,"valueName":"search_term_string"}}],"inLanguage":"es"},{"@type":"Person","@id":"https:\/\/www.berndbraun.eu\/#\/schema\/person\/a64c4c08b6a8c9f8fe9be655928070ca","name":"Bernd","image":{"@type":"ImageObject","inLanguage":"es","@id":"https:\/\/secure.gravatar.com\/avatar\/e51d7b18a7c2fb10dd367a4bab68ef5a6d1736ae3537a0fd211df170b00b15af?s=96&d=mm&r=g","url":"https:\/\/secure.gravatar.com\/avatar\/e51d7b18a7c2fb10dd367a4bab68ef5a6d1736ae3537a0fd211df170b00b15af?s=96&d=mm&r=g","contentUrl":"https:\/\/secure.gravatar.com\/avatar\/e51d7b18a7c2fb10dd367a4bab68ef5a6d1736ae3537a0fd211df170b00b15af?s=96&d=mm&r=g","caption":"Bernd"},"url":"https:\/\/www.berndbraun.eu\/es\/author\/bernd\/"}]}},"_links":{"self":[{"href":"https:\/\/www.berndbraun.eu\/es\/wp-json\/wp\/v2\/posts\/1383","targetHints":{"allow":["GET"]}}],"collection":[{"href":"https:\/\/www.berndbraun.eu\/es\/wp-json\/wp\/v2\/posts"}],"about":[{"href":"https:\/\/www.berndbraun.eu\/es\/wp-json\/wp\/v2\/types\/post"}],"author":[{"embeddable":true,"href":"https:\/\/www.berndbraun.eu\/es\/wp-json\/wp\/v2\/users\/3"}],"replies":[{"embeddable":true,"href":"https:\/\/www.berndbraun.eu\/es\/wp-json\/wp\/v2\/comments?post=1383"}],"version-history":[{"count":20,"href":"https:\/\/www.berndbraun.eu\/es\/wp-json\/wp\/v2\/posts\/1383\/revisions"}],"predecessor-version":[{"id":1547,"href":"https:\/\/www.berndbraun.eu\/es\/wp-json\/wp\/v2\/posts\/1383\/revisions\/1547"}],"wp:featuredmedia":[{"embeddable":true,"href":"https:\/\/www.berndbraun.eu\/es\/wp-json\/wp\/v2\/media\/1386"}],"wp:attachment":[{"href":"https:\/\/www.berndbraun.eu\/es\/wp-json\/wp\/v2\/media?parent=1383"}],"wp:term":[{"taxonomy":"category","embeddable":true,"href":"https:\/\/www.berndbraun.eu\/es\/wp-json\/wp\/v2\/categories?post=1383"},{"taxonomy":"post_tag","embeddable":true,"href":"https:\/\/www.berndbraun.eu\/es\/wp-json\/wp\/v2\/tags?post=1383"},{"taxonomy":"type-darticle","embeddable":true,"href":"https:\/\/www.berndbraun.eu\/es\/wp-json\/wp\/v2\/type-darticle?post=1383"}],"curies":[{"name":"wp","href":"https:\/\/api.w.org\/{rel}","templated":true}]}}