{"id":141,"date":"2021-10-01T20:25:34","date_gmt":"2021-10-01T18:25:34","guid":{"rendered":"https:\/\/www.berndbraun.eu\/?p=141"},"modified":"2022-02-22T21:35:39","modified_gmt":"2022-02-22T19:35:39","slug":"alliance-grece-chypre-israel-un-nouvel-axe-en-mediterranee-orientale","status":"publish","type":"post","link":"https:\/\/www.berndbraun.eu\/es\/alliance-grece-chypre-israel-un-nouvel-axe-en-mediterranee-orientale\/","title":{"rendered":"Alianza Grecia-Chipre-Israel: un nuevo eje en el Mediterr\u00e1neo Oriental"},"content":{"rendered":"\n<p>&nbsp;&nbsp;&nbsp;&nbsp;&nbsp;&nbsp;&nbsp;&nbsp;&nbsp;&nbsp;&nbsp; Depuis la fin des ann\u00e9es 2000, les relations entre les pays occidentaux, Isra\u00ebl et la Turquie se sont tendues, et ce, pour plusieurs raisons. D'abord, les avanc\u00e9es des n\u00e9gociations d'entr\u00e9e de la Turquie dans l'UE sont au point mort<a href=\"#_ftn1\">[1]<\/a>. Puis, la question chypriote n'est toujours pas r\u00e9solue suite au refus cat\u00e9gorique de la Turquie de reconnaitre la partie grecque ainsi que de retirer ses troupes militaires de la partie nord (turque) de l'\u00eele<a href=\"#_ftn2\">[2]<\/a>. Enfin, la Turquie se tourne de plus en plus vers la Palestine, ce qui incite Isra\u00ebl \u00e0 se tourner vers d'autres pays pour assurer ses int\u00e9r\u00eats nationaux<a href=\"#_ftn3\">[3]<\/a>.<\/p>\n\n\n\n<p>&nbsp;&nbsp;&nbsp;&nbsp;&nbsp;&nbsp;&nbsp;&nbsp;&nbsp;&nbsp;&nbsp; Suite aux tensions r\u00e9gionales, trois pays en M\u00e9diterran\u00e9e orientale -Gr\u00e8ce, Chypre et Isra\u00ebl- ont sign\u00e9 d'importantes alliances militaires mais aussi \u00e9nerg\u00e9tiques<a href=\"#_ftn4\">[4]<\/a>.<\/p>\n\n\n\n<p> &nbsp;&nbsp;&nbsp;&nbsp;&nbsp;&nbsp;&nbsp;&nbsp;&nbsp;&nbsp;&nbsp; Effectivement, diff\u00e9rentes exercices a\u00e9riens r\u00e9unissant les trois pays, dont l'INIOCHOS en avril 2021, se sont d\u00e9roul\u00e9s en Gr\u00e8ce<a href=\"#_ftn5\">[5]<\/a>. Cependant, les trois pays restent aussi concern\u00e9s par l'approvisionnement \u00e9nerg\u00e9tique<a href=\"#_ftn6\">[6]<\/a>. Les gisements gaziers dans les eaux chypriotes et isra\u00e9liennes ont donn\u00e9 une occasion unique pour non seulement assurer une autre voie d'alimentation que celle depuis la Russie et la Turquie avec le gazoduc Turkish Stream, mais aussi pour r\u00e9duire la d\u00e9pendance \u00e9nerg\u00e9tique vis-\u00e0-vis de ces deux pays mentionn\u00e9s ci-dessus<a href=\"#_ftn7\">[7]<\/a>. En effet, Chypre, la Gr\u00e8ce et Isra\u00ebl ont r\u00e9cemment sign\u00e9 un projet de gazoduc (East Med) qui relierait les gisements gaziers de la M\u00e9diterran\u00e9e orientale non seulement vers la Gr\u00e8ce, mais aussi vers l'Italie (!)<a href=\"#_ftn8\">[8]<\/a>. De plus, pour am\u00e9liorer le r\u00e9seau \u00e9lectrique, les trois pays ont r\u00e9solu la construction d'un c\u00e2ble sous-marin qui relierait Isra\u00ebl \u00e0 la Gr\u00e8ce via Chypre<a href=\"#_ftn9\">[9]<\/a>. Ces projets trilat\u00e9raux ont retenu l'attention de la Commission europ\u00e9enne, qui les re\u00e7oit comme \u00e9tant b\u00e9n\u00e9fique pour l'Europe et son approvisionnement gazier et \u00e9lectrique<a href=\"#_ftn10\">[10]<\/a>.<\/p>\n\n\n\n<p>&nbsp;&nbsp;&nbsp;&nbsp;&nbsp;&nbsp;&nbsp;&nbsp;&nbsp;&nbsp;&nbsp; \u00c9videmment, cette alliance et son influence r\u00e9gionale restent aussi confront\u00e9es \u00e0 des contraintes internes et locales. Les tensions isra\u00e9lo-arabes et leurs cons\u00e9quences g\u00e9opolitiques sur la sc\u00e8ne internationale ont amen\u00e9 la Gr\u00e8ce et Chypre \u00e0 maintenir des contacts s\u00e9par\u00e9s avec certains pays du voisinage, comme le Liban, la Palestine, ainsi que l'\u00c9gypte et la Jordanie<a href=\"#_ftn11\">[11]<\/a>. Toutefois, les accords d'Abraham, ainsi que le forum PHILIA et le sommet de Paphos, ont donn\u00e9 la possibilit\u00e9 pour l'alliance trilat\u00e9rale \u00e0 accro\u00eetre son r\u00e9seau g\u00e9opolitique en Europe comme au Moyen-Orient (pays arabes du Golfe)<a href=\"#_ftn12\">[12]<\/a>.<\/p>\n\n\n\n<p>&nbsp;&nbsp;&nbsp;&nbsp;&nbsp;&nbsp;&nbsp;&nbsp;&nbsp;&nbsp;&nbsp; \u00c9tant donn\u00e9 leur situation g\u00e9ographique et leur potentiel de corridor \u00e9nerg\u00e9tique Est-Ouest de la M\u00e9diterran\u00e9e, l'alliance Gr\u00e8ce-Chypre-Isra\u00ebl peut fournir \u00e0 l'Occident un nouvel outil g\u00e9opolitique, et m\u00eame devenir sur la sc\u00e8ne internationale un nouvel acteur incontournable en M\u00e9diterran\u00e9e Orientale. En effet, non seulement les initiatives de l'alliance trouvent des soutiens aupr\u00e8s des pays membres de l'UE, comme la France et l'Italie, mais elles attirent l'attention et suscitent aussi de l'int\u00e9r\u00eat \u00e0 l'autre bout de l'Atlantique (\u00c9tats-Unis)<a href=\"#_ftn13\">[13]<\/a>.<\/p>\n\n\n\n<div style=\"height:50px\" aria-hidden=\"true\" class=\"wp-block-spacer\"><\/div>\n\n\n\n<p class=\"has-text-align-center has-cyan-bluish-gray-color has-text-color has-small-font-size\"> \u00a9 2021 Tous droits r\u00e9serv\u00e9s par BRAUN <\/p>\n","protected":false},"excerpt":{"rendered":"<p>&nbsp;&nbsp;&nbsp;&nbsp;&nbsp;&nbsp;&nbsp;&nbsp;&nbsp;&nbsp;&nbsp; Depuis la fin des ann\u00e9es 2000, les relations entre les pays occidentaux, Isra\u00ebl et la Turquie se sont tendues, et ce, pour plusieurs raisons. D'abord, les avanc\u00e9es des n\u00e9gociations d'entr\u00e9e de la Turquie dans l'UE sont au point mort[1]. Puis, la question chypriote n'est toujours pas r\u00e9solue suite au refus cat\u00e9gorique de la Turquie [&hellip;]<\/p>\n","protected":false},"author":3,"featured_media":142,"comment_status":"open","ping_status":"open","sticky":false,"template":"","format":"standard","meta":{"footnotes":""},"categories":[5],"tags":[],"type-darticle":[22],"class_list":["post-141","post","type-post","status-publish","format-standard","has-post-thumbnail","hentry","category-politics","type-darticle-commentaire"],"yoast_head":"<!-- This site is optimized with the Yoast SEO Premium plugin v21.4 (Yoast SEO v27.2) - https:\/\/yoast.com\/product\/yoast-seo-premium-wordpress\/ -->\n<title>Bernd Braun - Alliance Gr\u00e8ce-Chypre-Isra\u00ebl : un nouvel axe en M\u00e9diterran\u00e9e Orientale<\/title>\n<meta name=\"robots\" content=\"index, follow, max-snippet:-1, max-image-preview:large, max-video-preview:-1\" \/>\n<link rel=\"canonical\" href=\"https:\/\/www.berndbraun.eu\/es\/alliance-grece-chypre-israel-un-nouvel-axe-en-mediterranee-orientale\/\" \/>\n<meta property=\"og:locale\" content=\"es_ES\" \/>\n<meta property=\"og:type\" content=\"article\" \/>\n<meta property=\"og:title\" content=\"Alliance Gr\u00e8ce-Chypre-Isra\u00ebl : un nouvel axe en M\u00e9diterran\u00e9e Orientale\" \/>\n<meta property=\"og:description\" content=\"&nbsp;&nbsp;&nbsp;&nbsp;&nbsp;&nbsp;&nbsp;&nbsp;&nbsp;&nbsp;&nbsp; Depuis la fin des ann\u00e9es 2000, les relations entre les pays occidentaux, Isra\u00ebl et la Turquie se sont tendues, et ce, pour plusieurs raisons. D&#039;abord, les avanc\u00e9es des n\u00e9gociations d&#039;entr\u00e9e de la Turquie dans l&#039;UE sont au point mort[1]. Puis, la question chypriote n&#039;est toujours pas r\u00e9solue suite au refus cat\u00e9gorique de la Turquie [&hellip;]\" \/>\n<meta property=\"og:url\" content=\"https:\/\/www.berndbraun.eu\/es\/alliance-grece-chypre-israel-un-nouvel-axe-en-mediterranee-orientale\/\" \/>\n<meta property=\"og:site_name\" content=\"Bernd Braun\" \/>\n<meta property=\"article:published_time\" content=\"2021-10-01T18:25:34+00:00\" \/>\n<meta property=\"article:modified_time\" content=\"2022-02-22T19:35:39+00:00\" \/>\n<meta property=\"og:image\" content=\"https:\/\/www.berndbraun.eu\/wp-content\/uploads\/2021\/11\/AdobeStock_438081153_Plaka-Milos-Coucher-de-soleil-Cyclades-Grece-scaled.jpeg\" \/>\n\t<meta property=\"og:image:width\" content=\"2560\" \/>\n\t<meta property=\"og:image:height\" content=\"1707\" \/>\n\t<meta property=\"og:image:type\" content=\"image\/jpeg\" \/>\n<meta name=\"author\" content=\"Bernd\" \/>\n<meta name=\"twitter:card\" content=\"summary_large_image\" \/>\n<meta name=\"twitter:label1\" content=\"Escrito por\" \/>\n\t<meta name=\"twitter:data1\" content=\"Bernd\" \/>\n\t<meta name=\"twitter:label2\" content=\"Tiempo de lectura\" \/>\n\t<meta name=\"twitter:data2\" content=\"3 minutos\" \/>\n<script type=\"application\/ld+json\" class=\"yoast-schema-graph\">{\"@context\":\"https:\/\/schema.org\",\"@graph\":[{\"@type\":\"Article\",\"@id\":\"https:\/\/www.berndbraun.eu\/alliance-grece-chypre-israel-un-nouvel-axe-en-mediterranee-orientale\/#article\",\"isPartOf\":{\"@id\":\"https:\/\/www.berndbraun.eu\/alliance-grece-chypre-israel-un-nouvel-axe-en-mediterranee-orientale\/\"},\"author\":{\"name\":\"Bernd\",\"@id\":\"https:\/\/www.berndbraun.eu\/#\/schema\/person\/a64c4c08b6a8c9f8fe9be655928070ca\"},\"headline\":\"Alliance Gr\u00e8ce-Chypre-Isra\u00ebl : un nouvel axe en M\u00e9diterran\u00e9e Orientale\",\"datePublished\":\"2021-10-01T18:25:34+00:00\",\"dateModified\":\"2022-02-22T19:35:39+00:00\",\"mainEntityOfPage\":{\"@id\":\"https:\/\/www.berndbraun.eu\/alliance-grece-chypre-israel-un-nouvel-axe-en-mediterranee-orientale\/\"},\"wordCount\":611,\"commentCount\":0,\"image\":{\"@id\":\"https:\/\/www.berndbraun.eu\/alliance-grece-chypre-israel-un-nouvel-axe-en-mediterranee-orientale\/#primaryimage\"},\"thumbnailUrl\":\"https:\/\/www.berndbraun.eu\/wp-content\/uploads\/2021\/11\/AdobeStock_438081153_Plaka-Milos-Coucher-de-soleil-Cyclades-Grece-scaled.jpeg\",\"articleSection\":[\"Politics\"],\"inLanguage\":\"es\",\"potentialAction\":[{\"@type\":\"CommentAction\",\"name\":\"Comment\",\"target\":[\"https:\/\/www.berndbraun.eu\/alliance-grece-chypre-israel-un-nouvel-axe-en-mediterranee-orientale\/#respond\"]}]},{\"@type\":\"WebPage\",\"@id\":\"https:\/\/www.berndbraun.eu\/alliance-grece-chypre-israel-un-nouvel-axe-en-mediterranee-orientale\/\",\"url\":\"https:\/\/www.berndbraun.eu\/alliance-grece-chypre-israel-un-nouvel-axe-en-mediterranee-orientale\/\",\"name\":\"Bernd Braun - Alliance Gr\u00e8ce-Chypre-Isra\u00ebl : un nouvel axe en M\u00e9diterran\u00e9e Orientale\",\"isPartOf\":{\"@id\":\"https:\/\/www.berndbraun.eu\/#website\"},\"primaryImageOfPage\":{\"@id\":\"https:\/\/www.berndbraun.eu\/alliance-grece-chypre-israel-un-nouvel-axe-en-mediterranee-orientale\/#primaryimage\"},\"image\":{\"@id\":\"https:\/\/www.berndbraun.eu\/alliance-grece-chypre-israel-un-nouvel-axe-en-mediterranee-orientale\/#primaryimage\"},\"thumbnailUrl\":\"https:\/\/www.berndbraun.eu\/wp-content\/uploads\/2021\/11\/AdobeStock_438081153_Plaka-Milos-Coucher-de-soleil-Cyclades-Grece-scaled.jpeg\",\"datePublished\":\"2021-10-01T18:25:34+00:00\",\"dateModified\":\"2022-02-22T19:35:39+00:00\",\"author\":{\"@id\":\"https:\/\/www.berndbraun.eu\/#\/schema\/person\/a64c4c08b6a8c9f8fe9be655928070ca\"},\"breadcrumb\":{\"@id\":\"https:\/\/www.berndbraun.eu\/alliance-grece-chypre-israel-un-nouvel-axe-en-mediterranee-orientale\/#breadcrumb\"},\"inLanguage\":\"es\",\"potentialAction\":[{\"@type\":\"ReadAction\",\"target\":[\"https:\/\/www.berndbraun.eu\/alliance-grece-chypre-israel-un-nouvel-axe-en-mediterranee-orientale\/\"]}]},{\"@type\":\"ImageObject\",\"inLanguage\":\"es\",\"@id\":\"https:\/\/www.berndbraun.eu\/alliance-grece-chypre-israel-un-nouvel-axe-en-mediterranee-orientale\/#primaryimage\",\"url\":\"https:\/\/www.berndbraun.eu\/wp-content\/uploads\/2021\/11\/AdobeStock_438081153_Plaka-Milos-Coucher-de-soleil-Cyclades-Grece-scaled.jpeg\",\"contentUrl\":\"https:\/\/www.berndbraun.eu\/wp-content\/uploads\/2021\/11\/AdobeStock_438081153_Plaka-Milos-Coucher-de-soleil-Cyclades-Grece-scaled.jpeg\",\"width\":2560,\"height\":1707,\"caption\":\"Alt\"},{\"@type\":\"BreadcrumbList\",\"@id\":\"https:\/\/www.berndbraun.eu\/alliance-grece-chypre-israel-un-nouvel-axe-en-mediterranee-orientale\/#breadcrumb\",\"itemListElement\":[{\"@type\":\"ListItem\",\"position\":1,\"name\":\"Accueil\",\"item\":\"https:\/\/www.berndbraun.eu\/\"},{\"@type\":\"ListItem\",\"position\":2,\"name\":\"Alliance Gr\u00e8ce-Chypre-Isra\u00ebl : un nouvel axe en M\u00e9diterran\u00e9e Orientale\"}]},{\"@type\":\"WebSite\",\"@id\":\"https:\/\/www.berndbraun.eu\/#website\",\"url\":\"https:\/\/www.berndbraun.eu\/\",\"name\":\"Bernd Braun\",\"description\":\"\",\"potentialAction\":[{\"@type\":\"SearchAction\",\"target\":{\"@type\":\"EntryPoint\",\"urlTemplate\":\"https:\/\/www.berndbraun.eu\/?s={search_term_string}\"},\"query-input\":{\"@type\":\"PropertyValueSpecification\",\"valueRequired\":true,\"valueName\":\"search_term_string\"}}],\"inLanguage\":\"es\"},{\"@type\":\"Person\",\"@id\":\"https:\/\/www.berndbraun.eu\/#\/schema\/person\/a64c4c08b6a8c9f8fe9be655928070ca\",\"name\":\"Bernd\",\"image\":{\"@type\":\"ImageObject\",\"inLanguage\":\"es\",\"@id\":\"https:\/\/secure.gravatar.com\/avatar\/e51d7b18a7c2fb10dd367a4bab68ef5a6d1736ae3537a0fd211df170b00b15af?s=96&d=mm&r=g\",\"url\":\"https:\/\/secure.gravatar.com\/avatar\/e51d7b18a7c2fb10dd367a4bab68ef5a6d1736ae3537a0fd211df170b00b15af?s=96&d=mm&r=g\",\"contentUrl\":\"https:\/\/secure.gravatar.com\/avatar\/e51d7b18a7c2fb10dd367a4bab68ef5a6d1736ae3537a0fd211df170b00b15af?s=96&d=mm&r=g\",\"caption\":\"Bernd\"},\"url\":\"https:\/\/www.berndbraun.eu\/es\/author\/bernd\/\"}]}<\/script>\n<!-- \/ Yoast SEO Premium plugin. -->","yoast_head_json":{"title":"Bernd Braun - Alianza Grecia-Chipre-Israel: un nuevo eje en el Mediterr\u00e1neo Oriental","robots":{"index":"index","follow":"follow","max-snippet":"max-snippet:-1","max-image-preview":"max-image-preview:large","max-video-preview":"max-video-preview:-1"},"canonical":"https:\/\/www.berndbraun.eu\/es\/alliance-grece-chypre-israel-un-nouvel-axe-en-mediterranee-orientale\/","og_locale":"es_ES","og_type":"article","og_title":"Alliance Gr\u00e8ce-Chypre-Isra\u00ebl : un nouvel axe en M\u00e9diterran\u00e9e Orientale","og_description":"&nbsp;&nbsp;&nbsp;&nbsp;&nbsp;&nbsp;&nbsp;&nbsp;&nbsp;&nbsp;&nbsp; Depuis la fin des ann\u00e9es 2000, les relations entre les pays occidentaux, Isra\u00ebl et la Turquie se sont tendues, et ce, pour plusieurs raisons. D'abord, les avanc\u00e9es des n\u00e9gociations d'entr\u00e9e de la Turquie dans l'UE sont au point mort[1]. Puis, la question chypriote n'est toujours pas r\u00e9solue suite au refus cat\u00e9gorique de la Turquie [&hellip;]","og_url":"https:\/\/www.berndbraun.eu\/es\/alliance-grece-chypre-israel-un-nouvel-axe-en-mediterranee-orientale\/","og_site_name":"Bernd Braun","article_published_time":"2021-10-01T18:25:34+00:00","article_modified_time":"2022-02-22T19:35:39+00:00","og_image":[{"width":2560,"height":1707,"url":"https:\/\/www.berndbraun.eu\/wp-content\/uploads\/2021\/11\/AdobeStock_438081153_Plaka-Milos-Coucher-de-soleil-Cyclades-Grece-scaled.jpeg","type":"image\/jpeg"}],"author":"Bernd","twitter_card":"summary_large_image","twitter_misc":{"Escrito por":"Bernd","Tiempo de lectura":"3 minutos"},"schema":{"@context":"https:\/\/schema.org","@graph":[{"@type":"Article","@id":"https:\/\/www.berndbraun.eu\/alliance-grece-chypre-israel-un-nouvel-axe-en-mediterranee-orientale\/#article","isPartOf":{"@id":"https:\/\/www.berndbraun.eu\/alliance-grece-chypre-israel-un-nouvel-axe-en-mediterranee-orientale\/"},"author":{"name":"Bernd","@id":"https:\/\/www.berndbraun.eu\/#\/schema\/person\/a64c4c08b6a8c9f8fe9be655928070ca"},"headline":"Alliance Gr\u00e8ce-Chypre-Isra\u00ebl : un nouvel axe en M\u00e9diterran\u00e9e Orientale","datePublished":"2021-10-01T18:25:34+00:00","dateModified":"2022-02-22T19:35:39+00:00","mainEntityOfPage":{"@id":"https:\/\/www.berndbraun.eu\/alliance-grece-chypre-israel-un-nouvel-axe-en-mediterranee-orientale\/"},"wordCount":611,"commentCount":0,"image":{"@id":"https:\/\/www.berndbraun.eu\/alliance-grece-chypre-israel-un-nouvel-axe-en-mediterranee-orientale\/#primaryimage"},"thumbnailUrl":"https:\/\/www.berndbraun.eu\/wp-content\/uploads\/2021\/11\/AdobeStock_438081153_Plaka-Milos-Coucher-de-soleil-Cyclades-Grece-scaled.jpeg","articleSection":["Politics"],"inLanguage":"es","potentialAction":[{"@type":"CommentAction","name":"Comment","target":["https:\/\/www.berndbraun.eu\/alliance-grece-chypre-israel-un-nouvel-axe-en-mediterranee-orientale\/#respond"]}]},{"@type":"WebPage","@id":"https:\/\/www.berndbraun.eu\/alliance-grece-chypre-israel-un-nouvel-axe-en-mediterranee-orientale\/","url":"https:\/\/www.berndbraun.eu\/alliance-grece-chypre-israel-un-nouvel-axe-en-mediterranee-orientale\/","name":"Bernd Braun - Alianza Grecia-Chipre-Israel: un nuevo eje en el Mediterr\u00e1neo Oriental","isPartOf":{"@id":"https:\/\/www.berndbraun.eu\/#website"},"primaryImageOfPage":{"@id":"https:\/\/www.berndbraun.eu\/alliance-grece-chypre-israel-un-nouvel-axe-en-mediterranee-orientale\/#primaryimage"},"image":{"@id":"https:\/\/www.berndbraun.eu\/alliance-grece-chypre-israel-un-nouvel-axe-en-mediterranee-orientale\/#primaryimage"},"thumbnailUrl":"https:\/\/www.berndbraun.eu\/wp-content\/uploads\/2021\/11\/AdobeStock_438081153_Plaka-Milos-Coucher-de-soleil-Cyclades-Grece-scaled.jpeg","datePublished":"2021-10-01T18:25:34+00:00","dateModified":"2022-02-22T19:35:39+00:00","author":{"@id":"https:\/\/www.berndbraun.eu\/#\/schema\/person\/a64c4c08b6a8c9f8fe9be655928070ca"},"breadcrumb":{"@id":"https:\/\/www.berndbraun.eu\/alliance-grece-chypre-israel-un-nouvel-axe-en-mediterranee-orientale\/#breadcrumb"},"inLanguage":"es","potentialAction":[{"@type":"ReadAction","target":["https:\/\/www.berndbraun.eu\/alliance-grece-chypre-israel-un-nouvel-axe-en-mediterranee-orientale\/"]}]},{"@type":"ImageObject","inLanguage":"es","@id":"https:\/\/www.berndbraun.eu\/alliance-grece-chypre-israel-un-nouvel-axe-en-mediterranee-orientale\/#primaryimage","url":"https:\/\/www.berndbraun.eu\/wp-content\/uploads\/2021\/11\/AdobeStock_438081153_Plaka-Milos-Coucher-de-soleil-Cyclades-Grece-scaled.jpeg","contentUrl":"https:\/\/www.berndbraun.eu\/wp-content\/uploads\/2021\/11\/AdobeStock_438081153_Plaka-Milos-Coucher-de-soleil-Cyclades-Grece-scaled.jpeg","width":2560,"height":1707,"caption":"Alt"},{"@type":"BreadcrumbList","@id":"https:\/\/www.berndbraun.eu\/alliance-grece-chypre-israel-un-nouvel-axe-en-mediterranee-orientale\/#breadcrumb","itemListElement":[{"@type":"ListItem","position":1,"name":"Accueil","item":"https:\/\/www.berndbraun.eu\/"},{"@type":"ListItem","position":2,"name":"Alliance Gr\u00e8ce-Chypre-Isra\u00ebl : un nouvel axe en M\u00e9diterran\u00e9e Orientale"}]},{"@type":"WebSite","@id":"https:\/\/www.berndbraun.eu\/#website","url":"https:\/\/www.berndbraun.eu\/","name":"Bernd Braun","description":"","potentialAction":[{"@type":"SearchAction","target":{"@type":"EntryPoint","urlTemplate":"https:\/\/www.berndbraun.eu\/?s={search_term_string}"},"query-input":{"@type":"PropertyValueSpecification","valueRequired":true,"valueName":"search_term_string"}}],"inLanguage":"es"},{"@type":"Person","@id":"https:\/\/www.berndbraun.eu\/#\/schema\/person\/a64c4c08b6a8c9f8fe9be655928070ca","name":"Bernd","image":{"@type":"ImageObject","inLanguage":"es","@id":"https:\/\/secure.gravatar.com\/avatar\/e51d7b18a7c2fb10dd367a4bab68ef5a6d1736ae3537a0fd211df170b00b15af?s=96&d=mm&r=g","url":"https:\/\/secure.gravatar.com\/avatar\/e51d7b18a7c2fb10dd367a4bab68ef5a6d1736ae3537a0fd211df170b00b15af?s=96&d=mm&r=g","contentUrl":"https:\/\/secure.gravatar.com\/avatar\/e51d7b18a7c2fb10dd367a4bab68ef5a6d1736ae3537a0fd211df170b00b15af?s=96&d=mm&r=g","caption":"Bernd"},"url":"https:\/\/www.berndbraun.eu\/es\/author\/bernd\/"}]}},"_links":{"self":[{"href":"https:\/\/www.berndbraun.eu\/es\/wp-json\/wp\/v2\/posts\/141","targetHints":{"allow":["GET"]}}],"collection":[{"href":"https:\/\/www.berndbraun.eu\/es\/wp-json\/wp\/v2\/posts"}],"about":[{"href":"https:\/\/www.berndbraun.eu\/es\/wp-json\/wp\/v2\/types\/post"}],"author":[{"embeddable":true,"href":"https:\/\/www.berndbraun.eu\/es\/wp-json\/wp\/v2\/users\/3"}],"replies":[{"embeddable":true,"href":"https:\/\/www.berndbraun.eu\/es\/wp-json\/wp\/v2\/comments?post=141"}],"version-history":[{"count":14,"href":"https:\/\/www.berndbraun.eu\/es\/wp-json\/wp\/v2\/posts\/141\/revisions"}],"predecessor-version":[{"id":1030,"href":"https:\/\/www.berndbraun.eu\/es\/wp-json\/wp\/v2\/posts\/141\/revisions\/1030"}],"wp:featuredmedia":[{"embeddable":true,"href":"https:\/\/www.berndbraun.eu\/es\/wp-json\/wp\/v2\/media\/142"}],"wp:attachment":[{"href":"https:\/\/www.berndbraun.eu\/es\/wp-json\/wp\/v2\/media?parent=141"}],"wp:term":[{"taxonomy":"category","embeddable":true,"href":"https:\/\/www.berndbraun.eu\/es\/wp-json\/wp\/v2\/categories?post=141"},{"taxonomy":"post_tag","embeddable":true,"href":"https:\/\/www.berndbraun.eu\/es\/wp-json\/wp\/v2\/tags?post=141"},{"taxonomy":"type-darticle","embeddable":true,"href":"https:\/\/www.berndbraun.eu\/es\/wp-json\/wp\/v2\/type-darticle?post=141"}],"curies":[{"name":"wp","href":"https:\/\/api.w.org\/{rel}","templated":true}]}}