{"id":525,"date":"2021-12-06T00:42:46","date_gmt":"2021-12-05T22:42:46","guid":{"rendered":"https:\/\/www.berndbraun.eu\/?p=525"},"modified":"2022-02-22T21:43:13","modified_gmt":"2022-02-22T19:43:13","slug":"les-investissements-turcs-en-afrique-une-nouvelle-concurrence-pour-leurope","status":"publish","type":"post","link":"https:\/\/www.berndbraun.eu\/es\/les-investissements-turcs-en-afrique-une-nouvelle-concurrence-pour-leurope\/","title":{"rendered":"La inversi\u00f3n turca en \u00c1frica: \u00bfuna nueva competencia para Europa?"},"content":{"rendered":"\n<p>&nbsp;&nbsp;&nbsp;&nbsp;&nbsp;&nbsp;&nbsp;&nbsp;&nbsp;&nbsp;&nbsp; Apr\u00e8s la Russie et la Chine, un nouvel acteur r\u00e9gional s'impose de plus en plus en Afrique&nbsp;: la Turquie. En effet, depuis les ann\u00e9es 2000 et sur base d'un Plan d'action gouvernemental de 1998, les investissements \u00e9conomiques, infrastructurels, militaires et culturels turcs se sont multipli\u00e9s sur l'ensemble du continent, bien au-del\u00e0 des zones d'influence traditionnelles comme celle de la M\u00e9diterran\u00e9e et de la Mer Rouge<a href=\"#_ftn1\">[1]<\/a>.<\/p>\n\n\n\n<p> &nbsp;&nbsp;&nbsp;&nbsp;&nbsp;&nbsp;&nbsp;&nbsp;&nbsp;&nbsp;&nbsp; Les autorit\u00e9s et entreprises turques ont observ\u00e9 un potentiel important \u00e0 travers le march\u00e9 africain et ont multipli\u00e9 les contacts avec celui-ci, \u00e0 travers plusieurs rencontres et initiatives.<\/p>\n\n\n\n<p> &nbsp;&nbsp;&nbsp;&nbsp;&nbsp;&nbsp;&nbsp;&nbsp;&nbsp;&nbsp;&nbsp; En exemple, celle de l'\u00ab ann\u00e9e de l'Afrique \u00bb (2005), d\u00e9cr\u00e9t\u00e9e \u00e0 Ankara<a href=\"#_ftn2\">[2]<\/a>.<\/p>\n\n\n\n<p>D'ailleurs, en janvier 2008, l\u2019Union africaine a d\u00e9clar\u00e9 la Turquie comme un partenaire strat\u00e9gique de l\u2019Afrique<a href=\"#_ftn3\">[3]<\/a>. La m\u00eame ann\u00e9e, s\u2019est d\u00e9roul\u00e9e \u00e0 Istanbul, la premi\u00e8re rencontre internationale sur la coop\u00e9ration Turquie-Afrique, marqu\u00e9e par des discussions bilat\u00e9rales avec quarante-deux repr\u00e9sentants d'\u00c9tats<a href=\"#_ftn4\"><sup>[4]<\/sup><\/a>. Elle succ\u00e8de \u00e0 d'autres sommets organis\u00e9s dans la m\u00eame ville, comme celui du partenariat Turquie-Afrique (2005), qui s'est ensuivi de plusieurs autres, comme celui qui s'est d\u00e9roul\u00e9 \u00e0 Malabo (Guin\u00e9e-\u00e9quatoriale) en 2014<a href=\"#_ftn5\">[5]<\/a>.<\/p>\n\n\n\n<p>&nbsp;&nbsp;&nbsp;&nbsp;&nbsp;&nbsp;&nbsp;&nbsp;&nbsp;&nbsp;&nbsp; La strat\u00e9gie turque d'investissements sur l'Afrique repose sur trois piliers que sont : (1) le d\u00e9ploiement d\u2019ambassades sur le continent (aujourd'hui on en compte 43, alors qu\u2019elles n\u2019\u00e9taient que&nbsp;neuf en 2003) ; (2) l\u2019ouverture de lignes de la Turkish Airlines, qui dessert une cinquantaine de villes africaines ; et (3) l\u2019action de l\u2019agence TIKA, qui finance de nombreux projets dans les domaines du b\u00e2timent, de la sant\u00e9, de l\u2019agriculture, etc<a href=\"#_ftn6\"><sup>[6]<\/sup><\/a>. L'Agence turque de coop\u00e9ration et de d\u00e9veloppement (TIKA) dispose de 30 centres de coordination \u00e0 travers le continent<a href=\"#_ftn7\">[7]<\/a>.<\/p>\n\n\n\n<p>&nbsp;&nbsp;&nbsp;&nbsp;&nbsp;&nbsp;&nbsp;&nbsp;&nbsp;&nbsp;&nbsp; En plus du TIKA, il existe d'autres organismes impliqu\u00e9s comme le Conseil des relations \u00e9conomiques ext\u00e9rieures (DEIK), charg\u00e9 des relations internationales du secteur priv\u00e9 turc,&nbsp;et la Conf\u00e9d\u00e9ration des hommes d\u2019affaires et des industriels de Turquie&nbsp;(TUSKON), regroupant pr\u00e8s de trente&nbsp;mille soci\u00e9t\u00e9s ainsi que cent cinquante organisations locales de commer\u00e7ants<a href=\"#_ftn8\">[8]<\/a>.<\/p>\n\n\n\n<p>&nbsp;&nbsp;&nbsp;&nbsp;&nbsp;&nbsp;&nbsp;&nbsp;&nbsp;&nbsp;&nbsp; Parmi les investissements turcs actuels, on peut citer la plus grande ar\u00e9na de l'est africain situ\u00e9e au Rwanda (Kigali Arena), une mosqu\u00e9e nationale au Ghana, une base militaire en Somalie (TURKSOM), ainsi qu'un projet ferroviaire de 400 km reliant l'\u00c9thiopie au port de Djibouti (Awash-Weldiya)<a href=\"#_ftn9\">[9]<\/a>. Au S\u00e9n\u00e9gal, les entreprises turques travaillent \u00e0 la construction d\u2019une nouvelle ville pr\u00e8s de Dakar ainsi qu\u2019\u00e0 celle d\u2019une ligne ferroviaire. Elles ont m\u00eame obtenu la gestion du nouvel a\u00e9roport international de Dakar, inaugur\u00e9 en 2017<a href=\"#_ftn10\"><sup>[10]<\/sup><\/a>.&nbsp;<\/p>\n\n\n\n<p>&nbsp;&nbsp;&nbsp;&nbsp;&nbsp;&nbsp;&nbsp;&nbsp;&nbsp;&nbsp;&nbsp; Les soci\u00e9t\u00e9s turques investissent \u00e9galement dans les ressources naturelles, les hydrocarbures, l'agriculture et l'industrie<a href=\"#_ftn11\">[11]<\/a>. Comme le Nig\u00e9ria et la Somalie, l'Angola est convoit\u00e9 gr\u00e2ce \u00e0 ses gisements gaziers et miniers<a href=\"#_ftn12\">[12]<\/a>.<\/p>\n\n\n\n<p>&nbsp;&nbsp;&nbsp;&nbsp;&nbsp;&nbsp;&nbsp;&nbsp;&nbsp;&nbsp;&nbsp; Les ventes d'armements (drones militaires d\u2019attaque) sont aussi florissantes, comme au Nigeria qui est en proie \u00e0 Boko Haram<a href=\"#_ftn13\">[13]<\/a>. M\u00eame avec le Niger voisin, la Turquie avait sign\u00e9 un accord de d\u00e9fense en juillet 2020<a href=\"#_ftn14\">[14]<\/a>. Le pays \u00e9tend par ailleurs sa coop\u00e9ration dans le domaine \u00e9ducatif et les secteurs socioculturels<a href=\"#_ftn15\">[15]<\/a>.<\/p>\n\n\n\n<p> &nbsp;&nbsp;&nbsp;&nbsp;&nbsp;&nbsp;&nbsp;&nbsp;&nbsp;&nbsp;&nbsp; Enfin, la Turquie investit encore dans le domaine alimentaire : l\u2019Afrique repr\u00e9sente ainsi 10 % des ventes agricoles et alimentaires de la Turquie dans le monde<a href=\"#_ftn16\">[16]<\/a>.<\/p>\n\n\n\n<p> &nbsp;&nbsp;&nbsp;&nbsp;&nbsp;&nbsp;&nbsp;&nbsp;&nbsp;&nbsp;&nbsp; D'apr\u00e8s les statistiques, le volume des \u00e9changes d'Ankara avec le continent africain est pass\u00e9 de 5,4 milliards $ en 2003 \u00e0 plus de 25 milliards $ en 2020<a href=\"#_ftn17\">[17]<\/a>. L'Institut Espagnol de Commerce Ext\u00e9rieur&nbsp;(ICEX) a indiqu\u00e9 que la Turquie a d\u00e9j\u00e0 conclu dix accords de libre-\u00e9change - portant sur l'\u00e9limination des droits de douane et des taxes sur les \u00e9changes de biens et de services entre la Turquie et ses partenaires - avec les pays africains : l'\u00c9gypte, le Maroc, la Tunisie, la C\u00f4te d'Ivoire, le Ghana, la Somalie, le Rwanda, le Mozambique, l'\u00eele Maurice et le Soudan (en cours de ratification)<a href=\"#_ftn18\">[18]<\/a>. D\u2019autres n\u00e9gociations sont actuellement en cours avec la R\u00e9publique d\u00e9mocratique du Congo, les Seychelles, le Cameroun, le Tchad, la Libye et Djibouti. La Turquie explore aussi des possibilit\u00e9s d'accord de libre-\u00e9change avec l'Alg\u00e9rie et l'Afrique du Sud<a href=\"#_ftn19\">[19]<\/a>.<\/p>\n\n\n\n<p>&nbsp;&nbsp;&nbsp;&nbsp;&nbsp;&nbsp;&nbsp;&nbsp;&nbsp;&nbsp;&nbsp; Les investissements turcs sont promus et appuy\u00e9s \u00e0 l'occasion de multiples visites minist\u00e9rielles et pr\u00e9sidentielles dans les pays africains<a href=\"#_ftn20\">[20]<\/a>. En seule qualit\u00e9 de premier ministre et d\u2019actuel pr\u00e9sident, Erdogan a visit\u00e9 30 pays africains depuis 2004<a href=\"#_ftn21\">[21]<\/a>. R\u00e9cemment, il s'est rendu en Angola, au Nigeria et au Togo, du 17 au 21 octobre 2021<a href=\"#_ftn22\"><sup>[22]<\/sup><\/a>. Un mini-sommet s'est aussi d\u00e9roul\u00e9 le 19 octobre \u00e0 Lom\u00e9, entre Erdogan et ses homologues togolais, burkinab\u00e8 et lib\u00e9rien<a href=\"#_ftn23\">[23]<\/a>.<\/p>\n\n\n\n<p>&nbsp;&nbsp;&nbsp;&nbsp;&nbsp;&nbsp;&nbsp;&nbsp;&nbsp;&nbsp;&nbsp; Inversement, les dirigeants et les entrepreneurs africains travaillent \u00e0 mieux atteindre le march\u00e9 turc et \u00e0 coop\u00e9rer davantage avec les soci\u00e9t\u00e9s turques, en tant qu'acteurs alternatifs \u00e0 l'Europe<a href=\"#_ftn24\">[24]<\/a>. Pour cette raison se sont tenus le Forum africain sur l\u2019investissement en Turquie, organis\u00e9 en juin 2021<a href=\"#_ftn25\">[25]<\/a>, puis en octobre 2021 \u00e0 Istanbul le 3\u00e8me Forum \u00e9conomique Afrique-Turquie (<em>Turkey-Africa Business Summit<\/em>), au cours duquel une trentaine de ministres africains ont particip\u00e9<a href=\"#_ftn26\">[26]<\/a>. Un troisi\u00e8me sommet Turquie-Afrique est pr\u00e9vu en d\u00e9cembre 2021<a href=\"#_ftn27\">[27]<\/a>.&nbsp; &nbsp;&nbsp;&nbsp;&nbsp;&nbsp;&nbsp;&nbsp;&nbsp;&nbsp;<\/p>\n\n\n\n<p>&nbsp;&nbsp;&nbsp;&nbsp;&nbsp;&nbsp;&nbsp;&nbsp;&nbsp;&nbsp;&nbsp; Les investissements futurs demeurent principalement \u00e9conomiques, \u00e9nerg\u00e9tiques, infrastructurels, mais restent aussi centr\u00e9s autour de la culture, des affaires religieuses et du domaine m\u00e9dical.<\/p>\n\n\n\n<p>&nbsp;&nbsp;&nbsp;&nbsp;&nbsp;&nbsp;&nbsp;&nbsp;&nbsp;&nbsp;&nbsp; Jusqu\u2019\u00e0 nos jours, des aides en mati\u00e8re de fournissement d'appareils et d'\u00e9quipements m\u00e9dicaux ont \u00e9t\u00e9 fournies \u00e0 44 pays africains<a href=\"#_ftn28\">[28]<\/a>. Des h\u00f4pitaux ont \u00e9t\u00e9 inaugur\u00e9s par les investisseurs turcs, dont deux dans les pays du Sahel&nbsp;; l\u2019un \u00e0 Bamako (Mali) et l\u2019autre \u00e0 Niamey (Niger)<a href=\"#_ftn29\">[29]<\/a>.&nbsp;<\/p>\n\n\n\n<p>&nbsp;&nbsp;&nbsp;&nbsp;&nbsp;&nbsp;&nbsp;&nbsp;&nbsp;&nbsp;&nbsp; Dans le Sahel, les soci\u00e9t\u00e9s turques travaillent \u00e0 la construction d\u2019une mosqu\u00e9e destin\u00e9e au Haut conseil islamique du Mali \u00e0 Bamako, ainsi que sur la restauration de la Grande mosqu\u00e9e d\u2019Agadez dans le Sahara nig\u00e9rien<a href=\"#_ftn30\">[30]<\/a>. Au S\u00e9n\u00e9gal, des mosqu\u00e9es sont aussi financ\u00e9es par la Turquie<a href=\"#_ftn31\"><sup>[31]<\/sup><\/a>. M\u00eame les pays de la Mer Rouge restent dans le collimateur&nbsp;; c\u2019est le cas du Soudan avec le port de Suakin -situ\u00e9 juste en face du port de Jeddah (Arabie Saoudite)-, aujourd'hui g\u00e9r\u00e9 par Ankara gr\u00e2ce \u00e0 un bail emphyt\u00e9otique accord\u00e9 par Khartoum<a href=\"#_ftn32\">[32]<\/a>. En plus de restaurer le patrimoine architectural et historique du lieu, Ankara vise \u00e0 faire de Suakin une nouvelle zone touristique et de transit \u00e0 destination des p\u00e8lerins musulmans<a href=\"#_ftn33\">[33]<\/a>.&nbsp;<\/p>\n\n\n\n<p>&nbsp;&nbsp;&nbsp;&nbsp;&nbsp;&nbsp;&nbsp;&nbsp;&nbsp;&nbsp;&nbsp; L'\u00e9ducation reste bien de mise dans les relations turco-africaines, avec la participation du Diyanet (pr\u00e9sidence des affaires religieuses),&nbsp;de la Fondation Maarif (TMV) et de l\u2019Institut Yunus Emre (YEE)<a href=\"#_ftn34\"><sup>[34]<\/sup><\/a>. Comme Erasmus en Europe, la fondation Maarif dispose d'un Programme international, ainsi que d'un Programme d'\u00e9ducation pr\u00e9scolaire<a href=\"#_ftn35\">[35]<\/a>. Puis, \u00e0 l'instar des instituts linguistiques europ\u00e9ens (Goethe pour l'allemand, Cervantes pour l'espagnol), la Turquie dispose de l'Institut Yunus Emre qui organise des travaux d\u2019enseignement de la langue turque aux \u00e9trangers dans des centres fond\u00e9s \u00e0 l\u2019\u00e9tranger. Elle contribue aussi aux travaux scientifiques, et g\u00e8re des activit\u00e9s culturelles et artistiques dans le but de repr\u00e9senter le pays m\u00eame<a href=\"#_ftn36\">[36]<\/a>. De nos jours, il existe tout un r\u00e9seau d\u2019\u00e9coles et de lyc\u00e9es turcs dans les pays africains, en l\u2019occurrence au Nigeria, au Kenya, au Ghana, en Afrique du Sud, avec des projets d\u2019expansion en Angola, Zambie, Zimbabwe et \u00e0 Maurice<a href=\"#_ftn37\">[37]<\/a>.<\/p>\n\n\n\n<p>&nbsp;&nbsp;&nbsp;&nbsp;&nbsp;&nbsp;&nbsp;&nbsp;&nbsp;&nbsp;&nbsp; Les investissements turcs en Afrique repr\u00e9sentent une concurrence pour l'Europe en g\u00e9n\u00e9ral, mais aussi \u00e9conomiquement pour la Chine et militairement pour la Russie<a href=\"#_ftn38\">[38]<\/a>.<\/p>\n\n\n\n<p> &nbsp;&nbsp;&nbsp;&nbsp;&nbsp;&nbsp;&nbsp;&nbsp;&nbsp;&nbsp;&nbsp; D'ailleurs, d'autres acteurs r\u00e9gionaux comme l'Inde, le Japon et le Br\u00e9sil tentent d'entrer plus profond\u00e9ment sur le march\u00e9 africain<a href=\"#_ftn39\">[39]<\/a>. Lors d'une r\u00e9union du Comit\u00e9 \u00e9conomique conjoint turco-angolais, le ministre turc de l\u2019\u00c9nergie et des Ressources naturelles Fatih D\u00f6nmez,&nbsp;a relat\u00e9 que la valeur des investissements turcs sur le continent africain atteignaient les 6 milliards de dollars, et que le nombre de projets mis en \u0153uvre par des entrepreneurs turcs en Afrique avait atteint les 1 500, soulignant encore que le volume \u00e9conomique de ces projets d\u00e9passait les 70 milliards de dollars<a href=\"#_ftn40\">[40]<\/a>.<\/p>\n\n\n\n<div style=\"height:50px\" aria-hidden=\"true\" class=\"wp-block-spacer\"><\/div>\n\n\n\n<p class=\"has-text-align-center has-cyan-bluish-gray-color has-text-color has-small-font-size\">\u00a9 2021 Tous droits r\u00e9serv\u00e9s par BRAUN<\/p>\n","protected":false},"excerpt":{"rendered":"<p>&nbsp;&nbsp;&nbsp;&nbsp;&nbsp;&nbsp;&nbsp;&nbsp;&nbsp;&nbsp;&nbsp; Apr\u00e8s la Russie et la Chine, un nouvel acteur r\u00e9gional s'impose de plus en plus en Afrique&nbsp;: la Turquie. En effet, depuis les ann\u00e9es 2000 et sur base d'un Plan d'action gouvernemental de 1998, les investissements \u00e9conomiques, infrastructurels, militaires et culturels turcs se sont multipli\u00e9s sur l'ensemble du continent, bien au-del\u00e0 des zones d'influence [&hellip;]<\/p>\n","protected":false},"author":3,"featured_media":700,"comment_status":"open","ping_status":"open","sticky":false,"template":"","format":"standard","meta":{"footnotes":""},"categories":[5],"tags":[],"type-darticle":[21],"class_list":["post-525","post","type-post","status-publish","format-standard","has-post-thumbnail","hentry","category-politics","type-darticle-analyse"],"yoast_head":"<!-- This site is optimized with the Yoast SEO Premium plugin v21.4 (Yoast SEO v27.2) - https:\/\/yoast.com\/product\/yoast-seo-premium-wordpress\/ -->\n<title>Bernd Braun - Les investissements turcs en Afrique : une nouvelle concurrence pour l&#039;Europe ?<\/title>\n<meta name=\"robots\" content=\"index, follow, max-snippet:-1, max-image-preview:large, max-video-preview:-1\" \/>\n<link rel=\"canonical\" href=\"https:\/\/www.berndbraun.eu\/es\/les-investissements-turcs-en-afrique-une-nouvelle-concurrence-pour-leurope\/\" \/>\n<meta property=\"og:locale\" content=\"es_ES\" \/>\n<meta property=\"og:type\" content=\"article\" \/>\n<meta property=\"og:title\" content=\"Les investissements turcs en Afrique : une nouvelle concurrence pour l&#039;Europe ?\" \/>\n<meta property=\"og:description\" content=\"&nbsp;&nbsp;&nbsp;&nbsp;&nbsp;&nbsp;&nbsp;&nbsp;&nbsp;&nbsp;&nbsp; Apr\u00e8s la Russie et la Chine, un nouvel acteur r\u00e9gional s&#039;impose de plus en plus en Afrique&nbsp;: la Turquie. En effet, depuis les ann\u00e9es 2000 et sur base d&#039;un Plan d&#039;action gouvernemental de 1998, les investissements \u00e9conomiques, infrastructurels, militaires et culturels turcs se sont multipli\u00e9s sur l&#039;ensemble du continent, bien au-del\u00e0 des zones d&#039;influence [&hellip;]\" \/>\n<meta property=\"og:url\" content=\"https:\/\/www.berndbraun.eu\/es\/les-investissements-turcs-en-afrique-une-nouvelle-concurrence-pour-leurope\/\" \/>\n<meta property=\"og:site_name\" content=\"Bernd Braun\" \/>\n<meta property=\"article:published_time\" content=\"2021-12-05T22:42:46+00:00\" \/>\n<meta property=\"article:modified_time\" content=\"2022-02-22T19:43:13+00:00\" \/>\n<meta property=\"og:image\" content=\"https:\/\/www.berndbraun.eu\/wp-content\/uploads\/2021\/12\/dreamstime_l_17838678-scaled.jpg\" \/>\n\t<meta property=\"og:image:width\" content=\"2560\" \/>\n\t<meta property=\"og:image:height\" content=\"1706\" \/>\n\t<meta property=\"og:image:type\" content=\"image\/jpeg\" \/>\n<meta name=\"author\" content=\"Bernd\" \/>\n<meta name=\"twitter:card\" content=\"summary_large_image\" \/>\n<meta name=\"twitter:label1\" content=\"Escrito por\" \/>\n\t<meta name=\"twitter:data1\" content=\"Bernd\" \/>\n\t<meta name=\"twitter:label2\" content=\"Tiempo de lectura\" \/>\n\t<meta name=\"twitter:data2\" content=\"6 minutos\" \/>\n<script type=\"application\/ld+json\" class=\"yoast-schema-graph\">{\"@context\":\"https:\/\/schema.org\",\"@graph\":[{\"@type\":\"Article\",\"@id\":\"https:\/\/www.berndbraun.eu\/les-investissements-turcs-en-afrique-une-nouvelle-concurrence-pour-leurope\/#article\",\"isPartOf\":{\"@id\":\"https:\/\/www.berndbraun.eu\/les-investissements-turcs-en-afrique-une-nouvelle-concurrence-pour-leurope\/\"},\"author\":{\"name\":\"Bernd\",\"@id\":\"https:\/\/www.berndbraun.eu\/#\/schema\/person\/a64c4c08b6a8c9f8fe9be655928070ca\"},\"headline\":\"Les investissements turcs en Afrique : une nouvelle concurrence pour l'Europe ?\",\"datePublished\":\"2021-12-05T22:42:46+00:00\",\"dateModified\":\"2022-02-22T19:43:13+00:00\",\"mainEntityOfPage\":{\"@id\":\"https:\/\/www.berndbraun.eu\/les-investissements-turcs-en-afrique-une-nouvelle-concurrence-pour-leurope\/\"},\"wordCount\":1613,\"commentCount\":0,\"image\":{\"@id\":\"https:\/\/www.berndbraun.eu\/les-investissements-turcs-en-afrique-une-nouvelle-concurrence-pour-leurope\/#primaryimage\"},\"thumbnailUrl\":\"https:\/\/www.berndbraun.eu\/wp-content\/uploads\/2021\/12\/dreamstime_l_17838678-scaled.jpg\",\"articleSection\":[\"Politics\"],\"inLanguage\":\"es\",\"potentialAction\":[{\"@type\":\"CommentAction\",\"name\":\"Comment\",\"target\":[\"https:\/\/www.berndbraun.eu\/les-investissements-turcs-en-afrique-une-nouvelle-concurrence-pour-leurope\/#respond\"]}]},{\"@type\":\"WebPage\",\"@id\":\"https:\/\/www.berndbraun.eu\/les-investissements-turcs-en-afrique-une-nouvelle-concurrence-pour-leurope\/\",\"url\":\"https:\/\/www.berndbraun.eu\/les-investissements-turcs-en-afrique-une-nouvelle-concurrence-pour-leurope\/\",\"name\":\"Bernd Braun - Les investissements turcs en Afrique : une nouvelle concurrence pour l'Europe ?\",\"isPartOf\":{\"@id\":\"https:\/\/www.berndbraun.eu\/#website\"},\"primaryImageOfPage\":{\"@id\":\"https:\/\/www.berndbraun.eu\/les-investissements-turcs-en-afrique-une-nouvelle-concurrence-pour-leurope\/#primaryimage\"},\"image\":{\"@id\":\"https:\/\/www.berndbraun.eu\/les-investissements-turcs-en-afrique-une-nouvelle-concurrence-pour-leurope\/#primaryimage\"},\"thumbnailUrl\":\"https:\/\/www.berndbraun.eu\/wp-content\/uploads\/2021\/12\/dreamstime_l_17838678-scaled.jpg\",\"datePublished\":\"2021-12-05T22:42:46+00:00\",\"dateModified\":\"2022-02-22T19:43:13+00:00\",\"author\":{\"@id\":\"https:\/\/www.berndbraun.eu\/#\/schema\/person\/a64c4c08b6a8c9f8fe9be655928070ca\"},\"breadcrumb\":{\"@id\":\"https:\/\/www.berndbraun.eu\/les-investissements-turcs-en-afrique-une-nouvelle-concurrence-pour-leurope\/#breadcrumb\"},\"inLanguage\":\"es\",\"potentialAction\":[{\"@type\":\"ReadAction\",\"target\":[\"https:\/\/www.berndbraun.eu\/les-investissements-turcs-en-afrique-une-nouvelle-concurrence-pour-leurope\/\"]}]},{\"@type\":\"ImageObject\",\"inLanguage\":\"es\",\"@id\":\"https:\/\/www.berndbraun.eu\/les-investissements-turcs-en-afrique-une-nouvelle-concurrence-pour-leurope\/#primaryimage\",\"url\":\"https:\/\/www.berndbraun.eu\/wp-content\/uploads\/2021\/12\/dreamstime_l_17838678-scaled.jpg\",\"contentUrl\":\"https:\/\/www.berndbraun.eu\/wp-content\/uploads\/2021\/12\/dreamstime_l_17838678-scaled.jpg\",\"width\":2560,\"height\":1706},{\"@type\":\"BreadcrumbList\",\"@id\":\"https:\/\/www.berndbraun.eu\/les-investissements-turcs-en-afrique-une-nouvelle-concurrence-pour-leurope\/#breadcrumb\",\"itemListElement\":[{\"@type\":\"ListItem\",\"position\":1,\"name\":\"Accueil\",\"item\":\"https:\/\/www.berndbraun.eu\/\"},{\"@type\":\"ListItem\",\"position\":2,\"name\":\"Les investissements turcs en Afrique : une nouvelle concurrence pour l'Europe ?\"}]},{\"@type\":\"WebSite\",\"@id\":\"https:\/\/www.berndbraun.eu\/#website\",\"url\":\"https:\/\/www.berndbraun.eu\/\",\"name\":\"Bernd Braun\",\"description\":\"\",\"potentialAction\":[{\"@type\":\"SearchAction\",\"target\":{\"@type\":\"EntryPoint\",\"urlTemplate\":\"https:\/\/www.berndbraun.eu\/?s={search_term_string}\"},\"query-input\":{\"@type\":\"PropertyValueSpecification\",\"valueRequired\":true,\"valueName\":\"search_term_string\"}}],\"inLanguage\":\"es\"},{\"@type\":\"Person\",\"@id\":\"https:\/\/www.berndbraun.eu\/#\/schema\/person\/a64c4c08b6a8c9f8fe9be655928070ca\",\"name\":\"Bernd\",\"image\":{\"@type\":\"ImageObject\",\"inLanguage\":\"es\",\"@id\":\"https:\/\/secure.gravatar.com\/avatar\/e51d7b18a7c2fb10dd367a4bab68ef5a6d1736ae3537a0fd211df170b00b15af?s=96&d=mm&r=g\",\"url\":\"https:\/\/secure.gravatar.com\/avatar\/e51d7b18a7c2fb10dd367a4bab68ef5a6d1736ae3537a0fd211df170b00b15af?s=96&d=mm&r=g\",\"contentUrl\":\"https:\/\/secure.gravatar.com\/avatar\/e51d7b18a7c2fb10dd367a4bab68ef5a6d1736ae3537a0fd211df170b00b15af?s=96&d=mm&r=g\",\"caption\":\"Bernd\"},\"url\":\"https:\/\/www.berndbraun.eu\/es\/author\/bernd\/\"}]}<\/script>\n<!-- \/ Yoast SEO Premium plugin. -->","yoast_head_json":{"title":"Bernd Braun - La inversi\u00f3n turca en \u00c1frica: \u00bfuna nueva competencia para Europa?","robots":{"index":"index","follow":"follow","max-snippet":"max-snippet:-1","max-image-preview":"max-image-preview:large","max-video-preview":"max-video-preview:-1"},"canonical":"https:\/\/www.berndbraun.eu\/es\/les-investissements-turcs-en-afrique-une-nouvelle-concurrence-pour-leurope\/","og_locale":"es_ES","og_type":"article","og_title":"Les investissements turcs en Afrique : une nouvelle concurrence pour l'Europe ?","og_description":"&nbsp;&nbsp;&nbsp;&nbsp;&nbsp;&nbsp;&nbsp;&nbsp;&nbsp;&nbsp;&nbsp; Apr\u00e8s la Russie et la Chine, un nouvel acteur r\u00e9gional s'impose de plus en plus en Afrique&nbsp;: la Turquie. En effet, depuis les ann\u00e9es 2000 et sur base d'un Plan d'action gouvernemental de 1998, les investissements \u00e9conomiques, infrastructurels, militaires et culturels turcs se sont multipli\u00e9s sur l'ensemble du continent, bien au-del\u00e0 des zones d'influence [&hellip;]","og_url":"https:\/\/www.berndbraun.eu\/es\/les-investissements-turcs-en-afrique-une-nouvelle-concurrence-pour-leurope\/","og_site_name":"Bernd Braun","article_published_time":"2021-12-05T22:42:46+00:00","article_modified_time":"2022-02-22T19:43:13+00:00","og_image":[{"width":2560,"height":1706,"url":"https:\/\/www.berndbraun.eu\/wp-content\/uploads\/2021\/12\/dreamstime_l_17838678-scaled.jpg","type":"image\/jpeg"}],"author":"Bernd","twitter_card":"summary_large_image","twitter_misc":{"Escrito por":"Bernd","Tiempo de lectura":"6 minutos"},"schema":{"@context":"https:\/\/schema.org","@graph":[{"@type":"Article","@id":"https:\/\/www.berndbraun.eu\/les-investissements-turcs-en-afrique-une-nouvelle-concurrence-pour-leurope\/#article","isPartOf":{"@id":"https:\/\/www.berndbraun.eu\/les-investissements-turcs-en-afrique-une-nouvelle-concurrence-pour-leurope\/"},"author":{"name":"Bernd","@id":"https:\/\/www.berndbraun.eu\/#\/schema\/person\/a64c4c08b6a8c9f8fe9be655928070ca"},"headline":"Les investissements turcs en Afrique : une nouvelle concurrence pour l'Europe ?","datePublished":"2021-12-05T22:42:46+00:00","dateModified":"2022-02-22T19:43:13+00:00","mainEntityOfPage":{"@id":"https:\/\/www.berndbraun.eu\/les-investissements-turcs-en-afrique-une-nouvelle-concurrence-pour-leurope\/"},"wordCount":1613,"commentCount":0,"image":{"@id":"https:\/\/www.berndbraun.eu\/les-investissements-turcs-en-afrique-une-nouvelle-concurrence-pour-leurope\/#primaryimage"},"thumbnailUrl":"https:\/\/www.berndbraun.eu\/wp-content\/uploads\/2021\/12\/dreamstime_l_17838678-scaled.jpg","articleSection":["Politics"],"inLanguage":"es","potentialAction":[{"@type":"CommentAction","name":"Comment","target":["https:\/\/www.berndbraun.eu\/les-investissements-turcs-en-afrique-une-nouvelle-concurrence-pour-leurope\/#respond"]}]},{"@type":"WebPage","@id":"https:\/\/www.berndbraun.eu\/les-investissements-turcs-en-afrique-une-nouvelle-concurrence-pour-leurope\/","url":"https:\/\/www.berndbraun.eu\/les-investissements-turcs-en-afrique-une-nouvelle-concurrence-pour-leurope\/","name":"Bernd Braun - La inversi\u00f3n turca en \u00c1frica: \u00bfuna nueva competencia para Europa?","isPartOf":{"@id":"https:\/\/www.berndbraun.eu\/#website"},"primaryImageOfPage":{"@id":"https:\/\/www.berndbraun.eu\/les-investissements-turcs-en-afrique-une-nouvelle-concurrence-pour-leurope\/#primaryimage"},"image":{"@id":"https:\/\/www.berndbraun.eu\/les-investissements-turcs-en-afrique-une-nouvelle-concurrence-pour-leurope\/#primaryimage"},"thumbnailUrl":"https:\/\/www.berndbraun.eu\/wp-content\/uploads\/2021\/12\/dreamstime_l_17838678-scaled.jpg","datePublished":"2021-12-05T22:42:46+00:00","dateModified":"2022-02-22T19:43:13+00:00","author":{"@id":"https:\/\/www.berndbraun.eu\/#\/schema\/person\/a64c4c08b6a8c9f8fe9be655928070ca"},"breadcrumb":{"@id":"https:\/\/www.berndbraun.eu\/les-investissements-turcs-en-afrique-une-nouvelle-concurrence-pour-leurope\/#breadcrumb"},"inLanguage":"es","potentialAction":[{"@type":"ReadAction","target":["https:\/\/www.berndbraun.eu\/les-investissements-turcs-en-afrique-une-nouvelle-concurrence-pour-leurope\/"]}]},{"@type":"ImageObject","inLanguage":"es","@id":"https:\/\/www.berndbraun.eu\/les-investissements-turcs-en-afrique-une-nouvelle-concurrence-pour-leurope\/#primaryimage","url":"https:\/\/www.berndbraun.eu\/wp-content\/uploads\/2021\/12\/dreamstime_l_17838678-scaled.jpg","contentUrl":"https:\/\/www.berndbraun.eu\/wp-content\/uploads\/2021\/12\/dreamstime_l_17838678-scaled.jpg","width":2560,"height":1706},{"@type":"BreadcrumbList","@id":"https:\/\/www.berndbraun.eu\/les-investissements-turcs-en-afrique-une-nouvelle-concurrence-pour-leurope\/#breadcrumb","itemListElement":[{"@type":"ListItem","position":1,"name":"Accueil","item":"https:\/\/www.berndbraun.eu\/"},{"@type":"ListItem","position":2,"name":"Les investissements turcs en Afrique : une nouvelle concurrence pour l'Europe ?"}]},{"@type":"WebSite","@id":"https:\/\/www.berndbraun.eu\/#website","url":"https:\/\/www.berndbraun.eu\/","name":"Bernd Braun","description":"","potentialAction":[{"@type":"SearchAction","target":{"@type":"EntryPoint","urlTemplate":"https:\/\/www.berndbraun.eu\/?s={search_term_string}"},"query-input":{"@type":"PropertyValueSpecification","valueRequired":true,"valueName":"search_term_string"}}],"inLanguage":"es"},{"@type":"Person","@id":"https:\/\/www.berndbraun.eu\/#\/schema\/person\/a64c4c08b6a8c9f8fe9be655928070ca","name":"Bernd","image":{"@type":"ImageObject","inLanguage":"es","@id":"https:\/\/secure.gravatar.com\/avatar\/e51d7b18a7c2fb10dd367a4bab68ef5a6d1736ae3537a0fd211df170b00b15af?s=96&d=mm&r=g","url":"https:\/\/secure.gravatar.com\/avatar\/e51d7b18a7c2fb10dd367a4bab68ef5a6d1736ae3537a0fd211df170b00b15af?s=96&d=mm&r=g","contentUrl":"https:\/\/secure.gravatar.com\/avatar\/e51d7b18a7c2fb10dd367a4bab68ef5a6d1736ae3537a0fd211df170b00b15af?s=96&d=mm&r=g","caption":"Bernd"},"url":"https:\/\/www.berndbraun.eu\/es\/author\/bernd\/"}]}},"_links":{"self":[{"href":"https:\/\/www.berndbraun.eu\/es\/wp-json\/wp\/v2\/posts\/525","targetHints":{"allow":["GET"]}}],"collection":[{"href":"https:\/\/www.berndbraun.eu\/es\/wp-json\/wp\/v2\/posts"}],"about":[{"href":"https:\/\/www.berndbraun.eu\/es\/wp-json\/wp\/v2\/types\/post"}],"author":[{"embeddable":true,"href":"https:\/\/www.berndbraun.eu\/es\/wp-json\/wp\/v2\/users\/3"}],"replies":[{"embeddable":true,"href":"https:\/\/www.berndbraun.eu\/es\/wp-json\/wp\/v2\/comments?post=525"}],"version-history":[{"count":7,"href":"https:\/\/www.berndbraun.eu\/es\/wp-json\/wp\/v2\/posts\/525\/revisions"}],"predecessor-version":[{"id":1014,"href":"https:\/\/www.berndbraun.eu\/es\/wp-json\/wp\/v2\/posts\/525\/revisions\/1014"}],"wp:featuredmedia":[{"embeddable":true,"href":"https:\/\/www.berndbraun.eu\/es\/wp-json\/wp\/v2\/media\/700"}],"wp:attachment":[{"href":"https:\/\/www.berndbraun.eu\/es\/wp-json\/wp\/v2\/media?parent=525"}],"wp:term":[{"taxonomy":"category","embeddable":true,"href":"https:\/\/www.berndbraun.eu\/es\/wp-json\/wp\/v2\/categories?post=525"},{"taxonomy":"post_tag","embeddable":true,"href":"https:\/\/www.berndbraun.eu\/es\/wp-json\/wp\/v2\/tags?post=525"},{"taxonomy":"type-darticle","embeddable":true,"href":"https:\/\/www.berndbraun.eu\/es\/wp-json\/wp\/v2\/type-darticle?post=525"}],"curies":[{"name":"wp","href":"https:\/\/api.w.org\/{rel}","templated":true}]}}