{"id":561,"date":"2015-01-06T22:54:26","date_gmt":"2015-01-06T20:54:26","guid":{"rendered":"https:\/\/www.berndbraun.eu\/?p=561"},"modified":"2022-02-22T21:35:57","modified_gmt":"2022-02-22T19:35:57","slug":"the-decision-making-process-of-obama-concerning-isis","status":"publish","type":"post","link":"https:\/\/www.berndbraun.eu\/es\/the-decision-making-process-of-obama-concerning-isis\/","title":{"rendered":"El proceso de toma de decisiones de Obama sobre el ISIS"},"content":{"rendered":"<div style=\"height:20px\" aria-hidden=\"true\" class=\"wp-block-spacer\"><\/div>\n\n\n\n<h2 class=\"has-medium-font-size wp-block-heading\">I. El Presidente y sus asesores<br><\/h2>\n\n\n\n<div style=\"height:10px\" aria-hidden=\"true\" class=\"wp-block-spacer\"><\/div>\n\n\n\n<h2 class=\"has-medium-font-size wp-block-heading\">II. La variable burocr\u00e1tica<br><\/h2>\n\n\n\n<div style=\"height:10px\" aria-hidden=\"true\" class=\"wp-block-spacer\"><\/div>\n\n\n\n<h2 class=\"has-medium-font-size wp-block-heading\">III. Las variables gubernamentales y sociales<br><\/h2>\n\n\n\n<div style=\"height:10px\" aria-hidden=\"true\" class=\"wp-block-spacer\"><\/div>\n\n\n\n<h2 class=\"has-medium-font-size wp-block-heading\">IV. El enfoque cognitivo<br><\/h2>\n\n\n\n<div style=\"height:10px\" aria-hidden=\"true\" class=\"wp-block-spacer\"><\/div>\n\n\n\n<h2 class=\"has-medium-font-size wp-block-heading\">V. La variable sist\u00e9mica<br><\/h2>\n\n\n\n<div style=\"height:59px\" aria-hidden=\"true\" class=\"wp-block-spacer\"><\/div>\n\n\n\n<h3 class=\"has-medium-font-size wp-block-heading\"> I. El Presidente y sus asesores <\/h3>\n\n\n\n<p>          El verdadero proceso de toma de decisiones se basa fundamentalmente en el personal del Presidente Obama, es decir, un peque\u00f1o c\u00edrculo interno de asesores que forjaron sus relaciones con \u00e9l durante su campa\u00f1a de 2008. Es esencialmente el propio Presidente Obama quien decide, tras consultar algunos aspectos dentro de este c\u00edrculo interno de asesores. Es principalmente el <em>Jefe de Gabinete <\/em>McDonough uno de sus <strong>los asesores de la prensa escrita <\/strong>y <strong>bolsterers<\/strong>), el de mayor confianza del Presidente. Luego viene S. Rice, la Consejera de Seguridad Nacional. \u00c9stos, junto con el resto del c\u00edrculo interno, constituyen el \"<strong>en el grupo<\/strong>\"Los leales al Presidente disfrutan de un acceso privilegiado a \u00e9l. El resto de los asesores intuitivos constituyen el \"<strong>fuera del grupo<\/strong>\"Esto se hace eco de una caracter\u00edstica t\u00edpica de la administraci\u00f3n Obama, que sufre de Vinculaci\u00f3n Vertical de D\u00edadas (Danserau), ya que el l\u00edder desarrolla diferentes relaciones con cada estructura. Esto se hace eco de una caracter\u00edstica t\u00edpica de la administraci\u00f3n Obama, que sufre de Vinculaci\u00f3n Vertical de la Dada (Danserau), ya que el l\u00edder desarrolla diferentes relaciones con cada estructura. Adem\u00e1s, la mayor\u00eda de las caracter\u00edsticas del presente caso tienden a mostrar que un <em>estructura formal<\/em> regula las relaciones jer\u00e1rquicas.<\/p>\n\n\n\n<p>          De hecho, el proceso de toma de decisiones es <strong>cerrado <\/strong>esencialmente a los leales al Presidente, con el resultado de una falta de <strong>lluvia de ideas <\/strong>fuera del grupo interno. Aunque haya diferentes opciones sobre la mesa, no se tienen en cuenta y, aunque no se alcancen los objetivos, no se reeval\u00faan las estrategias. Adem\u00e1s, Obama no tiene, en su c\u00edrculo de asesores, a alguien que pueda desempe\u00f1ar el papel de <strong>abogado del diablo<\/strong>.<\/p>\n\n\n\n<div class=\"wp-block-image\"><figure class=\"aligncenter size-large\"><img loading=\"lazy\" decoding=\"async\" width=\"1024\" height=\"680\" src=\"https:\/\/www.berndbraun.eu\/wp-content\/uploads\/2021\/12\/AdobeStock_126580420_Statue-of-Abraham-Lincoln-at-Lincoln-Memorial-Washington-DC-District-of-Columbia-1024x680.jpeg\" alt=\"\" class=\"wp-image-567\" srcset=\"https:\/\/www.berndbraun.eu\/wp-content\/uploads\/2021\/12\/AdobeStock_126580420_Statue-of-Abraham-Lincoln-at-Lincoln-Memorial-Washington-DC-District-of-Columbia-1024x680.jpeg 1024w, https:\/\/www.berndbraun.eu\/wp-content\/uploads\/2021\/12\/AdobeStock_126580420_Statue-of-Abraham-Lincoln-at-Lincoln-Memorial-Washington-DC-District-of-Columbia-300x199.jpeg 300w, https:\/\/www.berndbraun.eu\/wp-content\/uploads\/2021\/12\/AdobeStock_126580420_Statue-of-Abraham-Lincoln-at-Lincoln-Memorial-Washington-DC-District-of-Columbia-768x510.jpeg 768w, https:\/\/www.berndbraun.eu\/wp-content\/uploads\/2021\/12\/AdobeStock_126580420_Statue-of-Abraham-Lincoln-at-Lincoln-Memorial-Washington-DC-District-of-Columbia-1536x1020.jpeg 1536w, https:\/\/www.berndbraun.eu\/wp-content\/uploads\/2021\/12\/AdobeStock_126580420_Statue-of-Abraham-Lincoln-at-Lincoln-Memorial-Washington-DC-District-of-Columbia-2048x1360.jpeg 2048w, https:\/\/www.berndbraun.eu\/wp-content\/uploads\/2021\/12\/AdobeStock_126580420_Statue-of-Abraham-Lincoln-at-Lincoln-Memorial-Washington-DC-District-of-Columbia-18x12.jpeg 18w, https:\/\/www.berndbraun.eu\/wp-content\/uploads\/2021\/12\/AdobeStock_126580420_Statue-of-Abraham-Lincoln-at-Lincoln-Memorial-Washington-DC-District-of-Columbia.jpeg 2560w\" sizes=\"auto, (max-width: 1024px) 100vw, 1024px\" \/><figcaption>Estatua de Abraham Lincoln en el Lincoln Memorial, Washington DC, Distrito de Columbia<\/figcaption><\/figure><\/div>\n\n\n\n<h3 class=\"has-medium-font-size wp-block-heading\">II. La variable burocr\u00e1tica<\/h3>\n\n\n\n<p>          El proceso de toma de decisiones est\u00e1 marcado por fuertes divisiones y tensiones entre las esferas civil y militar, que pueden ilustrarse notablemente con las divergencias entre el Departamento de Defensa y la Casa Blanca. La raz\u00f3n principal de estas tensiones es que el proceso de toma de decisiones est\u00e1 sesgado en el sentido de que el Presidente <strong>carece de confianza <\/strong>en otros asesores institucionales como el Secretario de Defensa o el Secretario de Estado. Esto da lugar a la <strong>falta de consultas<\/strong>esencialmente con el Pent\u00e1gono. A pesar de que el Departamento de Defensa comparte otro punto de vista sobre la estrategia necesaria para luchar contra el ISIS, no se tiene en cuenta, ni siquiera despu\u00e9s de un per\u00edodo de tiempo significativo marcado por los objetivos no alcanzados de la pol\u00edtica de Obama. En consecuencia, las divisiones burocr\u00e1ticas, materializadas en disfunciones, fueron un elemento clave que obstaculiz\u00f3 la construcci\u00f3n de una estrategia clara a largo plazo.<br><br>          Sin embargo, un factor positivo es el hecho de que, a pesar de los diferentes puntos de vista sobre la estrategia en marcha, Kerry, Hagel o Dempsey intentaron demostrar p\u00fablicamente su apoyo a la estrategia de Obama. De hecho, tambi\u00e9n hubo algunos ejemplos de buena cooperaci\u00f3n, como fue el caso entre Kerry y Obama en el esfuerzo por constituir una coalici\u00f3n internacional contra el ISIS.<\/p>\n\n\n\n<div class=\"wp-block-image\"><figure class=\"aligncenter size-large is-resized\"><img loading=\"lazy\" decoding=\"async\" src=\"https:\/\/www.berndbraun.eu\/wp-content\/uploads\/2021\/12\/AdobeStock_11070385-1024x683.jpeg\" alt=\"\" class=\"wp-image-568\" width=\"1300\" height=\"500\"\/><\/figure><\/div>\n\n\n\n<h3 class=\"has-medium-font-size wp-block-heading\">III. Las variables gubernamentales y sociales<\/h3>\n\n\n\n<p>          El <strong>la opini\u00f3n p\u00fablica <\/strong>siempre ha jugado un papel clave hacia la presidencia de Obama. En este caso, los v\u00eddeos de las decapitaciones de periodistas estadounidenses han tenido un impacto masivo en la opini\u00f3n p\u00fablica de Estados Unidos, como una especie de \"<strong>Efecto CNN<\/strong>\"ha seguido. Esto ha tenido un papel importante en la construcci\u00f3n de la estrategia que, tambi\u00e9n en sus posteriores adaptaciones, siempre seguir\u00e1 las encuestas, como muestra el rechazo al env\u00edo de tropas sobre el terreno (el porcentaje de personas que quer\u00edan los ataques a\u00e9reos era en realidad el mismo de los que estaban en contra del env\u00edo de tropas terrestres). Esto da cr\u00e9dito al <strong>modelo pluralista<\/strong>.<br><br>          El Congreso, lejos de ser un factor propio, Obama tiende a utilizarlo para sus propios juegos pol\u00edticos. Pidiendo su aprobaci\u00f3n cuando en realidad no quiere intervenir (sabiendo que no la obtendr\u00e1), y rechaz\u00e1ndola cuando quiere actuar, bajo la pretensi\u00f3n de <em>AUMF <\/em>o el <em>Ley de Poderes de Guerra<\/em>.<\/p>\n\n\n\n<div class=\"wp-block-image\"><figure class=\"aligncenter size-large is-resized\"><img loading=\"lazy\" decoding=\"async\" src=\"https:\/\/www.berndbraun.eu\/wp-content\/uploads\/2021\/12\/AdobeStock_100810104_A-dollar-bill-figuring-George-Washington-on-top-of-a-map-of-Syria-1024x683.jpeg\" alt=\"\" class=\"wp-image-570\" width=\"1300\" height=\"500\"\/><figcaption>Un billete de d\u00f3lar con la figura de George Washington sobre un mapa de Siria<\/figcaption><\/figure><\/div>\n\n\n\n<h3 class=\"has-medium-font-size wp-block-heading\">IV. El enfoque cognitivo<\/h3>\n\n\n\n<p>          Justo en Rystadt's <strong>percepci\u00f3n err\u00f3nea <\/strong>teor\u00eda, la actitud de Obama demuestra una vez m\u00e1s que el presidente tiene la peligrosa tendencia a <em>distorsionar la realidad, para adaptarla a su predisposici\u00f3n perceptiva<\/em>, <strong>polarizaci\u00f3n <\/strong>por lo tanto, todo el proceso de toma de decisiones. De hecho, primero describi\u00f3 al ISIS como un equipo JV (Junior Varsity team) en los medios de comunicaci\u00f3n, subestimando la amenaza, continuando con su agenda para <strong>confort <\/strong>propia visi\u00f3n del mundo a trav\u00e9s de la cual \"<em>la marea de la guerra est\u00e1 retrocediendo<\/em>\". Protegiendo su <strong>creencias fundamentales<\/strong>se opuso al env\u00edo de tropas sobre el terreno para misiones de combate, ignorando los consejos de los expertos por la permanente \"<em>t\u00e9cnicas de reducci\u00f3n de la coherencia<\/em>\"a trav\u00e9s de un proceso de <strong>interpretaci\u00f3n selectiva<\/strong> permiti\u00e9ndole permanecer en la casa de Lambro <strong>c\u00edrculo de fantas\u00eda<\/strong> donde su <strong>deseos de la vida<\/strong> parece todo tan real.<br><br>          Adem\u00e1s, con un <strong>Alta complejidad cognitiva<\/strong>tambi\u00e9n le da la raz\u00f3n a Herman, ya que el caso en cuesti\u00f3n es una ilustraci\u00f3n de sus dificultades para tomar una decisi\u00f3n por s\u00ed mismo de forma urgente, sin obtener nunca suficiente informaci\u00f3n, y le da el premio de los \"<em>Cauteloso<\/em>\"El que toma las decisiones.<br><br>          El an\u00e1lisis idiosincr\u00e1sico de dicha situaci\u00f3n destaca notablemente su <strong>ego<\/strong>que juega un papel importante cuando un responsable de la toma de decisiones est\u00e1 tan alejado de la realidad y esto tiende a indicar que las encuestas que afirman un retroceso en su popularidad podr\u00edan haber sido variables notables en la forma en que \"<em>manejado<\/em>\"La crisis. Tambi\u00e9n podemos observar que <strong>estr\u00e9s<\/strong>-reacciones relacionadas con el tema pueden ser se\u00f1aladas aqu\u00ed. Empezando por un <strong>negaci\u00f3n<\/strong>traslad\u00e1ndose a <strong>agresi\u00f3n <\/strong>(el <em>Horsesh*t<\/em> momento sac\u00f3 a la luz una evidente fuerza adicional <strong>falta de inteligencia emocional<\/strong>), para llegar finalmente al punto de toma de decisiones <strong>par\u00e1lisis <\/strong>reconociendo por s\u00ed mismo su incapacidad de decisi\u00f3n. En esa \u00f3ptica, tambi\u00e9n se podr\u00eda argumentar que siguiendo la teor\u00eda de Herman sobre <strong>evaluaci\u00f3n del l\u00edder y valoraci\u00f3n<\/strong>el hombre aparece como seguro de s\u00ed mismo (utilizando palabras como \"<em>I<\/em>\", \"<em>yo<\/em>\", \"<em>como comandante en jefe...<\/em>\", \"<em>mi prioridad<\/em>\" tratando de ) cuando anuncia medidas favorables y positivas, mientras que para el anuncio negativo o cuando pretende levantar la <strong>identidad de grupo<\/strong>juega la carta de jugador de equipo (\"<em>no tenemos una estrategia<\/em>\", \"<em>no nos arrastrar\u00e1n a otra guerra<\/em>\").<br><br>          Pero esta actitud debe ser entendida <strong>a trav\u00e9s de los ojos del propio Obama<\/strong>. Como defensor de la construcci\u00f3n de la naci\u00f3n, su ret\u00f3rica hacia esta crisis le hace enfrentarse a la <strong>El dilema de la mantequilla y la pistola<\/strong> ya que sus intereses a corto plazo son contradictorios con las aspiraciones a largo plazo. De hecho, es \"<em>el hombre que acaba con la guerra<\/em>\"y tiene la intenci\u00f3n de seguir si\u00e9ndolo. Detr\u00e1s del argumento del cansancio b\u00e9lico de la opini\u00f3n p\u00fablica, se esconde su propia desgana para proyectar el poder\u00edo estadounidense. Esto debe relacionarse con su obsesiva voluntad de distinguirse de su predecesor G.W. Bush, a quien le gustaba verse como \"<em>la decisi\u00f3n<\/em>\"haciendo que acabe por no tomar ninguna decisi\u00f3n. Y aunque hizo <strong>analog\u00edas sencillas<\/strong> con Yemen y Afganist\u00e1n durante el proceso de toma de decisiones, esto podr\u00eda en su conjunto, parecerse m\u00e1s a toda una analog\u00eda invertida del Modelo Bush, por antagonismo al cual, escribi\u00f3 su propia definici\u00f3n de identidad.<br><br>          La toma de decisiones de Obama tambi\u00e9n es a menudo reaccionaria a los acontecimientos en el caso de ISIS. Un cierto <strong>falta de decisi\u00f3n<\/strong> tiene tambi\u00e9n por resultado un <strong>falta de claridad<\/strong> sobre los objetivos estrat\u00e9gicos. La firmeza en la ret\u00f3rica no suele coincidir con las acciones concretas y los objetivos establecidos son <strong>poco realista <\/strong>con la estrategia en marcha. Est\u00e1 centralizando la toma de decisiones en un grupo muy reducido de asesores y a menudo <strong>involucrado personalmente<\/strong>. Su estilo tambi\u00e9n se caracteriza por la voluntad de controlar y gestionar todos los detalles, lo que puede ilustrarse con su <strong>enfoque de microgesti\u00f3n<\/strong>. \u00c9l es <strong>no es receptivo<\/strong> a las opiniones de los dem\u00e1s una parte de los leales. Por \u00faltimo, el presidente Obama tiene un <strong>sistema de pensamiento coherente <\/strong>dominado por el principio de no participaci\u00f3n de las tropas terrestres estadounidenses en las misiones de combate, lo que se traduce en una especie de <strong>inflexibilidad<\/strong>. Tambi\u00e9n se le puede describir como <strong>oportunista <\/strong>ya que est\u00e1 utilizando la justificaci\u00f3n legal de las acciones militares (basada en la aprobaci\u00f3n del Congreso o no) seg\u00fan su propia agenda pol\u00edtica.<br><br>          Seg\u00fan la tipolog\u00eda de Barber, Obama en el caso de la lucha contra el ISIS puede ser descrito como <strong>negativo-activo<\/strong> o <strong>negativo-pasivo<\/strong> Presidente. <strong>Negativo <\/strong>debido a su falta de entusiasmo por su obligaci\u00f3n de hacer frente al ISIS, que le obliga a ir en contra de su visi\u00f3n de \"<em>El presidente pone fin a las guerras<\/em>\". <strong>Activo <\/strong>por su voluntad de gestionar todos los detalles, incluso los de car\u00e1cter operativo del conflicto y <strong>pasivo <\/strong>por su enfoque m\u00e1s bien reaccionario ante los peligros que plantea el ISIS en lugar de tomar medidas proactivas para hacer frente a la amenaza.<br><\/p>\n\n\n\n<div class=\"wp-block-image\"><figure class=\"aligncenter size-large\"><img loading=\"lazy\" decoding=\"async\" width=\"714\" height=\"1024\" src=\"https:\/\/www.berndbraun.eu\/wp-content\/uploads\/2021\/12\/dreamstime_l_15414083_Storm-Descends-on-Capitol-Hill-1-714x1024.jpg\" alt=\"\" class=\"wp-image-586\" srcset=\"https:\/\/www.berndbraun.eu\/wp-content\/uploads\/2021\/12\/dreamstime_l_15414083_Storm-Descends-on-Capitol-Hill-1-714x1024.jpg 714w, https:\/\/www.berndbraun.eu\/wp-content\/uploads\/2021\/12\/dreamstime_l_15414083_Storm-Descends-on-Capitol-Hill-1-209x300.jpg 209w, https:\/\/www.berndbraun.eu\/wp-content\/uploads\/2021\/12\/dreamstime_l_15414083_Storm-Descends-on-Capitol-Hill-1-768x1102.jpg 768w, https:\/\/www.berndbraun.eu\/wp-content\/uploads\/2021\/12\/dreamstime_l_15414083_Storm-Descends-on-Capitol-Hill-1-1070x1536.jpg 1070w, https:\/\/www.berndbraun.eu\/wp-content\/uploads\/2021\/12\/dreamstime_l_15414083_Storm-Descends-on-Capitol-Hill-1-1427x2048.jpg 1427w, https:\/\/www.berndbraun.eu\/wp-content\/uploads\/2021\/12\/dreamstime_l_15414083_Storm-Descends-on-Capitol-Hill-1-8x12.jpg 8w, https:\/\/www.berndbraun.eu\/wp-content\/uploads\/2021\/12\/dreamstime_l_15414083_Storm-Descends-on-Capitol-Hill-1-scaled.jpg 1784w\" sizes=\"auto, (max-width: 714px) 100vw, 714px\" \/><figcaption>Capitolio<\/figcaption><\/figure><\/div>\n\n\n\n<h3 class=\"has-medium-font-size wp-block-heading\">V. La variable sist\u00e9mica<\/h3>\n\n\n\n<p>          El contexto de la crisis es amenazante no s\u00f3lo para Estados Unidos, sino tambi\u00e9n para su reputaci\u00f3n y prestigio como \"<em>poder global<\/em>\". Adem\u00e1s, el ascenso del ISIS representa una amenaza a\u00fan mayor para sus aliados en la regi\u00f3n, a los que Estados Unidos tiene que garantizar un apoyo cre\u00edble.<br><br>          Sin embargo, aunque este n\u00famero est\u00e1 redactado en el contexto de la campa\u00f1a mundial \"<em>guerra contra el terrorismo<\/em>\", no hay que olvidar que esta prioridad sigue siendo una entre otras en un complejo contexto internacional en el que EE.UU. est\u00e1 activo, ocup\u00e1ndose de diferentes expedientes importantes como Ucrania o la pol\u00edtica de pivote hacia Asia de EE.UU.<br><br>          Por fin, la voluntad de Obama de constituir una coalici\u00f3n internacional para luchar contra el ISIS, se basa en que lo importante para Obama es primero la <strong>construcci\u00f3n de la naci\u00f3n<\/strong> en casa. Por lo tanto, <strong>reparto de la carga<\/strong> es un elemento inevitable de la estrategia de Obama. Adem\u00e1s, hay que se\u00f1alar que contar con el apoyo de los Estados \u00e1rabes y privilegiar a los combatientes aut\u00f3ctonos reconforta su creencia de que \"<em>no podemos hacer por los iraqu\u00edes lo que ellos deben hacer por s\u00ed mismos ni podemos sustituir a los socios \u00e1rabes en la seguridad de su regi\u00f3n<\/em>\".<br><\/p>","protected":false},"excerpt":{"rendered":"<p>I. The President and his advisors II. The bureaucratic variable III. The governmental and societal variables IV. The cognitive approach V. The systemic variable I. The President and his advisors The real decision-making process is fundamentally based on the President\u00b4s Obama staff, i.e. a small inner circle of advisors who forged their relationships with him [&hellip;]<\/p>\n","protected":false},"author":3,"featured_media":564,"comment_status":"open","ping_status":"open","sticky":false,"template":"","format":"standard","meta":{"footnotes":""},"categories":[5],"tags":[],"type-darticle":[21],"class_list":["post-561","post","type-post","status-publish","format-standard","has-post-thumbnail","hentry","category-politics","type-darticle-analyse"],"yoast_head":"<!-- This site is optimized with the Yoast SEO Premium plugin v21.4 (Yoast SEO v27.2) - https:\/\/yoast.com\/product\/yoast-seo-premium-wordpress\/ -->\n<title>Bernd Braun - Le processus d\u00e9cisionnel d&#039;Obama concernant ISIS<\/title>\n<meta name=\"robots\" content=\"index, follow, max-snippet:-1, max-image-preview:large, max-video-preview:-1\" \/>\n<link rel=\"canonical\" href=\"https:\/\/www.berndbraun.eu\/es\/the-decision-making-process-of-obama-concerning-isis\/\" \/>\n<meta property=\"og:locale\" content=\"es_ES\" \/>\n<meta property=\"og:type\" content=\"article\" \/>\n<meta property=\"og:title\" content=\"Le processus d\u00e9cisionnel d&#039;Obama concernant ISIS\" \/>\n<meta property=\"og:description\" content=\"I. The President and his advisors II. The bureaucratic variable III. The governmental and societal variables IV. The cognitive approach V. The systemic variable I. The President and his advisors The real decision-making process is fundamentally based on the President\u00b4s Obama staff, i.e. a small inner circle of advisors who forged their relationships with him [&hellip;]\" \/>\n<meta property=\"og:url\" content=\"https:\/\/www.berndbraun.eu\/es\/the-decision-making-process-of-obama-concerning-isis\/\" \/>\n<meta property=\"og:site_name\" content=\"Bernd Braun\" \/>\n<meta property=\"article:published_time\" content=\"2015-01-06T20:54:26+00:00\" \/>\n<meta property=\"article:modified_time\" content=\"2022-02-22T19:35:57+00:00\" \/>\n<meta property=\"og:image\" content=\"https:\/\/www.berndbraun.eu\/wp-content\/uploads\/2021\/12\/AdobeStock_303053153-scaled.jpeg\" \/>\n\t<meta property=\"og:image:width\" content=\"2560\" \/>\n\t<meta property=\"og:image:height\" content=\"1440\" \/>\n\t<meta property=\"og:image:type\" content=\"image\/jpeg\" \/>\n<meta name=\"author\" content=\"Bernd\" \/>\n<meta name=\"twitter:card\" content=\"summary_large_image\" \/>\n<meta name=\"twitter:label1\" content=\"Escrito por\" \/>\n\t<meta name=\"twitter:data1\" content=\"Bernd\" \/>\n\t<meta name=\"twitter:label2\" content=\"Tiempo de lectura\" \/>\n\t<meta name=\"twitter:data2\" content=\"8 minutos\" \/>\n<script type=\"application\/ld+json\" class=\"yoast-schema-graph\">{\"@context\":\"https:\/\/schema.org\",\"@graph\":[{\"@type\":\"Article\",\"@id\":\"https:\/\/www.berndbraun.eu\/the-decision-making-process-of-obama-concerning-isis\/#article\",\"isPartOf\":{\"@id\":\"https:\/\/www.berndbraun.eu\/the-decision-making-process-of-obama-concerning-isis\/\"},\"author\":{\"name\":\"Bernd\",\"@id\":\"https:\/\/www.berndbraun.eu\/#\/schema\/person\/a64c4c08b6a8c9f8fe9be655928070ca\"},\"headline\":\"Le processus d\u00e9cisionnel d'Obama concernant ISIS\",\"datePublished\":\"2015-01-06T20:54:26+00:00\",\"dateModified\":\"2022-02-22T19:35:57+00:00\",\"mainEntityOfPage\":{\"@id\":\"https:\/\/www.berndbraun.eu\/the-decision-making-process-of-obama-concerning-isis\/\"},\"wordCount\":1660,\"commentCount\":0,\"image\":{\"@id\":\"https:\/\/www.berndbraun.eu\/the-decision-making-process-of-obama-concerning-isis\/#primaryimage\"},\"thumbnailUrl\":\"https:\/\/www.berndbraun.eu\/wp-content\/uploads\/2021\/12\/AdobeStock_303053153-scaled.jpeg\",\"articleSection\":[\"Politics\"],\"inLanguage\":\"es\",\"potentialAction\":[{\"@type\":\"CommentAction\",\"name\":\"Comment\",\"target\":[\"https:\/\/www.berndbraun.eu\/the-decision-making-process-of-obama-concerning-isis\/#respond\"]}]},{\"@type\":\"WebPage\",\"@id\":\"https:\/\/www.berndbraun.eu\/the-decision-making-process-of-obama-concerning-isis\/\",\"url\":\"https:\/\/www.berndbraun.eu\/the-decision-making-process-of-obama-concerning-isis\/\",\"name\":\"Bernd Braun - Le processus d\u00e9cisionnel d'Obama concernant ISIS\",\"isPartOf\":{\"@id\":\"https:\/\/www.berndbraun.eu\/#website\"},\"primaryImageOfPage\":{\"@id\":\"https:\/\/www.berndbraun.eu\/the-decision-making-process-of-obama-concerning-isis\/#primaryimage\"},\"image\":{\"@id\":\"https:\/\/www.berndbraun.eu\/the-decision-making-process-of-obama-concerning-isis\/#primaryimage\"},\"thumbnailUrl\":\"https:\/\/www.berndbraun.eu\/wp-content\/uploads\/2021\/12\/AdobeStock_303053153-scaled.jpeg\",\"datePublished\":\"2015-01-06T20:54:26+00:00\",\"dateModified\":\"2022-02-22T19:35:57+00:00\",\"author\":{\"@id\":\"https:\/\/www.berndbraun.eu\/#\/schema\/person\/a64c4c08b6a8c9f8fe9be655928070ca\"},\"breadcrumb\":{\"@id\":\"https:\/\/www.berndbraun.eu\/the-decision-making-process-of-obama-concerning-isis\/#breadcrumb\"},\"inLanguage\":\"es\",\"potentialAction\":[{\"@type\":\"ReadAction\",\"target\":[\"https:\/\/www.berndbraun.eu\/the-decision-making-process-of-obama-concerning-isis\/\"]}]},{\"@type\":\"ImageObject\",\"inLanguage\":\"es\",\"@id\":\"https:\/\/www.berndbraun.eu\/the-decision-making-process-of-obama-concerning-isis\/#primaryimage\",\"url\":\"https:\/\/www.berndbraun.eu\/wp-content\/uploads\/2021\/12\/AdobeStock_303053153-scaled.jpeg\",\"contentUrl\":\"https:\/\/www.berndbraun.eu\/wp-content\/uploads\/2021\/12\/AdobeStock_303053153-scaled.jpeg\",\"width\":2560,\"height\":1440},{\"@type\":\"BreadcrumbList\",\"@id\":\"https:\/\/www.berndbraun.eu\/the-decision-making-process-of-obama-concerning-isis\/#breadcrumb\",\"itemListElement\":[{\"@type\":\"ListItem\",\"position\":1,\"name\":\"Accueil\",\"item\":\"https:\/\/www.berndbraun.eu\/\"},{\"@type\":\"ListItem\",\"position\":2,\"name\":\"Le processus d\u00e9cisionnel d'Obama concernant ISIS\"}]},{\"@type\":\"WebSite\",\"@id\":\"https:\/\/www.berndbraun.eu\/#website\",\"url\":\"https:\/\/www.berndbraun.eu\/\",\"name\":\"Bernd Braun\",\"description\":\"\",\"potentialAction\":[{\"@type\":\"SearchAction\",\"target\":{\"@type\":\"EntryPoint\",\"urlTemplate\":\"https:\/\/www.berndbraun.eu\/?s={search_term_string}\"},\"query-input\":{\"@type\":\"PropertyValueSpecification\",\"valueRequired\":true,\"valueName\":\"search_term_string\"}}],\"inLanguage\":\"es\"},{\"@type\":\"Person\",\"@id\":\"https:\/\/www.berndbraun.eu\/#\/schema\/person\/a64c4c08b6a8c9f8fe9be655928070ca\",\"name\":\"Bernd\",\"image\":{\"@type\":\"ImageObject\",\"inLanguage\":\"es\",\"@id\":\"https:\/\/secure.gravatar.com\/avatar\/e51d7b18a7c2fb10dd367a4bab68ef5a6d1736ae3537a0fd211df170b00b15af?s=96&d=mm&r=g\",\"url\":\"https:\/\/secure.gravatar.com\/avatar\/e51d7b18a7c2fb10dd367a4bab68ef5a6d1736ae3537a0fd211df170b00b15af?s=96&d=mm&r=g\",\"contentUrl\":\"https:\/\/secure.gravatar.com\/avatar\/e51d7b18a7c2fb10dd367a4bab68ef5a6d1736ae3537a0fd211df170b00b15af?s=96&d=mm&r=g\",\"caption\":\"Bernd\"},\"url\":\"https:\/\/www.berndbraun.eu\/es\/author\/bernd\/\"}]}<\/script>\n<!-- \/ Yoast SEO Premium plugin. -->","yoast_head_json":{"title":"Bernd Braun - El proceso de toma de decisiones de Obama respecto al ISIS","robots":{"index":"index","follow":"follow","max-snippet":"max-snippet:-1","max-image-preview":"max-image-preview:large","max-video-preview":"max-video-preview:-1"},"canonical":"https:\/\/www.berndbraun.eu\/es\/the-decision-making-process-of-obama-concerning-isis\/","og_locale":"es_ES","og_type":"article","og_title":"Le processus d\u00e9cisionnel d'Obama concernant ISIS","og_description":"I. The President and his advisors II. The bureaucratic variable III. The governmental and societal variables IV. The cognitive approach V. The systemic variable I. The President and his advisors The real decision-making process is fundamentally based on the President\u00b4s Obama staff, i.e. a small inner circle of advisors who forged their relationships with him [&hellip;]","og_url":"https:\/\/www.berndbraun.eu\/es\/the-decision-making-process-of-obama-concerning-isis\/","og_site_name":"Bernd Braun","article_published_time":"2015-01-06T20:54:26+00:00","article_modified_time":"2022-02-22T19:35:57+00:00","og_image":[{"width":2560,"height":1440,"url":"https:\/\/www.berndbraun.eu\/wp-content\/uploads\/2021\/12\/AdobeStock_303053153-scaled.jpeg","type":"image\/jpeg"}],"author":"Bernd","twitter_card":"summary_large_image","twitter_misc":{"Escrito por":"Bernd","Tiempo de lectura":"8 minutos"},"schema":{"@context":"https:\/\/schema.org","@graph":[{"@type":"Article","@id":"https:\/\/www.berndbraun.eu\/the-decision-making-process-of-obama-concerning-isis\/#article","isPartOf":{"@id":"https:\/\/www.berndbraun.eu\/the-decision-making-process-of-obama-concerning-isis\/"},"author":{"name":"Bernd","@id":"https:\/\/www.berndbraun.eu\/#\/schema\/person\/a64c4c08b6a8c9f8fe9be655928070ca"},"headline":"Le processus d\u00e9cisionnel d'Obama concernant ISIS","datePublished":"2015-01-06T20:54:26+00:00","dateModified":"2022-02-22T19:35:57+00:00","mainEntityOfPage":{"@id":"https:\/\/www.berndbraun.eu\/the-decision-making-process-of-obama-concerning-isis\/"},"wordCount":1660,"commentCount":0,"image":{"@id":"https:\/\/www.berndbraun.eu\/the-decision-making-process-of-obama-concerning-isis\/#primaryimage"},"thumbnailUrl":"https:\/\/www.berndbraun.eu\/wp-content\/uploads\/2021\/12\/AdobeStock_303053153-scaled.jpeg","articleSection":["Politics"],"inLanguage":"es","potentialAction":[{"@type":"CommentAction","name":"Comment","target":["https:\/\/www.berndbraun.eu\/the-decision-making-process-of-obama-concerning-isis\/#respond"]}]},{"@type":"WebPage","@id":"https:\/\/www.berndbraun.eu\/the-decision-making-process-of-obama-concerning-isis\/","url":"https:\/\/www.berndbraun.eu\/the-decision-making-process-of-obama-concerning-isis\/","name":"Bernd Braun - El proceso de toma de decisiones de Obama respecto al ISIS","isPartOf":{"@id":"https:\/\/www.berndbraun.eu\/#website"},"primaryImageOfPage":{"@id":"https:\/\/www.berndbraun.eu\/the-decision-making-process-of-obama-concerning-isis\/#primaryimage"},"image":{"@id":"https:\/\/www.berndbraun.eu\/the-decision-making-process-of-obama-concerning-isis\/#primaryimage"},"thumbnailUrl":"https:\/\/www.berndbraun.eu\/wp-content\/uploads\/2021\/12\/AdobeStock_303053153-scaled.jpeg","datePublished":"2015-01-06T20:54:26+00:00","dateModified":"2022-02-22T19:35:57+00:00","author":{"@id":"https:\/\/www.berndbraun.eu\/#\/schema\/person\/a64c4c08b6a8c9f8fe9be655928070ca"},"breadcrumb":{"@id":"https:\/\/www.berndbraun.eu\/the-decision-making-process-of-obama-concerning-isis\/#breadcrumb"},"inLanguage":"es","potentialAction":[{"@type":"ReadAction","target":["https:\/\/www.berndbraun.eu\/the-decision-making-process-of-obama-concerning-isis\/"]}]},{"@type":"ImageObject","inLanguage":"es","@id":"https:\/\/www.berndbraun.eu\/the-decision-making-process-of-obama-concerning-isis\/#primaryimage","url":"https:\/\/www.berndbraun.eu\/wp-content\/uploads\/2021\/12\/AdobeStock_303053153-scaled.jpeg","contentUrl":"https:\/\/www.berndbraun.eu\/wp-content\/uploads\/2021\/12\/AdobeStock_303053153-scaled.jpeg","width":2560,"height":1440},{"@type":"BreadcrumbList","@id":"https:\/\/www.berndbraun.eu\/the-decision-making-process-of-obama-concerning-isis\/#breadcrumb","itemListElement":[{"@type":"ListItem","position":1,"name":"Accueil","item":"https:\/\/www.berndbraun.eu\/"},{"@type":"ListItem","position":2,"name":"Le processus d\u00e9cisionnel d'Obama concernant ISIS"}]},{"@type":"WebSite","@id":"https:\/\/www.berndbraun.eu\/#website","url":"https:\/\/www.berndbraun.eu\/","name":"Bernd Braun","description":"","potentialAction":[{"@type":"SearchAction","target":{"@type":"EntryPoint","urlTemplate":"https:\/\/www.berndbraun.eu\/?s={search_term_string}"},"query-input":{"@type":"PropertyValueSpecification","valueRequired":true,"valueName":"search_term_string"}}],"inLanguage":"es"},{"@type":"Person","@id":"https:\/\/www.berndbraun.eu\/#\/schema\/person\/a64c4c08b6a8c9f8fe9be655928070ca","name":"Bernd","image":{"@type":"ImageObject","inLanguage":"es","@id":"https:\/\/secure.gravatar.com\/avatar\/e51d7b18a7c2fb10dd367a4bab68ef5a6d1736ae3537a0fd211df170b00b15af?s=96&d=mm&r=g","url":"https:\/\/secure.gravatar.com\/avatar\/e51d7b18a7c2fb10dd367a4bab68ef5a6d1736ae3537a0fd211df170b00b15af?s=96&d=mm&r=g","contentUrl":"https:\/\/secure.gravatar.com\/avatar\/e51d7b18a7c2fb10dd367a4bab68ef5a6d1736ae3537a0fd211df170b00b15af?s=96&d=mm&r=g","caption":"Bernd"},"url":"https:\/\/www.berndbraun.eu\/es\/author\/bernd\/"}]}},"_links":{"self":[{"href":"https:\/\/www.berndbraun.eu\/es\/wp-json\/wp\/v2\/posts\/561","targetHints":{"allow":["GET"]}}],"collection":[{"href":"https:\/\/www.berndbraun.eu\/es\/wp-json\/wp\/v2\/posts"}],"about":[{"href":"https:\/\/www.berndbraun.eu\/es\/wp-json\/wp\/v2\/types\/post"}],"author":[{"embeddable":true,"href":"https:\/\/www.berndbraun.eu\/es\/wp-json\/wp\/v2\/users\/3"}],"replies":[{"embeddable":true,"href":"https:\/\/www.berndbraun.eu\/es\/wp-json\/wp\/v2\/comments?post=561"}],"version-history":[{"count":18,"href":"https:\/\/www.berndbraun.eu\/es\/wp-json\/wp\/v2\/posts\/561\/revisions"}],"predecessor-version":[{"id":1037,"href":"https:\/\/www.berndbraun.eu\/es\/wp-json\/wp\/v2\/posts\/561\/revisions\/1037"}],"wp:featuredmedia":[{"embeddable":true,"href":"https:\/\/www.berndbraun.eu\/es\/wp-json\/wp\/v2\/media\/564"}],"wp:attachment":[{"href":"https:\/\/www.berndbraun.eu\/es\/wp-json\/wp\/v2\/media?parent=561"}],"wp:term":[{"taxonomy":"category","embeddable":true,"href":"https:\/\/www.berndbraun.eu\/es\/wp-json\/wp\/v2\/categories?post=561"},{"taxonomy":"post_tag","embeddable":true,"href":"https:\/\/www.berndbraun.eu\/es\/wp-json\/wp\/v2\/tags?post=561"},{"taxonomy":"type-darticle","embeddable":true,"href":"https:\/\/www.berndbraun.eu\/es\/wp-json\/wp\/v2\/type-darticle?post=561"}],"curies":[{"name":"wp","href":"https:\/\/api.w.org\/{rel}","templated":true}]}}