{"id":1191,"date":"2022-04-30T22:17:13","date_gmt":"2022-04-30T20:17:13","guid":{"rendered":"https:\/\/www.berndbraun.eu\/?p=1191"},"modified":"2022-11-17T01:26:49","modified_gmt":"2022-11-16T23:26:49","slug":"attaque-iranienne-a-erbil","status":"publish","type":"post","link":"https:\/\/www.berndbraun.eu\/hu\/attaque-iranienne-a-erbil\/","title":{"rendered":"Ir\u00e1ni t\u00e1mad\u00e1s Erbilben"},"content":{"rendered":"<p class=\"has-white-color has-text-color has-background\" style=\"background-color:#4c5468\">&nbsp;&nbsp;&nbsp;&nbsp;&nbsp;&nbsp;&nbsp;&nbsp;&nbsp;&nbsp;&nbsp; M\u00e1rcius 13-\u00e1n Ir\u00e1n bomb\u00e1zta Erb\u00edlt, az Irak \u00e9szakkeleti r\u00e9sz\u00e9n fekv\u0151, f\u0151k\u00e9nt az orsz\u00e1g kurd lakoss\u00e1ga \u00e1ltal lakott nagyv\u00e1rost. Teher\u00e1n v\u00e1llalta a felel\u0151ss\u00e9get a csap\u00e1sok\u00e9rt, amelyek olyan infrastrukt\u00far\u00e1kat \u00e9rtek, amelyek a Forradalmi G\u00e1rda \u00e1ll\u00edt\u00e1sa szerint izraeli kik\u00e9pz\u0151k\u00f6zpontok, de strat\u00e9giai k\u00f6zpontok is voltak.<\/p>\n\n\n\n<figure class=\"wp-block-video\"><video height=\"1080\" style=\"aspect-ratio: 1920 \/ 1080;\" width=\"1920\" autoplay src=\"https:\/\/www.berndbraun.eu\/wp-content\/uploads\/2022\/05\/dreamstime_214559435.mp4\"><\/video><\/figure>\n\n\n\n<p>&nbsp;&nbsp;&nbsp;&nbsp;&nbsp;&nbsp;&nbsp;&nbsp;&nbsp;&nbsp;&nbsp; Ez teh\u00e1t egy olyan rivaliz\u00e1l\u00e1s, egy olyan ellens\u00e9gesked\u00e9s, amely \u0151si, m\u00e9lyen gy\u00f6kerezik a tudatban, \u00e9s amely visszhangzik a jelenlegi helyzet\u00fcnkben. 2012 \u00f3ta Izrael sz\u00e1mos l\u00e9git\u00e1mad\u00e1st hajtott v\u00e9gre Sz\u00edria ellen. Ezek a fesz\u00fclts\u00e9gek - amelyek k\u00f6nnyen \u00f6sszekapcsolhat\u00f3k az Egyes\u00fclt \u00c1llamok \u00e9s Tel-Aviv Bass\u00e1r el-Aszad sz\u00edriai rezsimj\u00e9nek destabiliz\u00e1l\u00e1s\u00e1ra ir\u00e1nyul\u00f3 er\u0151fesz\u00edt\u00e9sei \u00e9s a sz\u00edriai t\u00e1rsadalom \u00e1ltal a k\u00f6zelm\u00faltban elszenvedett polg\u00e1rh\u00e1bor\u00fa k\u00f6z\u00f6tt - a Sz\u00edria elleni izraeli beavatkoz\u00e1sok sz\u00e1m\u00e1nak n\u00f6veked\u00e9s\u00e9hez vezettek, Ir\u00e1n t\u00e1mogat\u00e1s\u00e1val.<\/p>\n\n\n\n<p>&nbsp;&nbsp;&nbsp;&nbsp;&nbsp;&nbsp;&nbsp;&nbsp;&nbsp;&nbsp;&nbsp; 2022. m\u00e1rcius 7-\u00e9n Izrael bomb\u00e1zta Damaszkusz k\u00fclv\u00e1rosait, k\u00e9t ember meghalt. Ez egy csek\u00e9ly \u00f6sszeg\u0171, de harcias akci\u00f3, amelynek nincs m\u00e1s c\u00e9lja, mint a h\u00e9berek elt\u00f6k\u00e9lts\u00e9ge a sz\u00edriai vezet\u0151 elt\u00e1vol\u00edt\u00e1s\u00e1ra. Ennek az akaratnak az oka a Damaszkusz \u00e9s Teher\u00e1n k\u00f6z\u00f6tt fenn\u00e1ll\u00f3 k\u00fcl\u00f6nleges kapcsolatokban keresend\u0151, mivel mindketten s\u00edita t\u00f6bbs\u00e9g\u0171 orsz\u00e1gok sz\u00e9khelyei, \u00e9s mindketten ellenzik Izrael k\u00f6zel-keleti uralm\u00e1t.<\/p>\n\n\n\n<p class=\"has-white-color has-text-color has-background\" style=\"background-color:#9a2525\">&nbsp;&nbsp;&nbsp;&nbsp;&nbsp;&nbsp;&nbsp;&nbsp;&nbsp;&nbsp;&nbsp; V\u00e1laszul a Damaszkusz melletti csap\u00e1sokra, amelyeket Tel-Aviv szerint az ir\u00e1ni er\u0151k, a Paszdar\u00e1n ellen hajtott v\u00e9gre, Ir\u00e1n az iraki Kurdiszt\u00e1nban l\u00e9v\u0151 Erb\u00edl v\u00e1ros\u00e1t bomb\u00e1zta, \u00fcr\u00fcgyk\u00e9nt haszn\u00e1lva az amerikai \u00e9s izraeli katonai komplexumok jelenl\u00e9t\u00e9t. Washington \u00e9s a h\u00e9ber \u00e1llam azonnal tagadta a hozz\u00e1juk tartoz\u00f3 b\u00e1zisok jelenl\u00e9t\u00e9t, r\u00e1mutatva, hogy a v\u00e1rosban csak egy amerikai konzul\u00e1tus van. \u00dajabb szankci\u00f3kat vetettek ki Teher\u00e1nnal szemben.<\/p>\n\n\n\n<p>&nbsp;&nbsp;&nbsp;&nbsp;&nbsp;&nbsp;&nbsp;&nbsp;&nbsp;&nbsp;&nbsp; Mivel azonban Ir\u00e1n a k\u00ednai-orosz gazdas\u00e1gi, katonai \u00e9s energetikai sz\u00f6vets\u00e9g r\u00e9sze, a vele szemben bevezetett szankci\u00f3knak egyre kevesebb hat\u00e1sa van, kiv\u00e9ve az eur\u00f3pai oldalt. Az eur\u00f3pai \u00e1ll\u00e1spontok val\u00f3ban nem egy\u00e9rtelm\u0171ek, egyes orsz\u00e1gok, p\u00e9ld\u00e1ul Franciaorsz\u00e1g, N\u00e9metorsz\u00e1g \u00e9s Olaszorsz\u00e1g megpr\u00f3b\u00e1lj\u00e1k megtartani piaci r\u00e9szesed\u00e9s\u00fcket az orsz\u00e1gban, de tov\u00e1bbra is f\u00e9l\u00e9nkek, \u00e9s bizonytalan kereskedelmi \u00e9s diplom\u00e1ciai partnerekk\u00e9 v\u00e1lnak, amint az Egyes\u00fclt \u00c1llamok rendre utas\u00edtja \u0151ket.<\/p>\n\n\n\n<figure class=\"wp-block-gallery has-nested-images columns-default is-cropped wp-block-gallery-1 is-layout-flex wp-block-gallery-is-layout-flex\"><\/figure>\n\n\n\n<figure class=\"wp-block-gallery has-nested-images columns-default is-cropped wp-block-gallery-2 is-layout-flex wp-block-gallery-is-layout-flex\">\n<figure class=\"wp-block-image size-large\"><a href=\"https:\/\/www.berndbraun.eu\/wp-content\/uploads\/2022\/05\/dreamstime_m_244131702-scaled.jpg\"><img loading=\"lazy\" decoding=\"async\" width=\"1024\" height=\"640\" data-id=\"1198\" src=\"https:\/\/www.berndbraun.eu\/wp-content\/uploads\/2022\/05\/dreamstime_m_244131702-1024x640.jpg\" alt=\"\" class=\"wp-image-1198\" srcset=\"https:\/\/www.berndbraun.eu\/wp-content\/uploads\/2022\/05\/dreamstime_m_244131702-1024x640.jpg 1024w, https:\/\/www.berndbraun.eu\/wp-content\/uploads\/2022\/05\/dreamstime_m_244131702-300x188.jpg 300w, https:\/\/www.berndbraun.eu\/wp-content\/uploads\/2022\/05\/dreamstime_m_244131702-768x480.jpg 768w, https:\/\/www.berndbraun.eu\/wp-content\/uploads\/2022\/05\/dreamstime_m_244131702-1536x960.jpg 1536w, https:\/\/www.berndbraun.eu\/wp-content\/uploads\/2022\/05\/dreamstime_m_244131702-2048x1280.jpg 2048w, https:\/\/www.berndbraun.eu\/wp-content\/uploads\/2022\/05\/dreamstime_m_244131702-18x12.jpg 18w, https:\/\/www.berndbraun.eu\/wp-content\/uploads\/2022\/05\/dreamstime_m_244131702-scaled.jpg 2560w\" sizes=\"auto, (max-width: 1024px) 100vw, 1024px\" \/><\/a><figcaption class=\"wp-element-caption\">Erbil \u00a9 Rasool Ali<\/figcaption><\/figure>\n\n\n\n<figure class=\"wp-block-image size-large\"><a href=\"https:\/\/www.berndbraun.eu\/wp-content\/uploads\/2022\/05\/dreamstime_m_244131725.jpg\"><img loading=\"lazy\" decoding=\"async\" width=\"1024\" height=\"683\" data-id=\"1199\" src=\"https:\/\/www.berndbraun.eu\/wp-content\/uploads\/2022\/05\/dreamstime_m_244131725-1024x683.jpg\" alt=\"\" class=\"wp-image-1199\" srcset=\"https:\/\/www.berndbraun.eu\/wp-content\/uploads\/2022\/05\/dreamstime_m_244131725-1024x683.jpg 1024w, https:\/\/www.berndbraun.eu\/wp-content\/uploads\/2022\/05\/dreamstime_m_244131725-300x200.jpg 300w, https:\/\/www.berndbraun.eu\/wp-content\/uploads\/2022\/05\/dreamstime_m_244131725-768x512.jpg 768w, https:\/\/www.berndbraun.eu\/wp-content\/uploads\/2022\/05\/dreamstime_m_244131725-1536x1024.jpg 1536w, https:\/\/www.berndbraun.eu\/wp-content\/uploads\/2022\/05\/dreamstime_m_244131725-2048x1365.jpg 2048w, https:\/\/www.berndbraun.eu\/wp-content\/uploads\/2022\/05\/dreamstime_m_244131725-18x12.jpg 18w, https:\/\/www.berndbraun.eu\/wp-content\/uploads\/2022\/05\/dreamstime_m_244131725.jpg 2121w\" sizes=\"auto, (max-width: 1024px) 100vw, 1024px\" \/><\/a><figcaption class=\"wp-element-caption\">Erbil \u00a9 Rasool Ali<\/figcaption><\/figure>\n<\/figure>\n\n\n\n<p>&nbsp;&nbsp;&nbsp;&nbsp;&nbsp;&nbsp;&nbsp;&nbsp;&nbsp;&nbsp;&nbsp; Az Ukrajna elleni d\u00e9l-orosz h\u00e1bor\u00faval \u00f6sszef\u00fcgg\u00e9sben, amelyben a Donbassz, azaz az orosz nyelv\u0171 Donyeck \u00e9s Luhanszk r\u00e9gi\u00f3i a f\u0151 k\u00e9rd\u00e9s, Ir\u00e1n Oroszorsz\u00e1g mell\u00e9 \u00e1llt, \u00e9s v\u00e1rta, hogy K\u00edna \u00e1ll\u00e1st foglaljon. Mivel a t\u00e9rs\u00e9gben kialakult helyzet minden m\u00e1s v\u00e1ls\u00e1ghelyzetet megel\u0151z\u00f6tt, Izrael kihaszn\u00e1lta ezt a lehet\u0151s\u00e9get, \u00e9s megt\u00e1madta az ir\u00e1ni er\u0151ket Sz\u00edri\u00e1ban, hogy tov\u00e1bb destabiliz\u00e1lja az el-Aszad-rezsimet. Az Ir\u00e1n forradalmi er\u0151i \u00e1ltal az Irak melletti ter\u00fcletekr\u0151l ind\u00edtott csap\u00e1sok \u00fczenetet k\u00fcldenek Izraelnek, az Egyes\u00fclt \u00c1llamoknak \u00e9s a Nyugat t\u00f6bbi r\u00e9sz\u00e9nek; Teher\u00e1n tov\u00e1bbra is k\u00e9szen \u00e1ll arra, hogy megv\u00e9dje saj\u00e1t \u00e9s sz\u00f6vets\u00e9gesei \u00e9rdekeit, de mindenekel\u0151tt arra, hogy megval\u00f3s\u00edtsa a t\u00e9rs\u00e9gben a Tel-Aviv akarat\u00e1val ellent\u00e9tes hatalmi projektj\u00e9t.<\/p>\n\n\n\n<div style=\"height:50px\" aria-hidden=\"true\" class=\"wp-block-spacer\"><\/div>\n\n\n\n<p class=\"has-text-align-center has-cyan-bluish-gray-color has-text-color has-small-font-size\">2022 Minden jog fenntartva: BRAUN<\/p>","protected":false},"excerpt":{"rendered":"<p>&nbsp;&nbsp;&nbsp;&nbsp;&nbsp;&nbsp;&nbsp;&nbsp;&nbsp;&nbsp;&nbsp; Le 13 mars dernier l\u2019Iran bombardait Erbil, grande ville du Nord-Est irakien majoritairement habit\u00e9e par les populations kurdes du pays. T\u00e9h\u00e9ran revendique les frappes qui s\u2019abattent sur des infrastructures que les Gardiens de la R\u00e9volution affirment \u00eatre des complexes isra\u00e9liens d\u2019entra\u00eenement, mais \u00e9galement des centres strat\u00e9giques. &nbsp;&nbsp;&nbsp;&nbsp;&nbsp;&nbsp;&nbsp;&nbsp;&nbsp;&nbsp;&nbsp; Il s\u2019agit donc d\u2019une rivalit\u00e9, d\u2019une inimiti\u00e9 [&hellip;]<\/p>\n","protected":false},"author":3,"featured_media":1194,"comment_status":"open","ping_status":"open","sticky":false,"template":"","format":"standard","meta":{"footnotes":""},"categories":[5],"tags":[],"type-darticle":[24],"class_list":["post-1191","post","type-post","status-publish","format-standard","has-post-thumbnail","hentry","category-politics","type-darticle-video"],"yoast_head":"<!-- This site is optimized with the Yoast SEO Premium plugin v21.4 (Yoast SEO v27.2) - https:\/\/yoast.com\/product\/yoast-seo-premium-wordpress\/ -->\n<title>Bernd Braun - Attaque iranienne \u00e0 Erbil<\/title>\n<meta name=\"robots\" content=\"index, follow, max-snippet:-1, max-image-preview:large, max-video-preview:-1\" \/>\n<link rel=\"canonical\" href=\"https:\/\/www.berndbraun.eu\/hu\/attaque-iranienne-a-erbil\/\" \/>\n<meta property=\"og:locale\" content=\"hu_HU\" \/>\n<meta property=\"og:type\" content=\"article\" \/>\n<meta property=\"og:title\" content=\"Attaque iranienne \u00e0 Erbil\" \/>\n<meta property=\"og:description\" content=\"&nbsp;&nbsp;&nbsp;&nbsp;&nbsp;&nbsp;&nbsp;&nbsp;&nbsp;&nbsp;&nbsp; Le 13 mars dernier l\u2019Iran bombardait Erbil, grande ville du Nord-Est irakien majoritairement habit\u00e9e par les populations kurdes du pays. T\u00e9h\u00e9ran revendique les frappes qui s\u2019abattent sur des infrastructures que les Gardiens de la R\u00e9volution affirment \u00eatre des complexes isra\u00e9liens d\u2019entra\u00eenement, mais \u00e9galement des centres strat\u00e9giques. &nbsp;&nbsp;&nbsp;&nbsp;&nbsp;&nbsp;&nbsp;&nbsp;&nbsp;&nbsp;&nbsp; Il s\u2019agit donc d\u2019une rivalit\u00e9, d\u2019une inimiti\u00e9 [&hellip;]\" \/>\n<meta property=\"og:url\" content=\"https:\/\/www.berndbraun.eu\/hu\/attaque-iranienne-a-erbil\/\" \/>\n<meta property=\"og:site_name\" content=\"Bernd Braun\" \/>\n<meta property=\"article:published_time\" content=\"2022-04-30T20:17:13+00:00\" \/>\n<meta property=\"article:modified_time\" content=\"2022-11-16T23:26:49+00:00\" \/>\n<meta property=\"og:image\" content=\"https:\/\/www.berndbraun.eu\/wp-content\/uploads\/2022\/05\/dreamstime_m_147204758-scaled.jpg\" \/>\n\t<meta property=\"og:image:width\" content=\"2560\" \/>\n\t<meta property=\"og:image:height\" content=\"1025\" \/>\n\t<meta property=\"og:image:type\" content=\"image\/jpeg\" \/>\n<meta name=\"author\" content=\"Bernd\" \/>\n<meta name=\"twitter:card\" content=\"summary_large_image\" \/>\n<meta name=\"twitter:label1\" content=\"Szerz\u0151:\" \/>\n\t<meta name=\"twitter:data1\" content=\"Bernd\" \/>\n\t<meta name=\"twitter:label2\" content=\"Becs\u00fclt olvas\u00e1si id\u0151\" \/>\n\t<meta name=\"twitter:data2\" content=\"3 perc\" \/>\n<script type=\"application\/ld+json\" class=\"yoast-schema-graph\">{\"@context\":\"https:\/\/schema.org\",\"@graph\":[{\"@type\":\"Article\",\"@id\":\"https:\/\/www.berndbraun.eu\/attaque-iranienne-a-erbil\/#article\",\"isPartOf\":{\"@id\":\"https:\/\/www.berndbraun.eu\/attaque-iranienne-a-erbil\/\"},\"author\":{\"name\":\"Bernd\",\"@id\":\"https:\/\/www.berndbraun.eu\/#\/schema\/person\/a64c4c08b6a8c9f8fe9be655928070ca\"},\"headline\":\"Attaque iranienne \u00e0 Erbil\",\"datePublished\":\"2022-04-30T20:17:13+00:00\",\"dateModified\":\"2022-11-16T23:26:49+00:00\",\"mainEntityOfPage\":{\"@id\":\"https:\/\/www.berndbraun.eu\/attaque-iranienne-a-erbil\/\"},\"wordCount\":659,\"commentCount\":0,\"image\":{\"@id\":\"https:\/\/www.berndbraun.eu\/attaque-iranienne-a-erbil\/#primaryimage\"},\"thumbnailUrl\":\"https:\/\/www.berndbraun.eu\/wp-content\/uploads\/2022\/05\/dreamstime_m_147204758-scaled.jpg\",\"articleSection\":[\"Politics\"],\"inLanguage\":\"hu\",\"potentialAction\":[{\"@type\":\"CommentAction\",\"name\":\"Comment\",\"target\":[\"https:\/\/www.berndbraun.eu\/attaque-iranienne-a-erbil\/#respond\"]}]},{\"@type\":\"WebPage\",\"@id\":\"https:\/\/www.berndbraun.eu\/attaque-iranienne-a-erbil\/\",\"url\":\"https:\/\/www.berndbraun.eu\/attaque-iranienne-a-erbil\/\",\"name\":\"Bernd Braun - Attaque iranienne \u00e0 Erbil\",\"isPartOf\":{\"@id\":\"https:\/\/www.berndbraun.eu\/#website\"},\"primaryImageOfPage\":{\"@id\":\"https:\/\/www.berndbraun.eu\/attaque-iranienne-a-erbil\/#primaryimage\"},\"image\":{\"@id\":\"https:\/\/www.berndbraun.eu\/attaque-iranienne-a-erbil\/#primaryimage\"},\"thumbnailUrl\":\"https:\/\/www.berndbraun.eu\/wp-content\/uploads\/2022\/05\/dreamstime_m_147204758-scaled.jpg\",\"datePublished\":\"2022-04-30T20:17:13+00:00\",\"dateModified\":\"2022-11-16T23:26:49+00:00\",\"author\":{\"@id\":\"https:\/\/www.berndbraun.eu\/#\/schema\/person\/a64c4c08b6a8c9f8fe9be655928070ca\"},\"breadcrumb\":{\"@id\":\"https:\/\/www.berndbraun.eu\/attaque-iranienne-a-erbil\/#breadcrumb\"},\"inLanguage\":\"hu\",\"potentialAction\":[{\"@type\":\"ReadAction\",\"target\":[\"https:\/\/www.berndbraun.eu\/attaque-iranienne-a-erbil\/\"]}]},{\"@type\":\"ImageObject\",\"inLanguage\":\"hu\",\"@id\":\"https:\/\/www.berndbraun.eu\/attaque-iranienne-a-erbil\/#primaryimage\",\"url\":\"https:\/\/www.berndbraun.eu\/wp-content\/uploads\/2022\/05\/dreamstime_m_147204758-scaled.jpg\",\"contentUrl\":\"https:\/\/www.berndbraun.eu\/wp-content\/uploads\/2022\/05\/dreamstime_m_147204758-scaled.jpg\",\"width\":2560,\"height\":1025},{\"@type\":\"BreadcrumbList\",\"@id\":\"https:\/\/www.berndbraun.eu\/attaque-iranienne-a-erbil\/#breadcrumb\",\"itemListElement\":[{\"@type\":\"ListItem\",\"position\":1,\"name\":\"Accueil\",\"item\":\"https:\/\/www.berndbraun.eu\/\"},{\"@type\":\"ListItem\",\"position\":2,\"name\":\"Attaque iranienne \u00e0 Erbil\"}]},{\"@type\":\"WebSite\",\"@id\":\"https:\/\/www.berndbraun.eu\/#website\",\"url\":\"https:\/\/www.berndbraun.eu\/\",\"name\":\"Bernd Braun\",\"description\":\"\",\"potentialAction\":[{\"@type\":\"SearchAction\",\"target\":{\"@type\":\"EntryPoint\",\"urlTemplate\":\"https:\/\/www.berndbraun.eu\/?s={search_term_string}\"},\"query-input\":{\"@type\":\"PropertyValueSpecification\",\"valueRequired\":true,\"valueName\":\"search_term_string\"}}],\"inLanguage\":\"hu\"},{\"@type\":\"Person\",\"@id\":\"https:\/\/www.berndbraun.eu\/#\/schema\/person\/a64c4c08b6a8c9f8fe9be655928070ca\",\"name\":\"Bernd\",\"image\":{\"@type\":\"ImageObject\",\"inLanguage\":\"hu\",\"@id\":\"https:\/\/secure.gravatar.com\/avatar\/e51d7b18a7c2fb10dd367a4bab68ef5a6d1736ae3537a0fd211df170b00b15af?s=96&d=mm&r=g\",\"url\":\"https:\/\/secure.gravatar.com\/avatar\/e51d7b18a7c2fb10dd367a4bab68ef5a6d1736ae3537a0fd211df170b00b15af?s=96&d=mm&r=g\",\"contentUrl\":\"https:\/\/secure.gravatar.com\/avatar\/e51d7b18a7c2fb10dd367a4bab68ef5a6d1736ae3537a0fd211df170b00b15af?s=96&d=mm&r=g\",\"caption\":\"Bernd\"},\"url\":\"https:\/\/www.berndbraun.eu\/hu\/author\/bernd\/\"}]}<\/script>\n<!-- \/ Yoast SEO Premium plugin. -->","yoast_head_json":{"title":"Bernd Braun - Ir\u00e1ni t\u00e1mad\u00e1s Erbilben","robots":{"index":"index","follow":"follow","max-snippet":"max-snippet:-1","max-image-preview":"max-image-preview:large","max-video-preview":"max-video-preview:-1"},"canonical":"https:\/\/www.berndbraun.eu\/hu\/attaque-iranienne-a-erbil\/","og_locale":"hu_HU","og_type":"article","og_title":"Attaque iranienne \u00e0 Erbil","og_description":"&nbsp;&nbsp;&nbsp;&nbsp;&nbsp;&nbsp;&nbsp;&nbsp;&nbsp;&nbsp;&nbsp; Le 13 mars dernier l\u2019Iran bombardait Erbil, grande ville du Nord-Est irakien majoritairement habit\u00e9e par les populations kurdes du pays. T\u00e9h\u00e9ran revendique les frappes qui s\u2019abattent sur des infrastructures que les Gardiens de la R\u00e9volution affirment \u00eatre des complexes isra\u00e9liens d\u2019entra\u00eenement, mais \u00e9galement des centres strat\u00e9giques. &nbsp;&nbsp;&nbsp;&nbsp;&nbsp;&nbsp;&nbsp;&nbsp;&nbsp;&nbsp;&nbsp; Il s\u2019agit donc d\u2019une rivalit\u00e9, d\u2019une inimiti\u00e9 [&hellip;]","og_url":"https:\/\/www.berndbraun.eu\/hu\/attaque-iranienne-a-erbil\/","og_site_name":"Bernd Braun","article_published_time":"2022-04-30T20:17:13+00:00","article_modified_time":"2022-11-16T23:26:49+00:00","og_image":[{"width":2560,"height":1025,"url":"https:\/\/www.berndbraun.eu\/wp-content\/uploads\/2022\/05\/dreamstime_m_147204758-scaled.jpg","type":"image\/jpeg"}],"author":"Bernd","twitter_card":"summary_large_image","twitter_misc":{"Szerz\u0151:":"Bernd","Becs\u00fclt olvas\u00e1si id\u0151":"3 perc"},"schema":{"@context":"https:\/\/schema.org","@graph":[{"@type":"Article","@id":"https:\/\/www.berndbraun.eu\/attaque-iranienne-a-erbil\/#article","isPartOf":{"@id":"https:\/\/www.berndbraun.eu\/attaque-iranienne-a-erbil\/"},"author":{"name":"Bernd","@id":"https:\/\/www.berndbraun.eu\/#\/schema\/person\/a64c4c08b6a8c9f8fe9be655928070ca"},"headline":"Attaque iranienne \u00e0 Erbil","datePublished":"2022-04-30T20:17:13+00:00","dateModified":"2022-11-16T23:26:49+00:00","mainEntityOfPage":{"@id":"https:\/\/www.berndbraun.eu\/attaque-iranienne-a-erbil\/"},"wordCount":659,"commentCount":0,"image":{"@id":"https:\/\/www.berndbraun.eu\/attaque-iranienne-a-erbil\/#primaryimage"},"thumbnailUrl":"https:\/\/www.berndbraun.eu\/wp-content\/uploads\/2022\/05\/dreamstime_m_147204758-scaled.jpg","articleSection":["Politics"],"inLanguage":"hu","potentialAction":[{"@type":"CommentAction","name":"Comment","target":["https:\/\/www.berndbraun.eu\/attaque-iranienne-a-erbil\/#respond"]}]},{"@type":"WebPage","@id":"https:\/\/www.berndbraun.eu\/attaque-iranienne-a-erbil\/","url":"https:\/\/www.berndbraun.eu\/attaque-iranienne-a-erbil\/","name":"Bernd Braun - Ir\u00e1ni t\u00e1mad\u00e1s Erbilben","isPartOf":{"@id":"https:\/\/www.berndbraun.eu\/#website"},"primaryImageOfPage":{"@id":"https:\/\/www.berndbraun.eu\/attaque-iranienne-a-erbil\/#primaryimage"},"image":{"@id":"https:\/\/www.berndbraun.eu\/attaque-iranienne-a-erbil\/#primaryimage"},"thumbnailUrl":"https:\/\/www.berndbraun.eu\/wp-content\/uploads\/2022\/05\/dreamstime_m_147204758-scaled.jpg","datePublished":"2022-04-30T20:17:13+00:00","dateModified":"2022-11-16T23:26:49+00:00","author":{"@id":"https:\/\/www.berndbraun.eu\/#\/schema\/person\/a64c4c08b6a8c9f8fe9be655928070ca"},"breadcrumb":{"@id":"https:\/\/www.berndbraun.eu\/attaque-iranienne-a-erbil\/#breadcrumb"},"inLanguage":"hu","potentialAction":[{"@type":"ReadAction","target":["https:\/\/www.berndbraun.eu\/attaque-iranienne-a-erbil\/"]}]},{"@type":"ImageObject","inLanguage":"hu","@id":"https:\/\/www.berndbraun.eu\/attaque-iranienne-a-erbil\/#primaryimage","url":"https:\/\/www.berndbraun.eu\/wp-content\/uploads\/2022\/05\/dreamstime_m_147204758-scaled.jpg","contentUrl":"https:\/\/www.berndbraun.eu\/wp-content\/uploads\/2022\/05\/dreamstime_m_147204758-scaled.jpg","width":2560,"height":1025},{"@type":"BreadcrumbList","@id":"https:\/\/www.berndbraun.eu\/attaque-iranienne-a-erbil\/#breadcrumb","itemListElement":[{"@type":"ListItem","position":1,"name":"Accueil","item":"https:\/\/www.berndbraun.eu\/"},{"@type":"ListItem","position":2,"name":"Attaque iranienne \u00e0 Erbil"}]},{"@type":"WebSite","@id":"https:\/\/www.berndbraun.eu\/#website","url":"https:\/\/www.berndbraun.eu\/","name":"Bernd Braun","description":"","potentialAction":[{"@type":"SearchAction","target":{"@type":"EntryPoint","urlTemplate":"https:\/\/www.berndbraun.eu\/?s={search_term_string}"},"query-input":{"@type":"PropertyValueSpecification","valueRequired":true,"valueName":"search_term_string"}}],"inLanguage":"hu"},{"@type":"Person","@id":"https:\/\/www.berndbraun.eu\/#\/schema\/person\/a64c4c08b6a8c9f8fe9be655928070ca","name":"Bernd","image":{"@type":"ImageObject","inLanguage":"hu","@id":"https:\/\/secure.gravatar.com\/avatar\/e51d7b18a7c2fb10dd367a4bab68ef5a6d1736ae3537a0fd211df170b00b15af?s=96&d=mm&r=g","url":"https:\/\/secure.gravatar.com\/avatar\/e51d7b18a7c2fb10dd367a4bab68ef5a6d1736ae3537a0fd211df170b00b15af?s=96&d=mm&r=g","contentUrl":"https:\/\/secure.gravatar.com\/avatar\/e51d7b18a7c2fb10dd367a4bab68ef5a6d1736ae3537a0fd211df170b00b15af?s=96&d=mm&r=g","caption":"Bernd"},"url":"https:\/\/www.berndbraun.eu\/hu\/author\/bernd\/"}]}},"_links":{"self":[{"href":"https:\/\/www.berndbraun.eu\/hu\/wp-json\/wp\/v2\/posts\/1191","targetHints":{"allow":["GET"]}}],"collection":[{"href":"https:\/\/www.berndbraun.eu\/hu\/wp-json\/wp\/v2\/posts"}],"about":[{"href":"https:\/\/www.berndbraun.eu\/hu\/wp-json\/wp\/v2\/types\/post"}],"author":[{"embeddable":true,"href":"https:\/\/www.berndbraun.eu\/hu\/wp-json\/wp\/v2\/users\/3"}],"replies":[{"embeddable":true,"href":"https:\/\/www.berndbraun.eu\/hu\/wp-json\/wp\/v2\/comments?post=1191"}],"version-history":[{"count":12,"href":"https:\/\/www.berndbraun.eu\/hu\/wp-json\/wp\/v2\/posts\/1191\/revisions"}],"predecessor-version":[{"id":1555,"href":"https:\/\/www.berndbraun.eu\/hu\/wp-json\/wp\/v2\/posts\/1191\/revisions\/1555"}],"wp:featuredmedia":[{"embeddable":true,"href":"https:\/\/www.berndbraun.eu\/hu\/wp-json\/wp\/v2\/media\/1194"}],"wp:attachment":[{"href":"https:\/\/www.berndbraun.eu\/hu\/wp-json\/wp\/v2\/media?parent=1191"}],"wp:term":[{"taxonomy":"category","embeddable":true,"href":"https:\/\/www.berndbraun.eu\/hu\/wp-json\/wp\/v2\/categories?post=1191"},{"taxonomy":"post_tag","embeddable":true,"href":"https:\/\/www.berndbraun.eu\/hu\/wp-json\/wp\/v2\/tags?post=1191"},{"taxonomy":"type-darticle","embeddable":true,"href":"https:\/\/www.berndbraun.eu\/hu\/wp-json\/wp\/v2\/type-darticle?post=1191"}],"curies":[{"name":"wp","href":"https:\/\/api.w.org\/{rel}","templated":true}]}}