{"id":1284,"date":"2022-08-23T20:43:00","date_gmt":"2022-08-23T18:43:00","guid":{"rendered":"https:\/\/www.berndbraun.eu\/?p=1284"},"modified":"2022-11-17T01:20:42","modified_gmt":"2022-11-16T23:20:42","slug":"serbie-kosovo-toujours-en-tensions-et-dans-limpasse","status":"publish","type":"post","link":"https:\/\/www.berndbraun.eu\/hu\/serbie-kosovo-toujours-en-tensions-et-dans-limpasse\/","title":{"rendered":"Szerbia-Koszov\u00f3: tov\u00e1bbra is fesz\u00fclt \u00e9s patthelyzetben van"},"content":{"rendered":"\n<figure class=\"wp-block-embed is-type-video is-provider-youtube wp-block-embed-youtube wp-embed-aspect-16-9 wp-has-aspect-ratio\"><div class=\"wp-block-embed__wrapper\">\n<iframe loading=\"lazy\" title=\"BB Politics | Serbia - Kosovo: Still in tension and at an impasse\" width=\"500\" height=\"281\" src=\"https:\/\/www.youtube.com\/embed\/q8e6EDdkbrc?feature=oembed\" frameborder=\"0\" allow=\"accelerometer; autoplay; clipboard-write; encrypted-media; gyroscope; picture-in-picture; web-share\" referrerpolicy=\"strict-origin-when-cross-origin\" allowfullscreen><\/iframe>\n<\/div><figcaption class=\"wp-element-caption\">Alexandra De Sutter, policy &amp; special advisor, explains another major issue in Europe, which is not only energetic but mostly ideological, geostrategic and military. While Serbia keeps good relations with Russia, Kosovo hosts the biggest NATO base in Europe, camp Bondsteel. The conflict in Kosovo lasts for more than two decades and the remaining tensions can lead at any time to more instability and adversity.<\/figcaption><\/figure>\n\n\n\n<div style=\"height:15px\" aria-hidden=\"true\" class=\"wp-block-spacer\"><\/div>\n\n\n\n<p>&nbsp;&nbsp;&nbsp;&nbsp;&nbsp;&nbsp;&nbsp;&nbsp;&nbsp;&nbsp;&nbsp; Quatorze ann\u00e9es se sont \u00e9coul\u00e9es depuis la proclamation de l'ind\u00e9pendance du 17 f\u00e9vrier 2008 \u00e0 Pristina au Kosovo, et la situation reste toujours tendue dans cette partie des Balkans occidentaux<a id=\"_ftnref1\" href=\"#_ftn1\">[1]<\/a>.<\/p>\n\n\n\n<p>&nbsp;&nbsp;&nbsp;&nbsp;&nbsp;&nbsp;&nbsp;&nbsp;&nbsp;&nbsp;&nbsp; Belgrade refuse de reconna\u00eetre l'ind\u00e9pendance de ce qu'il consid\u00e8re comme sa province m\u00e9ridionale<a id=\"_ftnref2\" href=\"#_ftn2\">[2]<\/a>. Plusieurs autres \u00e9tats europ\u00e9ens, y compris ceux de l'UE et de l'OTAN comme l'Espagne, la Slovaquie, la Roumanie et la Gr\u00e8ce, refusent de reconna\u00eetre le Kosovo comme un \u00e9tat ind\u00e9pendant<a id=\"_ftnref3\" href=\"#_ftn3\">[3]<\/a>. Chypre, la Bosnie-Herz\u00e9govine, les trois pays du Caucase du Sud ainsi que la Moldavie, l'Ukraine, la Bi\u00e9lorussie et la Russie refusent aussi de reconna\u00eetre son ind\u00e9pendance<a id=\"_ftnref4\" href=\"#_ftn4\">[4]<\/a>. Cette opposition existe toujours, et pour plusieurs raisons telles que les pr\u00e9servations de l'int\u00e9gration territoriale et des zones d'influence<a id=\"_ftnref5\" href=\"#_ftn5\">[5]<\/a>.<\/p>\n\n\n\n<figure class=\"wp-block-gallery has-nested-images columns-default is-cropped wp-block-gallery-1 is-layout-flex wp-block-gallery-is-layout-flex\">\n<figure class=\"wp-block-image size-large\"><a href=\"https:\/\/www.berndbraun.eu\/wp-content\/uploads\/2022\/08\/dreamstime_m_187536614.jpg\"><img loading=\"lazy\" decoding=\"async\" width=\"1024\" height=\"683\" data-id=\"1304\" src=\"https:\/\/www.berndbraun.eu\/wp-content\/uploads\/2022\/08\/dreamstime_m_187536614-1024x683.jpg\" alt=\"\" class=\"wp-image-1304\" srcset=\"https:\/\/www.berndbraun.eu\/wp-content\/uploads\/2022\/08\/dreamstime_m_187536614-1024x683.jpg 1024w, https:\/\/www.berndbraun.eu\/wp-content\/uploads\/2022\/08\/dreamstime_m_187536614-300x200.jpg 300w, https:\/\/www.berndbraun.eu\/wp-content\/uploads\/2022\/08\/dreamstime_m_187536614-768x512.jpg 768w, https:\/\/www.berndbraun.eu\/wp-content\/uploads\/2022\/08\/dreamstime_m_187536614-1536x1024.jpg 1536w, https:\/\/www.berndbraun.eu\/wp-content\/uploads\/2022\/08\/dreamstime_m_187536614-2048x1365.jpg 2048w, https:\/\/www.berndbraun.eu\/wp-content\/uploads\/2022\/08\/dreamstime_m_187536614-18x12.jpg 18w, https:\/\/www.berndbraun.eu\/wp-content\/uploads\/2022\/08\/dreamstime_m_187536614.jpg 2121w\" sizes=\"auto, (max-width: 1024px) 100vw, 1024px\" \/><\/a><\/figure>\n\n\n\n<figure class=\"wp-block-image size-large\"><a href=\"https:\/\/www.berndbraun.eu\/wp-content\/uploads\/2022\/08\/dreamstime_m_46576059.jpg\"><img loading=\"lazy\" decoding=\"async\" width=\"1024\" height=\"683\" data-id=\"1305\" src=\"https:\/\/www.berndbraun.eu\/wp-content\/uploads\/2022\/08\/dreamstime_m_46576059-1024x683.jpg\" alt=\"\" class=\"wp-image-1305\" srcset=\"https:\/\/www.berndbraun.eu\/wp-content\/uploads\/2022\/08\/dreamstime_m_46576059-1024x683.jpg 1024w, https:\/\/www.berndbraun.eu\/wp-content\/uploads\/2022\/08\/dreamstime_m_46576059-300x200.jpg 300w, https:\/\/www.berndbraun.eu\/wp-content\/uploads\/2022\/08\/dreamstime_m_46576059-768x512.jpg 768w, https:\/\/www.berndbraun.eu\/wp-content\/uploads\/2022\/08\/dreamstime_m_46576059-1536x1024.jpg 1536w, https:\/\/www.berndbraun.eu\/wp-content\/uploads\/2022\/08\/dreamstime_m_46576059-2048x1365.jpg 2048w, https:\/\/www.berndbraun.eu\/wp-content\/uploads\/2022\/08\/dreamstime_m_46576059-18x12.jpg 18w, https:\/\/www.berndbraun.eu\/wp-content\/uploads\/2022\/08\/dreamstime_m_46576059.jpg 2121w\" sizes=\"auto, (max-width: 1024px) 100vw, 1024px\" \/><\/a><\/figure>\n\n\n\n<figure class=\"wp-block-image size-large\"><a href=\"https:\/\/www.berndbraun.eu\/wp-content\/uploads\/2022\/08\/dreamstime_m_46575998-1.jpg\"><img loading=\"lazy\" decoding=\"async\" width=\"1024\" height=\"683\" data-id=\"1309\" src=\"https:\/\/www.berndbraun.eu\/wp-content\/uploads\/2022\/08\/dreamstime_m_46575998-1-1024x683.jpg\" alt=\"\" class=\"wp-image-1309\" srcset=\"https:\/\/www.berndbraun.eu\/wp-content\/uploads\/2022\/08\/dreamstime_m_46575998-1-1024x683.jpg 1024w, https:\/\/www.berndbraun.eu\/wp-content\/uploads\/2022\/08\/dreamstime_m_46575998-1-300x200.jpg 300w, https:\/\/www.berndbraun.eu\/wp-content\/uploads\/2022\/08\/dreamstime_m_46575998-1-768x512.jpg 768w, https:\/\/www.berndbraun.eu\/wp-content\/uploads\/2022\/08\/dreamstime_m_46575998-1-1536x1024.jpg 1536w, https:\/\/www.berndbraun.eu\/wp-content\/uploads\/2022\/08\/dreamstime_m_46575998-1-2048x1365.jpg 2048w, https:\/\/www.berndbraun.eu\/wp-content\/uploads\/2022\/08\/dreamstime_m_46575998-1-18x12.jpg 18w, https:\/\/www.berndbraun.eu\/wp-content\/uploads\/2022\/08\/dreamstime_m_46575998-1.jpg 2121w\" sizes=\"auto, (max-width: 1024px) 100vw, 1024px\" \/><\/a><\/figure>\n<\/figure>\n\n\n\n<p>&nbsp;&nbsp;&nbsp;&nbsp;&nbsp;&nbsp;&nbsp;&nbsp;&nbsp;&nbsp;&nbsp; En outre, la d\u00e9claration de l'ind\u00e9pendance s\u2019est inscrite dans un contexte o\u00f9 le Kosovo \u00e9tait ravag\u00e9 par la guerre (1998-1999) entre les s\u00e9paratistes albanais de l'U\u00c7K et les autorit\u00e9s yougoslaves, ainsi que par les bombardements de l'OTAN sur la Yougoslavie (mars et juin 1999<a href=\"#_ftn6\" id=\"_ftnref6\">[6]<\/a>). Ces deux \u00e9v\u00e9nements ont laiss\u00e9 des souvenirs encore vifs au sein des populations Kosovares et Serbes<a href=\"#_ftn7\" id=\"_ftnref7\">[7]<\/a>. Les \u00c9tats-Unis et leurs alli\u00e9s europ\u00e9ens appuyaient les Albanais, alors que la Russie et la Chine condamnaient les bombardements de l'OTAN<a href=\"#_ftn8\" id=\"_ftnref8\">[8]<\/a>.<\/p>\n\n\n\n<figure class=\"wp-block-gallery has-nested-images columns-default is-cropped wp-block-gallery-2 is-layout-flex wp-block-gallery-is-layout-flex\">\n<figure class=\"wp-block-image size-large\"><a href=\"https:\/\/www.berndbraun.eu\/wp-content\/uploads\/2022\/08\/dreamstime_m_242185597-1.jpg\"><img loading=\"lazy\" decoding=\"async\" width=\"1024\" height=\"768\" data-id=\"1311\" src=\"https:\/\/www.berndbraun.eu\/wp-content\/uploads\/2022\/08\/dreamstime_m_242185597-1-1024x768.jpg\" alt=\"\" class=\"wp-image-1311\" srcset=\"https:\/\/www.berndbraun.eu\/wp-content\/uploads\/2022\/08\/dreamstime_m_242185597-1-1024x768.jpg 1024w, https:\/\/www.berndbraun.eu\/wp-content\/uploads\/2022\/08\/dreamstime_m_242185597-1-300x225.jpg 300w, https:\/\/www.berndbraun.eu\/wp-content\/uploads\/2022\/08\/dreamstime_m_242185597-1-768x576.jpg 768w, https:\/\/www.berndbraun.eu\/wp-content\/uploads\/2022\/08\/dreamstime_m_242185597-1-1536x1152.jpg 1536w, https:\/\/www.berndbraun.eu\/wp-content\/uploads\/2022\/08\/dreamstime_m_242185597-1-16x12.jpg 16w, https:\/\/www.berndbraun.eu\/wp-content\/uploads\/2022\/08\/dreamstime_m_242185597-1.jpg 1999w\" sizes=\"auto, (max-width: 1024px) 100vw, 1024px\" \/><\/a><\/figure>\n\n\n\n<figure class=\"wp-block-image size-large\"><a href=\"https:\/\/www.berndbraun.eu\/wp-content\/uploads\/2022\/08\/dreamstime_m_242185470-1.jpg\"><img loading=\"lazy\" decoding=\"async\" width=\"1024\" height=\"768\" data-id=\"1312\" src=\"https:\/\/www.berndbraun.eu\/wp-content\/uploads\/2022\/08\/dreamstime_m_242185470-1-1024x768.jpg\" alt=\"\" class=\"wp-image-1312\" srcset=\"https:\/\/www.berndbraun.eu\/wp-content\/uploads\/2022\/08\/dreamstime_m_242185470-1-1024x768.jpg 1024w, https:\/\/www.berndbraun.eu\/wp-content\/uploads\/2022\/08\/dreamstime_m_242185470-1-300x225.jpg 300w, https:\/\/www.berndbraun.eu\/wp-content\/uploads\/2022\/08\/dreamstime_m_242185470-1-768x576.jpg 768w, https:\/\/www.berndbraun.eu\/wp-content\/uploads\/2022\/08\/dreamstime_m_242185470-1-1536x1152.jpg 1536w, https:\/\/www.berndbraun.eu\/wp-content\/uploads\/2022\/08\/dreamstime_m_242185470-1-16x12.jpg 16w, https:\/\/www.berndbraun.eu\/wp-content\/uploads\/2022\/08\/dreamstime_m_242185470-1.jpg 1999w\" sizes=\"auto, (max-width: 1024px) 100vw, 1024px\" \/><\/a><\/figure>\n\n\n\n<figure class=\"wp-block-image size-large\"><a href=\"https:\/\/www.berndbraun.eu\/wp-content\/uploads\/2022\/08\/dreamstime_m_25269865-2.jpg\"><img loading=\"lazy\" decoding=\"async\" width=\"1024\" height=\"671\" data-id=\"1315\" src=\"https:\/\/www.berndbraun.eu\/wp-content\/uploads\/2022\/08\/dreamstime_m_25269865-2-1024x671.jpg\" alt=\"\" class=\"wp-image-1315\" srcset=\"https:\/\/www.berndbraun.eu\/wp-content\/uploads\/2022\/08\/dreamstime_m_25269865-2-1024x671.jpg 1024w, https:\/\/www.berndbraun.eu\/wp-content\/uploads\/2022\/08\/dreamstime_m_25269865-2-300x197.jpg 300w, https:\/\/www.berndbraun.eu\/wp-content\/uploads\/2022\/08\/dreamstime_m_25269865-2-768x504.jpg 768w, https:\/\/www.berndbraun.eu\/wp-content\/uploads\/2022\/08\/dreamstime_m_25269865-2-1536x1007.jpg 1536w, https:\/\/www.berndbraun.eu\/wp-content\/uploads\/2022\/08\/dreamstime_m_25269865-2-2048x1343.jpg 2048w, https:\/\/www.berndbraun.eu\/wp-content\/uploads\/2022\/08\/dreamstime_m_25269865-2-18x12.jpg 18w, https:\/\/www.berndbraun.eu\/wp-content\/uploads\/2022\/08\/dreamstime_m_25269865-2.jpg 2138w\" sizes=\"auto, (max-width: 1024px) 100vw, 1024px\" \/><\/a><\/figure>\n\n\n\n<figure class=\"wp-block-image size-large\"><a href=\"https:\/\/www.berndbraun.eu\/wp-content\/uploads\/2022\/08\/dreamstime_m_25269870-2.jpg\"><img loading=\"lazy\" decoding=\"async\" width=\"1024\" height=\"652\" data-id=\"1316\" src=\"https:\/\/www.berndbraun.eu\/wp-content\/uploads\/2022\/08\/dreamstime_m_25269870-2-1024x652.jpg\" alt=\"\" class=\"wp-image-1316\" srcset=\"https:\/\/www.berndbraun.eu\/wp-content\/uploads\/2022\/08\/dreamstime_m_25269870-2-1024x652.jpg 1024w, https:\/\/www.berndbraun.eu\/wp-content\/uploads\/2022\/08\/dreamstime_m_25269870-2-300x191.jpg 300w, https:\/\/www.berndbraun.eu\/wp-content\/uploads\/2022\/08\/dreamstime_m_25269870-2-768x489.jpg 768w, https:\/\/www.berndbraun.eu\/wp-content\/uploads\/2022\/08\/dreamstime_m_25269870-2-1536x978.jpg 1536w, https:\/\/www.berndbraun.eu\/wp-content\/uploads\/2022\/08\/dreamstime_m_25269870-2-2048x1304.jpg 2048w, https:\/\/www.berndbraun.eu\/wp-content\/uploads\/2022\/08\/dreamstime_m_25269870-2-18x12.jpg 18w, https:\/\/www.berndbraun.eu\/wp-content\/uploads\/2022\/08\/dreamstime_m_25269870-2.jpg 2170w\" sizes=\"auto, (max-width: 1024px) 100vw, 1024px\" \/><\/a><\/figure>\n<\/figure>\n\n\n\n<p>&nbsp;&nbsp;&nbsp;&nbsp;&nbsp;&nbsp;&nbsp;&nbsp;&nbsp;&nbsp;&nbsp; Malgr\u00e9 tout, pour r\u00e9soudre le conflit serbo-kosovar, l'UE, comme les USA, ont organis\u00e9 de nombreux sommets avec les repr\u00e9sentants serbes et kosovars, qui n'ont toujours pas d\u00e9bouch\u00e9 sur un apaisement total des tensions<a href=\"#_ftn9\" id=\"_ftnref9\">[9]<\/a>. M\u00eame les accords de Bruxelles en 2013, et ceux de Washington en 2020, n\u2019ont pas aboutis aux r\u00e9sultats escompt\u00e9s d'une normalisation pleine<a href=\"#_ftn10\" id=\"_ftnref10\">[10]<\/a>.<\/p>\n\n\n\n<p>&nbsp;&nbsp;&nbsp;&nbsp;&nbsp;&nbsp;&nbsp;&nbsp;&nbsp;&nbsp;&nbsp; De nos jours encore, de nombreuses missions de l'UE, comme EULEX Kosovo, et de l'OTAN, comme le KFOR, restent en place dans le pays, en vue de garantir la stabilit\u00e9 et la s\u00e9curit\u00e9 des Balkans<a href=\"#_ftn11\" id=\"_ftnref11\">[11]<\/a>.<\/p>\n\n\n\n<p>&nbsp;&nbsp;&nbsp;&nbsp;&nbsp;&nbsp;&nbsp;&nbsp;&nbsp;&nbsp;&nbsp; Fin juillet 2022, les d\u00e9cisions frontali\u00e8res du gouvernement de Pristina, portant sur les plaques min\u00e9ralogiques et les documents de s\u00e9jour, avaient d\u00e9bouch\u00e9 sur des protestations au sein de la population serbe au nord du Kosovo<a href=\"#_ftn12\" id=\"_ftnref12\">[12]<\/a>. Les barricades pos\u00e9es alors par les Serbes, bloquant les postes-fronti\u00e8res en ces lieux, avaient mis en alerte les forces de l'OTAN<a href=\"#_ftn13\" id=\"_ftnref13\">[13]<\/a>. Finalement, c'est suite \u00e0 l'intervention de l'ambassadeur am\u00e9ricain, Jeffrey Honevier, que les d\u00e9cisions de Pristina avaient \u00e9t\u00e9 report\u00e9es, permettant un retour au calme<a href=\"#_ftn14\" id=\"_ftnref14\">[14]<\/a>.<\/p>\n\n\n\n<figure class=\"wp-block-gallery has-nested-images columns-default is-cropped wp-block-gallery-3 is-layout-flex wp-block-gallery-is-layout-flex\">\n<figure class=\"wp-block-image size-large\"><a href=\"https:\/\/www.berndbraun.eu\/wp-content\/uploads\/2022\/08\/dreamstime_m_47367852.jpg\"><img loading=\"lazy\" decoding=\"async\" width=\"1024\" height=\"685\" data-id=\"1317\" src=\"https:\/\/www.berndbraun.eu\/wp-content\/uploads\/2022\/08\/dreamstime_m_47367852-1024x685.jpg\" alt=\"\" class=\"wp-image-1317\" srcset=\"https:\/\/www.berndbraun.eu\/wp-content\/uploads\/2022\/08\/dreamstime_m_47367852-1024x685.jpg 1024w, https:\/\/www.berndbraun.eu\/wp-content\/uploads\/2022\/08\/dreamstime_m_47367852-300x201.jpg 300w, https:\/\/www.berndbraun.eu\/wp-content\/uploads\/2022\/08\/dreamstime_m_47367852-768x514.jpg 768w, https:\/\/www.berndbraun.eu\/wp-content\/uploads\/2022\/08\/dreamstime_m_47367852-1536x1028.jpg 1536w, https:\/\/www.berndbraun.eu\/wp-content\/uploads\/2022\/08\/dreamstime_m_47367852-2048x1370.jpg 2048w, https:\/\/www.berndbraun.eu\/wp-content\/uploads\/2022\/08\/dreamstime_m_47367852-18x12.jpg 18w, https:\/\/www.berndbraun.eu\/wp-content\/uploads\/2022\/08\/dreamstime_m_47367852.jpg 2116w\" sizes=\"auto, (max-width: 1024px) 100vw, 1024px\" \/><\/a><\/figure>\n\n\n\n<figure class=\"wp-block-image size-large\"><a href=\"https:\/\/www.berndbraun.eu\/wp-content\/uploads\/2022\/08\/dreamstime_m_106602920.jpg\"><img loading=\"lazy\" decoding=\"async\" width=\"1024\" height=\"680\" data-id=\"1318\" src=\"https:\/\/www.berndbraun.eu\/wp-content\/uploads\/2022\/08\/dreamstime_m_106602920-1024x680.jpg\" alt=\"\" class=\"wp-image-1318\" srcset=\"https:\/\/www.berndbraun.eu\/wp-content\/uploads\/2022\/08\/dreamstime_m_106602920-1024x680.jpg 1024w, https:\/\/www.berndbraun.eu\/wp-content\/uploads\/2022\/08\/dreamstime_m_106602920-300x199.jpg 300w, https:\/\/www.berndbraun.eu\/wp-content\/uploads\/2022\/08\/dreamstime_m_106602920-768x510.jpg 768w, https:\/\/www.berndbraun.eu\/wp-content\/uploads\/2022\/08\/dreamstime_m_106602920-1536x1020.jpg 1536w, https:\/\/www.berndbraun.eu\/wp-content\/uploads\/2022\/08\/dreamstime_m_106602920-2048x1361.jpg 2048w, https:\/\/www.berndbraun.eu\/wp-content\/uploads\/2022\/08\/dreamstime_m_106602920-18x12.jpg 18w, https:\/\/www.berndbraun.eu\/wp-content\/uploads\/2022\/08\/dreamstime_m_106602920.jpg 2124w\" sizes=\"auto, (max-width: 1024px) 100vw, 1024px\" \/><\/a><\/figure>\n<\/figure>\n\n\n\n<p>&nbsp;&nbsp;&nbsp;&nbsp;&nbsp;&nbsp;&nbsp;&nbsp;&nbsp;&nbsp;&nbsp; Tout ceci illustre bien combien les tensions entre la Serbie et le Kosovo ne concernent pas uniquement Albanais et Serbes, mais plusieurs puissances (\u00c9tats-Unis, Union europ\u00e9enne, Russie, Chine) qui r\u00e9partissent leurs zones d'influences dans les Balkans occidentaux<a href=\"#_ftn15\" id=\"_ftnref15\">[15]<\/a>.<\/p>\n\n\n\n<p>&nbsp;&nbsp;&nbsp;&nbsp;&nbsp;&nbsp;&nbsp;&nbsp;&nbsp;&nbsp;&nbsp; A l'exception de la Croatie et de la Slov\u00e9nie, les pays des Balkans occidentaux ne sont pas membres de l'Union europ\u00e9enne<a href=\"#_ftn16\" id=\"_ftnref16\">[16]<\/a>, tandis que les n\u00e9gociations d'adh\u00e9sion pour Serbie et Kosovo tournent au ralenti<a href=\"#_ftn17\" id=\"_ftnref17\">[17]<\/a>. De plus, les deux \u00c9tats sont, avec la Bosnie-Herz\u00e9govine, les seuls dans les Balkans ne pas \u00eatre membres de l'OTAN<a href=\"#_ftn18\" id=\"_ftnref18\">[18]<\/a>. Pourtant, le Kosovo abrite le plus important base militaire de l'Alliance transatlantique : le camp Bondsteel (3.86 km\u00b2), capable d'accueillir jusqu'\u00e0 7000 hommes<a href=\"#_ftn19\" id=\"_ftnref19\">[19]<\/a>. Les forces KFOR comptent plus de 3770 hommes issus de 28 pays<a href=\"#_ftn20\" id=\"_ftnref20\">[20]<\/a>. Toutefois, l'OTAN et la Serbie ont approfondi leurs coop\u00e9rations, y compris sur la s\u00e9curit\u00e9 au Kosovo<a href=\"#_ftn21\" id=\"_ftnref21\">[21]<\/a>.<\/p>\n\n\n<div class=\"wp-block-image is-style-default\">\n<figure class=\"aligncenter size-large\"><img loading=\"lazy\" decoding=\"async\" width=\"1024\" height=\"676\" src=\"https:\/\/www.berndbraun.eu\/wp-content\/uploads\/2022\/08\/dreamstime_m_48192932-1-1024x676.jpg\" alt=\"\" class=\"wp-image-1320\" srcset=\"https:\/\/www.berndbraun.eu\/wp-content\/uploads\/2022\/08\/dreamstime_m_48192932-1-1024x676.jpg 1024w, https:\/\/www.berndbraun.eu\/wp-content\/uploads\/2022\/08\/dreamstime_m_48192932-1-300x198.jpg 300w, https:\/\/www.berndbraun.eu\/wp-content\/uploads\/2022\/08\/dreamstime_m_48192932-1-768x507.jpg 768w, https:\/\/www.berndbraun.eu\/wp-content\/uploads\/2022\/08\/dreamstime_m_48192932-1-1536x1014.jpg 1536w, https:\/\/www.berndbraun.eu\/wp-content\/uploads\/2022\/08\/dreamstime_m_48192932-1-2048x1352.jpg 2048w, https:\/\/www.berndbraun.eu\/wp-content\/uploads\/2022\/08\/dreamstime_m_48192932-1-18x12.jpg 18w, https:\/\/www.berndbraun.eu\/wp-content\/uploads\/2022\/08\/dreamstime_m_48192932-1.jpg 2538w\" sizes=\"auto, (max-width: 1024px) 100vw, 1024px\" \/><\/figure>\n<\/div>\n\n\n<p>&nbsp;&nbsp;&nbsp;&nbsp;&nbsp;&nbsp;&nbsp;&nbsp;&nbsp;&nbsp;&nbsp; En parall\u00e8le, la Turquie et les pays arabes du Golfe, tout comme la Russie et la Chine, ont accru leurs investissements \u00e9conomiques et culturels, voire \u00e9nerg\u00e9tiques, dans les Balkans occidentaux (Serbie et Kosovo compris)<a href=\"#_ftn22\" id=\"_ftnref22\">[22]<\/a>. Tandis que les \u00c9tats-Unis et leurs alli\u00e9s soutiennent militairement Pristina (le cas de la cr\u00e9ation de l'arm\u00e9e kosovare, d\u00e9sapprouv\u00e9e par les Serbes)<a href=\"#_ftn23\" id=\"_ftnref23\">[23]<\/a>, Moscou et P\u00e9kin livrent Belgrade en mati\u00e8re d'armements<a href=\"#_ftn24\" id=\"_ftnref24\">[24]<\/a>. Par exemple, en 2019, la Serbie s'est procur\u00e9e aupr\u00e8s de la Russie le syst\u00e8me sol-air de courte port\u00e9e&nbsp;Pantsir-S1&nbsp;(port\u00e9e de 20 km)<a href=\"#_ftn25\" id=\"_ftnref25\"><sup>[25]<\/sup><\/a>. En 2020, la Serbie a obtenu&nbsp;des drones chinois Chengu Pterodactyl-1, \u00ab capables d'attaquer des cibles avec des bombes et d'effectuer des t\u00e2ches de reconnaissance&nbsp;\u00bb<a href=\"#_ftn26\" id=\"_ftnref26\">[26]<\/a>. Enfin, en avril 2022, six avions Y-20 de l'arm\u00e9e de l'air chinoise transportant des missiles sol-air HQ-22 ont atterri \u00e0 Belgrade<a href=\"#_ftn27\" id=\"_ftnref27\">[27]<\/a>.<\/p>\n\n\n\n<p>&nbsp;&nbsp;&nbsp;&nbsp;&nbsp;&nbsp;&nbsp;&nbsp;&nbsp;&nbsp;&nbsp; M\u00eame dans le domaine \u00e9nerg\u00e9tique, le Kosovo se situe en un lieu strat\u00e9gique, o\u00f9 plusieurs gazoducs, comme le Transadriatique (TAP) et le Balkan Stream, alimentent l'Europe en gaz, traversent la r\u00e9gion et font l'objet de rivalit\u00e9s entre l'Union europ\u00e9enne et la Russie<a href=\"#_ftn28\" id=\"_ftnref28\">[28]<\/a>. Bruxelles travaille \u00e0 diversifier ses sources d'approvisionnement en gaz tandis que Moscou cherche \u00e0 garder ses march\u00e9s d'exportation<a href=\"#_ftn29\" id=\"_ftnref29\">[29]<\/a>. D'ailleurs, selon Adel El Gammal, Secr\u00e9taire g\u00e9n\u00e9ral de l\u2019Alliance europ\u00e9enne pour la recherche \u00e9nerg\u00e9tique (EERA), l\u2019Europe repr\u00e9sente 70% des exportations de gaz russe<a href=\"#_ftn30\" id=\"_ftnref30\">[30]<\/a>. Concernant la Serbie, 81 % de son gaz et 18 % de son p\u00e9trole et de ses d\u00e9riv\u00e9s p\u00e9troliers sont import\u00e9s de Russie<a href=\"#_ftn31\" id=\"_ftnref31\">[31]<\/a>. \u00c0 la fin du mois de mai 2022, le gouvernement de Belgrade a obtenu un accord pour la fourniture de gaz russe sur une dur\u00e9e de trois ans<a href=\"#_ftn32\" id=\"_ftnref32\">[32]<\/a>.<\/p>\n\n\n<div class=\"wp-block-image\">\n<figure class=\"aligncenter size-large\"><img loading=\"lazy\" decoding=\"async\" width=\"1024\" height=\"640\" src=\"https:\/\/www.berndbraun.eu\/wp-content\/uploads\/2022\/08\/dreamstime_m_136895749-1024x640.jpg\" alt=\"\" class=\"wp-image-1321\" srcset=\"https:\/\/www.berndbraun.eu\/wp-content\/uploads\/2022\/08\/dreamstime_m_136895749-1024x640.jpg 1024w, https:\/\/www.berndbraun.eu\/wp-content\/uploads\/2022\/08\/dreamstime_m_136895749-300x187.jpg 300w, https:\/\/www.berndbraun.eu\/wp-content\/uploads\/2022\/08\/dreamstime_m_136895749-768x480.jpg 768w, https:\/\/www.berndbraun.eu\/wp-content\/uploads\/2022\/08\/dreamstime_m_136895749-1536x959.jpg 1536w, https:\/\/www.berndbraun.eu\/wp-content\/uploads\/2022\/08\/dreamstime_m_136895749-2048x1279.jpg 2048w, https:\/\/www.berndbraun.eu\/wp-content\/uploads\/2022\/08\/dreamstime_m_136895749-18x12.jpg 18w, https:\/\/www.berndbraun.eu\/wp-content\/uploads\/2022\/08\/dreamstime_m_136895749.jpg 2190w\" sizes=\"auto, (max-width: 1024px) 100vw, 1024px\" \/><\/figure>\n<\/div>\n\n\n<p>&nbsp;&nbsp;&nbsp;&nbsp;&nbsp;&nbsp;&nbsp;&nbsp;&nbsp;&nbsp;&nbsp; Les luttes d'influence autour des tensions Serbo-Kosovares ne concernent pas uniquement la s\u00e9curit\u00e9 et la d\u00e9fense, mais aussi les ressources \u00e9nerg\u00e9tiques et la protection des zones strat\u00e9giques puisque le Kosovo pourrait \u00e9galement devenir un carrefour\u202fentre, d\u2019une part la c\u00f4te adriatique (l\u2019Albanie et le port de Durres) et l\u2019Europe orientale, et d\u2019autre part la mer \u00c9g\u00e9e (la Gr\u00e8ce du nord, le port de Thessalonique) et le c\u0153ur de l\u2019Europe centrale<a href=\"#_ftn33\" id=\"_ftnref33\">[33]<\/a>.<\/p>\n\n\n\n<p>&nbsp;&nbsp;&nbsp;&nbsp;&nbsp;&nbsp;&nbsp;&nbsp;&nbsp;&nbsp;&nbsp; Les cons\u00e9quences de ces rivalit\u00e9s se font encore sentir, malgr\u00e9 la guerre en Ukraine. Le Kosovo a accru ses efforts pour adh\u00e9rer \u00e0 l'UE et \u00e0 l'OTAN<a href=\"#_ftn34\" id=\"_ftnref34\">[34]<\/a>, alors que la Serbie, tout en condamnant l'invasion russe de l'Ukraine \u00e0 l'ONU<a href=\"#_ftn35\" id=\"_ftnref35\">[35]<\/a> et accueillant des r\u00e9fugi\u00e9s ukrainiens sur son territoire<a href=\"#_ftn36\" id=\"_ftnref36\">[36]<\/a>, a refus\u00e9 de rejoindre l'Union europ\u00e9enne dans ses sanctions contre la Russie<a href=\"#_ftn37\" id=\"_ftnref37\">[37]<\/a>.<\/p>\n\n\n\n<div style=\"height:50px\" aria-hidden=\"true\" class=\"wp-block-spacer\"><\/div>\n\n\n\n<p class=\"has-text-align-center has-cyan-bluish-gray-color has-text-color has-small-font-size\">\u00a9 2022 Tous droits r\u00e9serv\u00e9s par BRAUN<\/p>\n","protected":false},"excerpt":{"rendered":"<p>&nbsp;&nbsp;&nbsp;&nbsp;&nbsp;&nbsp;&nbsp;&nbsp;&nbsp;&nbsp;&nbsp; Quatorze ann\u00e9es se sont \u00e9coul\u00e9es depuis la proclamation de l'ind\u00e9pendance du 17 f\u00e9vrier 2008 \u00e0 Pristina au Kosovo, et la situation reste toujours tendue dans cette partie des Balkans occidentaux[1]. &nbsp;&nbsp;&nbsp;&nbsp;&nbsp;&nbsp;&nbsp;&nbsp;&nbsp;&nbsp;&nbsp; Belgrade refuse de reconna\u00eetre l'ind\u00e9pendance de ce qu'il consid\u00e8re comme sa province m\u00e9ridionale[2]. Plusieurs autres \u00e9tats europ\u00e9ens, y compris ceux de l'UE et [&hellip;]<\/p>\n","protected":false},"author":3,"featured_media":1323,"comment_status":"open","ping_status":"open","sticky":false,"template":"","format":"standard","meta":{"footnotes":""},"categories":[5],"tags":[],"type-darticle":[24],"class_list":["post-1284","post","type-post","status-publish","format-standard","has-post-thumbnail","hentry","category-politics","type-darticle-video"],"yoast_head":"<!-- This site is optimized with the Yoast SEO Premium plugin v21.4 (Yoast SEO v27.2) - https:\/\/yoast.com\/product\/yoast-seo-premium-wordpress\/ -->\n<title>Bernd Braun - Serbie-Kosovo : toujours en tensions et dans l&#039;impasse<\/title>\n<meta name=\"robots\" content=\"index, follow, max-snippet:-1, max-image-preview:large, max-video-preview:-1\" \/>\n<link rel=\"canonical\" href=\"https:\/\/www.berndbraun.eu\/hu\/serbie-kosovo-toujours-en-tensions-et-dans-limpasse\/\" \/>\n<meta property=\"og:locale\" content=\"hu_HU\" \/>\n<meta property=\"og:type\" content=\"article\" \/>\n<meta property=\"og:title\" content=\"Serbie-Kosovo : toujours en tensions et dans l&#039;impasse\" \/>\n<meta property=\"og:description\" content=\"&nbsp;&nbsp;&nbsp;&nbsp;&nbsp;&nbsp;&nbsp;&nbsp;&nbsp;&nbsp;&nbsp; Quatorze ann\u00e9es se sont \u00e9coul\u00e9es depuis la proclamation de l&#039;ind\u00e9pendance du 17 f\u00e9vrier 2008 \u00e0 Pristina au Kosovo, et la situation reste toujours tendue dans cette partie des Balkans occidentaux[1]. &nbsp;&nbsp;&nbsp;&nbsp;&nbsp;&nbsp;&nbsp;&nbsp;&nbsp;&nbsp;&nbsp; Belgrade refuse de reconna\u00eetre l&#039;ind\u00e9pendance de ce qu&#039;il consid\u00e8re comme sa province m\u00e9ridionale[2]. Plusieurs autres \u00e9tats europ\u00e9ens, y compris ceux de l&#039;UE et [&hellip;]\" \/>\n<meta property=\"og:url\" content=\"https:\/\/www.berndbraun.eu\/hu\/serbie-kosovo-toujours-en-tensions-et-dans-limpasse\/\" \/>\n<meta property=\"og:site_name\" content=\"Bernd Braun\" \/>\n<meta property=\"article:published_time\" content=\"2022-08-23T18:43:00+00:00\" \/>\n<meta property=\"article:modified_time\" content=\"2022-11-16T23:20:42+00:00\" \/>\n<meta property=\"og:image\" content=\"https:\/\/www.berndbraun.eu\/wp-content\/uploads\/2022\/08\/2022-08-23_20h39_14OK-1.png\" \/>\n\t<meta property=\"og:image:width\" content=\"1712\" \/>\n\t<meta property=\"og:image:height\" content=\"1040\" \/>\n\t<meta property=\"og:image:type\" content=\"image\/png\" \/>\n<meta name=\"author\" content=\"Bernd\" \/>\n<meta name=\"twitter:card\" content=\"summary_large_image\" \/>\n<meta name=\"twitter:label1\" content=\"Szerz\u0151:\" \/>\n\t<meta name=\"twitter:data1\" content=\"Bernd\" \/>\n\t<meta name=\"twitter:label2\" content=\"Becs\u00fclt olvas\u00e1si id\u0151\" \/>\n\t<meta name=\"twitter:data2\" content=\"7 perc\" \/>\n<script type=\"application\/ld+json\" class=\"yoast-schema-graph\">{\"@context\":\"https:\/\/schema.org\",\"@graph\":[{\"@type\":\"Article\",\"@id\":\"https:\/\/www.berndbraun.eu\/serbie-kosovo-toujours-en-tensions-et-dans-limpasse\/#article\",\"isPartOf\":{\"@id\":\"https:\/\/www.berndbraun.eu\/serbie-kosovo-toujours-en-tensions-et-dans-limpasse\/\"},\"author\":{\"name\":\"Bernd\",\"@id\":\"https:\/\/www.berndbraun.eu\/#\/schema\/person\/a64c4c08b6a8c9f8fe9be655928070ca\"},\"headline\":\"Serbie-Kosovo : toujours en tensions et dans l'impasse\",\"datePublished\":\"2022-08-23T18:43:00+00:00\",\"dateModified\":\"2022-11-16T23:20:42+00:00\",\"mainEntityOfPage\":{\"@id\":\"https:\/\/www.berndbraun.eu\/serbie-kosovo-toujours-en-tensions-et-dans-limpasse\/\"},\"wordCount\":1260,\"commentCount\":0,\"image\":{\"@id\":\"https:\/\/www.berndbraun.eu\/serbie-kosovo-toujours-en-tensions-et-dans-limpasse\/#primaryimage\"},\"thumbnailUrl\":\"https:\/\/www.berndbraun.eu\/wp-content\/uploads\/2022\/08\/2022-08-23_20h39_14OK-1.png\",\"articleSection\":[\"Politics\"],\"inLanguage\":\"hu\",\"potentialAction\":[{\"@type\":\"CommentAction\",\"name\":\"Comment\",\"target\":[\"https:\/\/www.berndbraun.eu\/serbie-kosovo-toujours-en-tensions-et-dans-limpasse\/#respond\"]}]},{\"@type\":\"WebPage\",\"@id\":\"https:\/\/www.berndbraun.eu\/serbie-kosovo-toujours-en-tensions-et-dans-limpasse\/\",\"url\":\"https:\/\/www.berndbraun.eu\/serbie-kosovo-toujours-en-tensions-et-dans-limpasse\/\",\"name\":\"Bernd Braun - Serbie-Kosovo : toujours en tensions et dans l'impasse\",\"isPartOf\":{\"@id\":\"https:\/\/www.berndbraun.eu\/#website\"},\"primaryImageOfPage\":{\"@id\":\"https:\/\/www.berndbraun.eu\/serbie-kosovo-toujours-en-tensions-et-dans-limpasse\/#primaryimage\"},\"image\":{\"@id\":\"https:\/\/www.berndbraun.eu\/serbie-kosovo-toujours-en-tensions-et-dans-limpasse\/#primaryimage\"},\"thumbnailUrl\":\"https:\/\/www.berndbraun.eu\/wp-content\/uploads\/2022\/08\/2022-08-23_20h39_14OK-1.png\",\"datePublished\":\"2022-08-23T18:43:00+00:00\",\"dateModified\":\"2022-11-16T23:20:42+00:00\",\"author\":{\"@id\":\"https:\/\/www.berndbraun.eu\/#\/schema\/person\/a64c4c08b6a8c9f8fe9be655928070ca\"},\"breadcrumb\":{\"@id\":\"https:\/\/www.berndbraun.eu\/serbie-kosovo-toujours-en-tensions-et-dans-limpasse\/#breadcrumb\"},\"inLanguage\":\"hu\",\"potentialAction\":[{\"@type\":\"ReadAction\",\"target\":[\"https:\/\/www.berndbraun.eu\/serbie-kosovo-toujours-en-tensions-et-dans-limpasse\/\"]}]},{\"@type\":\"ImageObject\",\"inLanguage\":\"hu\",\"@id\":\"https:\/\/www.berndbraun.eu\/serbie-kosovo-toujours-en-tensions-et-dans-limpasse\/#primaryimage\",\"url\":\"https:\/\/www.berndbraun.eu\/wp-content\/uploads\/2022\/08\/2022-08-23_20h39_14OK-1.png\",\"contentUrl\":\"https:\/\/www.berndbraun.eu\/wp-content\/uploads\/2022\/08\/2022-08-23_20h39_14OK-1.png\",\"width\":1712,\"height\":1040},{\"@type\":\"BreadcrumbList\",\"@id\":\"https:\/\/www.berndbraun.eu\/serbie-kosovo-toujours-en-tensions-et-dans-limpasse\/#breadcrumb\",\"itemListElement\":[{\"@type\":\"ListItem\",\"position\":1,\"name\":\"Accueil\",\"item\":\"https:\/\/www.berndbraun.eu\/\"},{\"@type\":\"ListItem\",\"position\":2,\"name\":\"Serbie-Kosovo : toujours en tensions et dans l'impasse\"}]},{\"@type\":\"WebSite\",\"@id\":\"https:\/\/www.berndbraun.eu\/#website\",\"url\":\"https:\/\/www.berndbraun.eu\/\",\"name\":\"Bernd Braun\",\"description\":\"\",\"potentialAction\":[{\"@type\":\"SearchAction\",\"target\":{\"@type\":\"EntryPoint\",\"urlTemplate\":\"https:\/\/www.berndbraun.eu\/?s={search_term_string}\"},\"query-input\":{\"@type\":\"PropertyValueSpecification\",\"valueRequired\":true,\"valueName\":\"search_term_string\"}}],\"inLanguage\":\"hu\"},{\"@type\":\"Person\",\"@id\":\"https:\/\/www.berndbraun.eu\/#\/schema\/person\/a64c4c08b6a8c9f8fe9be655928070ca\",\"name\":\"Bernd\",\"image\":{\"@type\":\"ImageObject\",\"inLanguage\":\"hu\",\"@id\":\"https:\/\/secure.gravatar.com\/avatar\/e51d7b18a7c2fb10dd367a4bab68ef5a6d1736ae3537a0fd211df170b00b15af?s=96&d=mm&r=g\",\"url\":\"https:\/\/secure.gravatar.com\/avatar\/e51d7b18a7c2fb10dd367a4bab68ef5a6d1736ae3537a0fd211df170b00b15af?s=96&d=mm&r=g\",\"contentUrl\":\"https:\/\/secure.gravatar.com\/avatar\/e51d7b18a7c2fb10dd367a4bab68ef5a6d1736ae3537a0fd211df170b00b15af?s=96&d=mm&r=g\",\"caption\":\"Bernd\"},\"url\":\"https:\/\/www.berndbraun.eu\/hu\/author\/bernd\/\"}]}<\/script>\n<!-- \/ Yoast SEO Premium plugin. -->","yoast_head_json":{"title":"Bernd Braun - Szerbia-Koszov\u00f3: tov\u00e1bbra is fesz\u00fclt \u00e9s patthelyzetben van","robots":{"index":"index","follow":"follow","max-snippet":"max-snippet:-1","max-image-preview":"max-image-preview:large","max-video-preview":"max-video-preview:-1"},"canonical":"https:\/\/www.berndbraun.eu\/hu\/serbie-kosovo-toujours-en-tensions-et-dans-limpasse\/","og_locale":"hu_HU","og_type":"article","og_title":"Serbie-Kosovo : toujours en tensions et dans l'impasse","og_description":"&nbsp;&nbsp;&nbsp;&nbsp;&nbsp;&nbsp;&nbsp;&nbsp;&nbsp;&nbsp;&nbsp; Quatorze ann\u00e9es se sont \u00e9coul\u00e9es depuis la proclamation de l'ind\u00e9pendance du 17 f\u00e9vrier 2008 \u00e0 Pristina au Kosovo, et la situation reste toujours tendue dans cette partie des Balkans occidentaux[1]. &nbsp;&nbsp;&nbsp;&nbsp;&nbsp;&nbsp;&nbsp;&nbsp;&nbsp;&nbsp;&nbsp; Belgrade refuse de reconna\u00eetre l'ind\u00e9pendance de ce qu'il consid\u00e8re comme sa province m\u00e9ridionale[2]. Plusieurs autres \u00e9tats europ\u00e9ens, y compris ceux de l'UE et [&hellip;]","og_url":"https:\/\/www.berndbraun.eu\/hu\/serbie-kosovo-toujours-en-tensions-et-dans-limpasse\/","og_site_name":"Bernd Braun","article_published_time":"2022-08-23T18:43:00+00:00","article_modified_time":"2022-11-16T23:20:42+00:00","og_image":[{"width":1712,"height":1040,"url":"https:\/\/www.berndbraun.eu\/wp-content\/uploads\/2022\/08\/2022-08-23_20h39_14OK-1.png","type":"image\/png"}],"author":"Bernd","twitter_card":"summary_large_image","twitter_misc":{"Szerz\u0151:":"Bernd","Becs\u00fclt olvas\u00e1si id\u0151":"7 perc"},"schema":{"@context":"https:\/\/schema.org","@graph":[{"@type":"Article","@id":"https:\/\/www.berndbraun.eu\/serbie-kosovo-toujours-en-tensions-et-dans-limpasse\/#article","isPartOf":{"@id":"https:\/\/www.berndbraun.eu\/serbie-kosovo-toujours-en-tensions-et-dans-limpasse\/"},"author":{"name":"Bernd","@id":"https:\/\/www.berndbraun.eu\/#\/schema\/person\/a64c4c08b6a8c9f8fe9be655928070ca"},"headline":"Serbie-Kosovo : toujours en tensions et dans l'impasse","datePublished":"2022-08-23T18:43:00+00:00","dateModified":"2022-11-16T23:20:42+00:00","mainEntityOfPage":{"@id":"https:\/\/www.berndbraun.eu\/serbie-kosovo-toujours-en-tensions-et-dans-limpasse\/"},"wordCount":1260,"commentCount":0,"image":{"@id":"https:\/\/www.berndbraun.eu\/serbie-kosovo-toujours-en-tensions-et-dans-limpasse\/#primaryimage"},"thumbnailUrl":"https:\/\/www.berndbraun.eu\/wp-content\/uploads\/2022\/08\/2022-08-23_20h39_14OK-1.png","articleSection":["Politics"],"inLanguage":"hu","potentialAction":[{"@type":"CommentAction","name":"Comment","target":["https:\/\/www.berndbraun.eu\/serbie-kosovo-toujours-en-tensions-et-dans-limpasse\/#respond"]}]},{"@type":"WebPage","@id":"https:\/\/www.berndbraun.eu\/serbie-kosovo-toujours-en-tensions-et-dans-limpasse\/","url":"https:\/\/www.berndbraun.eu\/serbie-kosovo-toujours-en-tensions-et-dans-limpasse\/","name":"Bernd Braun - Szerbia-Koszov\u00f3: tov\u00e1bbra is fesz\u00fclt \u00e9s patthelyzetben van","isPartOf":{"@id":"https:\/\/www.berndbraun.eu\/#website"},"primaryImageOfPage":{"@id":"https:\/\/www.berndbraun.eu\/serbie-kosovo-toujours-en-tensions-et-dans-limpasse\/#primaryimage"},"image":{"@id":"https:\/\/www.berndbraun.eu\/serbie-kosovo-toujours-en-tensions-et-dans-limpasse\/#primaryimage"},"thumbnailUrl":"https:\/\/www.berndbraun.eu\/wp-content\/uploads\/2022\/08\/2022-08-23_20h39_14OK-1.png","datePublished":"2022-08-23T18:43:00+00:00","dateModified":"2022-11-16T23:20:42+00:00","author":{"@id":"https:\/\/www.berndbraun.eu\/#\/schema\/person\/a64c4c08b6a8c9f8fe9be655928070ca"},"breadcrumb":{"@id":"https:\/\/www.berndbraun.eu\/serbie-kosovo-toujours-en-tensions-et-dans-limpasse\/#breadcrumb"},"inLanguage":"hu","potentialAction":[{"@type":"ReadAction","target":["https:\/\/www.berndbraun.eu\/serbie-kosovo-toujours-en-tensions-et-dans-limpasse\/"]}]},{"@type":"ImageObject","inLanguage":"hu","@id":"https:\/\/www.berndbraun.eu\/serbie-kosovo-toujours-en-tensions-et-dans-limpasse\/#primaryimage","url":"https:\/\/www.berndbraun.eu\/wp-content\/uploads\/2022\/08\/2022-08-23_20h39_14OK-1.png","contentUrl":"https:\/\/www.berndbraun.eu\/wp-content\/uploads\/2022\/08\/2022-08-23_20h39_14OK-1.png","width":1712,"height":1040},{"@type":"BreadcrumbList","@id":"https:\/\/www.berndbraun.eu\/serbie-kosovo-toujours-en-tensions-et-dans-limpasse\/#breadcrumb","itemListElement":[{"@type":"ListItem","position":1,"name":"Accueil","item":"https:\/\/www.berndbraun.eu\/"},{"@type":"ListItem","position":2,"name":"Serbie-Kosovo : toujours en tensions et dans l'impasse"}]},{"@type":"WebSite","@id":"https:\/\/www.berndbraun.eu\/#website","url":"https:\/\/www.berndbraun.eu\/","name":"Bernd Braun","description":"","potentialAction":[{"@type":"SearchAction","target":{"@type":"EntryPoint","urlTemplate":"https:\/\/www.berndbraun.eu\/?s={search_term_string}"},"query-input":{"@type":"PropertyValueSpecification","valueRequired":true,"valueName":"search_term_string"}}],"inLanguage":"hu"},{"@type":"Person","@id":"https:\/\/www.berndbraun.eu\/#\/schema\/person\/a64c4c08b6a8c9f8fe9be655928070ca","name":"Bernd","image":{"@type":"ImageObject","inLanguage":"hu","@id":"https:\/\/secure.gravatar.com\/avatar\/e51d7b18a7c2fb10dd367a4bab68ef5a6d1736ae3537a0fd211df170b00b15af?s=96&d=mm&r=g","url":"https:\/\/secure.gravatar.com\/avatar\/e51d7b18a7c2fb10dd367a4bab68ef5a6d1736ae3537a0fd211df170b00b15af?s=96&d=mm&r=g","contentUrl":"https:\/\/secure.gravatar.com\/avatar\/e51d7b18a7c2fb10dd367a4bab68ef5a6d1736ae3537a0fd211df170b00b15af?s=96&d=mm&r=g","caption":"Bernd"},"url":"https:\/\/www.berndbraun.eu\/hu\/author\/bernd\/"}]}},"_links":{"self":[{"href":"https:\/\/www.berndbraun.eu\/hu\/wp-json\/wp\/v2\/posts\/1284","targetHints":{"allow":["GET"]}}],"collection":[{"href":"https:\/\/www.berndbraun.eu\/hu\/wp-json\/wp\/v2\/posts"}],"about":[{"href":"https:\/\/www.berndbraun.eu\/hu\/wp-json\/wp\/v2\/types\/post"}],"author":[{"embeddable":true,"href":"https:\/\/www.berndbraun.eu\/hu\/wp-json\/wp\/v2\/users\/3"}],"replies":[{"embeddable":true,"href":"https:\/\/www.berndbraun.eu\/hu\/wp-json\/wp\/v2\/comments?post=1284"}],"version-history":[{"count":24,"href":"https:\/\/www.berndbraun.eu\/hu\/wp-json\/wp\/v2\/posts\/1284\/revisions"}],"predecessor-version":[{"id":1549,"href":"https:\/\/www.berndbraun.eu\/hu\/wp-json\/wp\/v2\/posts\/1284\/revisions\/1549"}],"wp:featuredmedia":[{"embeddable":true,"href":"https:\/\/www.berndbraun.eu\/hu\/wp-json\/wp\/v2\/media\/1323"}],"wp:attachment":[{"href":"https:\/\/www.berndbraun.eu\/hu\/wp-json\/wp\/v2\/media?parent=1284"}],"wp:term":[{"taxonomy":"category","embeddable":true,"href":"https:\/\/www.berndbraun.eu\/hu\/wp-json\/wp\/v2\/categories?post=1284"},{"taxonomy":"post_tag","embeddable":true,"href":"https:\/\/www.berndbraun.eu\/hu\/wp-json\/wp\/v2\/tags?post=1284"},{"taxonomy":"type-darticle","embeddable":true,"href":"https:\/\/www.berndbraun.eu\/hu\/wp-json\/wp\/v2\/type-darticle?post=1284"}],"curies":[{"name":"wp","href":"https:\/\/api.w.org\/{rel}","templated":true}]}}