{"id":1327,"date":"2022-06-24T19:54:26","date_gmt":"2022-06-24T17:54:26","guid":{"rendered":"https:\/\/www.berndbraun.eu\/?p=1327"},"modified":"2022-11-17T01:23:27","modified_gmt":"2022-11-16T23:23:27","slug":"relation-qatar-iran-turquie-un-trio-dacteurs-regionaux","status":"publish","type":"post","link":"https:\/\/www.berndbraun.eu\/hu\/relation-qatar-iran-turquie-un-trio-dacteurs-regionaux\/","title":{"rendered":"Katar-Ir\u00e1n-T\u00f6r\u00f6korsz\u00e1g kapcsolatok: a region\u00e1lis szerepl\u0151k h\u00e1rmasa"},"content":{"rendered":"\n<figure class=\"wp-block-embed is-type-video is-provider-youtube wp-block-embed-youtube wp-embed-aspect-16-9 wp-has-aspect-ratio\"><div class=\"wp-block-embed__wrapper\">\n<iframe loading=\"lazy\" title=\"BB Politics | Qatar-Turkey-Iran political and economic relations\" width=\"500\" height=\"281\" src=\"https:\/\/www.youtube.com\/embed\/n243mYJTvhk?feature=oembed\" frameborder=\"0\" allow=\"accelerometer; autoplay; clipboard-write; encrypted-media; gyroscope; picture-in-picture; web-share\" referrerpolicy=\"strict-origin-when-cross-origin\" allowfullscreen><\/iframe>\n<\/div><figcaption class=\"wp-element-caption\">Alexandra De Sutter on the current relation between Qatar, Turkey and Iran and its interest for the West.<\/figcaption><\/figure>\n\n\n\n<div style=\"height:15px\" aria-hidden=\"true\" class=\"wp-block-spacer\"><\/div>\n\n\n\n<p>&nbsp;&nbsp;&nbsp;&nbsp;&nbsp;&nbsp;&nbsp;&nbsp;&nbsp;&nbsp;&nbsp; Malgr\u00e9 la fin de l'embargo saoudien de 2017-2021, les relations Doha-T\u00e9h\u00e9ran se sont maintenues et approfondies. Il en est de m\u00eame pour celles entre Doha et Ankara<a href=\"#_ftn1\" id=\"_ftnref1\">[1]<\/a>.<\/p>\n\n\n\n<p>&nbsp;&nbsp;&nbsp;&nbsp;&nbsp;&nbsp;&nbsp;&nbsp;&nbsp;&nbsp;&nbsp; Dans le cas de la Turquie, Ankara a \u00e9largi la capacit\u00e9 de sa base militaire \u00e0 Doha et y a d\u00e9ploy\u00e9 plus de&nbsp;5 000 soldats<a href=\"#_ftn2\" id=\"_ftnref2\">[2]<\/a>. Plusieurs accords de d\u00e9fense ont \u00e9t\u00e9 sign\u00e9s, comme celui de juin 2021 portant sur l'entra\u00eenement des pilotes en Turquie<a href=\"#_ftn3\" id=\"_ftnref3\">[3]<\/a>. &nbsp;En mars 2022, au Salon international de la d\u00e9fense maritime de Doha (DIMDEX), le minist\u00e8re qatari de la D\u00e9fense et 4 entreprises de d\u00e9fense, dont deux turques, ont sign\u00e9 des accords et contrats portant sur les services et le transfert technologique<a href=\"#_ftn4\" id=\"_ftnref4\">[4]<\/a>.&nbsp;&nbsp;&nbsp;&nbsp;<\/p>\n\n\n\n<figure class=\"wp-block-gallery aligncenter has-nested-images columns-default is-cropped wp-block-gallery-1 is-layout-flex wp-block-gallery-is-layout-flex\">\n<figure class=\"wp-block-image size-full\"><a href=\"https:\/\/www.berndbraun.eu\/wp-content\/uploads\/2022\/08\/MD3TT5.jpg\"><img loading=\"lazy\" decoding=\"async\" width=\"1736\" height=\"1161\" data-id=\"1337\" src=\"https:\/\/www.berndbraun.eu\/wp-content\/uploads\/2022\/08\/MD3TT5.jpg\" alt=\"\" class=\"wp-image-1337\" srcset=\"https:\/\/www.berndbraun.eu\/wp-content\/uploads\/2022\/08\/MD3TT5.jpg 1736w, https:\/\/www.berndbraun.eu\/wp-content\/uploads\/2022\/08\/MD3TT5-300x201.jpg 300w, https:\/\/www.berndbraun.eu\/wp-content\/uploads\/2022\/08\/MD3TT5-1024x685.jpg 1024w, https:\/\/www.berndbraun.eu\/wp-content\/uploads\/2022\/08\/MD3TT5-768x514.jpg 768w, https:\/\/www.berndbraun.eu\/wp-content\/uploads\/2022\/08\/MD3TT5-1536x1027.jpg 1536w, https:\/\/www.berndbraun.eu\/wp-content\/uploads\/2022\/08\/MD3TT5-18x12.jpg 18w\" sizes=\"auto, (max-width: 1736px) 100vw, 1736px\" \/><\/a><figcaption class=\"wp-element-caption\">Ryan Gliha, Charg\u00e9 d'affaires of the U.S. Embassy in Doha, Qatar, speaks at a reception aboard the Arleigh Burke-class guided-missile destroyer USS Sampson during the Doha International Maritime Defense Exhibition and Conference (DIMDEX). Sampson is deployed with the Theodore Roosevelt Carrier Strike Group to the U.S. 5th Fleet area of operations<\/figcaption><\/figure>\n<\/figure>\n\n\n\n<p>&nbsp;&nbsp;&nbsp;&nbsp;&nbsp;&nbsp;&nbsp;&nbsp;&nbsp;&nbsp;&nbsp; De son c\u00f4t\u00e9, le Qatar a inject\u00e9 15&nbsp;milliards de dollars dans l'\u00e9conomie turque, y compris au moment o\u00f9&nbsp;la livre turque \u00e9tait fortement affaiblie (2018)<a href=\"#_ftn5\" id=\"_ftnref5\">[5]<\/a>. En 2020, la Turquie a transf\u00e9r\u00e9 10 % des actions de la bourse d'Istanbul \u00e0 l'Autorit\u00e9 d'investissement du Qatar<a href=\"#_ftn6\" id=\"_ftnref6\">[6]<\/a>. Ce dernier a achet\u00e9 pour 1 milliard de dollars le transfert de 42 % des actions de l'un des plus grands centres commerciaux de Turquie, le parc Istinye, situ\u00e9 rue Qatar \u00e0 Istanbul<a href=\"#_ftn7\" id=\"_ftnref7\">[7]<\/a>. Rien qu'en 2020, le total des investissements en provenance du Qatar vers la Turquie a repr\u00e9sent\u00e9 22 milliards de dollars<a href=\"#_ftn8\" id=\"_ftnref8\">[8]<\/a>. En 2021, ce montant est pass\u00e9 \u00e0 33.2 milliards $, ce qui fait du Qatar le deuxi\u00e8me plus grand investisseur du pays<a href=\"#_ftn9\" id=\"_ftnref9\">[9]<\/a>. Depuis la cr\u00e9ation du <em>Turkey-Qatar High Strategic Committee&nbsp;<\/em>en 2014, 80 accords de coop\u00e9ration ont \u00e9t\u00e9 sign\u00e9s dans maints domaines<a href=\"#_ftn10\" id=\"_ftnref10\">[10]<\/a>.<\/p>\n\n\n\n<p>&nbsp;&nbsp;&nbsp;&nbsp;&nbsp;&nbsp;&nbsp;&nbsp;&nbsp;&nbsp;&nbsp; De plus, durant l'embargo&nbsp;terrestre, maritime et a\u00e9rien, Doha a re\u00e7u des approvisionnements par avions et navires turcs et iraniens<a href=\"#_ftn11\" id=\"_ftnref11\">[11]<\/a>.&nbsp; Rien qu'en juin 2017, outre un premier navire charg\u00e9 de 4 000 tonnes de nourriture ayant appareill\u00e9 vers Doha, Ankara avait d\u00e9j\u00e0 envoy\u00e9 au Qatar 105 avions cargo d'aide alimentaire<a href=\"#_ftn12\" id=\"_ftnref12\">[12]<\/a>. Parall\u00e8lement, T\u00e9h\u00e9ran envoyait quatre avions cargo de nourritures, et pr\u00e9voyait d'envoyer quotidiennement 100 tonnes de fruits et l\u00e9gumes \u00e0 Doha pour emp\u00eacher une crise alimentaire dans le pays<a href=\"#_ftn13\" id=\"_ftnref13\">[13]<\/a>. Enfin, les vols de la compagnie Qatar Airways, une des plus importantes au monde,&nbsp;ont pu contourner l'embargo, transitant d\u00e9sormais par l'Iran et la Turquie<a href=\"#_ftn14\" id=\"_ftnref14\"><sup>[14]<\/sup><\/a>.<\/p>\n\n\n\n<p>&nbsp;&nbsp;&nbsp;&nbsp;&nbsp;&nbsp;&nbsp;&nbsp;&nbsp;&nbsp;&nbsp; A part le soutien logistique et humanitaire, dans beaucoup de domaines, le Qatar a form\u00e9 avec T\u00e9h\u00e9ran et Ankara une alliance g\u00e9opolitique - principalement face \u00e0 l'Arabie Saoudite<a href=\"#_ftn15\" id=\"_ftnref15\">[15]<\/a>. En 2017, peu apr\u00e8s la mise en place de l'embargo saoudien, les trois pays ont sign\u00e9 un accord portant sur le commerce et le transport<a href=\"#_ftn16\" id=\"_ftnref16\">[16]<\/a>. La fin de l'embargo en 2021, d\u00e9cid\u00e9e lors du sommet d'Al Ula, n'a pas mis fin \u00e0 la coop\u00e9ration entre Doha, Ankara et T\u00e9h\u00e9ran<a href=\"#_ftn17\" id=\"_ftnref17\">[17]<\/a>.<\/p>\n\n\n\n<p>&nbsp;&nbsp;&nbsp;&nbsp;&nbsp;&nbsp;&nbsp;&nbsp;&nbsp;&nbsp;&nbsp; Par exemple, en d\u00e9cembre 2021, Turquie et Qatar se sont mis d'accord pour contr\u00f4ler et g\u00e9rer l'a\u00e9roport de Kaboul apr\u00e8s le retour des talibans au pouvoir en Afghanistan<a href=\"#_ftn18\" id=\"_ftnref18\">[18]<\/a>. Les deux pays coop\u00e8rent aussi sur la Syrie (contre Al Assad), la Palestine (aide et soutien au Hamas) et la Libye (en faveur du gouvernement de Tripoli)<a href=\"#_ftn19\" id=\"_ftnref19\">[19]<\/a>. Turquie et Qatar sont aussi connus pour leurs soutiens aux Fr\u00e8res musulmans, y compris au moment du Printemps arabe (2010-2011)<a href=\"#_ftn20\" id=\"_ftnref20\">[20]<\/a>.<\/p>\n\n\n\n<p>&nbsp;&nbsp;&nbsp;&nbsp;&nbsp;&nbsp;&nbsp;&nbsp;&nbsp;&nbsp;&nbsp; Dans le cas des relations entre Iran et Qatar, on observe la m\u00eame continuit\u00e9 des relations bilat\u00e9rales que dans le cas de la Turquie apr\u00e8s l'embargo de 2017-2021. L\u2019une des raisons est la possession partag\u00e9e du plus grand gisement de gaz au monde (North Dome\/South Pars), indispensable \u00e0 Doha<a href=\"#_ftn21\" id=\"_ftnref21\">[21]<\/a>. De plus, \u00e9tant donn\u00e9 que le Qatar abrite la base am\u00e9ricaine d'Al Udeid et craint une attaque \u00e9ventuelle sur son territoire, le pays cherche \u00e0 garder un maximum de diplomatie avec T\u00e9h\u00e9ran<a href=\"#_ftn22\" id=\"_ftnref22\">[22]<\/a>. D'ailleurs, Doha avait soutenu les accords de Vienne (JCPOA) en 2015<a href=\"#_ftn23\" id=\"_ftnref23\">[23]<\/a> et travaille \u00e0 la d\u00e9sescalade entre Washington et T\u00e9h\u00e9ran, en tant que m\u00e9diateur<a href=\"#_ftn24\" id=\"_ftnref24\">[24]<\/a>.<\/p>\n\n\n\n<figure class=\"wp-block-gallery aligncenter has-nested-images columns-default is-cropped wp-block-gallery-2 is-layout-flex wp-block-gallery-is-layout-flex\">\n<figure class=\"wp-block-image size-full\"><a href=\"https:\/\/www.berndbraun.eu\/wp-content\/uploads\/2022\/08\/KDB6CM.jpg\"><img loading=\"lazy\" decoding=\"async\" width=\"1727\" height=\"1153\" data-id=\"1338\" src=\"https:\/\/www.berndbraun.eu\/wp-content\/uploads\/2022\/08\/KDB6CM.jpg\" alt=\"\" class=\"wp-image-1338\" srcset=\"https:\/\/www.berndbraun.eu\/wp-content\/uploads\/2022\/08\/KDB6CM.jpg 1727w, https:\/\/www.berndbraun.eu\/wp-content\/uploads\/2022\/08\/KDB6CM-300x200.jpg 300w, https:\/\/www.berndbraun.eu\/wp-content\/uploads\/2022\/08\/KDB6CM-1024x684.jpg 1024w, https:\/\/www.berndbraun.eu\/wp-content\/uploads\/2022\/08\/KDB6CM-768x513.jpg 768w, https:\/\/www.berndbraun.eu\/wp-content\/uploads\/2022\/08\/KDB6CM-1536x1025.jpg 1536w, https:\/\/www.berndbraun.eu\/wp-content\/uploads\/2022\/08\/KDB6CM-18x12.jpg 18w\" sizes=\"auto, (max-width: 1727px) 100vw, 1727px\" \/><\/a><figcaption class=\"wp-element-caption\">Al Udeid US Air Base, Qatar<\/figcaption><\/figure>\n\n\n\n<figure class=\"wp-block-image size-full\"><a href=\"https:\/\/www.berndbraun.eu\/wp-content\/uploads\/2022\/08\/PE5DHE.jpg\"><img loading=\"lazy\" decoding=\"async\" width=\"1596\" height=\"1062\" data-id=\"1339\" src=\"https:\/\/www.berndbraun.eu\/wp-content\/uploads\/2022\/08\/PE5DHE.jpg\" alt=\"\" class=\"wp-image-1339\" srcset=\"https:\/\/www.berndbraun.eu\/wp-content\/uploads\/2022\/08\/PE5DHE.jpg 1596w, https:\/\/www.berndbraun.eu\/wp-content\/uploads\/2022\/08\/PE5DHE-300x200.jpg 300w, https:\/\/www.berndbraun.eu\/wp-content\/uploads\/2022\/08\/PE5DHE-1024x681.jpg 1024w, https:\/\/www.berndbraun.eu\/wp-content\/uploads\/2022\/08\/PE5DHE-768x511.jpg 768w, https:\/\/www.berndbraun.eu\/wp-content\/uploads\/2022\/08\/PE5DHE-1536x1022.jpg 1536w, https:\/\/www.berndbraun.eu\/wp-content\/uploads\/2022\/08\/PE5DHE-18x12.jpg 18w\" sizes=\"auto, (max-width: 1596px) 100vw, 1596px\" \/><\/a><figcaption class=\"wp-element-caption\">Combined Air Operations Center (CAOC) at Al Udeid Air Base, Qatar, provides command and control of air power throughout Iraq, Syria, Afghanistan, and 17 other nations. U.S. Air Force photo by Tech. Sgt. Joshua Strang<\/figcaption><\/figure>\n<\/figure>\n\n\n\n<figure class=\"wp-block-gallery aligncenter has-nested-images columns-default is-cropped wp-block-gallery-3 is-layout-flex wp-block-gallery-is-layout-flex\">\n<figure class=\"wp-block-image size-full\"><a href=\"https:\/\/www.berndbraun.eu\/wp-content\/uploads\/2022\/08\/TXTJCW.jpg\"><img loading=\"lazy\" decoding=\"async\" width=\"1500\" height=\"659\" data-id=\"1336\" src=\"https:\/\/www.berndbraun.eu\/wp-content\/uploads\/2022\/08\/TXTJCW.jpg\" alt=\"\" class=\"wp-image-1336\" srcset=\"https:\/\/www.berndbraun.eu\/wp-content\/uploads\/2022\/08\/TXTJCW.jpg 1500w, https:\/\/www.berndbraun.eu\/wp-content\/uploads\/2022\/08\/TXTJCW-300x132.jpg 300w, https:\/\/www.berndbraun.eu\/wp-content\/uploads\/2022\/08\/TXTJCW-1024x450.jpg 1024w, https:\/\/www.berndbraun.eu\/wp-content\/uploads\/2022\/08\/TXTJCW-768x337.jpg 768w, https:\/\/www.berndbraun.eu\/wp-content\/uploads\/2022\/08\/TXTJCW-18x8.jpg 18w\" sizes=\"auto, (max-width: 1500px) 100vw, 1500px\" \/><\/a><figcaption class=\"wp-element-caption\">A general view of the South Pars gas field in the southern port of Assaluyeh, Iran. UPI\/Maryam Rahmanian<\/figcaption><\/figure>\n<\/figure>\n\n\n\n<p>&nbsp;&nbsp;&nbsp;&nbsp;&nbsp;&nbsp;&nbsp;&nbsp;&nbsp;&nbsp;&nbsp; R\u00e9cemment, les 20-21 f\u00e9vrier 2022, le pr\u00e9sident iranien Raisi est arriv\u00e9 \u00e0 Doha, pour une visite d'\u00e9tat<a href=\"#_ftn25\" id=\"_ftnref25\">[25]<\/a>. \u00c0 l'occasion de sa premi\u00e8re visite dans le Golfe, il signait 14 documents portant sur des accords avec les officiels qataris, en pr\u00e9sence de l'\u00e9mir<a href=\"#_ftn26\" id=\"_ftnref26\">[26]<\/a>. Enfin, il assistait au 6\u00e8me sommet du Gas Exporting Countries Forum (GECF), qui s'est tenu cette ann\u00e9e dans la capitale qatarie<a href=\"#_ftn27\" id=\"_ftnref27\">[27]<\/a>. Outre sur l'\u00e9nergie, les accords irano-qataris sont avant tout centr\u00e9s sur le commerce et l'\u00e9conomie, ainsi que la culture, l'\u00e9ducation et les infrastructures<a href=\"#_ftn28\" id=\"_ftnref28\">[28]<\/a>.<\/p>\n\n\n\n<figure class=\"wp-block-gallery aligncenter has-nested-images columns-default is-cropped wp-block-gallery-4 is-layout-flex wp-block-gallery-is-layout-flex\">\n<figure class=\"wp-block-image size-large\"><a href=\"https:\/\/www.berndbraun.eu\/wp-content\/uploads\/2022\/08\/2HPH6HT.jpg\"><img loading=\"lazy\" decoding=\"async\" width=\"1024\" height=\"682\" data-id=\"1334\" src=\"https:\/\/www.berndbraun.eu\/wp-content\/uploads\/2022\/08\/2HPH6HT-1024x682.jpg\" alt=\"\" class=\"wp-image-1334\" srcset=\"https:\/\/www.berndbraun.eu\/wp-content\/uploads\/2022\/08\/2HPH6HT-1024x682.jpg 1024w, https:\/\/www.berndbraun.eu\/wp-content\/uploads\/2022\/08\/2HPH6HT-300x200.jpg 300w, https:\/\/www.berndbraun.eu\/wp-content\/uploads\/2022\/08\/2HPH6HT-768x512.jpg 768w, https:\/\/www.berndbraun.eu\/wp-content\/uploads\/2022\/08\/2HPH6HT-18x12.jpg 18w, https:\/\/www.berndbraun.eu\/wp-content\/uploads\/2022\/08\/2HPH6HT.jpg 1358w\" sizes=\"auto, (max-width: 1024px) 100vw, 1024px\" \/><\/a><figcaption class=\"wp-element-caption\">Iranian presidential office shows, Qatar Emir Sheikh TAMIM BIN HAMAD AL THANI (R) welcoming Iranian president EBRAHIM RAISI (L) in Doha, Qatar, 21 February 2022. Credit Image: \u00a9 Iranian Presidency via ZUMA Press Wire<\/figcaption><\/figure>\n\n\n\n<figure class=\"wp-block-image size-large\"><a href=\"https:\/\/www.berndbraun.eu\/wp-content\/uploads\/2022\/08\/2HPK0RF.jpg\"><img loading=\"lazy\" decoding=\"async\" width=\"1024\" height=\"682\" data-id=\"1335\" src=\"https:\/\/www.berndbraun.eu\/wp-content\/uploads\/2022\/08\/2HPK0RF-1024x682.jpg\" alt=\"\" class=\"wp-image-1335\" srcset=\"https:\/\/www.berndbraun.eu\/wp-content\/uploads\/2022\/08\/2HPK0RF-1024x682.jpg 1024w, https:\/\/www.berndbraun.eu\/wp-content\/uploads\/2022\/08\/2HPK0RF-300x200.jpg 300w, https:\/\/www.berndbraun.eu\/wp-content\/uploads\/2022\/08\/2HPK0RF-768x512.jpg 768w, https:\/\/www.berndbraun.eu\/wp-content\/uploads\/2022\/08\/2HPK0RF-1536x1023.jpg 1536w, https:\/\/www.berndbraun.eu\/wp-content\/uploads\/2022\/08\/2HPK0RF-18x12.jpg 18w, https:\/\/www.berndbraun.eu\/wp-content\/uploads\/2022\/08\/2HPK0RF.jpg 1717w\" sizes=\"auto, (max-width: 1024px) 100vw, 1024px\" \/><\/a><figcaption class=\"wp-element-caption\">Qatar's Emir Sheikh TAMIM BIN HAMAD AL THANI and Iran's President EBRAHIM RAISI, attend the final session of the Gas Exporting Countries Forum (GECF) summit in Doha on February 22, 2022. Credit Image: \u00a9 Iranian Presidency via ZUMA Press Wire<\/figcaption><\/figure>\n<\/figure>\n\n\n\n<p>&nbsp;&nbsp;&nbsp;&nbsp;&nbsp;&nbsp;&nbsp;&nbsp;&nbsp;&nbsp;&nbsp; Les enjeux actuels de l'alliance Iran-Turquie-Qatar sont multiples, en raison de la diversit\u00e9 des relations ext\u00e9rieures de ces trois acteurs r\u00e9gionaux. D'abord, la Turquie est dans l'OTAN et comme le Qatar, dispose des bases militaires am\u00e9ricaines, \u00e0 Izmir et \u00e0 Incirlik. Or, l'Iran a des liens militaires avec la Russie et la Chine, et soutient le r\u00e9gime syrien d'Al Assad<a href=\"#_ftn29\" id=\"_ftnref29\">[29]<\/a>. M\u00eame dans le conflit ukrainien, l'Iran et la Russie se sont mis d'accord concernant la livraison d'armements (drones) ainsi que sur le gaz et p\u00e9trole<a href=\"#_ftn30\" id=\"_ftnref30\">[30]<\/a>. De son c\u00f4t\u00e9, la Turquie a livr\u00e9 des drones Bayraktar \u00e0 l'Ukraine<a href=\"#_ftn31\" id=\"_ftnref31\">[31]<\/a>. Quant au Qatar, il a juste \u00ab appel\u00e9 toutes les parties \u00e0 faire preuve de retenue et \u00e0 r\u00e9soudre la crise par des moyens diplomatiques&nbsp;\u00bb<a href=\"#_ftn32\" id=\"_ftnref32\"><sup>[32]<\/sup><\/a>. Il peut n\u00e9anmoins devenir une source alternative au gaz russe pour l'Europe<a href=\"#_ftn33\" id=\"_ftnref33\">[33]<\/a>.<\/p>\n\n\n\n<figure class=\"wp-block-gallery aligncenter has-nested-images columns-default is-cropped wp-block-gallery-5 is-layout-flex wp-block-gallery-is-layout-flex\">\n<figure class=\"wp-block-image size-large\"><a href=\"https:\/\/www.berndbraun.eu\/wp-content\/uploads\/2022\/08\/2JFJ9WJ.jpg\"><img loading=\"lazy\" decoding=\"async\" width=\"1024\" height=\"681\" data-id=\"1333\" src=\"https:\/\/www.berndbraun.eu\/wp-content\/uploads\/2022\/08\/2JFJ9WJ-1024x681.jpg\" alt=\"\" class=\"wp-image-1333\" srcset=\"https:\/\/www.berndbraun.eu\/wp-content\/uploads\/2022\/08\/2JFJ9WJ-1024x681.jpg 1024w, https:\/\/www.berndbraun.eu\/wp-content\/uploads\/2022\/08\/2JFJ9WJ-300x200.jpg 300w, https:\/\/www.berndbraun.eu\/wp-content\/uploads\/2022\/08\/2JFJ9WJ-768x511.jpg 768w, https:\/\/www.berndbraun.eu\/wp-content\/uploads\/2022\/08\/2JFJ9WJ-18x12.jpg 18w, https:\/\/www.berndbraun.eu\/wp-content\/uploads\/2022\/08\/2JFJ9WJ.jpg 1407w\" sizes=\"auto, (max-width: 1024px) 100vw, 1024px\" \/><\/a><figcaption class=\"wp-element-caption\">The Baykar Bayraktar Akinci Unmanned Combat Aerial Vehicle (UCAV) of the Turkish Air Force<\/figcaption><\/figure>\n<\/figure>\n\n\n\n<figure class=\"wp-block-gallery aligncenter has-nested-images columns-default is-cropped wp-block-gallery-6 is-layout-flex wp-block-gallery-is-layout-flex\">\n<figure class=\"wp-block-image size-large\"><a href=\"https:\/\/www.berndbraun.eu\/wp-content\/uploads\/2022\/08\/AdobeStock_96507665-scaled.jpeg\"><img loading=\"lazy\" decoding=\"async\" width=\"796\" height=\"1024\" data-id=\"1331\" src=\"https:\/\/www.berndbraun.eu\/wp-content\/uploads\/2022\/08\/AdobeStock_96507665-796x1024.jpeg\" alt=\"\" class=\"wp-image-1331\" srcset=\"https:\/\/www.berndbraun.eu\/wp-content\/uploads\/2022\/08\/AdobeStock_96507665-796x1024.jpeg 796w, https:\/\/www.berndbraun.eu\/wp-content\/uploads\/2022\/08\/AdobeStock_96507665-233x300.jpeg 233w, https:\/\/www.berndbraun.eu\/wp-content\/uploads\/2022\/08\/AdobeStock_96507665-768x988.jpeg 768w, https:\/\/www.berndbraun.eu\/wp-content\/uploads\/2022\/08\/AdobeStock_96507665-1194x1536.jpeg 1194w, https:\/\/www.berndbraun.eu\/wp-content\/uploads\/2022\/08\/AdobeStock_96507665-1592x2048.jpeg 1592w, https:\/\/www.berndbraun.eu\/wp-content\/uploads\/2022\/08\/AdobeStock_96507665-9x12.jpeg 9w, https:\/\/www.berndbraun.eu\/wp-content\/uploads\/2022\/08\/AdobeStock_96507665-scaled.jpeg 1991w\" sizes=\"auto, (max-width: 796px) 100vw, 796px\" \/><\/a><\/figure>\n<\/figure>\n\n\n\n<p><\/p>\n\n\n\n<p><\/p>\n\n\n\n<div style=\"height:50px\" aria-hidden=\"true\" class=\"wp-block-spacer\"><\/div>\n\n\n\n<p class=\"has-text-align-center has-cyan-bluish-gray-color has-text-color has-small-font-size\">\u00a9 2022 Tous droits r\u00e9serv\u00e9s par BRAUN<\/p>\n","protected":false},"excerpt":{"rendered":"<p>&nbsp;&nbsp;&nbsp;&nbsp;&nbsp;&nbsp;&nbsp;&nbsp;&nbsp;&nbsp;&nbsp; Malgr\u00e9 la fin de l'embargo saoudien de 2017-2021, les relations Doha-T\u00e9h\u00e9ran se sont maintenues et approfondies. Il en est de m\u00eame pour celles entre Doha et Ankara[1]. &nbsp;&nbsp;&nbsp;&nbsp;&nbsp;&nbsp;&nbsp;&nbsp;&nbsp;&nbsp;&nbsp; Dans le cas de la Turquie, Ankara a \u00e9largi la capacit\u00e9 de sa base militaire \u00e0 Doha et y a d\u00e9ploy\u00e9 plus de&nbsp;5 000 soldats[2]. Plusieurs [&hellip;]<\/p>\n","protected":false},"author":3,"featured_media":1328,"comment_status":"open","ping_status":"open","sticky":false,"template":"","format":"standard","meta":{"footnotes":""},"categories":[5],"tags":[],"type-darticle":[24],"class_list":["post-1327","post","type-post","status-publish","format-standard","has-post-thumbnail","hentry","category-politics","type-darticle-video"],"yoast_head":"<!-- This site is optimized with the Yoast SEO Premium plugin v21.4 (Yoast SEO v27.2) - https:\/\/yoast.com\/product\/yoast-seo-premium-wordpress\/ -->\n<title>Bernd Braun - Relation Qatar-Iran-Turquie : un trio d&#039;acteurs r\u00e9gionaux<\/title>\n<meta name=\"robots\" content=\"index, follow, max-snippet:-1, max-image-preview:large, max-video-preview:-1\" \/>\n<link rel=\"canonical\" href=\"https:\/\/www.berndbraun.eu\/hu\/relation-qatar-iran-turquie-un-trio-dacteurs-regionaux\/\" \/>\n<meta property=\"og:locale\" content=\"hu_HU\" \/>\n<meta property=\"og:type\" content=\"article\" \/>\n<meta property=\"og:title\" content=\"Relation Qatar-Iran-Turquie : un trio d&#039;acteurs r\u00e9gionaux\" \/>\n<meta property=\"og:description\" content=\"&nbsp;&nbsp;&nbsp;&nbsp;&nbsp;&nbsp;&nbsp;&nbsp;&nbsp;&nbsp;&nbsp; Malgr\u00e9 la fin de l&#039;embargo saoudien de 2017-2021, les relations Doha-T\u00e9h\u00e9ran se sont maintenues et approfondies. Il en est de m\u00eame pour celles entre Doha et Ankara[1]. &nbsp;&nbsp;&nbsp;&nbsp;&nbsp;&nbsp;&nbsp;&nbsp;&nbsp;&nbsp;&nbsp; Dans le cas de la Turquie, Ankara a \u00e9largi la capacit\u00e9 de sa base militaire \u00e0 Doha et y a d\u00e9ploy\u00e9 plus de&nbsp;5 000 soldats[2]. Plusieurs [&hellip;]\" \/>\n<meta property=\"og:url\" content=\"https:\/\/www.berndbraun.eu\/hu\/relation-qatar-iran-turquie-un-trio-dacteurs-regionaux\/\" \/>\n<meta property=\"og:site_name\" content=\"Bernd Braun\" \/>\n<meta property=\"article:published_time\" content=\"2022-06-24T17:54:26+00:00\" \/>\n<meta property=\"article:modified_time\" content=\"2022-11-16T23:23:27+00:00\" \/>\n<meta property=\"og:image\" content=\"https:\/\/www.berndbraun.eu\/wp-content\/uploads\/2022\/08\/dreamstime_m_158225103-1024x683.jpg\" \/>\n\t<meta property=\"og:image:width\" content=\"1024\" \/>\n\t<meta property=\"og:image:height\" content=\"683\" \/>\n\t<meta property=\"og:image:type\" content=\"image\/jpeg\" \/>\n<meta name=\"author\" content=\"Bernd\" \/>\n<meta name=\"twitter:card\" content=\"summary_large_image\" \/>\n<meta name=\"twitter:label1\" content=\"Szerz\u0151:\" \/>\n\t<meta name=\"twitter:data1\" content=\"Bernd\" \/>\n\t<meta name=\"twitter:label2\" content=\"Becs\u00fclt olvas\u00e1si id\u0151\" \/>\n\t<meta name=\"twitter:data2\" content=\"7 perc\" \/>\n<script type=\"application\/ld+json\" class=\"yoast-schema-graph\">{\"@context\":\"https:\/\/schema.org\",\"@graph\":[{\"@type\":\"Article\",\"@id\":\"https:\/\/www.berndbraun.eu\/relation-qatar-iran-turquie-un-trio-dacteurs-regionaux\/#article\",\"isPartOf\":{\"@id\":\"https:\/\/www.berndbraun.eu\/relation-qatar-iran-turquie-un-trio-dacteurs-regionaux\/\"},\"author\":{\"name\":\"Bernd\",\"@id\":\"https:\/\/www.berndbraun.eu\/#\/schema\/person\/a64c4c08b6a8c9f8fe9be655928070ca\"},\"headline\":\"Relation Qatar-Iran-Turquie : un trio d'acteurs r\u00e9gionaux\",\"datePublished\":\"2022-06-24T17:54:26+00:00\",\"dateModified\":\"2022-11-16T23:23:27+00:00\",\"mainEntityOfPage\":{\"@id\":\"https:\/\/www.berndbraun.eu\/relation-qatar-iran-turquie-un-trio-dacteurs-regionaux\/\"},\"wordCount\":1249,\"commentCount\":0,\"image\":{\"@id\":\"https:\/\/www.berndbraun.eu\/relation-qatar-iran-turquie-un-trio-dacteurs-regionaux\/#primaryimage\"},\"thumbnailUrl\":\"https:\/\/www.berndbraun.eu\/wp-content\/uploads\/2022\/08\/dreamstime_m_158225103.jpg\",\"articleSection\":[\"Politics\"],\"inLanguage\":\"hu\",\"potentialAction\":[{\"@type\":\"CommentAction\",\"name\":\"Comment\",\"target\":[\"https:\/\/www.berndbraun.eu\/relation-qatar-iran-turquie-un-trio-dacteurs-regionaux\/#respond\"]}]},{\"@type\":\"WebPage\",\"@id\":\"https:\/\/www.berndbraun.eu\/relation-qatar-iran-turquie-un-trio-dacteurs-regionaux\/\",\"url\":\"https:\/\/www.berndbraun.eu\/relation-qatar-iran-turquie-un-trio-dacteurs-regionaux\/\",\"name\":\"Bernd Braun - Relation Qatar-Iran-Turquie : un trio d'acteurs r\u00e9gionaux\",\"isPartOf\":{\"@id\":\"https:\/\/www.berndbraun.eu\/#website\"},\"primaryImageOfPage\":{\"@id\":\"https:\/\/www.berndbraun.eu\/relation-qatar-iran-turquie-un-trio-dacteurs-regionaux\/#primaryimage\"},\"image\":{\"@id\":\"https:\/\/www.berndbraun.eu\/relation-qatar-iran-turquie-un-trio-dacteurs-regionaux\/#primaryimage\"},\"thumbnailUrl\":\"https:\/\/www.berndbraun.eu\/wp-content\/uploads\/2022\/08\/dreamstime_m_158225103.jpg\",\"datePublished\":\"2022-06-24T17:54:26+00:00\",\"dateModified\":\"2022-11-16T23:23:27+00:00\",\"author\":{\"@id\":\"https:\/\/www.berndbraun.eu\/#\/schema\/person\/a64c4c08b6a8c9f8fe9be655928070ca\"},\"breadcrumb\":{\"@id\":\"https:\/\/www.berndbraun.eu\/relation-qatar-iran-turquie-un-trio-dacteurs-regionaux\/#breadcrumb\"},\"inLanguage\":\"hu\",\"potentialAction\":[{\"@type\":\"ReadAction\",\"target\":[\"https:\/\/www.berndbraun.eu\/relation-qatar-iran-turquie-un-trio-dacteurs-regionaux\/\"]}]},{\"@type\":\"ImageObject\",\"inLanguage\":\"hu\",\"@id\":\"https:\/\/www.berndbraun.eu\/relation-qatar-iran-turquie-un-trio-dacteurs-regionaux\/#primaryimage\",\"url\":\"https:\/\/www.berndbraun.eu\/wp-content\/uploads\/2022\/08\/dreamstime_m_158225103.jpg\",\"contentUrl\":\"https:\/\/www.berndbraun.eu\/wp-content\/uploads\/2022\/08\/dreamstime_m_158225103.jpg\",\"width\":2121,\"height\":1414},{\"@type\":\"BreadcrumbList\",\"@id\":\"https:\/\/www.berndbraun.eu\/relation-qatar-iran-turquie-un-trio-dacteurs-regionaux\/#breadcrumb\",\"itemListElement\":[{\"@type\":\"ListItem\",\"position\":1,\"name\":\"Accueil\",\"item\":\"https:\/\/www.berndbraun.eu\/\"},{\"@type\":\"ListItem\",\"position\":2,\"name\":\"Relation Qatar-Iran-Turquie : un trio d'acteurs r\u00e9gionaux\"}]},{\"@type\":\"WebSite\",\"@id\":\"https:\/\/www.berndbraun.eu\/#website\",\"url\":\"https:\/\/www.berndbraun.eu\/\",\"name\":\"Bernd Braun\",\"description\":\"\",\"potentialAction\":[{\"@type\":\"SearchAction\",\"target\":{\"@type\":\"EntryPoint\",\"urlTemplate\":\"https:\/\/www.berndbraun.eu\/?s={search_term_string}\"},\"query-input\":{\"@type\":\"PropertyValueSpecification\",\"valueRequired\":true,\"valueName\":\"search_term_string\"}}],\"inLanguage\":\"hu\"},{\"@type\":\"Person\",\"@id\":\"https:\/\/www.berndbraun.eu\/#\/schema\/person\/a64c4c08b6a8c9f8fe9be655928070ca\",\"name\":\"Bernd\",\"image\":{\"@type\":\"ImageObject\",\"inLanguage\":\"hu\",\"@id\":\"https:\/\/secure.gravatar.com\/avatar\/e51d7b18a7c2fb10dd367a4bab68ef5a6d1736ae3537a0fd211df170b00b15af?s=96&d=mm&r=g\",\"url\":\"https:\/\/secure.gravatar.com\/avatar\/e51d7b18a7c2fb10dd367a4bab68ef5a6d1736ae3537a0fd211df170b00b15af?s=96&d=mm&r=g\",\"contentUrl\":\"https:\/\/secure.gravatar.com\/avatar\/e51d7b18a7c2fb10dd367a4bab68ef5a6d1736ae3537a0fd211df170b00b15af?s=96&d=mm&r=g\",\"caption\":\"Bernd\"},\"url\":\"https:\/\/www.berndbraun.eu\/hu\/author\/bernd\/\"}]}<\/script>\n<!-- \/ Yoast SEO Premium plugin. -->","yoast_head_json":{"title":"Bernd Braun - Katar-Ir\u00e1n-T\u00f6r\u00f6korsz\u00e1g kapcsolat: a region\u00e1lis szerepl\u0151k h\u00e1rmasa","robots":{"index":"index","follow":"follow","max-snippet":"max-snippet:-1","max-image-preview":"max-image-preview:large","max-video-preview":"max-video-preview:-1"},"canonical":"https:\/\/www.berndbraun.eu\/hu\/relation-qatar-iran-turquie-un-trio-dacteurs-regionaux\/","og_locale":"hu_HU","og_type":"article","og_title":"Relation Qatar-Iran-Turquie : un trio d'acteurs r\u00e9gionaux","og_description":"&nbsp;&nbsp;&nbsp;&nbsp;&nbsp;&nbsp;&nbsp;&nbsp;&nbsp;&nbsp;&nbsp; Malgr\u00e9 la fin de l'embargo saoudien de 2017-2021, les relations Doha-T\u00e9h\u00e9ran se sont maintenues et approfondies. Il en est de m\u00eame pour celles entre Doha et Ankara[1]. &nbsp;&nbsp;&nbsp;&nbsp;&nbsp;&nbsp;&nbsp;&nbsp;&nbsp;&nbsp;&nbsp; Dans le cas de la Turquie, Ankara a \u00e9largi la capacit\u00e9 de sa base militaire \u00e0 Doha et y a d\u00e9ploy\u00e9 plus de&nbsp;5 000 soldats[2]. Plusieurs [&hellip;]","og_url":"https:\/\/www.berndbraun.eu\/hu\/relation-qatar-iran-turquie-un-trio-dacteurs-regionaux\/","og_site_name":"Bernd Braun","article_published_time":"2022-06-24T17:54:26+00:00","article_modified_time":"2022-11-16T23:23:27+00:00","og_image":[{"width":1024,"height":683,"url":"https:\/\/www.berndbraun.eu\/wp-content\/uploads\/2022\/08\/dreamstime_m_158225103-1024x683.jpg","type":"image\/jpeg"}],"author":"Bernd","twitter_card":"summary_large_image","twitter_misc":{"Szerz\u0151:":"Bernd","Becs\u00fclt olvas\u00e1si id\u0151":"7 perc"},"schema":{"@context":"https:\/\/schema.org","@graph":[{"@type":"Article","@id":"https:\/\/www.berndbraun.eu\/relation-qatar-iran-turquie-un-trio-dacteurs-regionaux\/#article","isPartOf":{"@id":"https:\/\/www.berndbraun.eu\/relation-qatar-iran-turquie-un-trio-dacteurs-regionaux\/"},"author":{"name":"Bernd","@id":"https:\/\/www.berndbraun.eu\/#\/schema\/person\/a64c4c08b6a8c9f8fe9be655928070ca"},"headline":"Relation Qatar-Iran-Turquie : un trio d'acteurs r\u00e9gionaux","datePublished":"2022-06-24T17:54:26+00:00","dateModified":"2022-11-16T23:23:27+00:00","mainEntityOfPage":{"@id":"https:\/\/www.berndbraun.eu\/relation-qatar-iran-turquie-un-trio-dacteurs-regionaux\/"},"wordCount":1249,"commentCount":0,"image":{"@id":"https:\/\/www.berndbraun.eu\/relation-qatar-iran-turquie-un-trio-dacteurs-regionaux\/#primaryimage"},"thumbnailUrl":"https:\/\/www.berndbraun.eu\/wp-content\/uploads\/2022\/08\/dreamstime_m_158225103.jpg","articleSection":["Politics"],"inLanguage":"hu","potentialAction":[{"@type":"CommentAction","name":"Comment","target":["https:\/\/www.berndbraun.eu\/relation-qatar-iran-turquie-un-trio-dacteurs-regionaux\/#respond"]}]},{"@type":"WebPage","@id":"https:\/\/www.berndbraun.eu\/relation-qatar-iran-turquie-un-trio-dacteurs-regionaux\/","url":"https:\/\/www.berndbraun.eu\/relation-qatar-iran-turquie-un-trio-dacteurs-regionaux\/","name":"Bernd Braun - Katar-Ir\u00e1n-T\u00f6r\u00f6korsz\u00e1g kapcsolat: a region\u00e1lis szerepl\u0151k h\u00e1rmasa","isPartOf":{"@id":"https:\/\/www.berndbraun.eu\/#website"},"primaryImageOfPage":{"@id":"https:\/\/www.berndbraun.eu\/relation-qatar-iran-turquie-un-trio-dacteurs-regionaux\/#primaryimage"},"image":{"@id":"https:\/\/www.berndbraun.eu\/relation-qatar-iran-turquie-un-trio-dacteurs-regionaux\/#primaryimage"},"thumbnailUrl":"https:\/\/www.berndbraun.eu\/wp-content\/uploads\/2022\/08\/dreamstime_m_158225103.jpg","datePublished":"2022-06-24T17:54:26+00:00","dateModified":"2022-11-16T23:23:27+00:00","author":{"@id":"https:\/\/www.berndbraun.eu\/#\/schema\/person\/a64c4c08b6a8c9f8fe9be655928070ca"},"breadcrumb":{"@id":"https:\/\/www.berndbraun.eu\/relation-qatar-iran-turquie-un-trio-dacteurs-regionaux\/#breadcrumb"},"inLanguage":"hu","potentialAction":[{"@type":"ReadAction","target":["https:\/\/www.berndbraun.eu\/relation-qatar-iran-turquie-un-trio-dacteurs-regionaux\/"]}]},{"@type":"ImageObject","inLanguage":"hu","@id":"https:\/\/www.berndbraun.eu\/relation-qatar-iran-turquie-un-trio-dacteurs-regionaux\/#primaryimage","url":"https:\/\/www.berndbraun.eu\/wp-content\/uploads\/2022\/08\/dreamstime_m_158225103.jpg","contentUrl":"https:\/\/www.berndbraun.eu\/wp-content\/uploads\/2022\/08\/dreamstime_m_158225103.jpg","width":2121,"height":1414},{"@type":"BreadcrumbList","@id":"https:\/\/www.berndbraun.eu\/relation-qatar-iran-turquie-un-trio-dacteurs-regionaux\/#breadcrumb","itemListElement":[{"@type":"ListItem","position":1,"name":"Accueil","item":"https:\/\/www.berndbraun.eu\/"},{"@type":"ListItem","position":2,"name":"Relation Qatar-Iran-Turquie : un trio d'acteurs r\u00e9gionaux"}]},{"@type":"WebSite","@id":"https:\/\/www.berndbraun.eu\/#website","url":"https:\/\/www.berndbraun.eu\/","name":"Bernd Braun","description":"","potentialAction":[{"@type":"SearchAction","target":{"@type":"EntryPoint","urlTemplate":"https:\/\/www.berndbraun.eu\/?s={search_term_string}"},"query-input":{"@type":"PropertyValueSpecification","valueRequired":true,"valueName":"search_term_string"}}],"inLanguage":"hu"},{"@type":"Person","@id":"https:\/\/www.berndbraun.eu\/#\/schema\/person\/a64c4c08b6a8c9f8fe9be655928070ca","name":"Bernd","image":{"@type":"ImageObject","inLanguage":"hu","@id":"https:\/\/secure.gravatar.com\/avatar\/e51d7b18a7c2fb10dd367a4bab68ef5a6d1736ae3537a0fd211df170b00b15af?s=96&d=mm&r=g","url":"https:\/\/secure.gravatar.com\/avatar\/e51d7b18a7c2fb10dd367a4bab68ef5a6d1736ae3537a0fd211df170b00b15af?s=96&d=mm&r=g","contentUrl":"https:\/\/secure.gravatar.com\/avatar\/e51d7b18a7c2fb10dd367a4bab68ef5a6d1736ae3537a0fd211df170b00b15af?s=96&d=mm&r=g","caption":"Bernd"},"url":"https:\/\/www.berndbraun.eu\/hu\/author\/bernd\/"}]}},"_links":{"self":[{"href":"https:\/\/www.berndbraun.eu\/hu\/wp-json\/wp\/v2\/posts\/1327","targetHints":{"allow":["GET"]}}],"collection":[{"href":"https:\/\/www.berndbraun.eu\/hu\/wp-json\/wp\/v2\/posts"}],"about":[{"href":"https:\/\/www.berndbraun.eu\/hu\/wp-json\/wp\/v2\/types\/post"}],"author":[{"embeddable":true,"href":"https:\/\/www.berndbraun.eu\/hu\/wp-json\/wp\/v2\/users\/3"}],"replies":[{"embeddable":true,"href":"https:\/\/www.berndbraun.eu\/hu\/wp-json\/wp\/v2\/comments?post=1327"}],"version-history":[{"count":16,"href":"https:\/\/www.berndbraun.eu\/hu\/wp-json\/wp\/v2\/posts\/1327\/revisions"}],"predecessor-version":[{"id":1551,"href":"https:\/\/www.berndbraun.eu\/hu\/wp-json\/wp\/v2\/posts\/1327\/revisions\/1551"}],"wp:featuredmedia":[{"embeddable":true,"href":"https:\/\/www.berndbraun.eu\/hu\/wp-json\/wp\/v2\/media\/1328"}],"wp:attachment":[{"href":"https:\/\/www.berndbraun.eu\/hu\/wp-json\/wp\/v2\/media?parent=1327"}],"wp:term":[{"taxonomy":"category","embeddable":true,"href":"https:\/\/www.berndbraun.eu\/hu\/wp-json\/wp\/v2\/categories?post=1327"},{"taxonomy":"post_tag","embeddable":true,"href":"https:\/\/www.berndbraun.eu\/hu\/wp-json\/wp\/v2\/tags?post=1327"},{"taxonomy":"type-darticle","embeddable":true,"href":"https:\/\/www.berndbraun.eu\/hu\/wp-json\/wp\/v2\/type-darticle?post=1327"}],"curies":[{"name":"wp","href":"https:\/\/api.w.org\/{rel}","templated":true}]}}