{"id":1383,"date":"2022-09-01T18:01:40","date_gmt":"2022-09-01T16:01:40","guid":{"rendered":"https:\/\/www.berndbraun.eu\/?p=1383"},"modified":"2022-11-17T01:18:24","modified_gmt":"2022-11-16T23:18:24","slug":"the-upcoming-italian-elections-the-players-the-favorites-the-outsiders","status":"publish","type":"post","link":"https:\/\/www.berndbraun.eu\/hu\/the-upcoming-italian-elections-the-players-the-favorites-the-outsiders\/","title":{"rendered":"K\u00f6vetkez\u0151 Olasz v\u00e1laszt\u00e1sok: a szerepl\u0151k, a favoritok \u00e9s a k\u00edv\u00fcl\u00e1ll\u00f3k"},"content":{"rendered":"<p>&nbsp;&nbsp;&nbsp;&nbsp;&nbsp;&nbsp;&nbsp;&nbsp;&nbsp;&nbsp;&nbsp; Az olaszok szeptember 25-\u00e9n j\u00e1rulnak az urn\u00e1khoz, hogy \u00faj korm\u00e1nyt v\u00e1lasszanak, miut\u00e1n a ny\u00e1r k\u00f6zep\u00e9n el\u0151rehozott v\u00e1laszt\u00e1sokat \u00edrtak ki. Olaszorsz\u00e1gban nem ritka a politikai z\u0171rzavar, \u00e9s m\u00e9g Mario Draghi sem tudta t\u00fal\u00e9lni az instabil olasz politikai sz\u00ednteret.<\/p>\n\n\n\n<div style=\"height:1px\" aria-hidden=\"true\" class=\"wp-block-spacer\"><\/div>\n\n\n\n<p class=\"has-white-color has-vivid-red-background-color has-text-color has-background\"><strong>Mario Draghi buk\u00e1sa<\/strong><br><br>&nbsp;&nbsp;&nbsp;&nbsp;&nbsp;&nbsp;&nbsp;&nbsp;&nbsp;&nbsp;&nbsp; Draghi egy nemzeti egys\u00e9gkorm\u00e1nyt vezetett, amely l\u00e9nyeg\u00e9ben a Giorgia Meloni vezette Fratelli d'Italia (ECR) kiv\u00e9tel\u00e9vel minden nagyobb parlamenti p\u00e1rtot mag\u00e1ban foglalt. A minisztereln\u00f6k elvesztette t\u00f6bbs\u00e9g\u00e9t, miut\u00e1n Giuseppe Conte, az 5 Csillag Mozgalom (NI) vezet\u0151je v\u00e1ls\u00e1got ind\u00edtott el, miut\u00e1n azzal fenyeget\u0151z\u00f6tt, hogy kil\u00e9p a korm\u00e1nyb\u00f3l, hacsak nem veszik napirendre az 5 Csillag politik\u00e1j\u00e1t. Ezt k\u00f6vet\u0151en Mario Draghinak besz\u00e9det kellett mondania a Parlament el\u0151tt a folyamatban l\u00e9v\u0151 v\u00e1ls\u00e1ggal kapcsolatban. Besz\u00e9de csal\u00f3d\u00e1st okozott k\u00e9t m\u00e1sik t\u00f6bbs\u00e9gi p\u00e1rtnak, a Forza Itali\u00e1nak (EPP) \u00e9s a Leg\u00e1nak (ID), amelyeknek panaszaik voltak Draghi besz\u00e9d\u00e9nek egyes r\u00e9szeivel kapcsolatban. A Lega \u00e9s a Forza Italia teh\u00e1t azt javasolta, hogy Draghi tov\u00e1bbra is korm\u00e1nyf\u0151 legyen, de cser\u00e9be biztos\u00edt\u00e9kot k\u00e9rtek arra, hogy az 5 Csillag nem ker\u00fcl be az \u00faj t\u00f6bbs\u00e9gbe. Nem sz\u00fcletett meg\u00e1llapod\u00e1s, \u00e9s ennek eredm\u00e9nyek\u00e9nt a korm\u00e1ny v\u00e9g\u00fcl megbukott.<\/p>\n\n\n\n<p><br><strong>A j\u00e1t\u00e9kosok<\/strong><br><br>&nbsp;&nbsp;&nbsp;&nbsp;&nbsp;&nbsp;&nbsp;&nbsp;&nbsp;&nbsp;&nbsp; Draghi buk\u00e1s\u00e1t k\u00f6vet\u0151en a p\u00e1rtok igyekeztek sz\u00f6vets\u00e9geket \u00e9s koal\u00edci\u00f3kat k\u00f6tni a k\u00f6zelg\u0151 v\u00e1laszt\u00e1sokra. K\u00e9t liber\u00e1lis p\u00e1rt (Azione \u00e9s +Europa, Renew Europe) \u00e9s a szocialist\u00e1k (PD + kisebb p\u00e1rtok, S&amp;D) nagyon k\u00f6zel \u00e1lltak ahhoz, hogy koal\u00edci\u00f3t k\u00f6ssenek, hogy es\u00e9ly\u00fck legyen a jobbk\u00f6z\u00e9p blokk kih\u00edv\u00f3ja lenni, \u00e9s m\u00e9g hivatalos meg\u00e1llapod\u00e1st is al\u00e1\u00edrtak egy k\u00f6z\u00f6s koal\u00edci\u00f3r\u00f3l. Nem sokkal k\u00e9s\u0151bb a Carlo Calenda vezette Azione liber\u00e1lisai felbontott\u00e1k a koal\u00edci\u00f3t, m\u00edg a +Europa a marad\u00e1s mellett d\u00f6nt\u00f6tt. A szakad\u00e1st k\u00f6vet\u0151en az Azione sz\u00f6vets\u00e9get k\u00f6t\u00f6tt a Matteo Renzi volt minisztereln\u00f6k \u00e1ltal vezetett Italia Viva (RE) p\u00e1rttal.<br><br>&nbsp;&nbsp;&nbsp;&nbsp;&nbsp;&nbsp;&nbsp;&nbsp;&nbsp;&nbsp;&nbsp; A PD (S&amp;D) k\u00e9s\u0151bb \u00fagy d\u00f6nt\u00f6tt, hogy n\u00e9h\u00e1ny kisebb sz\u00e9ls\u0151baloldali p\u00e1rtot is bevesz a koal\u00edci\u00f3j\u00e1ba, m\u00e9g ink\u00e1bb a baloldalra poz\u00edcion\u00e1lva mag\u00e1t, megk\u00f6nny\u00edtve ezzel a liber\u00e1lis koal\u00edci\u00f3 sz\u00e1m\u00e1ra, hogy a k\u00f6z\u00e9ps\u0151\/k\u00f6z\u00e9ps\u0151 p\u00e1rtok szavazatait felem\u00e9ssze. A PD h\u00e1rom \"pill\u00e9rre\" \u00f6sszpontos\u00edt\u00f3 programot mutatott be a v\u00e1laszt\u00f3knak: Fenntarthat\u00f3 fejl\u0151d\u00e9s, \u00f6kol\u00f3giai \u00e9s digit\u00e1lis \u00e1tmenet; munkahelyek, tud\u00e1s \u00e9s t\u00e1rsadalmi igazs\u00e1goss\u00e1g; jogok \u00e9s \u00e1llampolg\u00e1rs\u00e1g.<br><br>&nbsp;&nbsp;&nbsp;&nbsp;&nbsp;&nbsp;&nbsp;&nbsp;&nbsp;&nbsp;&nbsp; A szocialista sz\u00f6vets\u00e9gben szerepl\u0151 egyik kisebb p\u00e1rt a \"Sinistra Italiana\", amelyet Nicola Fratoianni vezet, \u00e9s amely gazdas\u00e1gi k\u00e9rd\u00e9sekben sz\u00e9ls\u0151baloldali \u00e1ll\u00e1spontj\u00e1r\u00f3l \u00e9s a NATO-val kapcsolatos szkeptikus n\u00e9zeteir\u0151l ismert (ellenezte Finnorsz\u00e1g \u00e9s Sv\u00e9dorsz\u00e1g bel\u00e9p\u00e9s\u00e9t az orosz inv\u00e1zi\u00f3t k\u00f6vet\u0151en). A Sinistra Italiana koal\u00edci\u00f3ba val\u00f3 bevon\u00e1sa minden oldalr\u00f3l kritik\u00e1t v\u00e1ltott ki a PD-vel \u00e9s annak titk\u00e1r\u00e1val, Enrico Lett\u00e1val szemben. A Sinistra Italiana a Draghi-korm\u00e1ny idej\u00e9n az ellenz\u00e9ki padsorokban \u00fclt.<\/p>\n\n\n\n<p><\/p>\n\n\n<div class=\"wp-block-image\">\n<figure class=\"aligncenter size-large is-resized\"><img loading=\"lazy\" decoding=\"async\" src=\"https:\/\/www.berndbraun.eu\/wp-content\/uploads\/2022\/08\/POLL-29-agosto-1024x580.png\" alt=\"\" class=\"wp-image-1398\" width=\"900\" height=\"435\"\/><figcaption class=\"wp-element-caption\"><br>Augusztus 29-i felm\u00e9r\u00e9s<\/figcaption><\/figure>\n<\/div>\n\n\n<p>&nbsp;&nbsp;&nbsp;&nbsp;&nbsp;&nbsp;&nbsp;&nbsp;&nbsp;&nbsp;&nbsp; Luigi di Maio, a lek\u00f6sz\u00f6n\u0151 k\u00fcl\u00fcgyminiszter m\u00e1r kor\u00e1bban, m\u00e9g a Draghi-korm\u00e1ny buk\u00e1s\u00e1t okoz\u00f3 politikai v\u00e1ls\u00e1g el\u0151tt kil\u00e9pett az 5 csillag mozgalomb\u00f3l, miut\u00e1n n\u00e9zetelt\u00e9r\u00e9sek t\u00e1madtak Giuseppe Cont\u00e9val a p\u00e1rt orosz-ukr\u00e1n konfliktussal kapcsolatos \u00e1ll\u00e1spontj\u00e1t illet\u0151en. T\u00f6bb t\u00edz 5 Csillag Parlamenti k\u00e9pvisel\u0151 k\u00f6vette Di Mai\u00f3t, \u00e9s kil\u00e9pett a mozgalomb\u00f3l. Di Maio teh\u00e1t megalap\u00edtotta az \"Impegno Civico\" nev\u0171 politikai list\u00e1t, amely a PD \u00e1ltal vezetett balk\u00f6z\u00e9p koal\u00edci\u00f3val egy\u00fctt fog indulni.<br><br>&nbsp;&nbsp;&nbsp;&nbsp;&nbsp;&nbsp;&nbsp;&nbsp;&nbsp;&nbsp;&nbsp; K\u00f6zben Giuseppe Conte meger\u0151s\u00edtette, hogy az 5 csillag mozgalom egyed\u00fcl indul a 2022-es v\u00e1laszt\u00e1sokon.<br><br>&nbsp;&nbsp;&nbsp;&nbsp;&nbsp;&nbsp;&nbsp;&nbsp;&nbsp;&nbsp;&nbsp; Ez a legjobb forgat\u00f3k\u00f6nyv a Giorgia Meloni vezette Fratelli D'Italia, Matteo Salvini Lega, Silvio Berlusconi Forza Italia (EPP) \u00e9s a Noi Moderati (EPP) centrista lista \u00e1ltal alkotott jobbk\u00f6z\u00e9p koal\u00edci\u00f3 sz\u00e1m\u00e1ra. A koal\u00edci\u00f3 folyamatosan 48% k\u00f6r\u00fcl mozog, \u00e9s a jelenlegi v\u00e1laszt\u00e1si t\u00f6rv\u00e9ny alapj\u00e1n a jobbk\u00f6z\u00e9p az el\u0151rejelz\u00e9sek szerint mindk\u00e9t kamar\u00e1ban, a kamer\u00e1ban \u00e9s a szen\u00e1tusban is t\u00f6bbs\u00e9get szerez. A jobbk\u00f6z\u00e9p koal\u00edci\u00f3nak bels\u0151 meg\u00e1llapod\u00e1sa van arr\u00f3l, hogy melyik p\u00e1rt fogja kiv\u00e1lasztani azt a nevet, akit az eln\u00f6knek javasolnak a korm\u00e1ny \u00e9l\u00e9re. A legt\u00f6bb szavazatot kap\u00f3 p\u00e1rt v\u00e1lasztja ki a nevet. A mai ar\u00e1nyok alapj\u00e1n a Fratelli d'Italia p\u00e1rtnak kellene jel\u00f6lnie a leend\u0151 minisztereln\u00f6k\u00f6t, \u00e9s val\u00f3sz\u00edn\u0171leg Giorgia Meloni lesz a jel\u00f6lt.<\/p>\n\n\n\n<figure class=\"wp-block-gallery has-nested-images columns-default is-cropped wp-block-gallery-1 is-layout-flex wp-block-gallery-is-layout-flex\">\n<figure class=\"wp-block-image size-large\"><img loading=\"lazy\" decoding=\"async\" width=\"800\" height=\"533\" data-id=\"1393\" src=\"https:\/\/www.berndbraun.eu\/wp-content\/uploads\/2022\/08\/dreamstime_s_40354951_comp.jpg\" alt=\"\" class=\"wp-image-1393\" srcset=\"https:\/\/www.berndbraun.eu\/wp-content\/uploads\/2022\/08\/dreamstime_s_40354951_comp.jpg 800w, https:\/\/www.berndbraun.eu\/wp-content\/uploads\/2022\/08\/dreamstime_s_40354951_comp-300x200.jpg 300w, https:\/\/www.berndbraun.eu\/wp-content\/uploads\/2022\/08\/dreamstime_s_40354951_comp-768x512.jpg 768w, https:\/\/www.berndbraun.eu\/wp-content\/uploads\/2022\/08\/dreamstime_s_40354951_comp-18x12.jpg 18w\" sizes=\"auto, (max-width: 800px) 100vw, 800px\" \/><figcaption class=\"wp-element-caption\"><a href=\"https:\/\/www.dreamstime.com\/photos-images\/giorgia-meloni.html\">Giorgia Meloni<\/a>&nbsp;Lupoalb68<\/figcaption><\/figure>\n\n\n\n<figure class=\"wp-block-image size-large\"><img loading=\"lazy\" decoding=\"async\" width=\"800\" height=\"533\" data-id=\"1394\" src=\"https:\/\/www.berndbraun.eu\/wp-content\/uploads\/2022\/08\/dreamstime_s_199781395_comp.jpg\" alt=\"\" class=\"wp-image-1394\" srcset=\"https:\/\/www.berndbraun.eu\/wp-content\/uploads\/2022\/08\/dreamstime_s_199781395_comp.jpg 800w, https:\/\/www.berndbraun.eu\/wp-content\/uploads\/2022\/08\/dreamstime_s_199781395_comp-300x200.jpg 300w, https:\/\/www.berndbraun.eu\/wp-content\/uploads\/2022\/08\/dreamstime_s_199781395_comp-768x512.jpg 768w, https:\/\/www.berndbraun.eu\/wp-content\/uploads\/2022\/08\/dreamstime_s_199781395_comp-18x12.jpg 18w\" sizes=\"auto, (max-width: 800px) 100vw, 800px\" \/><figcaption class=\"wp-element-caption\"><a href=\"https:\/\/www.dreamstime.com\/photos-images\/giorgia-meloni.html\">Giorgia Meloni<\/a>&nbsp;Vincenzo Izzo<\/figcaption><\/figure>\n<\/figure>\n\n\n\n<p>&nbsp;&nbsp;&nbsp;&nbsp;&nbsp;&nbsp;&nbsp;&nbsp;&nbsp;&nbsp;&nbsp; <\/p>\n\n\n\n<p><strong>A kedvencek<\/strong><br><br>&nbsp;&nbsp;&nbsp;&nbsp;&nbsp;&nbsp;&nbsp;&nbsp;&nbsp;&nbsp;&nbsp; \u00c9vek \u00f3ta ez az els\u0151 es\u00e9lye a jobbk\u00f6z\u00e9p p\u00e1rtnak, hogy visszaszerezze a hatalmat a legut\u00f3bbi korm\u00e1ny ut\u00e1n, amelyet Silvio Berlusconi vezetett a 2011-es \u00f6sszeoml\u00e1s\u00e1ig. Tizenegy \u00e9vvel k\u00e9s\u0151bb Berlusconi k\u00e9szen \u00e1ll az olasz politik\u00e1ba val\u00f3 visszat\u00e9r\u00e9sre, miut\u00e1n 2019-ben eur\u00f3pai parlamenti k\u00e9pvisel\u0151v\u00e9 v\u00e1lasztj\u00e1k.<br><br>&nbsp;&nbsp;&nbsp;&nbsp;&nbsp;&nbsp;&nbsp;&nbsp;&nbsp;&nbsp;&nbsp; M\u00edg Giorgia Meloni a minisztereln\u00f6ks\u00e9get c\u00e9lozza meg, addig Matteo Salvini a Lega kamp\u00e1ny\u00e1ban a biztons\u00e1g t\u00e9m\u00e1j\u00e1ra \u00e9s esetleges bel\u00fcgyminiszteri visszat\u00e9r\u00e9s\u00e9re \u00f6sszpontos\u00edt. Olaszorsz\u00e1g a F\u00f6ldk\u00f6zi-tengeren kereszt\u00fcl t\u00f6rt\u00e9n\u0151 illeg\u00e1lis \u00e1tkel\u00e9sek \u00e9s az embercsemp\u00e9szek egyik f\u0151 c\u00e9lpontja, \u00e9s az idei ny\u00e1r folyam\u00e1n az \u00e9rkez\u0151k sz\u00e1ma ism\u00e9t az egekbe sz\u00f6k\u00f6tt, \u00e9s el\u00e9ri az \u00f6z\u00f6nv\u00edz el\u0151tti sz\u00e1mokat.<br><br>&nbsp;&nbsp;&nbsp;&nbsp;&nbsp;&nbsp;&nbsp;&nbsp;&nbsp;&nbsp;&nbsp; A jobbk\u00f6z\u00e9p koal\u00edci\u00f3 15 pontb\u00f3l \u00e1ll\u00f3 k\u00f6z\u00f6s v\u00e1laszt\u00e1si programot terjesztett el\u0151. A kiindul\u00e1si pont Olaszorsz\u00e1g nemzetk\u00f6zi helyzet\u00e9t \u00e9rinti, amelyet \"Eur\u00f3pa, az Atlanti Sz\u00f6vets\u00e9g \u00e9s a Nyugat teljes eg\u00e9sz\u00e9ben r\u00e9szek\u00e9nt\" hat\u00e1roz meg, \u00e9s \"a nemzeti \u00e9rdekek v\u00e9delm\u00e9re \u00e9s a haza v\u00e9delm\u00e9re \u00f6sszpontos\u00edt\u00f3 k\u00fclpolitik\u00e1t\" hat\u00e1roz meg.<br><br>&nbsp;&nbsp;&nbsp;&nbsp;&nbsp;&nbsp;&nbsp;&nbsp;&nbsp;&nbsp;&nbsp; A dokumentum k\u00fcl\u00f6nb\u00f6z\u0151 t\u00e9m\u00e1kkal foglalkozik, t\u00f6bbek k\u00f6z\u00f6tt az ad\u00f3- \u00e9s igazs\u00e1g\u00fcgyi reformokkal, egyes j\u00f3l\u00e9ti k\u00e9rd\u00e9sek fel\u00fclvizsg\u00e1lat\u00e1n kereszt\u00fcl az illeg\u00e1lis bev\u00e1ndorl\u00e1s elleni k\u00fczdelemmel \u00e9s a k\u00f6rnyezetv\u00e9delemmel. A program tartalmazza tov\u00e1bb\u00e1 \"a PNRR (helyre\u00e1ll\u00edt\u00e1si terv) fel\u00fclvizsg\u00e1lat\u00e1t a megv\u00e1ltozott k\u00f6r\u00fclm\u00e9nyeknek, sz\u00fcks\u00e9gleteknek \u00e9s priorit\u00e1soknak megfelel\u0151en\", valamint az alkotm\u00e1ny reformj\u00e1ra vonatkoz\u00f3 javaslatot, amely a k\u00f6zt\u00e1rsas\u00e1gi eln\u00f6k k\u00f6zvetlen v\u00e1laszt\u00e1s\u00e1t \u00e9s a region\u00e1lis auton\u00f3mi\u00e1k n\u00f6vel\u00e9s\u00e9t eredm\u00e9nyezi.<br><\/p>\n\n\n\n<div style=\"height:9px\" aria-hidden=\"true\" class=\"wp-block-spacer\"><\/div>\n\n\n\n<p class=\"has-white-color has-text-color has-background\" style=\"background-color:#573636\"><strong>A k\u00edv\u00fcl\u00e1ll\u00f3k<\/strong><br><br>&nbsp;&nbsp;&nbsp;&nbsp;&nbsp;&nbsp;&nbsp;&nbsp;&nbsp;&nbsp;&nbsp; A Calenda-f\u00e9le Azione \u00e9s a Renzi-f\u00e9le Italia Viva \u00e1ltal alkotott liber\u00e1lis koal\u00edci\u00f3 5% k\u00f6r\u00fcl mozog (a parlamentbe jut\u00e1shoz sz\u00fcks\u00e9ges k\u00fcsz\u00f6b 3%), \u00e9s f\u0151 c\u00e9lpontja a m\u00e9rs\u00e9kelt centrista v\u00e1laszt\u00f3k. Programja progressz\u00edv pontokb\u00f3l \u00e9s pragmatikus n\u00e9zetekb\u0151l \u00e1ll olyan energetikai k\u00e9rd\u00e9sekben, mint p\u00e9ld\u00e1ul az Olaszorsz\u00e1gban a mai napig nem haszn\u00e1lt atomenergia haszn\u00e1lat\u00e1nak sz\u00fcks\u00e9gess\u00e9ge.<br><br>&nbsp;&nbsp;&nbsp;&nbsp;&nbsp;&nbsp;&nbsp;&nbsp;&nbsp;&nbsp;&nbsp; Ezen a ponton a liber\u00e1lis koal\u00edci\u00f3 a jobbk\u00f6z\u00e9p fel\u00e9 k\u00f6zel\u00edt. Az energiav\u00e1ls\u00e1g az egyik<br>a v\u00e1laszt\u00e1si kamp\u00e1ny sor\u00e1n megvitatott f\u0151 t\u00e9m\u00e1k egyike, amely a legink\u00e1bb aggasztja az olasz v\u00e1laszt\u00f3kat. A magas k\u00f6z\u00fczemi sz\u00e1ml\u00e1k m\u00e1r most \u00e1ldozatokat k\u00f6vetelnek a v\u00e1llalatok k\u00f6r\u00e9ben, az \u00e1remel\u00e9sek a h\u00e1ztart\u00e1sokat is s\u00falyosan terhelik. A balk\u00f6z\u00e9p koal\u00edci\u00f3 \u00e9s az 5 Csillag hat\u00e1rozottan ellenzi az atomenergia haszn\u00e1lat\u00e1t, m\u00edg a liber\u00e1lis koal\u00edci\u00f3 \u00e9s a jobbk\u00f6z\u00e9p hat\u00e1rozottan t\u00e1mogatja annak haszn\u00e1lat\u00e1t, \u00e9s \u00fagy v\u00e9li, hogy minden k\u00f6rnyezetbar\u00e1t eszk\u00f6zt fel kell haszn\u00e1lni az energiav\u00e1ls\u00e1g lek\u00fczd\u00e9s\u00e9re \u00e9s Olaszorsz\u00e1g energetikai auton\u00f3mi\u00e1ja fel\u00e9 val\u00f3 elmozdul\u00e1sra.<\/p>\n\n\n\n<div style=\"height:1px\" aria-hidden=\"true\" class=\"wp-block-spacer\"><\/div>\n\n\n\n<p><br><strong>Mire sz\u00e1m\u00edthatunk szeptember 25-e ut\u00e1n<\/strong><br><br>&nbsp;&nbsp;&nbsp;&nbsp;&nbsp;&nbsp;&nbsp;&nbsp;&nbsp;&nbsp;&nbsp; Az el\u0151rejelz\u00e9sek szerint a jobbk\u00f6z\u00e9p fog nyerni, de mit v\u00e1rhatunk az \u00fajj\u00e1sz\u00fcletett korm\u00e1nyt\u00f3l? A konzervat\u00edvoknak a k\u00f6zelm\u00falt t\u00f6rt\u00e9nelm\u00e9nek egyik legnagyobb v\u00e1ls\u00e1g\u00e1val, az orosz-ukr\u00e1n konfliktussal, a megugr\u00f3 g\u00e1z\u00e1rakkal \u00e9s az infl\u00e1ci\u00f3val kell majd szemben\u00e9zni\u00fck. Emellett Br\u00fcsszel figyelni fog, \u00e9s elv\u00e1rja, hogy Olaszorsz\u00e1g tartsa be a Draghi-korm\u00e1ny idej\u00e9n tett \u00edg\u00e9reteit. Mi lesz az olasz korm\u00e1ny helyzete az elm\u00falt \u00e9vtizedek egyik legkem\u00e9nyebb tel\u00e9n Eur\u00f3p\u00e1ban?<\/p>\n\n\n<div class=\"wp-block-image\">\n<figure class=\"aligncenter size-large\"><img loading=\"lazy\" decoding=\"async\" width=\"1024\" height=\"564\" src=\"https:\/\/www.berndbraun.eu\/wp-content\/uploads\/2022\/08\/AdobeStock_16237932_compressed-1024x564.jpeg\" alt=\"\" class=\"wp-image-1387\" srcset=\"https:\/\/www.berndbraun.eu\/wp-content\/uploads\/2022\/08\/AdobeStock_16237932_compressed-1024x564.jpeg 1024w, https:\/\/www.berndbraun.eu\/wp-content\/uploads\/2022\/08\/AdobeStock_16237932_compressed-300x165.jpeg 300w, https:\/\/www.berndbraun.eu\/wp-content\/uploads\/2022\/08\/AdobeStock_16237932_compressed-768x423.jpeg 768w, https:\/\/www.berndbraun.eu\/wp-content\/uploads\/2022\/08\/AdobeStock_16237932_compressed-1536x846.jpeg 1536w, https:\/\/www.berndbraun.eu\/wp-content\/uploads\/2022\/08\/AdobeStock_16237932_compressed-2048x1128.jpeg 2048w, https:\/\/www.berndbraun.eu\/wp-content\/uploads\/2022\/08\/AdobeStock_16237932_compressed-18x10.jpeg 18w, https:\/\/www.berndbraun.eu\/wp-content\/uploads\/2022\/08\/AdobeStock_16237932_compressed-scaled.jpeg 2560w\" sizes=\"auto, (max-width: 1024px) 100vw, 1024px\" \/><\/figure>\n<\/div>\n\n\n<div style=\"height:50px\" aria-hidden=\"true\" class=\"wp-block-spacer\"><\/div>\n\n\n\n<p class=\"has-text-align-center has-cyan-bluish-gray-color has-text-color has-small-font-size\">2022 Minden jog fenntartva: BRAUN<\/p>","protected":false},"excerpt":{"rendered":"<p>&nbsp;&nbsp;&nbsp;&nbsp;&nbsp;&nbsp;&nbsp;&nbsp;&nbsp;&nbsp;&nbsp; On the 25th of September Italians will go to the polls to elect a new Government after snap elections were called in the middle of summer. Political turmoil is not uncommon in Italy and even Mario Draghi was not able to survive the unstable Italian political scene. The fall of Mario Draghi &nbsp;&nbsp;&nbsp;&nbsp;&nbsp;&nbsp;&nbsp;&nbsp;&nbsp;&nbsp;&nbsp; Draghi [&hellip;]<\/p>\n","protected":false},"author":3,"featured_media":1386,"comment_status":"open","ping_status":"open","sticky":false,"template":"","format":"standard","meta":{"footnotes":""},"categories":[5],"tags":[],"type-darticle":[22],"class_list":["post-1383","post","type-post","status-publish","format-standard","has-post-thumbnail","hentry","category-politics","type-darticle-commentaire"],"yoast_head":"<!-- This site is optimized with the Yoast SEO Premium plugin v21.4 (Yoast SEO v27.2) - https:\/\/yoast.com\/product\/yoast-seo-premium-wordpress\/ -->\n<title>Bernd Braun - Prochaines \u00e9lections italiennes : les joueurs, les favoris et les outsiders<\/title>\n<meta name=\"robots\" content=\"index, follow, max-snippet:-1, max-image-preview:large, max-video-preview:-1\" \/>\n<link rel=\"canonical\" href=\"https:\/\/www.berndbraun.eu\/hu\/the-upcoming-italian-elections-the-players-the-favorites-the-outsiders\/\" \/>\n<meta property=\"og:locale\" content=\"hu_HU\" \/>\n<meta property=\"og:type\" content=\"article\" \/>\n<meta property=\"og:title\" content=\"Prochaines \u00e9lections italiennes : les joueurs, les favoris et les outsiders\" \/>\n<meta property=\"og:description\" content=\"&nbsp;&nbsp;&nbsp;&nbsp;&nbsp;&nbsp;&nbsp;&nbsp;&nbsp;&nbsp;&nbsp; On the 25th of September Italians will go to the polls to elect a new Government after snap elections were called in the middle of summer. Political turmoil is not uncommon in Italy and even Mario Draghi was not able to survive the unstable Italian political scene. The fall of Mario Draghi &nbsp;&nbsp;&nbsp;&nbsp;&nbsp;&nbsp;&nbsp;&nbsp;&nbsp;&nbsp;&nbsp; Draghi [&hellip;]\" \/>\n<meta property=\"og:url\" content=\"https:\/\/www.berndbraun.eu\/hu\/the-upcoming-italian-elections-the-players-the-favorites-the-outsiders\/\" \/>\n<meta property=\"og:site_name\" content=\"Bernd Braun\" \/>\n<meta property=\"article:published_time\" content=\"2022-09-01T16:01:40+00:00\" \/>\n<meta property=\"article:modified_time\" content=\"2022-11-16T23:18:24+00:00\" \/>\n<meta property=\"og:image\" content=\"https:\/\/www.berndbraun.eu\/wp-content\/uploads\/2022\/09\/AdobeStock_57651263_compressed-scaled.jpeg\" \/>\n\t<meta property=\"og:image:width\" content=\"2560\" \/>\n\t<meta property=\"og:image:height\" content=\"1239\" \/>\n\t<meta property=\"og:image:type\" content=\"image\/jpeg\" \/>\n<meta name=\"author\" content=\"Bernd\" \/>\n<meta name=\"twitter:card\" content=\"summary_large_image\" \/>\n<meta name=\"twitter:label1\" content=\"Szerz\u0151:\" \/>\n\t<meta name=\"twitter:data1\" content=\"Bernd\" \/>\n\t<meta name=\"twitter:label2\" content=\"Becs\u00fclt olvas\u00e1si id\u0151\" \/>\n\t<meta name=\"twitter:data2\" content=\"6 perc\" \/>\n<script type=\"application\/ld+json\" class=\"yoast-schema-graph\">{\"@context\":\"https:\/\/schema.org\",\"@graph\":[{\"@type\":\"Article\",\"@id\":\"https:\/\/www.berndbraun.eu\/the-upcoming-italian-elections-the-players-the-favorites-the-outsiders\/#article\",\"isPartOf\":{\"@id\":\"https:\/\/www.berndbraun.eu\/the-upcoming-italian-elections-the-players-the-favorites-the-outsiders\/\"},\"author\":{\"name\":\"Bernd\",\"@id\":\"https:\/\/www.berndbraun.eu\/#\/schema\/person\/a64c4c08b6a8c9f8fe9be655928070ca\"},\"headline\":\"Prochaines \u00e9lections italiennes : les joueurs, les favoris et les outsiders\",\"datePublished\":\"2022-09-01T16:01:40+00:00\",\"dateModified\":\"2022-11-16T23:18:24+00:00\",\"mainEntityOfPage\":{\"@id\":\"https:\/\/www.berndbraun.eu\/the-upcoming-italian-elections-the-players-the-favorites-the-outsiders\/\"},\"wordCount\":1350,\"commentCount\":0,\"image\":{\"@id\":\"https:\/\/www.berndbraun.eu\/the-upcoming-italian-elections-the-players-the-favorites-the-outsiders\/#primaryimage\"},\"thumbnailUrl\":\"https:\/\/www.berndbraun.eu\/wp-content\/uploads\/2022\/09\/AdobeStock_57651263_compressed-scaled.jpeg\",\"articleSection\":[\"Politics\"],\"inLanguage\":\"hu\",\"potentialAction\":[{\"@type\":\"CommentAction\",\"name\":\"Comment\",\"target\":[\"https:\/\/www.berndbraun.eu\/the-upcoming-italian-elections-the-players-the-favorites-the-outsiders\/#respond\"]}]},{\"@type\":\"WebPage\",\"@id\":\"https:\/\/www.berndbraun.eu\/the-upcoming-italian-elections-the-players-the-favorites-the-outsiders\/\",\"url\":\"https:\/\/www.berndbraun.eu\/the-upcoming-italian-elections-the-players-the-favorites-the-outsiders\/\",\"name\":\"Bernd Braun - Prochaines \u00e9lections italiennes : les joueurs, les favoris et les outsiders\",\"isPartOf\":{\"@id\":\"https:\/\/www.berndbraun.eu\/#website\"},\"primaryImageOfPage\":{\"@id\":\"https:\/\/www.berndbraun.eu\/the-upcoming-italian-elections-the-players-the-favorites-the-outsiders\/#primaryimage\"},\"image\":{\"@id\":\"https:\/\/www.berndbraun.eu\/the-upcoming-italian-elections-the-players-the-favorites-the-outsiders\/#primaryimage\"},\"thumbnailUrl\":\"https:\/\/www.berndbraun.eu\/wp-content\/uploads\/2022\/09\/AdobeStock_57651263_compressed-scaled.jpeg\",\"datePublished\":\"2022-09-01T16:01:40+00:00\",\"dateModified\":\"2022-11-16T23:18:24+00:00\",\"author\":{\"@id\":\"https:\/\/www.berndbraun.eu\/#\/schema\/person\/a64c4c08b6a8c9f8fe9be655928070ca\"},\"breadcrumb\":{\"@id\":\"https:\/\/www.berndbraun.eu\/the-upcoming-italian-elections-the-players-the-favorites-the-outsiders\/#breadcrumb\"},\"inLanguage\":\"hu\",\"potentialAction\":[{\"@type\":\"ReadAction\",\"target\":[\"https:\/\/www.berndbraun.eu\/the-upcoming-italian-elections-the-players-the-favorites-the-outsiders\/\"]}]},{\"@type\":\"ImageObject\",\"inLanguage\":\"hu\",\"@id\":\"https:\/\/www.berndbraun.eu\/the-upcoming-italian-elections-the-players-the-favorites-the-outsiders\/#primaryimage\",\"url\":\"https:\/\/www.berndbraun.eu\/wp-content\/uploads\/2022\/09\/AdobeStock_57651263_compressed-scaled.jpeg\",\"contentUrl\":\"https:\/\/www.berndbraun.eu\/wp-content\/uploads\/2022\/09\/AdobeStock_57651263_compressed-scaled.jpeg\",\"width\":2560,\"height\":1239},{\"@type\":\"BreadcrumbList\",\"@id\":\"https:\/\/www.berndbraun.eu\/the-upcoming-italian-elections-the-players-the-favorites-the-outsiders\/#breadcrumb\",\"itemListElement\":[{\"@type\":\"ListItem\",\"position\":1,\"name\":\"Accueil\",\"item\":\"https:\/\/www.berndbraun.eu\/\"},{\"@type\":\"ListItem\",\"position\":2,\"name\":\"Prochaines \u00e9lections italiennes : les joueurs, les favoris et les outsiders\"}]},{\"@type\":\"WebSite\",\"@id\":\"https:\/\/www.berndbraun.eu\/#website\",\"url\":\"https:\/\/www.berndbraun.eu\/\",\"name\":\"Bernd Braun\",\"description\":\"\",\"potentialAction\":[{\"@type\":\"SearchAction\",\"target\":{\"@type\":\"EntryPoint\",\"urlTemplate\":\"https:\/\/www.berndbraun.eu\/?s={search_term_string}\"},\"query-input\":{\"@type\":\"PropertyValueSpecification\",\"valueRequired\":true,\"valueName\":\"search_term_string\"}}],\"inLanguage\":\"hu\"},{\"@type\":\"Person\",\"@id\":\"https:\/\/www.berndbraun.eu\/#\/schema\/person\/a64c4c08b6a8c9f8fe9be655928070ca\",\"name\":\"Bernd\",\"image\":{\"@type\":\"ImageObject\",\"inLanguage\":\"hu\",\"@id\":\"https:\/\/secure.gravatar.com\/avatar\/e51d7b18a7c2fb10dd367a4bab68ef5a6d1736ae3537a0fd211df170b00b15af?s=96&d=mm&r=g\",\"url\":\"https:\/\/secure.gravatar.com\/avatar\/e51d7b18a7c2fb10dd367a4bab68ef5a6d1736ae3537a0fd211df170b00b15af?s=96&d=mm&r=g\",\"contentUrl\":\"https:\/\/secure.gravatar.com\/avatar\/e51d7b18a7c2fb10dd367a4bab68ef5a6d1736ae3537a0fd211df170b00b15af?s=96&d=mm&r=g\",\"caption\":\"Bernd\"},\"url\":\"https:\/\/www.berndbraun.eu\/hu\/author\/bernd\/\"}]}<\/script>\n<!-- \/ Yoast SEO Premium plugin. -->","yoast_head_json":{"title":"Bernd Braun - K\u00f6zelg\u0151 olasz v\u00e1laszt\u00e1sok: a szerepl\u0151k, a favoritok \u00e9s a k\u00edv\u00fcl\u00e1ll\u00f3k","robots":{"index":"index","follow":"follow","max-snippet":"max-snippet:-1","max-image-preview":"max-image-preview:large","max-video-preview":"max-video-preview:-1"},"canonical":"https:\/\/www.berndbraun.eu\/hu\/the-upcoming-italian-elections-the-players-the-favorites-the-outsiders\/","og_locale":"hu_HU","og_type":"article","og_title":"Prochaines \u00e9lections italiennes : les joueurs, les favoris et les outsiders","og_description":"&nbsp;&nbsp;&nbsp;&nbsp;&nbsp;&nbsp;&nbsp;&nbsp;&nbsp;&nbsp;&nbsp; On the 25th of September Italians will go to the polls to elect a new Government after snap elections were called in the middle of summer. Political turmoil is not uncommon in Italy and even Mario Draghi was not able to survive the unstable Italian political scene. The fall of Mario Draghi &nbsp;&nbsp;&nbsp;&nbsp;&nbsp;&nbsp;&nbsp;&nbsp;&nbsp;&nbsp;&nbsp; Draghi [&hellip;]","og_url":"https:\/\/www.berndbraun.eu\/hu\/the-upcoming-italian-elections-the-players-the-favorites-the-outsiders\/","og_site_name":"Bernd Braun","article_published_time":"2022-09-01T16:01:40+00:00","article_modified_time":"2022-11-16T23:18:24+00:00","og_image":[{"width":2560,"height":1239,"url":"https:\/\/www.berndbraun.eu\/wp-content\/uploads\/2022\/09\/AdobeStock_57651263_compressed-scaled.jpeg","type":"image\/jpeg"}],"author":"Bernd","twitter_card":"summary_large_image","twitter_misc":{"Szerz\u0151:":"Bernd","Becs\u00fclt olvas\u00e1si id\u0151":"6 perc"},"schema":{"@context":"https:\/\/schema.org","@graph":[{"@type":"Article","@id":"https:\/\/www.berndbraun.eu\/the-upcoming-italian-elections-the-players-the-favorites-the-outsiders\/#article","isPartOf":{"@id":"https:\/\/www.berndbraun.eu\/the-upcoming-italian-elections-the-players-the-favorites-the-outsiders\/"},"author":{"name":"Bernd","@id":"https:\/\/www.berndbraun.eu\/#\/schema\/person\/a64c4c08b6a8c9f8fe9be655928070ca"},"headline":"Prochaines \u00e9lections italiennes : les joueurs, les favoris et les outsiders","datePublished":"2022-09-01T16:01:40+00:00","dateModified":"2022-11-16T23:18:24+00:00","mainEntityOfPage":{"@id":"https:\/\/www.berndbraun.eu\/the-upcoming-italian-elections-the-players-the-favorites-the-outsiders\/"},"wordCount":1350,"commentCount":0,"image":{"@id":"https:\/\/www.berndbraun.eu\/the-upcoming-italian-elections-the-players-the-favorites-the-outsiders\/#primaryimage"},"thumbnailUrl":"https:\/\/www.berndbraun.eu\/wp-content\/uploads\/2022\/09\/AdobeStock_57651263_compressed-scaled.jpeg","articleSection":["Politics"],"inLanguage":"hu","potentialAction":[{"@type":"CommentAction","name":"Comment","target":["https:\/\/www.berndbraun.eu\/the-upcoming-italian-elections-the-players-the-favorites-the-outsiders\/#respond"]}]},{"@type":"WebPage","@id":"https:\/\/www.berndbraun.eu\/the-upcoming-italian-elections-the-players-the-favorites-the-outsiders\/","url":"https:\/\/www.berndbraun.eu\/the-upcoming-italian-elections-the-players-the-favorites-the-outsiders\/","name":"Bernd Braun - K\u00f6zelg\u0151 olasz v\u00e1laszt\u00e1sok: a szerepl\u0151k, a favoritok \u00e9s a k\u00edv\u00fcl\u00e1ll\u00f3k","isPartOf":{"@id":"https:\/\/www.berndbraun.eu\/#website"},"primaryImageOfPage":{"@id":"https:\/\/www.berndbraun.eu\/the-upcoming-italian-elections-the-players-the-favorites-the-outsiders\/#primaryimage"},"image":{"@id":"https:\/\/www.berndbraun.eu\/the-upcoming-italian-elections-the-players-the-favorites-the-outsiders\/#primaryimage"},"thumbnailUrl":"https:\/\/www.berndbraun.eu\/wp-content\/uploads\/2022\/09\/AdobeStock_57651263_compressed-scaled.jpeg","datePublished":"2022-09-01T16:01:40+00:00","dateModified":"2022-11-16T23:18:24+00:00","author":{"@id":"https:\/\/www.berndbraun.eu\/#\/schema\/person\/a64c4c08b6a8c9f8fe9be655928070ca"},"breadcrumb":{"@id":"https:\/\/www.berndbraun.eu\/the-upcoming-italian-elections-the-players-the-favorites-the-outsiders\/#breadcrumb"},"inLanguage":"hu","potentialAction":[{"@type":"ReadAction","target":["https:\/\/www.berndbraun.eu\/the-upcoming-italian-elections-the-players-the-favorites-the-outsiders\/"]}]},{"@type":"ImageObject","inLanguage":"hu","@id":"https:\/\/www.berndbraun.eu\/the-upcoming-italian-elections-the-players-the-favorites-the-outsiders\/#primaryimage","url":"https:\/\/www.berndbraun.eu\/wp-content\/uploads\/2022\/09\/AdobeStock_57651263_compressed-scaled.jpeg","contentUrl":"https:\/\/www.berndbraun.eu\/wp-content\/uploads\/2022\/09\/AdobeStock_57651263_compressed-scaled.jpeg","width":2560,"height":1239},{"@type":"BreadcrumbList","@id":"https:\/\/www.berndbraun.eu\/the-upcoming-italian-elections-the-players-the-favorites-the-outsiders\/#breadcrumb","itemListElement":[{"@type":"ListItem","position":1,"name":"Accueil","item":"https:\/\/www.berndbraun.eu\/"},{"@type":"ListItem","position":2,"name":"Prochaines \u00e9lections italiennes : les joueurs, les favoris et les outsiders"}]},{"@type":"WebSite","@id":"https:\/\/www.berndbraun.eu\/#website","url":"https:\/\/www.berndbraun.eu\/","name":"Bernd Braun","description":"","potentialAction":[{"@type":"SearchAction","target":{"@type":"EntryPoint","urlTemplate":"https:\/\/www.berndbraun.eu\/?s={search_term_string}"},"query-input":{"@type":"PropertyValueSpecification","valueRequired":true,"valueName":"search_term_string"}}],"inLanguage":"hu"},{"@type":"Person","@id":"https:\/\/www.berndbraun.eu\/#\/schema\/person\/a64c4c08b6a8c9f8fe9be655928070ca","name":"Bernd","image":{"@type":"ImageObject","inLanguage":"hu","@id":"https:\/\/secure.gravatar.com\/avatar\/e51d7b18a7c2fb10dd367a4bab68ef5a6d1736ae3537a0fd211df170b00b15af?s=96&d=mm&r=g","url":"https:\/\/secure.gravatar.com\/avatar\/e51d7b18a7c2fb10dd367a4bab68ef5a6d1736ae3537a0fd211df170b00b15af?s=96&d=mm&r=g","contentUrl":"https:\/\/secure.gravatar.com\/avatar\/e51d7b18a7c2fb10dd367a4bab68ef5a6d1736ae3537a0fd211df170b00b15af?s=96&d=mm&r=g","caption":"Bernd"},"url":"https:\/\/www.berndbraun.eu\/hu\/author\/bernd\/"}]}},"_links":{"self":[{"href":"https:\/\/www.berndbraun.eu\/hu\/wp-json\/wp\/v2\/posts\/1383","targetHints":{"allow":["GET"]}}],"collection":[{"href":"https:\/\/www.berndbraun.eu\/hu\/wp-json\/wp\/v2\/posts"}],"about":[{"href":"https:\/\/www.berndbraun.eu\/hu\/wp-json\/wp\/v2\/types\/post"}],"author":[{"embeddable":true,"href":"https:\/\/www.berndbraun.eu\/hu\/wp-json\/wp\/v2\/users\/3"}],"replies":[{"embeddable":true,"href":"https:\/\/www.berndbraun.eu\/hu\/wp-json\/wp\/v2\/comments?post=1383"}],"version-history":[{"count":20,"href":"https:\/\/www.berndbraun.eu\/hu\/wp-json\/wp\/v2\/posts\/1383\/revisions"}],"predecessor-version":[{"id":1547,"href":"https:\/\/www.berndbraun.eu\/hu\/wp-json\/wp\/v2\/posts\/1383\/revisions\/1547"}],"wp:featuredmedia":[{"embeddable":true,"href":"https:\/\/www.berndbraun.eu\/hu\/wp-json\/wp\/v2\/media\/1386"}],"wp:attachment":[{"href":"https:\/\/www.berndbraun.eu\/hu\/wp-json\/wp\/v2\/media?parent=1383"}],"wp:term":[{"taxonomy":"category","embeddable":true,"href":"https:\/\/www.berndbraun.eu\/hu\/wp-json\/wp\/v2\/categories?post=1383"},{"taxonomy":"post_tag","embeddable":true,"href":"https:\/\/www.berndbraun.eu\/hu\/wp-json\/wp\/v2\/tags?post=1383"},{"taxonomy":"type-darticle","embeddable":true,"href":"https:\/\/www.berndbraun.eu\/hu\/wp-json\/wp\/v2\/type-darticle?post=1383"}],"curies":[{"name":"wp","href":"https:\/\/api.w.org\/{rel}","templated":true}]}}