{"id":173,"date":"2021-09-01T08:39:23","date_gmt":"2021-09-01T06:39:23","guid":{"rendered":"https:\/\/www.berndbraun.eu\/?p=173"},"modified":"2022-02-22T21:35:39","modified_gmt":"2022-02-22T19:35:39","slug":"linitiative-des-trois-mers-i3m-une-union-dans-lunion","status":"publish","type":"post","link":"https:\/\/www.berndbraun.eu\/hu\/linitiative-des-trois-mers-i3m-une-union-dans-lunion\/","title":{"rendered":"A H\u00e1rom Tenger Kezdem\u00e9nyez\u00e9s (TSI): Uni\u00f3 az Uni\u00f3ban?"},"content":{"rendered":"\n<p>&nbsp;&nbsp;&nbsp;&nbsp;&nbsp;&nbsp;&nbsp;&nbsp;&nbsp;&nbsp;&nbsp; Ces derni\u00e8res ann\u00e9es, avec les tensions subsistant entre les institutions europ\u00e9ennes, la couverture m\u00e9diatique relate couramment les diff\u00e9rents partenariats entre les pays d'Europe de l'Est comme ceux du Groupe de Visegr\u00e1d r\u00e9unissant la Pologne, la Slovaquie, la Tch\u00e9quie et la Hongrie<a href=\"#_ftn1\">[1]<\/a>. Cependant, il existe un autre partenariat r\u00e9unissant les pays de l'Est, bien moins m\u00e9diatis\u00e9&nbsp;: celui de l'Initiative des Trois Mers (I3M).<\/p>\n\n\n\n<p> &nbsp;&nbsp;&nbsp;&nbsp;&nbsp;&nbsp;&nbsp;&nbsp;&nbsp;&nbsp;&nbsp; Constitu\u00e9e en 2015 par le pr\u00e9sident polonais Andrzej Duda et son homologue croate de l'\u00e9poque, Kolinda Grabar-Kitarovi\u0107<a href=\"#_ftn1\">[2]<\/a>, l'Initiative r\u00e9unit \u00e0 l'instar des pays de Visegr\u00e1d, les trois pays baltes (Estonie, Lettonie, Lituanie), la Roumanie, la Bulgarie, l'Autriche ainsi que la Slov\u00e9nie et la Croatie<a href=\"#_ftn1\">[3]<\/a>.<\/p>\n\n\n\n<p>&nbsp;&nbsp;&nbsp;&nbsp;&nbsp;&nbsp;&nbsp;&nbsp;&nbsp;&nbsp;&nbsp; Lors du premier sommet organis\u00e9 \u00e0 Dubrovnik en 2016, les 12 dirigeants des pays membres ont adopt\u00e9 une D\u00e9claration commune sur \u00abla coop\u00e9ration dans les domaines de l\u2019\u00e9nergie, des transports, du num\u00e9rique et de l\u2019\u00e9conomie\u00bb<a href=\"#_ftn4\">[4]<\/a>. Dans le cadre de cette Initiative, comme le pr\u00e9sident Duda le soulignait, il est \u00abquestion de coop\u00e9ration r\u00e9gionale centre-europ\u00e9enne, sur des projets concrets, men\u00e9s dans le cadre de l\u2019UE et contribuant \u00e0 une plus grande coh\u00e9sion, et au d\u00e9veloppement r\u00e9gional, de l\u2019Union\u00bb<a href=\"#_ftn1\">[5]<\/a>.<\/p>\n\n\n\n<p>&nbsp;&nbsp;&nbsp;&nbsp;&nbsp;&nbsp;&nbsp;&nbsp;&nbsp;&nbsp;&nbsp; Toutefois, depuis la visite de l'ancien pr\u00e9sident am\u00e9ricain Donald Trump \u00e0 Varsovie, \u00e0 l'occasion du deuxi\u00e8me sommet de l'Initiative des Trois Mers (2017), les dirigeants ont accentu\u00e9 leur coop\u00e9ration sur les secteurs de l'\u00e9nergie et de la d\u00e9fense<a href=\"#_ftn6\">[6]<\/a>. En effet, ils misent sur une plus forte int\u00e9gration de la r\u00e9gion en mati\u00e8re \u00e9nerg\u00e9tique (particuli\u00e8rement pour le gaz) avec une pr\u00e9sence croissante des \u00c9tats-Unis sur le march\u00e9 mondial du gaz liqu\u00e9fi\u00e9 (GNL). Ceci, dans le contexte du gazoduc Nord Stream 2, n\u2019est pas fait pour rassurer l\u2019Europe orientale, et pousse \u00e0 une diversification d'approvisionnement \u00e9nerg\u00e9tique<a href=\"#_ftn7\">[7]<\/a>. En outre, au sommet de Varsovie, l'ancienne pr\u00e9sidente croate Grabar-Kitarovi\u0107a annonc\u00e9 une pr\u00e9paration d'expertise concernant 157 projets d\u2019infrastructures en mati\u00e8re d\u2019\u00e9nergie, de transport et de t\u00e9l\u00e9communications, pour une valeur d\u2019environ 50 milliards d\u2019euros. Parmi ces projets figurent le corridor gazier Nord-Sud reliant la Baltique \u00e0 l\u2019Adriatique, dans lequel le terminal polonais de \u015awinouj\u015bcie sera reli\u00e9 au terminal croate sur l\u2019\u00eele de Krk (en construction), ainsi que les inter-connecteurs gaziers entre la Pologne, la Slovaquie, la R\u00e9publique tch\u00e8que, dont une branche relie la Hongrie<a href=\"#_ftn8\">[8]<\/a>. Les dirigeants travaillent actuellement sur le gazoduc Baltic Pipe, qui permettrait l\u2019approvisionnement de l\u2019Europe centrale de gaz en provenance de la Norv\u00e8ge (en passant par le Danemark) \u00e0 partir du terminal GNL de \u015awinouj\u015bcie<a href=\"#_ftn1\">[9]<\/a>.<\/p>\n\n\n\n<p>&nbsp;&nbsp;&nbsp;&nbsp;&nbsp;&nbsp;&nbsp;&nbsp;&nbsp;&nbsp;&nbsp; D\u2019autres projets d'infrastructures routi\u00e8res et ferroviaires sont \u00e9galement en cours de r\u00e9alisation comme la Via Carpatia et le Rail Baltica<a href=\"#_ftn1\">[10]<\/a>. La Via Carpatia consiste \u00e0 relier la ville portuaire lituanienne de Klaip\u0117da (mer Baltique) \u00e0 Thessalonique (mer \u00c9g\u00e9e) en passant par la Slovaquie, la Hongrie, la Roumanie et la Bulgarie, tandis que le&nbsp;Rail Baltica&nbsp;vise \u00e0 relier Varsovie \u00e0 Tallinn, voire Helsinki, via la Lituanie et la Lettonie<a href=\"#_ftn1\">[11]<\/a>.<\/p>\n\n\n\n<p>&nbsp;&nbsp;&nbsp;&nbsp;&nbsp;&nbsp;&nbsp;&nbsp;&nbsp;&nbsp;&nbsp; Enfin, au sommet de Ljubljana (Slov\u00e9nie) en juin 2019, deux banques d\u2019investissement polonaise et roumaine ont annonc\u00e9 la cr\u00e9ation d\u2019un Fonds d\u2019investissement de l\u2019Initiative des trois mers, auquel &nbsp;9 des 12 pays participent actuellement, en parall\u00e8le des programmes europ\u00e9ens<a href=\"#_ftn12\">[12]<\/a>. Le montant de ce fonds est chiffr\u00e9 \u00e0 un peu plus de 1,2 milliard d\u2019euros (dont 750 millions apport\u00e9s par la Pologne) et devrait atteindre \u00e0 terme 5 milliards d\u2019euros avec des contributions de pays membres de l\u2019I3M, d\u2019institutions financi\u00e8res internationales et d\u2019investisseurs institutionnels priv\u00e9s<a href=\"#_ftn13\">[13]<\/a>.<\/p>\n\n\n\n<p> &nbsp;&nbsp;&nbsp;&nbsp;&nbsp;&nbsp;&nbsp;&nbsp;&nbsp;&nbsp;&nbsp; En septembre 2019, les pr\u00e9sidents des places financi\u00e8res des pays du Groupe de Visegr\u00e1d (V4&nbsp;: Pologne, Tch\u00e9quie, Slovaquie et Hongrie) ainsi que de trois autres pays de l\u2019Initiative des Trois Mers (Roumanie, Croatie et Slov\u00e9nie) ont encore fait part de leur intention de cr\u00e9er un index boursier commun, le CEEplus<a href=\"#_ftn14\">[14]<\/a>.<\/p>\n\n\n\n<p>&nbsp;&nbsp;&nbsp;&nbsp;&nbsp;&nbsp;&nbsp;&nbsp;&nbsp;&nbsp;&nbsp; L'Initiative des trois mers&nbsp;d\u00e9signe donc une Union dans l'Union dans la mesure qu'elle \u0153uvre pour une meilleure connexion Nord-Sud, et non plus seulement Ouest-Est comme c'est traditionnellement le cas. En parall\u00e8le de l'Union europ\u00e9enne, elle travaille \u00e0 un d\u00e9veloppement socio-\u00e9conomique approfondi des pays d'Europe centrale et orientale. Effectivement, d'apr\u00e8s les donn\u00e9es statistiques, les 12 pays membres repr\u00e9sentent 30 % de la surface de l\u2019UE, 25 % de sa population, et presque 20 % de son PIB<a href=\"#_ftn15\">[15]<\/a>.<\/p>\n\n\n\n<p> &nbsp;&nbsp;&nbsp;&nbsp;&nbsp;&nbsp;&nbsp;&nbsp;&nbsp;&nbsp;&nbsp; Le pr\u00e9sident allemand Steinmeier&nbsp;a r\u00e9cemment soulign\u00e9 l'importance de cette Initiative, en soutenant une europ\u00e9anisation accrue de celle-ci (\"<em>to become part of European policies and investment instruments<\/em>\") \u00e0 l'occasion du dernier sommet tenu \u00e0 Sofia (Bulgarie) en juillet 2021<a href=\"#_ftn16\">[16]<\/a>. De surcro\u00eet, la Commission europ\u00e9enne demeure un important contributeur en mati\u00e8re d'investissements infrastructurels dans les pays de l'I3M, de l'Adriatique \u00e0 la Baltique en passant par la Mer Noire<a href=\"#_ftn17\">[17]<\/a>.<\/p>\n\n\n\n<p>&nbsp;&nbsp;&nbsp;&nbsp;&nbsp;&nbsp;&nbsp;&nbsp;&nbsp;&nbsp;&nbsp; Hormis l'Allemagne et les \u00c9tats-Unis, de nombreux pays \u00e9taient invit\u00e9s aux sommets de l'I3M, comme la Gr\u00e8ce et le Japon<a href=\"#_ftn18\">[18]<\/a>. L'Initiative dispose \u00e9galement des projets g\u00e9opolitiques pour consolider les influences am\u00e9ricaine et europ\u00e9enne face \u00e0 celles de la Russie et de la Chine<a href=\"#_ftn19\">[19]<\/a>. Cette importance s'inscrit dans un contexte o\u00f9 les dirigeants europ\u00e9ens se mobilisent, suite \u00e0 la d\u00e9stabilisation de l'Ukraine (Crim\u00e9e, Donbass)<a href=\"#_ftn20\">[20]<\/a>, pour un renforcement militaire du flanc oriental de l'OTAN. Tandis que les dirigeants de l'Initiative travaillent aussi \u00e0 concurrencer la Route de la soie (Belt Road initiative) d\u00e9velopp\u00e9e par la Chine<a href=\"#_ftn21\">[21]<\/a>.<\/p>\n\n\n\n<div style=\"height:50px\" aria-hidden=\"true\" class=\"wp-block-spacer\"><\/div>\n\n\n\n<p class=\"has-text-align-center has-cyan-bluish-gray-color has-text-color has-small-font-size\"> \u00a9 2021 Tous droits r\u00e9serv\u00e9s par BRAUN <\/p>\n","protected":false},"excerpt":{"rendered":"<p>&nbsp;&nbsp;&nbsp;&nbsp;&nbsp;&nbsp;&nbsp;&nbsp;&nbsp;&nbsp;&nbsp; Ces derni\u00e8res ann\u00e9es, avec les tensions subsistant entre les institutions europ\u00e9ennes, la couverture m\u00e9diatique relate couramment les diff\u00e9rents partenariats entre les pays d'Europe de l'Est comme ceux du Groupe de Visegr\u00e1d r\u00e9unissant la Pologne, la Slovaquie, la Tch\u00e9quie et la Hongrie[1]. Cependant, il existe un autre partenariat r\u00e9unissant les pays de l'Est, bien moins [&hellip;]<\/p>\n","protected":false},"author":3,"featured_media":742,"comment_status":"open","ping_status":"open","sticky":false,"template":"","format":"standard","meta":{"footnotes":""},"categories":[5],"tags":[],"type-darticle":[22],"class_list":["post-173","post","type-post","status-publish","format-standard","has-post-thumbnail","hentry","category-politics","type-darticle-commentaire"],"yoast_head":"<!-- This site is optimized with the Yoast SEO Premium plugin v21.4 (Yoast SEO v27.2) - https:\/\/yoast.com\/product\/yoast-seo-premium-wordpress\/ -->\n<title>Bernd Braun - L&#039;Initiative des Trois Mers (I3M) : une Union dans l&#039;Union ?<\/title>\n<meta name=\"robots\" content=\"index, follow, max-snippet:-1, max-image-preview:large, max-video-preview:-1\" \/>\n<link rel=\"canonical\" href=\"https:\/\/www.berndbraun.eu\/hu\/linitiative-des-trois-mers-i3m-une-union-dans-lunion\/\" \/>\n<meta property=\"og:locale\" content=\"hu_HU\" \/>\n<meta property=\"og:type\" content=\"article\" \/>\n<meta property=\"og:title\" content=\"L&#039;Initiative des Trois Mers (I3M) : une Union dans l&#039;Union ?\" \/>\n<meta property=\"og:description\" content=\"&nbsp;&nbsp;&nbsp;&nbsp;&nbsp;&nbsp;&nbsp;&nbsp;&nbsp;&nbsp;&nbsp; Ces derni\u00e8res ann\u00e9es, avec les tensions subsistant entre les institutions europ\u00e9ennes, la couverture m\u00e9diatique relate couramment les diff\u00e9rents partenariats entre les pays d&#039;Europe de l&#039;Est comme ceux du Groupe de Visegr\u00e1d r\u00e9unissant la Pologne, la Slovaquie, la Tch\u00e9quie et la Hongrie[1]. Cependant, il existe un autre partenariat r\u00e9unissant les pays de l&#039;Est, bien moins [&hellip;]\" \/>\n<meta property=\"og:url\" content=\"https:\/\/www.berndbraun.eu\/hu\/linitiative-des-trois-mers-i3m-une-union-dans-lunion\/\" \/>\n<meta property=\"og:site_name\" content=\"Bernd Braun\" \/>\n<meta property=\"article:published_time\" content=\"2021-09-01T06:39:23+00:00\" \/>\n<meta property=\"article:modified_time\" content=\"2022-02-22T19:35:39+00:00\" \/>\n<meta property=\"og:image\" content=\"https:\/\/www.berndbraun.eu\/wp-content\/uploads\/2021\/11\/dreamstime_l_94964710-scaled.jpg\" \/>\n\t<meta property=\"og:image:width\" content=\"2560\" \/>\n\t<meta property=\"og:image:height\" content=\"1706\" \/>\n\t<meta property=\"og:image:type\" content=\"image\/jpeg\" \/>\n<meta name=\"author\" content=\"Bernd\" \/>\n<meta name=\"twitter:card\" content=\"summary_large_image\" \/>\n<meta name=\"twitter:label1\" content=\"Szerz\u0151:\" \/>\n\t<meta name=\"twitter:data1\" content=\"Bernd\" \/>\n\t<meta name=\"twitter:label2\" content=\"Becs\u00fclt olvas\u00e1si id\u0151\" \/>\n\t<meta name=\"twitter:data2\" content=\"4 perc\" \/>\n<script type=\"application\/ld+json\" class=\"yoast-schema-graph\">{\"@context\":\"https:\/\/schema.org\",\"@graph\":[{\"@type\":\"Article\",\"@id\":\"https:\/\/www.berndbraun.eu\/linitiative-des-trois-mers-i3m-une-union-dans-lunion\/#article\",\"isPartOf\":{\"@id\":\"https:\/\/www.berndbraun.eu\/linitiative-des-trois-mers-i3m-une-union-dans-lunion\/\"},\"author\":{\"name\":\"Bernd\",\"@id\":\"https:\/\/www.berndbraun.eu\/#\/schema\/person\/a64c4c08b6a8c9f8fe9be655928070ca\"},\"headline\":\"L'Initiative des Trois Mers (I3M) : une Union dans l'Union ?\",\"datePublished\":\"2021-09-01T06:39:23+00:00\",\"dateModified\":\"2022-02-22T19:35:39+00:00\",\"mainEntityOfPage\":{\"@id\":\"https:\/\/www.berndbraun.eu\/linitiative-des-trois-mers-i3m-une-union-dans-lunion\/\"},\"wordCount\":1085,\"commentCount\":0,\"image\":{\"@id\":\"https:\/\/www.berndbraun.eu\/linitiative-des-trois-mers-i3m-une-union-dans-lunion\/#primaryimage\"},\"thumbnailUrl\":\"https:\/\/www.berndbraun.eu\/wp-content\/uploads\/2021\/11\/dreamstime_l_94964710-scaled.jpg\",\"articleSection\":[\"Politics\"],\"inLanguage\":\"hu\",\"potentialAction\":[{\"@type\":\"CommentAction\",\"name\":\"Comment\",\"target\":[\"https:\/\/www.berndbraun.eu\/linitiative-des-trois-mers-i3m-une-union-dans-lunion\/#respond\"]}]},{\"@type\":\"WebPage\",\"@id\":\"https:\/\/www.berndbraun.eu\/linitiative-des-trois-mers-i3m-une-union-dans-lunion\/\",\"url\":\"https:\/\/www.berndbraun.eu\/linitiative-des-trois-mers-i3m-une-union-dans-lunion\/\",\"name\":\"Bernd Braun - L'Initiative des Trois Mers (I3M) : une Union dans l'Union ?\",\"isPartOf\":{\"@id\":\"https:\/\/www.berndbraun.eu\/#website\"},\"primaryImageOfPage\":{\"@id\":\"https:\/\/www.berndbraun.eu\/linitiative-des-trois-mers-i3m-une-union-dans-lunion\/#primaryimage\"},\"image\":{\"@id\":\"https:\/\/www.berndbraun.eu\/linitiative-des-trois-mers-i3m-une-union-dans-lunion\/#primaryimage\"},\"thumbnailUrl\":\"https:\/\/www.berndbraun.eu\/wp-content\/uploads\/2021\/11\/dreamstime_l_94964710-scaled.jpg\",\"datePublished\":\"2021-09-01T06:39:23+00:00\",\"dateModified\":\"2022-02-22T19:35:39+00:00\",\"author\":{\"@id\":\"https:\/\/www.berndbraun.eu\/#\/schema\/person\/a64c4c08b6a8c9f8fe9be655928070ca\"},\"breadcrumb\":{\"@id\":\"https:\/\/www.berndbraun.eu\/linitiative-des-trois-mers-i3m-une-union-dans-lunion\/#breadcrumb\"},\"inLanguage\":\"hu\",\"potentialAction\":[{\"@type\":\"ReadAction\",\"target\":[\"https:\/\/www.berndbraun.eu\/linitiative-des-trois-mers-i3m-une-union-dans-lunion\/\"]}]},{\"@type\":\"ImageObject\",\"inLanguage\":\"hu\",\"@id\":\"https:\/\/www.berndbraun.eu\/linitiative-des-trois-mers-i3m-une-union-dans-lunion\/#primaryimage\",\"url\":\"https:\/\/www.berndbraun.eu\/wp-content\/uploads\/2021\/11\/dreamstime_l_94964710-scaled.jpg\",\"contentUrl\":\"https:\/\/www.berndbraun.eu\/wp-content\/uploads\/2021\/11\/dreamstime_l_94964710-scaled.jpg\",\"width\":2560,\"height\":1706},{\"@type\":\"BreadcrumbList\",\"@id\":\"https:\/\/www.berndbraun.eu\/linitiative-des-trois-mers-i3m-une-union-dans-lunion\/#breadcrumb\",\"itemListElement\":[{\"@type\":\"ListItem\",\"position\":1,\"name\":\"Accueil\",\"item\":\"https:\/\/www.berndbraun.eu\/\"},{\"@type\":\"ListItem\",\"position\":2,\"name\":\"L'Initiative des Trois Mers (I3M) : une Union dans l'Union ?\"}]},{\"@type\":\"WebSite\",\"@id\":\"https:\/\/www.berndbraun.eu\/#website\",\"url\":\"https:\/\/www.berndbraun.eu\/\",\"name\":\"Bernd Braun\",\"description\":\"\",\"potentialAction\":[{\"@type\":\"SearchAction\",\"target\":{\"@type\":\"EntryPoint\",\"urlTemplate\":\"https:\/\/www.berndbraun.eu\/?s={search_term_string}\"},\"query-input\":{\"@type\":\"PropertyValueSpecification\",\"valueRequired\":true,\"valueName\":\"search_term_string\"}}],\"inLanguage\":\"hu\"},{\"@type\":\"Person\",\"@id\":\"https:\/\/www.berndbraun.eu\/#\/schema\/person\/a64c4c08b6a8c9f8fe9be655928070ca\",\"name\":\"Bernd\",\"image\":{\"@type\":\"ImageObject\",\"inLanguage\":\"hu\",\"@id\":\"https:\/\/secure.gravatar.com\/avatar\/e51d7b18a7c2fb10dd367a4bab68ef5a6d1736ae3537a0fd211df170b00b15af?s=96&d=mm&r=g\",\"url\":\"https:\/\/secure.gravatar.com\/avatar\/e51d7b18a7c2fb10dd367a4bab68ef5a6d1736ae3537a0fd211df170b00b15af?s=96&d=mm&r=g\",\"contentUrl\":\"https:\/\/secure.gravatar.com\/avatar\/e51d7b18a7c2fb10dd367a4bab68ef5a6d1736ae3537a0fd211df170b00b15af?s=96&d=mm&r=g\",\"caption\":\"Bernd\"},\"url\":\"https:\/\/www.berndbraun.eu\/hu\/author\/bernd\/\"}]}<\/script>\n<!-- \/ Yoast SEO Premium plugin. -->","yoast_head_json":{"title":"Bernd Braun - A H\u00e1rom Tenger Kezdem\u00e9nyez\u00e9s (TSI): Uni\u00f3 az Uni\u00f3ban?","robots":{"index":"index","follow":"follow","max-snippet":"max-snippet:-1","max-image-preview":"max-image-preview:large","max-video-preview":"max-video-preview:-1"},"canonical":"https:\/\/www.berndbraun.eu\/hu\/linitiative-des-trois-mers-i3m-une-union-dans-lunion\/","og_locale":"hu_HU","og_type":"article","og_title":"L'Initiative des Trois Mers (I3M) : une Union dans l'Union ?","og_description":"&nbsp;&nbsp;&nbsp;&nbsp;&nbsp;&nbsp;&nbsp;&nbsp;&nbsp;&nbsp;&nbsp; Ces derni\u00e8res ann\u00e9es, avec les tensions subsistant entre les institutions europ\u00e9ennes, la couverture m\u00e9diatique relate couramment les diff\u00e9rents partenariats entre les pays d'Europe de l'Est comme ceux du Groupe de Visegr\u00e1d r\u00e9unissant la Pologne, la Slovaquie, la Tch\u00e9quie et la Hongrie[1]. Cependant, il existe un autre partenariat r\u00e9unissant les pays de l'Est, bien moins [&hellip;]","og_url":"https:\/\/www.berndbraun.eu\/hu\/linitiative-des-trois-mers-i3m-une-union-dans-lunion\/","og_site_name":"Bernd Braun","article_published_time":"2021-09-01T06:39:23+00:00","article_modified_time":"2022-02-22T19:35:39+00:00","og_image":[{"width":2560,"height":1706,"url":"https:\/\/www.berndbraun.eu\/wp-content\/uploads\/2021\/11\/dreamstime_l_94964710-scaled.jpg","type":"image\/jpeg"}],"author":"Bernd","twitter_card":"summary_large_image","twitter_misc":{"Szerz\u0151:":"Bernd","Becs\u00fclt olvas\u00e1si id\u0151":"4 perc"},"schema":{"@context":"https:\/\/schema.org","@graph":[{"@type":"Article","@id":"https:\/\/www.berndbraun.eu\/linitiative-des-trois-mers-i3m-une-union-dans-lunion\/#article","isPartOf":{"@id":"https:\/\/www.berndbraun.eu\/linitiative-des-trois-mers-i3m-une-union-dans-lunion\/"},"author":{"name":"Bernd","@id":"https:\/\/www.berndbraun.eu\/#\/schema\/person\/a64c4c08b6a8c9f8fe9be655928070ca"},"headline":"L'Initiative des Trois Mers (I3M) : une Union dans l'Union ?","datePublished":"2021-09-01T06:39:23+00:00","dateModified":"2022-02-22T19:35:39+00:00","mainEntityOfPage":{"@id":"https:\/\/www.berndbraun.eu\/linitiative-des-trois-mers-i3m-une-union-dans-lunion\/"},"wordCount":1085,"commentCount":0,"image":{"@id":"https:\/\/www.berndbraun.eu\/linitiative-des-trois-mers-i3m-une-union-dans-lunion\/#primaryimage"},"thumbnailUrl":"https:\/\/www.berndbraun.eu\/wp-content\/uploads\/2021\/11\/dreamstime_l_94964710-scaled.jpg","articleSection":["Politics"],"inLanguage":"hu","potentialAction":[{"@type":"CommentAction","name":"Comment","target":["https:\/\/www.berndbraun.eu\/linitiative-des-trois-mers-i3m-une-union-dans-lunion\/#respond"]}]},{"@type":"WebPage","@id":"https:\/\/www.berndbraun.eu\/linitiative-des-trois-mers-i3m-une-union-dans-lunion\/","url":"https:\/\/www.berndbraun.eu\/linitiative-des-trois-mers-i3m-une-union-dans-lunion\/","name":"Bernd Braun - A H\u00e1rom Tenger Kezdem\u00e9nyez\u00e9s (TSI): Uni\u00f3 az Uni\u00f3ban?","isPartOf":{"@id":"https:\/\/www.berndbraun.eu\/#website"},"primaryImageOfPage":{"@id":"https:\/\/www.berndbraun.eu\/linitiative-des-trois-mers-i3m-une-union-dans-lunion\/#primaryimage"},"image":{"@id":"https:\/\/www.berndbraun.eu\/linitiative-des-trois-mers-i3m-une-union-dans-lunion\/#primaryimage"},"thumbnailUrl":"https:\/\/www.berndbraun.eu\/wp-content\/uploads\/2021\/11\/dreamstime_l_94964710-scaled.jpg","datePublished":"2021-09-01T06:39:23+00:00","dateModified":"2022-02-22T19:35:39+00:00","author":{"@id":"https:\/\/www.berndbraun.eu\/#\/schema\/person\/a64c4c08b6a8c9f8fe9be655928070ca"},"breadcrumb":{"@id":"https:\/\/www.berndbraun.eu\/linitiative-des-trois-mers-i3m-une-union-dans-lunion\/#breadcrumb"},"inLanguage":"hu","potentialAction":[{"@type":"ReadAction","target":["https:\/\/www.berndbraun.eu\/linitiative-des-trois-mers-i3m-une-union-dans-lunion\/"]}]},{"@type":"ImageObject","inLanguage":"hu","@id":"https:\/\/www.berndbraun.eu\/linitiative-des-trois-mers-i3m-une-union-dans-lunion\/#primaryimage","url":"https:\/\/www.berndbraun.eu\/wp-content\/uploads\/2021\/11\/dreamstime_l_94964710-scaled.jpg","contentUrl":"https:\/\/www.berndbraun.eu\/wp-content\/uploads\/2021\/11\/dreamstime_l_94964710-scaled.jpg","width":2560,"height":1706},{"@type":"BreadcrumbList","@id":"https:\/\/www.berndbraun.eu\/linitiative-des-trois-mers-i3m-une-union-dans-lunion\/#breadcrumb","itemListElement":[{"@type":"ListItem","position":1,"name":"Accueil","item":"https:\/\/www.berndbraun.eu\/"},{"@type":"ListItem","position":2,"name":"L'Initiative des Trois Mers (I3M) : une Union dans l'Union ?"}]},{"@type":"WebSite","@id":"https:\/\/www.berndbraun.eu\/#website","url":"https:\/\/www.berndbraun.eu\/","name":"Bernd Braun","description":"","potentialAction":[{"@type":"SearchAction","target":{"@type":"EntryPoint","urlTemplate":"https:\/\/www.berndbraun.eu\/?s={search_term_string}"},"query-input":{"@type":"PropertyValueSpecification","valueRequired":true,"valueName":"search_term_string"}}],"inLanguage":"hu"},{"@type":"Person","@id":"https:\/\/www.berndbraun.eu\/#\/schema\/person\/a64c4c08b6a8c9f8fe9be655928070ca","name":"Bernd","image":{"@type":"ImageObject","inLanguage":"hu","@id":"https:\/\/secure.gravatar.com\/avatar\/e51d7b18a7c2fb10dd367a4bab68ef5a6d1736ae3537a0fd211df170b00b15af?s=96&d=mm&r=g","url":"https:\/\/secure.gravatar.com\/avatar\/e51d7b18a7c2fb10dd367a4bab68ef5a6d1736ae3537a0fd211df170b00b15af?s=96&d=mm&r=g","contentUrl":"https:\/\/secure.gravatar.com\/avatar\/e51d7b18a7c2fb10dd367a4bab68ef5a6d1736ae3537a0fd211df170b00b15af?s=96&d=mm&r=g","caption":"Bernd"},"url":"https:\/\/www.berndbraun.eu\/hu\/author\/bernd\/"}]}},"_links":{"self":[{"href":"https:\/\/www.berndbraun.eu\/hu\/wp-json\/wp\/v2\/posts\/173","targetHints":{"allow":["GET"]}}],"collection":[{"href":"https:\/\/www.berndbraun.eu\/hu\/wp-json\/wp\/v2\/posts"}],"about":[{"href":"https:\/\/www.berndbraun.eu\/hu\/wp-json\/wp\/v2\/types\/post"}],"author":[{"embeddable":true,"href":"https:\/\/www.berndbraun.eu\/hu\/wp-json\/wp\/v2\/users\/3"}],"replies":[{"embeddable":true,"href":"https:\/\/www.berndbraun.eu\/hu\/wp-json\/wp\/v2\/comments?post=173"}],"version-history":[{"count":9,"href":"https:\/\/www.berndbraun.eu\/hu\/wp-json\/wp\/v2\/posts\/173\/revisions"}],"predecessor-version":[{"id":1032,"href":"https:\/\/www.berndbraun.eu\/hu\/wp-json\/wp\/v2\/posts\/173\/revisions\/1032"}],"wp:featuredmedia":[{"embeddable":true,"href":"https:\/\/www.berndbraun.eu\/hu\/wp-json\/wp\/v2\/media\/742"}],"wp:attachment":[{"href":"https:\/\/www.berndbraun.eu\/hu\/wp-json\/wp\/v2\/media?parent=173"}],"wp:term":[{"taxonomy":"category","embeddable":true,"href":"https:\/\/www.berndbraun.eu\/hu\/wp-json\/wp\/v2\/categories?post=173"},{"taxonomy":"post_tag","embeddable":true,"href":"https:\/\/www.berndbraun.eu\/hu\/wp-json\/wp\/v2\/tags?post=173"},{"taxonomy":"type-darticle","embeddable":true,"href":"https:\/\/www.berndbraun.eu\/hu\/wp-json\/wp\/v2\/type-darticle?post=173"}],"curies":[{"name":"wp","href":"https:\/\/api.w.org\/{rel}","templated":true}]}}