{"id":561,"date":"2015-01-06T22:54:26","date_gmt":"2015-01-06T20:54:26","guid":{"rendered":"https:\/\/www.berndbraun.eu\/?p=561"},"modified":"2022-02-22T21:35:57","modified_gmt":"2022-02-22T19:35:57","slug":"the-decision-making-process-of-obama-concerning-isis","status":"publish","type":"post","link":"https:\/\/www.berndbraun.eu\/hu\/the-decision-making-process-of-obama-concerning-isis\/","title":{"rendered":"Obama d\u00f6nt\u00e9shozatali folyamata az ISIS-szel kapcsolatban"},"content":{"rendered":"<div style=\"height:20px\" aria-hidden=\"true\" class=\"wp-block-spacer\"><\/div>\n\n\n\n<h2 class=\"has-medium-font-size wp-block-heading\">I. Az eln\u00f6k \u00e9s tan\u00e1csad\u00f3i<br><\/h2>\n\n\n\n<div style=\"height:10px\" aria-hidden=\"true\" class=\"wp-block-spacer\"><\/div>\n\n\n\n<h2 class=\"has-medium-font-size wp-block-heading\">II. A b\u00fcrokratikus v\u00e1ltoz\u00f3<br><\/h2>\n\n\n\n<div style=\"height:10px\" aria-hidden=\"true\" class=\"wp-block-spacer\"><\/div>\n\n\n\n<h2 class=\"has-medium-font-size wp-block-heading\">III. A korm\u00e1nyzati \u00e9s t\u00e1rsadalmi v\u00e1ltoz\u00f3k<br><\/h2>\n\n\n\n<div style=\"height:10px\" aria-hidden=\"true\" class=\"wp-block-spacer\"><\/div>\n\n\n\n<h2 class=\"has-medium-font-size wp-block-heading\">IV. A kognit\u00edv megk\u00f6zel\u00edt\u00e9s<br><\/h2>\n\n\n\n<div style=\"height:10px\" aria-hidden=\"true\" class=\"wp-block-spacer\"><\/div>\n\n\n\n<h2 class=\"has-medium-font-size wp-block-heading\">V. A rendszerszint\u0171 v\u00e1ltoz\u00f3<br><\/h2>\n\n\n\n<div style=\"height:59px\" aria-hidden=\"true\" class=\"wp-block-spacer\"><\/div>\n\n\n\n<h3 class=\"has-medium-font-size wp-block-heading\"> I. Az eln\u00f6k \u00e9s tan\u00e1csad\u00f3i <\/h3>\n\n\n\n<p>          A val\u00f3di d\u00f6nt\u00e9shozatali folyamat alapvet\u0151en az eln\u00f6k Obama-st\u00e1bj\u00e1n alapul, azaz azon tan\u00e1csad\u00f3k sz\u0171k bels\u0151 k\u00f6r\u00e9n, akik a 2008-as kamp\u00e1nya sor\u00e1n alak\u00edtott\u00e1k ki kapcsolataikat vele. L\u00e9nyeg\u00e9ben maga Obama eln\u00f6k d\u00f6nt, miut\u00e1n konzult\u00e1lt a tan\u00e1csad\u00f3k bels\u0151 k\u00f6r\u00e9nek bizonyos szempontjaival. Ez els\u0151sorban a <em>Kabinetf\u0151n\u00f6k <\/em>McDonough egyik <strong>spin doktorok <\/strong>\u00e9s <strong>bolsterers<\/strong>), a legmegb\u00edzhat\u00f3bbak az eln\u00f6kh\u00f6z. Azt\u00e1n j\u00f6n S. Rice, a nemzetbiztons\u00e1gi tan\u00e1csad\u00f3. Ezek, a bels\u0151 k\u00f6r t\u00f6bbi tagj\u00e1val egy\u00fctt, alkotj\u00e1k a \"<strong>csoporton bel\u00fcli<\/strong>\"Az eln\u00f6k loj\u00e1lisai \u00e9lvezik a kiv\u00e1lts\u00e1gos hozz\u00e1f\u00e9r\u00e9st hozz\u00e1. A t\u00f6bbi intuit\u00edv tan\u00e1csad\u00f3 alkotja a \"<strong>k\u00fcls\u0151 csoport<\/strong>\"Ez visszhangozza az Obama-korm\u00e1nyzat egyik tipikus jellemz\u0151j\u00e9t, amely a vertik\u00e1lis dy\u00e1dkapcsolatt\u00f3l (Danserau) szenved, mivel a vezet\u0151 minden egyes strukt\u00far\u00e1val m\u00e1s-m\u00e1s kapcsolatot alak\u00edt ki. Ez az Obama-korm\u00e1nyzat egyik tipikus jellemz\u0151je, a vertik\u00e1lis Dyade-kapcsolat (Danserau) szenved, mivel a vezet\u0151 minden egyes strukt\u00far\u00e1val m\u00e1s-m\u00e1s kapcsolatot alak\u00edt ki. Ezen t\u00falmen\u0151en a jelen \u00fcgy legt\u00f6bb jellemz\u0151je arra utal, hogy egy <em>form\u00e1lis strukt\u00fara<\/em> szab\u00e1lyozza a hierarchikus kapcsolatokat.<\/p>\n\n\n\n<p>          Val\u00f3j\u00e1ban a d\u00f6nt\u00e9shozatali folyamat <strong>z\u00e1rt <\/strong>alapvet\u0151en az eln\u00f6k loj\u00e1lisai, \u00e9s ennek eredm\u00e9nyek\u00e9nt a hi\u00e1ny\u00e1t <strong>brainstorming <\/strong>a csoporton k\u00edv\u00fcl. M\u00e9g ha k\u00fcl\u00f6nb\u00f6z\u0151 lehet\u0151s\u00e9gek vannak is az asztalon, azokat nem m\u00e9rlegelik, \u00e9s ha a c\u00e9lokat nem siker\u00fcl el\u00e9rni, a strat\u00e9gi\u00e1kat nem \u00e9rt\u00e9kelik \u00fajra. Obama bels\u0151 tan\u00e1csad\u00f3i k\u00f6r\u00e9ben sincs olyan ember, aki a szerep\u00e9t j\u00e1tszhatn\u00e1. <strong>az \u00f6rd\u00f6g \u00fcgyv\u00e9dje<\/strong>.<\/p>\n\n\n\n<div class=\"wp-block-image\"><figure class=\"aligncenter size-large\"><img loading=\"lazy\" decoding=\"async\" width=\"1024\" height=\"680\" src=\"https:\/\/www.berndbraun.eu\/wp-content\/uploads\/2021\/12\/AdobeStock_126580420_Statue-of-Abraham-Lincoln-at-Lincoln-Memorial-Washington-DC-District-of-Columbia-1024x680.jpeg\" alt=\"\" class=\"wp-image-567\" srcset=\"https:\/\/www.berndbraun.eu\/wp-content\/uploads\/2021\/12\/AdobeStock_126580420_Statue-of-Abraham-Lincoln-at-Lincoln-Memorial-Washington-DC-District-of-Columbia-1024x680.jpeg 1024w, https:\/\/www.berndbraun.eu\/wp-content\/uploads\/2021\/12\/AdobeStock_126580420_Statue-of-Abraham-Lincoln-at-Lincoln-Memorial-Washington-DC-District-of-Columbia-300x199.jpeg 300w, https:\/\/www.berndbraun.eu\/wp-content\/uploads\/2021\/12\/AdobeStock_126580420_Statue-of-Abraham-Lincoln-at-Lincoln-Memorial-Washington-DC-District-of-Columbia-768x510.jpeg 768w, https:\/\/www.berndbraun.eu\/wp-content\/uploads\/2021\/12\/AdobeStock_126580420_Statue-of-Abraham-Lincoln-at-Lincoln-Memorial-Washington-DC-District-of-Columbia-1536x1020.jpeg 1536w, https:\/\/www.berndbraun.eu\/wp-content\/uploads\/2021\/12\/AdobeStock_126580420_Statue-of-Abraham-Lincoln-at-Lincoln-Memorial-Washington-DC-District-of-Columbia-2048x1360.jpeg 2048w, https:\/\/www.berndbraun.eu\/wp-content\/uploads\/2021\/12\/AdobeStock_126580420_Statue-of-Abraham-Lincoln-at-Lincoln-Memorial-Washington-DC-District-of-Columbia-18x12.jpeg 18w, https:\/\/www.berndbraun.eu\/wp-content\/uploads\/2021\/12\/AdobeStock_126580420_Statue-of-Abraham-Lincoln-at-Lincoln-Memorial-Washington-DC-District-of-Columbia.jpeg 2560w\" sizes=\"auto, (max-width: 1024px) 100vw, 1024px\" \/><figcaption>Abraham Lincoln szobra a Lincoln-eml\u00e9km\u0171n\u00e9l, Washington DC, District of Columbia<\/figcaption><\/figure><\/div>\n\n\n\n<h3 class=\"has-medium-font-size wp-block-heading\">II. A b\u00fcrokratikus v\u00e1ltoz\u00f3<\/h3>\n\n\n\n<p>          A d\u00f6nt\u00e9shozatali folyamatot er\u0151s megosztotts\u00e1g \u00e9s fesz\u00fclts\u00e9g jellemzi a civil \u00e9s a katonai szf\u00e9ra k\u00f6z\u00f6tt, amit j\u00f3l szeml\u00e9ltetnek a V\u00e9delmi Miniszt\u00e9rium \u00e9s a Feh\u00e9r H\u00e1z k\u00f6z\u00f6tti n\u00e9zetelt\u00e9r\u00e9sek. Az ilyen fesz\u00fclts\u00e9gek f\u0151 oka az, hogy a d\u00f6nt\u00e9shozatali folyamat elfogult abban az \u00e9rtelemben, hogy az eln\u00f6k <strong>hi\u00e1nyzik a bizalom <\/strong>m\u00e1s int\u00e9zm\u00e9nyi tan\u00e1csad\u00f3k, p\u00e9ld\u00e1ul a v\u00e9delmi miniszter vagy a k\u00fcl\u00fcgyminiszter. Ennek eredm\u00e9nyek\u00e9ppen a <strong>a konzult\u00e1ci\u00f3k hi\u00e1nya<\/strong>alapvet\u0151en a Pentagonnal. Annak ellen\u00e9re, hogy a V\u00e9delmi Miniszt\u00e9rium osztja az ISIS elleni k\u00fczdelemhez sz\u00fcks\u00e9ges strat\u00e9gi\u00e1val kapcsolatos m\u00e1s v\u00e9lem\u00e9nyt, ezt nem veszik figyelembe, m\u00e9g az Obama-politika el\u00e9rhetetlen c\u00e9lkit\u0171z\u00e9sei \u00e1ltal jellemzett jelent\u0151s id\u0151szak ut\u00e1n sem. Ennek eredm\u00e9nyek\u00e9ppen a m\u0171k\u00f6d\u00e9si zavarokban megnyilv\u00e1nul\u00f3 b\u00fcrokratikus megosztotts\u00e1g volt az egyik kulcselem, amely hossz\u00fa t\u00e1von akad\u00e1lyozta a vil\u00e1gos strat\u00e9gia kialak\u00edt\u00e1s\u00e1t.<br><br>          Pozit\u00edvum azonban, hogy a strat\u00e9gi\u00e1r\u00f3l alkotott elt\u00e9r\u0151 n\u00e9zetek ellen\u00e9re Kerry, Hagel vagy Dempsey nyilv\u00e1nosan igyekezett demonstr\u00e1lni, hogy t\u00e1mogatja Obama strat\u00e9gi\u00e1j\u00e1t. Voltak p\u00e9ld\u00e1k a j\u00f3 egy\u00fcttm\u0171k\u00f6d\u00e9sre is, mint p\u00e9ld\u00e1ul Kerry \u00e9s Obama k\u00f6z\u00f6tt az ISIS elleni nemzetk\u00f6zi koal\u00edci\u00f3 l\u00e9trehoz\u00e1s\u00e1ra tett er\u0151fesz\u00edt\u00e9sek sor\u00e1n.<\/p>\n\n\n\n<div class=\"wp-block-image\"><figure class=\"aligncenter size-large is-resized\"><img loading=\"lazy\" decoding=\"async\" src=\"https:\/\/www.berndbraun.eu\/wp-content\/uploads\/2021\/12\/AdobeStock_11070385-1024x683.jpeg\" alt=\"\" class=\"wp-image-568\" width=\"1300\" height=\"500\"\/><\/figure><\/div>\n\n\n\n<h3 class=\"has-medium-font-size wp-block-heading\">III. A korm\u00e1nyzati \u00e9s t\u00e1rsadalmi v\u00e1ltoz\u00f3k<\/h3>\n\n\n\n<p>          A <strong>a k\u00f6zv\u00e9lem\u00e9ny <\/strong>mindig is kulcsszerepet j\u00e1tszott Obama eln\u00f6ks\u00e9ge fel\u00e9. Jelen esetben az amerikai \u00fajs\u00e1g\u00edr\u00f3k lefejez\u00e9s\u00e9r\u0151l k\u00e9sz\u00fclt vide\u00f3k nagy hat\u00e1ssal voltak az amerikai k\u00f6zv\u00e9lem\u00e9nyre, mint egyfajta \"<strong>CNN hat\u00e1s<\/strong>\"k\u00f6vette. Ez jelent\u0151s szerepet j\u00e1tszott a strat\u00e9gia kialak\u00edt\u00e1s\u00e1ban, amely a tov\u00e1bbi kiigaz\u00edt\u00e1sokban is mindig a k\u00f6zv\u00e9lem\u00e9ny-kutat\u00e1sokat k\u00f6veti, ahogyan azt a sz\u00e1razf\u00f6ldi csapatok k\u00fcld\u00e9s\u00e9nek elutas\u00edt\u00e1sa is mutatja (a l\u00e9gicsap\u00e1sokat akar\u00f3k ar\u00e1nya val\u00f3j\u00e1ban megegyezett a sz\u00e1razf\u00f6ldi csapatok k\u00fcld\u00e9s\u00e9t ellenz\u0151k\u00e9vel). Ez hitelt ad a <strong>pluralista modell<\/strong>.<br><br>          A kongresszus t\u00e1vol \u00e1ll att\u00f3l, hogy maga is t\u00e9nyez\u0151 legyen, Obama ink\u00e1bb saj\u00e1t politikai j\u00e1tszm\u00e1ira haszn\u00e1lja fel. A j\u00f3v\u00e1hagy\u00e1s\u00e1t k\u00e9ri, amikor val\u00f3j\u00e1ban nem akar beavatkozni (tudv\u00e1n, hogy nem fogja megkapni), \u00e9s megtagadja, amikor cselekedni akar, arra hivatkozva, hogy <em>AUMF <\/em>vagy a <em>H\u00e1bor\u00fas hat\u00e1sk\u00f6r\u00f6kr\u0151l sz\u00f3l\u00f3 t\u00f6rv\u00e9ny<\/em>.<\/p>\n\n\n\n<div class=\"wp-block-image\"><figure class=\"aligncenter size-large is-resized\"><img loading=\"lazy\" decoding=\"async\" src=\"https:\/\/www.berndbraun.eu\/wp-content\/uploads\/2021\/12\/AdobeStock_100810104_A-dollar-bill-figuring-George-Washington-on-top-of-a-map-of-Syria-1024x683.jpeg\" alt=\"\" class=\"wp-image-570\" width=\"1300\" height=\"500\"\/><figcaption>George Washingtont \u00e1br\u00e1zol\u00f3 egydoll\u00e1ros bankjegy Sz\u00edria t\u00e9rk\u00e9p\u00e9nek tetej\u00e9n.<\/figcaption><\/figure><\/div>\n\n\n\n<h3 class=\"has-medium-font-size wp-block-heading\">IV. A kognit\u00edv megk\u00f6zel\u00edt\u00e9s<\/h3>\n\n\n\n<p>          Egyenesen a Rystadt's <strong>t\u00e9ves felfog\u00e1s <\/strong>elm\u00e9let, Obama hozz\u00e1\u00e1ll\u00e1sa ism\u00e9t azt bizony\u00edtja, hogy az eln\u00f6knek az a vesz\u00e9lyes hajlama, hogy <em>eltorz\u00edtja a val\u00f3s\u00e1got, hogy azt az \u00e9rz\u00e9kel\u00e9si hajlam\u00e1hoz igaz\u00edtsa.<\/em>, <strong>el\u0151fesz\u00edt\u00e9s <\/strong>ez\u00e1ltal az eg\u00e9sz d\u00f6nt\u00e9shozatali folyamatot. Val\u00f3ban, el\u0151sz\u00f6r JV csapatk\u00e9nt (Junior Varsity team) jellemezte az ISIS-t a m\u00e9di\u00e1ban, al\u00e1becs\u00fclve a fenyeget\u00e9st, folytatva a napirendj\u00e9nek er\u0151ltet\u00e9s\u00e9t annak \u00e9rdek\u00e9ben. <strong>comfort <\/strong>a vil\u00e1gr\u00f3l alkotott saj\u00e1t v\u00edzi\u00f3ja, amelyen kereszt\u00fcl \"<em>a h\u00e1bor\u00fas hull\u00e1mok visszah\u00faz\u00f3dnak<\/em>\". V\u00e9di az \u0151 <strong>alapvet\u0151 meggy\u0151z\u0151d\u00e9sek<\/strong>ellenezte, hogy csapatokat k\u00fcldjenek a sz\u00e1razf\u00f6ldre harci feladatokra, figyelmen k\u00edv\u00fcl hagyva a szak\u00e9rt\u0151k tan\u00e1csait az \u00e1lland\u00f3 \"<em>konzisztenciacs\u00f6kkent\u0151 technik\u00e1k<\/em>\"egy olyan folyamaton kereszt\u00fcl <strong>szelekt\u00edv \u00e9rtelmez\u00e9s<\/strong> ami lehet\u0151v\u00e9 teszi sz\u00e1m\u00e1ra, hogy Lambro <strong>fant\u00e1ziak\u00f6r<\/strong> ahol az \u0151 <strong>v\u00e1gy\u00e1lom<\/strong> olyan val\u00f3s\u00e1gosnak t\u0171nik.<br><br>          Tov\u00e1bb\u00e1, egy <strong>Magas kognit\u00edv komplexit\u00e1s<\/strong>\u0151 is bizony\u00edtja Herman igaz\u00e1t, mivel az \u00e9rintett eset j\u00f3l illusztr\u00e1lja, hogy milyen neh\u00e9zs\u00e9get okoz neki, hogy s\u00fcrg\u0151sen, saj\u00e1t maga hozzon d\u00f6nt\u00e9st, soha nem kap el\u00e9g inform\u00e1ci\u00f3t, \u00e9s ez adja neki a Duroselle d\u00edj\u00e1t \"<em>\u00d3vatos<\/em>\"d\u00f6nt\u00e9shoz\u00f3.<br><br>          Az ilyen helyzetek saj\u00e1tos elemz\u00e9se k\u00fcl\u00f6n\u00f6sen hangs\u00falyozza az \u0151 <strong>ego<\/strong>ami fontos szerepet j\u00e1tszik, ha egy d\u00f6nt\u00e9shoz\u00f3 ennyire elszakad a val\u00f3s\u00e1gt\u00f3l, \u00e9s ez er\u0151sen arra utal, hogy a n\u00e9pszer\u0171s\u00e9g\u00e9nek visszaes\u00e9s\u00e9t jelz\u0151 felm\u00e9r\u00e9sek jelent\u0151s v\u00e1ltoz\u00f3k lehettek abban, ahogyan \u0151 \"<em>kezelt<\/em>\"a v\u00e1ls\u00e1g. Azt is \u00e9szrevehetj\u00fck, hogy <strong>stressz<\/strong>-val kapcsolatos reakci\u00f3kat lehet itt kiemelni. Kezdve egy <strong>tagad\u00e1s<\/strong>k\u00f6lt\u00f6zik a <strong>agresszi\u00f3 <\/strong>(a <em>L\u00f3sz*sz<\/em> pillanatban f\u00e9ny der\u00fclt egy nyilv\u00e1nval\u00f3 tov\u00e1bbi er\u0151s <strong>az \u00e9rzelmi intelligencia hi\u00e1nya<\/strong>), hogy v\u00e9g\u00fcl eljussunk a d\u00f6nt\u00e9shozatali folyamat pontj\u00e1hoz. <strong>b\u00e9nul\u00e1s <\/strong>elismerve \u00f6nmag\u00e1ban a d\u00f6nt\u00e9shozatali k\u00e9ptelens\u00e9g\u00e9t. Ebben az optik\u00e1ban azzal is \u00e9rvelhetn\u00e9nk, hogy Herman elm\u00e9let\u00e9t k\u00f6vetve a <strong>vezet\u0151i \u00e9rt\u00e9kel\u00e9s \u00e9s \u00e9rt\u00e9kel\u00e9s<\/strong>a f\u00e9rfi magabiztosnak t\u0171nik (olyan szavakat haszn\u00e1l, mint \"<em>I<\/em>\", \"<em>\u00e9n<\/em>\", \"<em>mint f\u0151parancsnok...<\/em>\", \"<em>az \u00e9n priorit\u00e1som<\/em>\"pr\u00f3b\u00e1lkozik), amikor kedvez\u0151 \u00e9s pozit\u00edv int\u00e9zked\u00e9seket jelent be, m\u00edg a negat\u00edv bejelent\u00e9sn\u00e9l vagy amikor fel akarja emelni a <strong>csoportidentit\u00e1s<\/strong>a csapatj\u00e1t\u00e9kos k\u00e1rty\u00e1t j\u00e1tssza ki (\"<em>nincs strat\u00e9gi\u00e1nk<\/em>\", \"<em>nem fogunk beler\u00e1ngatni egy \u00fajabb h\u00e1bor\u00faba<\/em>\").<br><br>          De ezt a hozz\u00e1\u00e1ll\u00e1st meg kell \u00e9rteni <strong>Obama szem\u00e9vel<\/strong>. A nemzet\u00e9p\u00edt\u00e9s v\u00e9delmez\u0151jek\u00e9nt a v\u00e1ls\u00e1ggal szembeni retorik\u00e1ja arra k\u00e9szteti, hogy szemben\u00e9zzen a <strong>Vaj \u00e9s fegyver dilemma<\/strong> mivel r\u00f6vid t\u00e1v\u00fa \u00e9rdekei ellentmondanak a hossz\u00fa t\u00e1v\u00fa t\u00f6rekv\u00e9seknek. Val\u00f3ban, \u0151 \"<em>az ember, aki v\u00e9get vet a h\u00e1bor\u00fanak<\/em>\"\u00e9s az is akar maradni. A k\u00f6zv\u00e9lem\u00e9ny h\u00e1bor\u00fas f\u00e1radts\u00e1g\u00e1ra vonatkoz\u00f3 \u00e9rvel\u00e9s m\u00f6g\u00f6tt a saj\u00e1t vonakod\u00e1sa h\u00faz\u00f3dik meg az amerikai hatalom kivet\u00edt\u00e9se ir\u00e1nt. Ez \u00f6sszef\u00fcgghet azzal a megsz\u00e1llott akarat\u00e1val, hogy megk\u00fcl\u00f6nb\u00f6ztesse mag\u00e1t el\u0151dj\u00e9t\u0151l, G. W. Bush-t\u00f3l, aki szerette mag\u00e1t \u00fagy l\u00e1tni, mint \"<em>a d\u00f6nt\u0151<\/em>\"hogy v\u00e9g\u00fcl egy\u00e1ltal\u00e1n ne hozzon d\u00f6nt\u00e9st. \u00c9s b\u00e1r \u0151 tette <strong>egyszer\u0171 anal\u00f3gi\u00e1k<\/strong> Jemennel \u00e9s Afganiszt\u00e1nnal a d\u00f6nt\u00e9shozatali folyamat sor\u00e1n, akkor ez az eg\u00e9sz tal\u00e1n ink\u00e1bb \u00fagy n\u00e9z ki, mint egy eg\u00e9sz ford\u00edtott anal\u00f3gia a Bush-modellb\u0151l, amelynek antagonizmusa r\u00e9v\u00e9n saj\u00e1t identit\u00e1s-meghat\u00e1roz\u00e1s\u00e1t \u00edrta.<br><br>          Obama d\u00f6nt\u00e9shozatala az ISIS eset\u00e9ben is gyakran reakci\u00f3szer\u0171 az esem\u00e9nyekre. Egy bizonyos <strong>a hat\u00e1rozotts\u00e1g hi\u00e1nya<\/strong> is van eredm\u00e9nyk\u00e9nt egy <strong>a tiszt\u00e1nl\u00e1t\u00e1s hi\u00e1nya<\/strong> a strat\u00e9giai c\u00e9lkit\u0171z\u00e9sekre vonatkoz\u00f3an. A retorika hat\u00e1rozotts\u00e1ga gyakran nem egyezik a konkr\u00e9t tettekkel, a kit\u0171z\u00f6tt c\u00e9lok pedig <strong>irre\u00e1lis <\/strong>a strat\u00e9gi\u00e1val egy\u00fctt. A d\u00f6nt\u00e9shozatalt egy nagyon sz\u0171k tan\u00e1csad\u00f3i csoporton bel\u00fcl k\u00f6zpontos\u00edtja, \u00e9s gyakran <strong>szem\u00e9lyesen \u00e9rintett<\/strong>. St\u00edlus\u00e1t az is jellemzi, hogy minden r\u00e9szletet ellen\u0151rizni \u00e9s ir\u00e1ny\u00edtani akar, amit j\u00f3l szeml\u00e9ltethet az \u0151 <strong>mikro-menedzsment megk\u00f6zel\u00edt\u00e9s<\/strong>. \u0150 <strong>nem fog\u00e9kony<\/strong> a t\u00f6bbiek v\u00e9lem\u00e9ny\u00e9nek egy r\u00e9sz\u00e9t a lojalist\u00e1k egy r\u00e9sze. V\u00e9g\u00fcl Obama eln\u00f6knek van egy <strong>koherens gondolatrendszer <\/strong>az amerikai sz\u00e1razf\u00f6ldi csapatok harci bevet\u00e9sekbe val\u00f3 be nem von\u00e1s\u00e1nak elve domin\u00e1l, ami egyfajta <strong>rugalmatlans\u00e1g<\/strong>. \u00dagy is le\u00edrhat\u00f3, mint <strong>opportunista <\/strong>mivel a katonai akci\u00f3k jogi indokl\u00e1s\u00e1t (a Kongresszus j\u00f3v\u00e1hagy\u00e1sa alapj\u00e1n vagy an\u00e9lk\u00fcl) saj\u00e1t politikai programja szerint haszn\u00e1lja fel.<br><br>          Barber tipol\u00f3gi\u00e1ja szerint Obama az ISIS elleni harc eset\u00e9ben a k\u00f6vetkez\u0151k\u00e9ppen jellemezhet\u0151 <strong>negat\u00edv-akt\u00edv<\/strong> vagy <strong>negat\u00edv-passz\u00edv<\/strong> Eln\u00f6k. <strong>Negat\u00edv <\/strong>mert nem lelkesedik az ISIS-szel szembeni k\u00f6telezetts\u00e9gei\u00e9rt, ami arra k\u00e9nyszer\u00edti, hogy szembe menjen a \"<em>Az eln\u00f6k befejezi a h\u00e1bor\u00fakat<\/em>\". <strong>Akt\u00edv <\/strong>mert az \u0151 akarata, hogy minden r\u00e9szletet, m\u00e9g a konfliktus operat\u00edv jelleg\u0171 r\u00e9szleteit is kezelje \u00e9s <strong>passz\u00edv <\/strong>az ISIS \u00e1ltal jelentett vesz\u00e9lyekkel szembeni meglehet\u0151sen reakci\u00f3s megk\u00f6zel\u00edt\u00e9se miatt, ahelyett, hogy proakt\u00edv int\u00e9zked\u00e9seket hozott volna a fenyeget\u00e9ssel szemben.<br><\/p>\n\n\n\n<div class=\"wp-block-image\"><figure class=\"aligncenter size-large\"><img loading=\"lazy\" decoding=\"async\" width=\"714\" height=\"1024\" src=\"https:\/\/www.berndbraun.eu\/wp-content\/uploads\/2021\/12\/dreamstime_l_15414083_Storm-Descends-on-Capitol-Hill-1-714x1024.jpg\" alt=\"\" class=\"wp-image-586\" srcset=\"https:\/\/www.berndbraun.eu\/wp-content\/uploads\/2021\/12\/dreamstime_l_15414083_Storm-Descends-on-Capitol-Hill-1-714x1024.jpg 714w, https:\/\/www.berndbraun.eu\/wp-content\/uploads\/2021\/12\/dreamstime_l_15414083_Storm-Descends-on-Capitol-Hill-1-209x300.jpg 209w, https:\/\/www.berndbraun.eu\/wp-content\/uploads\/2021\/12\/dreamstime_l_15414083_Storm-Descends-on-Capitol-Hill-1-768x1102.jpg 768w, https:\/\/www.berndbraun.eu\/wp-content\/uploads\/2021\/12\/dreamstime_l_15414083_Storm-Descends-on-Capitol-Hill-1-1070x1536.jpg 1070w, https:\/\/www.berndbraun.eu\/wp-content\/uploads\/2021\/12\/dreamstime_l_15414083_Storm-Descends-on-Capitol-Hill-1-1427x2048.jpg 1427w, https:\/\/www.berndbraun.eu\/wp-content\/uploads\/2021\/12\/dreamstime_l_15414083_Storm-Descends-on-Capitol-Hill-1-8x12.jpg 8w, https:\/\/www.berndbraun.eu\/wp-content\/uploads\/2021\/12\/dreamstime_l_15414083_Storm-Descends-on-Capitol-Hill-1-scaled.jpg 1784w\" sizes=\"auto, (max-width: 714px) 100vw, 714px\" \/><figcaption>Capitol Hill<\/figcaption><\/figure><\/div>\n\n\n\n<h3 class=\"has-medium-font-size wp-block-heading\">V. A rendszerszint\u0171 v\u00e1ltoz\u00f3<\/h3>\n\n\n\n<p>          A v\u00e1ls\u00e1g h\u00e1ttere nemcsak az Egyes\u00fclt \u00c1llamokra n\u00e9zve fenyeget\u0151, hanem az Egyes\u00fclt \u00c1llamok h\u00edrnev\u00e9re \u00e9s preszt\u00edzs\u00e9re is, mint \"<em>glob\u00e1lis hatalom<\/em>\". Emellett az ISIS felemelked\u00e9se m\u00e9g nagyobb fenyeget\u00e9st jelent a t\u00e9rs\u00e9gbeli sz\u00f6vets\u00e9geseire n\u00e9zve, akiknek az USA-nak hiteles t\u00e1mogat\u00e1st kell ny\u00fajtania.<br><br>          Azonban, b\u00e1r ez a k\u00e9rd\u00e9s a glob\u00e1lis \"<em>terrorizmus elleni h\u00e1bor\u00fa<\/em>\", nem szabad elfelejteni, hogy ez a priorit\u00e1s tov\u00e1bbra is egy marad a t\u00f6bbi k\u00f6z\u00f6tt egy olyan \u00f6sszetett nemzetk\u00f6zi kontextusban, amelyben az USA akt\u00edv, \u00e9s k\u00fcl\u00f6nb\u00f6z\u0151 fontos \u00fcgyekkel foglalkozik, mint p\u00e9ld\u00e1ul Ukrajna vagy az USA \u00c1zsia fel\u00e9 fordul\u00f3 politik\u00e1ja.<br><br>          V\u00e9g\u00fcl Obama akarata, hogy nemzetk\u00f6zi koal\u00edci\u00f3t hozzon l\u00e9tre az ISIS elleni harcra, azon a t\u00e9nyen alapul, hogy Obama sz\u00e1m\u00e1ra el\u0151sz\u00f6r is az a fontos, hogy <strong>nemzet\u00e9p\u00edt\u00e9s<\/strong> otthon. Ez\u00e9rt, <strong>tehermegoszt\u00e1s<\/strong> Obama strat\u00e9gi\u00e1j\u00e1nak elker\u00fclhetetlen eleme. Tov\u00e1bb\u00e1 meg kell jegyezn\u00fcnk, hogy az arab \u00e1llamok t\u00e1mogat\u00e1sa \u00e9s az \u0151shonos harcosok el\u0151nyben r\u00e9szes\u00edt\u00e9se meger\u0151s\u00edti abban a hit\u00e9ben, hogy \"<em>nem tehetj\u00fck meg az irakiak\u00e9rt azt, amit nekik maguknak kell megtenni\u00fck, \u00e9s nem vehetj\u00fck \u00e1t az arab partnerek hely\u00e9t a r\u00e9gi\u00f3juk biztos\u00edt\u00e1s\u00e1ban.<\/em>\".<br><\/p>","protected":false},"excerpt":{"rendered":"<p>I. The President and his advisors II. The bureaucratic variable III. The governmental and societal variables IV. The cognitive approach V. The systemic variable I. The President and his advisors The real decision-making process is fundamentally based on the President\u00b4s Obama staff, i.e. a small inner circle of advisors who forged their relationships with him [&hellip;]<\/p>\n","protected":false},"author":3,"featured_media":564,"comment_status":"open","ping_status":"open","sticky":false,"template":"","format":"standard","meta":{"footnotes":""},"categories":[5],"tags":[],"type-darticle":[21],"class_list":["post-561","post","type-post","status-publish","format-standard","has-post-thumbnail","hentry","category-politics","type-darticle-analyse"],"yoast_head":"<!-- This site is optimized with the Yoast SEO Premium plugin v21.4 (Yoast SEO v27.2) - https:\/\/yoast.com\/product\/yoast-seo-premium-wordpress\/ -->\n<title>Bernd Braun - Le processus d\u00e9cisionnel d&#039;Obama concernant ISIS<\/title>\n<meta name=\"robots\" content=\"index, follow, max-snippet:-1, max-image-preview:large, max-video-preview:-1\" \/>\n<link rel=\"canonical\" href=\"https:\/\/www.berndbraun.eu\/hu\/the-decision-making-process-of-obama-concerning-isis\/\" \/>\n<meta property=\"og:locale\" content=\"hu_HU\" \/>\n<meta property=\"og:type\" content=\"article\" \/>\n<meta property=\"og:title\" content=\"Le processus d\u00e9cisionnel d&#039;Obama concernant ISIS\" \/>\n<meta property=\"og:description\" content=\"I. The President and his advisors II. The bureaucratic variable III. The governmental and societal variables IV. The cognitive approach V. The systemic variable I. The President and his advisors The real decision-making process is fundamentally based on the President\u00b4s Obama staff, i.e. a small inner circle of advisors who forged their relationships with him [&hellip;]\" \/>\n<meta property=\"og:url\" content=\"https:\/\/www.berndbraun.eu\/hu\/the-decision-making-process-of-obama-concerning-isis\/\" \/>\n<meta property=\"og:site_name\" content=\"Bernd Braun\" \/>\n<meta property=\"article:published_time\" content=\"2015-01-06T20:54:26+00:00\" \/>\n<meta property=\"article:modified_time\" content=\"2022-02-22T19:35:57+00:00\" \/>\n<meta property=\"og:image\" content=\"https:\/\/www.berndbraun.eu\/wp-content\/uploads\/2021\/12\/AdobeStock_303053153-scaled.jpeg\" \/>\n\t<meta property=\"og:image:width\" content=\"2560\" \/>\n\t<meta property=\"og:image:height\" content=\"1440\" \/>\n\t<meta property=\"og:image:type\" content=\"image\/jpeg\" \/>\n<meta name=\"author\" content=\"Bernd\" \/>\n<meta name=\"twitter:card\" content=\"summary_large_image\" \/>\n<meta name=\"twitter:label1\" content=\"Szerz\u0151:\" \/>\n\t<meta name=\"twitter:data1\" content=\"Bernd\" \/>\n\t<meta name=\"twitter:label2\" content=\"Becs\u00fclt olvas\u00e1si id\u0151\" \/>\n\t<meta name=\"twitter:data2\" content=\"8 perc\" \/>\n<script type=\"application\/ld+json\" class=\"yoast-schema-graph\">{\"@context\":\"https:\/\/schema.org\",\"@graph\":[{\"@type\":\"Article\",\"@id\":\"https:\/\/www.berndbraun.eu\/the-decision-making-process-of-obama-concerning-isis\/#article\",\"isPartOf\":{\"@id\":\"https:\/\/www.berndbraun.eu\/the-decision-making-process-of-obama-concerning-isis\/\"},\"author\":{\"name\":\"Bernd\",\"@id\":\"https:\/\/www.berndbraun.eu\/#\/schema\/person\/a64c4c08b6a8c9f8fe9be655928070ca\"},\"headline\":\"Le processus d\u00e9cisionnel d'Obama concernant ISIS\",\"datePublished\":\"2015-01-06T20:54:26+00:00\",\"dateModified\":\"2022-02-22T19:35:57+00:00\",\"mainEntityOfPage\":{\"@id\":\"https:\/\/www.berndbraun.eu\/the-decision-making-process-of-obama-concerning-isis\/\"},\"wordCount\":1660,\"commentCount\":0,\"image\":{\"@id\":\"https:\/\/www.berndbraun.eu\/the-decision-making-process-of-obama-concerning-isis\/#primaryimage\"},\"thumbnailUrl\":\"https:\/\/www.berndbraun.eu\/wp-content\/uploads\/2021\/12\/AdobeStock_303053153-scaled.jpeg\",\"articleSection\":[\"Politics\"],\"inLanguage\":\"hu\",\"potentialAction\":[{\"@type\":\"CommentAction\",\"name\":\"Comment\",\"target\":[\"https:\/\/www.berndbraun.eu\/the-decision-making-process-of-obama-concerning-isis\/#respond\"]}]},{\"@type\":\"WebPage\",\"@id\":\"https:\/\/www.berndbraun.eu\/the-decision-making-process-of-obama-concerning-isis\/\",\"url\":\"https:\/\/www.berndbraun.eu\/the-decision-making-process-of-obama-concerning-isis\/\",\"name\":\"Bernd Braun - Le processus d\u00e9cisionnel d'Obama concernant ISIS\",\"isPartOf\":{\"@id\":\"https:\/\/www.berndbraun.eu\/#website\"},\"primaryImageOfPage\":{\"@id\":\"https:\/\/www.berndbraun.eu\/the-decision-making-process-of-obama-concerning-isis\/#primaryimage\"},\"image\":{\"@id\":\"https:\/\/www.berndbraun.eu\/the-decision-making-process-of-obama-concerning-isis\/#primaryimage\"},\"thumbnailUrl\":\"https:\/\/www.berndbraun.eu\/wp-content\/uploads\/2021\/12\/AdobeStock_303053153-scaled.jpeg\",\"datePublished\":\"2015-01-06T20:54:26+00:00\",\"dateModified\":\"2022-02-22T19:35:57+00:00\",\"author\":{\"@id\":\"https:\/\/www.berndbraun.eu\/#\/schema\/person\/a64c4c08b6a8c9f8fe9be655928070ca\"},\"breadcrumb\":{\"@id\":\"https:\/\/www.berndbraun.eu\/the-decision-making-process-of-obama-concerning-isis\/#breadcrumb\"},\"inLanguage\":\"hu\",\"potentialAction\":[{\"@type\":\"ReadAction\",\"target\":[\"https:\/\/www.berndbraun.eu\/the-decision-making-process-of-obama-concerning-isis\/\"]}]},{\"@type\":\"ImageObject\",\"inLanguage\":\"hu\",\"@id\":\"https:\/\/www.berndbraun.eu\/the-decision-making-process-of-obama-concerning-isis\/#primaryimage\",\"url\":\"https:\/\/www.berndbraun.eu\/wp-content\/uploads\/2021\/12\/AdobeStock_303053153-scaled.jpeg\",\"contentUrl\":\"https:\/\/www.berndbraun.eu\/wp-content\/uploads\/2021\/12\/AdobeStock_303053153-scaled.jpeg\",\"width\":2560,\"height\":1440},{\"@type\":\"BreadcrumbList\",\"@id\":\"https:\/\/www.berndbraun.eu\/the-decision-making-process-of-obama-concerning-isis\/#breadcrumb\",\"itemListElement\":[{\"@type\":\"ListItem\",\"position\":1,\"name\":\"Accueil\",\"item\":\"https:\/\/www.berndbraun.eu\/\"},{\"@type\":\"ListItem\",\"position\":2,\"name\":\"Le processus d\u00e9cisionnel d'Obama concernant ISIS\"}]},{\"@type\":\"WebSite\",\"@id\":\"https:\/\/www.berndbraun.eu\/#website\",\"url\":\"https:\/\/www.berndbraun.eu\/\",\"name\":\"Bernd Braun\",\"description\":\"\",\"potentialAction\":[{\"@type\":\"SearchAction\",\"target\":{\"@type\":\"EntryPoint\",\"urlTemplate\":\"https:\/\/www.berndbraun.eu\/?s={search_term_string}\"},\"query-input\":{\"@type\":\"PropertyValueSpecification\",\"valueRequired\":true,\"valueName\":\"search_term_string\"}}],\"inLanguage\":\"hu\"},{\"@type\":\"Person\",\"@id\":\"https:\/\/www.berndbraun.eu\/#\/schema\/person\/a64c4c08b6a8c9f8fe9be655928070ca\",\"name\":\"Bernd\",\"image\":{\"@type\":\"ImageObject\",\"inLanguage\":\"hu\",\"@id\":\"https:\/\/secure.gravatar.com\/avatar\/e51d7b18a7c2fb10dd367a4bab68ef5a6d1736ae3537a0fd211df170b00b15af?s=96&d=mm&r=g\",\"url\":\"https:\/\/secure.gravatar.com\/avatar\/e51d7b18a7c2fb10dd367a4bab68ef5a6d1736ae3537a0fd211df170b00b15af?s=96&d=mm&r=g\",\"contentUrl\":\"https:\/\/secure.gravatar.com\/avatar\/e51d7b18a7c2fb10dd367a4bab68ef5a6d1736ae3537a0fd211df170b00b15af?s=96&d=mm&r=g\",\"caption\":\"Bernd\"},\"url\":\"https:\/\/www.berndbraun.eu\/hu\/author\/bernd\/\"}]}<\/script>\n<!-- \/ Yoast SEO Premium plugin. -->","yoast_head_json":{"title":"Bernd Braun - Obama d\u00f6nt\u00e9shozatali folyamata az ISIS-szel kapcsolatban","robots":{"index":"index","follow":"follow","max-snippet":"max-snippet:-1","max-image-preview":"max-image-preview:large","max-video-preview":"max-video-preview:-1"},"canonical":"https:\/\/www.berndbraun.eu\/hu\/the-decision-making-process-of-obama-concerning-isis\/","og_locale":"hu_HU","og_type":"article","og_title":"Le processus d\u00e9cisionnel d'Obama concernant ISIS","og_description":"I. The President and his advisors II. The bureaucratic variable III. The governmental and societal variables IV. The cognitive approach V. The systemic variable I. The President and his advisors The real decision-making process is fundamentally based on the President\u00b4s Obama staff, i.e. a small inner circle of advisors who forged their relationships with him [&hellip;]","og_url":"https:\/\/www.berndbraun.eu\/hu\/the-decision-making-process-of-obama-concerning-isis\/","og_site_name":"Bernd Braun","article_published_time":"2015-01-06T20:54:26+00:00","article_modified_time":"2022-02-22T19:35:57+00:00","og_image":[{"width":2560,"height":1440,"url":"https:\/\/www.berndbraun.eu\/wp-content\/uploads\/2021\/12\/AdobeStock_303053153-scaled.jpeg","type":"image\/jpeg"}],"author":"Bernd","twitter_card":"summary_large_image","twitter_misc":{"Szerz\u0151:":"Bernd","Becs\u00fclt olvas\u00e1si id\u0151":"8 perc"},"schema":{"@context":"https:\/\/schema.org","@graph":[{"@type":"Article","@id":"https:\/\/www.berndbraun.eu\/the-decision-making-process-of-obama-concerning-isis\/#article","isPartOf":{"@id":"https:\/\/www.berndbraun.eu\/the-decision-making-process-of-obama-concerning-isis\/"},"author":{"name":"Bernd","@id":"https:\/\/www.berndbraun.eu\/#\/schema\/person\/a64c4c08b6a8c9f8fe9be655928070ca"},"headline":"Le processus d\u00e9cisionnel d'Obama concernant ISIS","datePublished":"2015-01-06T20:54:26+00:00","dateModified":"2022-02-22T19:35:57+00:00","mainEntityOfPage":{"@id":"https:\/\/www.berndbraun.eu\/the-decision-making-process-of-obama-concerning-isis\/"},"wordCount":1660,"commentCount":0,"image":{"@id":"https:\/\/www.berndbraun.eu\/the-decision-making-process-of-obama-concerning-isis\/#primaryimage"},"thumbnailUrl":"https:\/\/www.berndbraun.eu\/wp-content\/uploads\/2021\/12\/AdobeStock_303053153-scaled.jpeg","articleSection":["Politics"],"inLanguage":"hu","potentialAction":[{"@type":"CommentAction","name":"Comment","target":["https:\/\/www.berndbraun.eu\/the-decision-making-process-of-obama-concerning-isis\/#respond"]}]},{"@type":"WebPage","@id":"https:\/\/www.berndbraun.eu\/the-decision-making-process-of-obama-concerning-isis\/","url":"https:\/\/www.berndbraun.eu\/the-decision-making-process-of-obama-concerning-isis\/","name":"Bernd Braun - Obama d\u00f6nt\u00e9shozatali folyamata az ISIS-szel kapcsolatban","isPartOf":{"@id":"https:\/\/www.berndbraun.eu\/#website"},"primaryImageOfPage":{"@id":"https:\/\/www.berndbraun.eu\/the-decision-making-process-of-obama-concerning-isis\/#primaryimage"},"image":{"@id":"https:\/\/www.berndbraun.eu\/the-decision-making-process-of-obama-concerning-isis\/#primaryimage"},"thumbnailUrl":"https:\/\/www.berndbraun.eu\/wp-content\/uploads\/2021\/12\/AdobeStock_303053153-scaled.jpeg","datePublished":"2015-01-06T20:54:26+00:00","dateModified":"2022-02-22T19:35:57+00:00","author":{"@id":"https:\/\/www.berndbraun.eu\/#\/schema\/person\/a64c4c08b6a8c9f8fe9be655928070ca"},"breadcrumb":{"@id":"https:\/\/www.berndbraun.eu\/the-decision-making-process-of-obama-concerning-isis\/#breadcrumb"},"inLanguage":"hu","potentialAction":[{"@type":"ReadAction","target":["https:\/\/www.berndbraun.eu\/the-decision-making-process-of-obama-concerning-isis\/"]}]},{"@type":"ImageObject","inLanguage":"hu","@id":"https:\/\/www.berndbraun.eu\/the-decision-making-process-of-obama-concerning-isis\/#primaryimage","url":"https:\/\/www.berndbraun.eu\/wp-content\/uploads\/2021\/12\/AdobeStock_303053153-scaled.jpeg","contentUrl":"https:\/\/www.berndbraun.eu\/wp-content\/uploads\/2021\/12\/AdobeStock_303053153-scaled.jpeg","width":2560,"height":1440},{"@type":"BreadcrumbList","@id":"https:\/\/www.berndbraun.eu\/the-decision-making-process-of-obama-concerning-isis\/#breadcrumb","itemListElement":[{"@type":"ListItem","position":1,"name":"Accueil","item":"https:\/\/www.berndbraun.eu\/"},{"@type":"ListItem","position":2,"name":"Le processus d\u00e9cisionnel d'Obama concernant ISIS"}]},{"@type":"WebSite","@id":"https:\/\/www.berndbraun.eu\/#website","url":"https:\/\/www.berndbraun.eu\/","name":"Bernd Braun","description":"","potentialAction":[{"@type":"SearchAction","target":{"@type":"EntryPoint","urlTemplate":"https:\/\/www.berndbraun.eu\/?s={search_term_string}"},"query-input":{"@type":"PropertyValueSpecification","valueRequired":true,"valueName":"search_term_string"}}],"inLanguage":"hu"},{"@type":"Person","@id":"https:\/\/www.berndbraun.eu\/#\/schema\/person\/a64c4c08b6a8c9f8fe9be655928070ca","name":"Bernd","image":{"@type":"ImageObject","inLanguage":"hu","@id":"https:\/\/secure.gravatar.com\/avatar\/e51d7b18a7c2fb10dd367a4bab68ef5a6d1736ae3537a0fd211df170b00b15af?s=96&d=mm&r=g","url":"https:\/\/secure.gravatar.com\/avatar\/e51d7b18a7c2fb10dd367a4bab68ef5a6d1736ae3537a0fd211df170b00b15af?s=96&d=mm&r=g","contentUrl":"https:\/\/secure.gravatar.com\/avatar\/e51d7b18a7c2fb10dd367a4bab68ef5a6d1736ae3537a0fd211df170b00b15af?s=96&d=mm&r=g","caption":"Bernd"},"url":"https:\/\/www.berndbraun.eu\/hu\/author\/bernd\/"}]}},"_links":{"self":[{"href":"https:\/\/www.berndbraun.eu\/hu\/wp-json\/wp\/v2\/posts\/561","targetHints":{"allow":["GET"]}}],"collection":[{"href":"https:\/\/www.berndbraun.eu\/hu\/wp-json\/wp\/v2\/posts"}],"about":[{"href":"https:\/\/www.berndbraun.eu\/hu\/wp-json\/wp\/v2\/types\/post"}],"author":[{"embeddable":true,"href":"https:\/\/www.berndbraun.eu\/hu\/wp-json\/wp\/v2\/users\/3"}],"replies":[{"embeddable":true,"href":"https:\/\/www.berndbraun.eu\/hu\/wp-json\/wp\/v2\/comments?post=561"}],"version-history":[{"count":18,"href":"https:\/\/www.berndbraun.eu\/hu\/wp-json\/wp\/v2\/posts\/561\/revisions"}],"predecessor-version":[{"id":1037,"href":"https:\/\/www.berndbraun.eu\/hu\/wp-json\/wp\/v2\/posts\/561\/revisions\/1037"}],"wp:featuredmedia":[{"embeddable":true,"href":"https:\/\/www.berndbraun.eu\/hu\/wp-json\/wp\/v2\/media\/564"}],"wp:attachment":[{"href":"https:\/\/www.berndbraun.eu\/hu\/wp-json\/wp\/v2\/media?parent=561"}],"wp:term":[{"taxonomy":"category","embeddable":true,"href":"https:\/\/www.berndbraun.eu\/hu\/wp-json\/wp\/v2\/categories?post=561"},{"taxonomy":"post_tag","embeddable":true,"href":"https:\/\/www.berndbraun.eu\/hu\/wp-json\/wp\/v2\/tags?post=561"},{"taxonomy":"type-darticle","embeddable":true,"href":"https:\/\/www.berndbraun.eu\/hu\/wp-json\/wp\/v2\/type-darticle?post=561"}],"curies":[{"name":"wp","href":"https:\/\/api.w.org\/{rel}","templated":true}]}}