{"id":745,"date":"2021-11-03T23:47:05","date_gmt":"2021-11-03T21:47:05","guid":{"rendered":"https:\/\/www.berndbraun.eu\/?p=745"},"modified":"2022-02-22T21:36:12","modified_gmt":"2022-02-22T19:36:12","slug":"les-cgri-publient-une-video-dintervention-dans-la-mer-doman","status":"publish","type":"post","link":"https:\/\/www.berndbraun.eu\/hu\/les-cgri-publient-une-video-dintervention-dans-la-mer-doman\/","title":{"rendered":"Az IRGC vide\u00f3t tett k\u00f6zz\u00e9 az Egyes\u00fclt \u00c1llamokkal val\u00f3 \u00f6sszecsap\u00e1sr\u00f3l az Arab-tengeren"},"content":{"rendered":"<figure class=\"wp-block-video aligncenter\"><video height=\"464\" style=\"aspect-ratio: 848 \/ 464;\" width=\"848\" controls src=\"https:\/\/www.berndbraun.eu\/wp-content\/uploads\/2021\/12\/VID_20211103_164018_794.mp4\"><\/video><figcaption>Forr\u00e1s: en.irna.ir\/news\/84529566\/<\/figcaption><\/figure>\n\n\n\n<div style=\"height:25px\" aria-hidden=\"true\" class=\"wp-block-spacer\"><\/div>\n\n\n\n<p>&nbsp;&nbsp;&nbsp;&nbsp;&nbsp;&nbsp;&nbsp; Teher\u00e1n (IRNA) - Az Iszl\u00e1m Forradalmi G\u00e1rda (IRGC) k\u00e9peket tett k\u00f6zz\u00e9 az ir\u00e1ni \u00fczemanyag-sz\u00e1ll\u00edtm\u00e1nyt c\u00e9lz\u00f3 \u00e1ll\u00edt\u00f3lagos amerikai kal\u00f3zkod\u00e1ssal szembeni \u00f6sszecsap\u00e1sr\u00f3l.<\/p>\n\n\n\n<p>&nbsp;&nbsp;&nbsp;&nbsp;&nbsp;&nbsp;&nbsp; Az eset 2021. okt\u00f3ber 25-\u00e9n t\u00f6rt\u00e9nt, de az inform\u00e1ci\u00f3kat \u00e9s a vide\u00f3kat csak november 3-\u00e1n hozt\u00e1k nyilv\u00e1noss\u00e1gra.<\/p>\n\n\n\n<p>&nbsp;&nbsp;&nbsp;&nbsp;&nbsp;&nbsp;&nbsp; \u00cdme az Iszl\u00e1m K\u00f6zt\u00e1rsas\u00e1gi H\u00edr\u00fcgyn\u00f6ks\u00e9g (IRNA) k\u00f6zlem\u00e9nye:<\/p>\n\n\n\n<p>\"Ennek sor\u00e1n az amerikai er\u0151k lefoglaltak egy ir\u00e1ni olajsz\u00e1ll\u00edtm\u00e1nyt sz\u00e1ll\u00edt\u00f3 tart\u00e1lyhaj\u00f3t a strat\u00e9giai fontoss\u00e1g\u00fa Arab-tengeren, \u00e9s a nyersolajsz\u00e1ll\u00edtm\u00e1nyt egy m\u00e1sik haj\u00f3ra helyezt\u00e9k \u00e1t.<\/p>\n\n\n\n<p>Az IRGC ez\u00e9rt tengeri m\u0171veletet szervezett a m\u00e1sodik haj\u00f3 ellen, helikoptereit a fed\u00e9lzetre sz\u00e1ll\u00edtotta, \u00e9s a haj\u00f3t ir\u00e1ni vizekre terelte.<\/p>\n\n\n\n<p>A felv\u00e9telek r\u00e9szletesen bemutatj\u00e1k az incidenst, el\u0151sz\u00f6r azt, ahogy a pashtun haditenger\u00e9szeti h\u00edrszerz\u00e9si parancsnoks\u00e1g \u00e9s h\u00edrszerz\u0151 h\u00e1l\u00f3zat \u00e9szleli az ellopott nyersolajat sz\u00e1ll\u00edt\u00f3 haj\u00f3t.<\/p>\n\n\n\n<p>Az IRGC haditenger\u00e9szete ezut\u00e1n gyorsreag\u00e1l\u00e1s\u00fa egys\u00e9geket k\u00fcld a ter\u00fcletre, hogy visszaszerezz\u00e9k a rakom\u00e1nyt.<\/p>\n\n\n\n<p>A kommand\u00f3sok ezut\u00e1n helikopteres m\u0171veletbe kezdtek, amelynek sor\u00e1n a rep\u00fcl\u0151g\u00e9p\u00fck lesz\u00e1llt a m\u00e1sodik haj\u00f3ra, lesz\u00e1ll\u00edtott\u00e1k az er\u0151ket \u00e9s visszaszerezt\u00e9k az ellopott rakom\u00e1nyt.<\/p>\n\n\n\n<p>Ek\u00f6zben az IRGC dr\u00f3negys\u00e9gek, motorcs\u00f3nakok \u00e9s m\u00e1s haditenger\u00e9szeti haj\u00f3k t\u00e1mogatj\u00e1k a m\u0171veletet.<\/p>\n\n\n\n<p>A USS The Sullivans (DDG-68) \u00e9s a USS Michael Murphy (DDG-112), k\u00e9t amerikai rombol\u00f3 ezut\u00e1n egy m\u00e1sodik tankerhez k\u00f6zeledett, hogy megakad\u00e1lyozza annak kiemel\u00e9s\u00e9t, de a Pasdaran haditenger\u00e9szet figyelmeztette \u0151ket.<\/p>\n\n\n\n<p>A hadm\u0171veletr\u0151l k\u00f6zvet\u00edtett k\u00e9pek mindek\u00f6zben \u00e9l\u00e9nk r\u00e9szletess\u00e9ggel mutatj\u00e1k az \u00e9rintett amerikai haj\u00f3kat \u00e9s leg\u00e9nys\u00e9g\u00fcket.<\/p>\n\n\n\n<p>Az IRGC PR-irod\u00e1ja \u00e1ltal kiadott k\u00f6zlem\u00e9ny szerint a helikopteres m\u0171velet ut\u00e1n az amerikai er\u0151k t\u00f6bb helikopter \u00e9s hadihaj\u00f3 seg\u00edts\u00e9g\u00e9vel megkezdt\u00e9k a m\u00e1sodik haj\u00f3 \u00fcld\u00f6z\u00e9s\u00e9t. Azonban meg\u00e1lltak, miel\u0151tt elfogt\u00e1k volna.<\/p>\n\n\n\n<p>Az amerikai er\u0151k ezut\u00e1n m\u00e1s hadihaj\u00f3kat k\u00fcldtek, hogy blokkolj\u00e1k az ellopott nyersolajat sz\u00e1ll\u00edt\u00f3 haj\u00f3t.<\/p>\n\n\n\n<p>\"Az amerikaiak \u00fagy d\u00f6nt\u00f6ttek, hogy nem folytatj\u00e1k a m\u0171veletet, \u00e9s elhagyt\u00e1k a ter\u00fcletet, miut\u00e1n r\u00e1j\u00f6ttek, hogy a Pasdaran haditenger\u00e9szet b\u00e1tor \u00e9s lelkes harcosai k\u00e9szen \u00e1llnak \u00e9s elsz\u00e1ntak arra, hogy szemben\u00e9zzenek b\u00e1rmilyen kalandorral \u00e9s az ir\u00e1ni nemzet \u00e9rdekeit fenyeget\u0151 fenyeget\u00e9ssel\" - tette hozz\u00e1 a k\u00f6zlem\u00e9ny.<\/p>\n\n\n\n<p>Az ir\u00e1ni olajminiszter, Dzsavad Owdzsi, megk\u00f6sz\u00f6nve a hadtestnek az akci\u00f3 siker\u00e9t, azt mondta, hogy \"Ir\u00e1n ellens\u00e9gei\" kal\u00f3zkod\u00e1shoz folyamodtak, miut\u00e1n r\u00e1j\u00f6ttek, hogy az iszl\u00e1m k\u00f6zt\u00e1rsas\u00e1g elt\u00f6k\u00e9lt abban, hogy az orsz\u00e1ggal szembeni amerikai szankci\u00f3k ellen\u00e9re is export\u00e1lja \u00fczemanyag\u00e1t.\"<\/p>\n\n\n\n<div style=\"height:15px\" aria-hidden=\"true\" class=\"wp-block-spacer\"><\/div>\n\n\n\n<p><a href=\"https:\/\/twitter.com\/intent\/tweet?url=https%3A%2F%2Ffr.irna.ir%2Fnews%2F84529566%2F\"><\/a><\/p>\n\n\n\n<figure class=\"wp-block-video aligncenter\"><video height=\"720\" style=\"aspect-ratio: 1280 \/ 720;\" width=\"1280\" controls src=\"https:\/\/www.berndbraun.eu\/wp-content\/uploads\/2021\/12\/169174342.mp4\"><\/video><figcaption>Forr\u00e1s: en.irna.ir\/news\/84529566\/<\/figcaption><\/figure>\n\n\n\n<div style=\"height:25px\" aria-hidden=\"true\" class=\"wp-block-spacer\"><\/div>\n\n\n\n<p>Forr\u00e1s: IRNA<\/p>","protected":false},"excerpt":{"rendered":"<p>&nbsp;&nbsp;&nbsp;&nbsp;&nbsp;&nbsp;&nbsp; T\u00e9h\u00e9ran (IRNA) - Le Corps des Gardiens de la R\u00e9volution islamique (CGRI) a publi\u00e9 des images de la confrontation contre un pr\u00e9tendu acte de piraterie am\u00e9ricain visant une cargaison de carburant iranien. &nbsp;&nbsp;&nbsp;&nbsp;&nbsp;&nbsp;&nbsp; L'incident a eu lieu le 25 octobre 2021, mais les informations et les vid\u00e9os n\u2019ont \u00e9t\u00e9 rendues publiques qu\u2019\u00e0 partir du [&hellip;]<\/p>\n","protected":false},"author":3,"featured_media":750,"comment_status":"open","ping_status":"open","sticky":false,"template":"","format":"standard","meta":{"footnotes":""},"categories":[5],"tags":[],"type-darticle":[24],"class_list":["post-745","post","type-post","status-publish","format-standard","has-post-thumbnail","hentry","category-politics","type-darticle-video"],"yoast_head":"<!-- This site is optimized with the Yoast SEO Premium plugin v21.4 (Yoast SEO v27.2) - https:\/\/yoast.com\/product\/yoast-seo-premium-wordpress\/ -->\n<title>Bernd Braun - Les CGRI publient une vid\u00e9o de leur confrontation avec les USA en Mer d&#039;Oman<\/title>\n<meta name=\"robots\" content=\"index, follow, max-snippet:-1, max-image-preview:large, max-video-preview:-1\" \/>\n<link rel=\"canonical\" href=\"https:\/\/www.berndbraun.eu\/hu\/les-cgri-publient-une-video-dintervention-dans-la-mer-doman\/\" \/>\n<meta property=\"og:locale\" content=\"hu_HU\" \/>\n<meta property=\"og:type\" content=\"article\" \/>\n<meta property=\"og:title\" content=\"Les CGRI publient une vid\u00e9o de leur confrontation avec les USA en Mer d&#039;Oman\" \/>\n<meta property=\"og:description\" content=\"&nbsp;&nbsp;&nbsp;&nbsp;&nbsp;&nbsp;&nbsp; T\u00e9h\u00e9ran (IRNA) - Le Corps des Gardiens de la R\u00e9volution islamique (CGRI) a publi\u00e9 des images de la confrontation contre un pr\u00e9tendu acte de piraterie am\u00e9ricain visant une cargaison de carburant iranien. &nbsp;&nbsp;&nbsp;&nbsp;&nbsp;&nbsp;&nbsp; L&#039;incident a eu lieu le 25 octobre 2021, mais les informations et les vid\u00e9os n\u2019ont \u00e9t\u00e9 rendues publiques qu\u2019\u00e0 partir du [&hellip;]\" \/>\n<meta property=\"og:url\" content=\"https:\/\/www.berndbraun.eu\/hu\/les-cgri-publient-une-video-dintervention-dans-la-mer-doman\/\" \/>\n<meta property=\"og:site_name\" content=\"Bernd Braun\" \/>\n<meta property=\"article:published_time\" content=\"2021-11-03T21:47:05+00:00\" \/>\n<meta property=\"article:modified_time\" content=\"2022-02-22T19:36:12+00:00\" \/>\n<meta property=\"og:image\" content=\"https:\/\/www.berndbraun.eu\/wp-content\/uploads\/2021\/12\/2021-12-10_22h50_52.png\" \/>\n\t<meta property=\"og:image:width\" content=\"1917\" \/>\n\t<meta property=\"og:image:height\" content=\"1023\" \/>\n\t<meta property=\"og:image:type\" content=\"image\/png\" \/>\n<meta name=\"author\" content=\"Bernd\" \/>\n<meta name=\"twitter:card\" content=\"summary_large_image\" \/>\n<meta name=\"twitter:label1\" content=\"Szerz\u0151:\" \/>\n\t<meta name=\"twitter:data1\" content=\"Bernd\" \/>\n\t<meta name=\"twitter:label2\" content=\"Becs\u00fclt olvas\u00e1si id\u0151\" \/>\n\t<meta name=\"twitter:data2\" content=\"2 perc\" \/>\n<script type=\"application\/ld+json\" class=\"yoast-schema-graph\">{\"@context\":\"https:\/\/schema.org\",\"@graph\":[{\"@type\":\"Article\",\"@id\":\"https:\/\/www.berndbraun.eu\/les-cgri-publient-une-video-dintervention-dans-la-mer-doman\/#article\",\"isPartOf\":{\"@id\":\"https:\/\/www.berndbraun.eu\/les-cgri-publient-une-video-dintervention-dans-la-mer-doman\/\"},\"author\":{\"name\":\"Bernd\",\"@id\":\"https:\/\/www.berndbraun.eu\/#\/schema\/person\/a64c4c08b6a8c9f8fe9be655928070ca\"},\"headline\":\"Les CGRI publient une vid\u00e9o de leur confrontation avec les USA en Mer d'Oman\",\"datePublished\":\"2021-11-03T21:47:05+00:00\",\"dateModified\":\"2022-02-22T19:36:12+00:00\",\"mainEntityOfPage\":{\"@id\":\"https:\/\/www.berndbraun.eu\/les-cgri-publient-une-video-dintervention-dans-la-mer-doman\/\"},\"wordCount\":581,\"commentCount\":0,\"image\":{\"@id\":\"https:\/\/www.berndbraun.eu\/les-cgri-publient-une-video-dintervention-dans-la-mer-doman\/#primaryimage\"},\"thumbnailUrl\":\"https:\/\/www.berndbraun.eu\/wp-content\/uploads\/2021\/12\/2021-12-10_22h50_52.png\",\"articleSection\":[\"Politics\"],\"inLanguage\":\"hu\",\"potentialAction\":[{\"@type\":\"CommentAction\",\"name\":\"Comment\",\"target\":[\"https:\/\/www.berndbraun.eu\/les-cgri-publient-une-video-dintervention-dans-la-mer-doman\/#respond\"]}]},{\"@type\":\"WebPage\",\"@id\":\"https:\/\/www.berndbraun.eu\/les-cgri-publient-une-video-dintervention-dans-la-mer-doman\/\",\"url\":\"https:\/\/www.berndbraun.eu\/les-cgri-publient-une-video-dintervention-dans-la-mer-doman\/\",\"name\":\"Bernd Braun - Les CGRI publient une vid\u00e9o de leur confrontation avec les USA en Mer d'Oman\",\"isPartOf\":{\"@id\":\"https:\/\/www.berndbraun.eu\/#website\"},\"primaryImageOfPage\":{\"@id\":\"https:\/\/www.berndbraun.eu\/les-cgri-publient-une-video-dintervention-dans-la-mer-doman\/#primaryimage\"},\"image\":{\"@id\":\"https:\/\/www.berndbraun.eu\/les-cgri-publient-une-video-dintervention-dans-la-mer-doman\/#primaryimage\"},\"thumbnailUrl\":\"https:\/\/www.berndbraun.eu\/wp-content\/uploads\/2021\/12\/2021-12-10_22h50_52.png\",\"datePublished\":\"2021-11-03T21:47:05+00:00\",\"dateModified\":\"2022-02-22T19:36:12+00:00\",\"author\":{\"@id\":\"https:\/\/www.berndbraun.eu\/#\/schema\/person\/a64c4c08b6a8c9f8fe9be655928070ca\"},\"breadcrumb\":{\"@id\":\"https:\/\/www.berndbraun.eu\/les-cgri-publient-une-video-dintervention-dans-la-mer-doman\/#breadcrumb\"},\"inLanguage\":\"hu\",\"potentialAction\":[{\"@type\":\"ReadAction\",\"target\":[\"https:\/\/www.berndbraun.eu\/les-cgri-publient-une-video-dintervention-dans-la-mer-doman\/\"]}]},{\"@type\":\"ImageObject\",\"inLanguage\":\"hu\",\"@id\":\"https:\/\/www.berndbraun.eu\/les-cgri-publient-une-video-dintervention-dans-la-mer-doman\/#primaryimage\",\"url\":\"https:\/\/www.berndbraun.eu\/wp-content\/uploads\/2021\/12\/2021-12-10_22h50_52.png\",\"contentUrl\":\"https:\/\/www.berndbraun.eu\/wp-content\/uploads\/2021\/12\/2021-12-10_22h50_52.png\",\"width\":1917,\"height\":1023},{\"@type\":\"BreadcrumbList\",\"@id\":\"https:\/\/www.berndbraun.eu\/les-cgri-publient-une-video-dintervention-dans-la-mer-doman\/#breadcrumb\",\"itemListElement\":[{\"@type\":\"ListItem\",\"position\":1,\"name\":\"Accueil\",\"item\":\"https:\/\/www.berndbraun.eu\/\"},{\"@type\":\"ListItem\",\"position\":2,\"name\":\"Les CGRI publient une vid\u00e9o de leur confrontation avec les USA en Mer d'Oman\"}]},{\"@type\":\"WebSite\",\"@id\":\"https:\/\/www.berndbraun.eu\/#website\",\"url\":\"https:\/\/www.berndbraun.eu\/\",\"name\":\"Bernd Braun\",\"description\":\"\",\"potentialAction\":[{\"@type\":\"SearchAction\",\"target\":{\"@type\":\"EntryPoint\",\"urlTemplate\":\"https:\/\/www.berndbraun.eu\/?s={search_term_string}\"},\"query-input\":{\"@type\":\"PropertyValueSpecification\",\"valueRequired\":true,\"valueName\":\"search_term_string\"}}],\"inLanguage\":\"hu\"},{\"@type\":\"Person\",\"@id\":\"https:\/\/www.berndbraun.eu\/#\/schema\/person\/a64c4c08b6a8c9f8fe9be655928070ca\",\"name\":\"Bernd\",\"image\":{\"@type\":\"ImageObject\",\"inLanguage\":\"hu\",\"@id\":\"https:\/\/secure.gravatar.com\/avatar\/e51d7b18a7c2fb10dd367a4bab68ef5a6d1736ae3537a0fd211df170b00b15af?s=96&d=mm&r=g\",\"url\":\"https:\/\/secure.gravatar.com\/avatar\/e51d7b18a7c2fb10dd367a4bab68ef5a6d1736ae3537a0fd211df170b00b15af?s=96&d=mm&r=g\",\"contentUrl\":\"https:\/\/secure.gravatar.com\/avatar\/e51d7b18a7c2fb10dd367a4bab68ef5a6d1736ae3537a0fd211df170b00b15af?s=96&d=mm&r=g\",\"caption\":\"Bernd\"},\"url\":\"https:\/\/www.berndbraun.eu\/hu\/author\/bernd\/\"}]}<\/script>\n<!-- \/ Yoast SEO Premium plugin. -->","yoast_head_json":{"title":"Bernd Braun - Az IRGC vide\u00f3t tett k\u00f6zz\u00e9 az Egyes\u00fclt \u00c1llamokkal val\u00f3 \u00f6sszecsap\u00e1sr\u00f3l az Arab-tengeren","robots":{"index":"index","follow":"follow","max-snippet":"max-snippet:-1","max-image-preview":"max-image-preview:large","max-video-preview":"max-video-preview:-1"},"canonical":"https:\/\/www.berndbraun.eu\/hu\/les-cgri-publient-une-video-dintervention-dans-la-mer-doman\/","og_locale":"hu_HU","og_type":"article","og_title":"Les CGRI publient une vid\u00e9o de leur confrontation avec les USA en Mer d'Oman","og_description":"&nbsp;&nbsp;&nbsp;&nbsp;&nbsp;&nbsp;&nbsp; T\u00e9h\u00e9ran (IRNA) - Le Corps des Gardiens de la R\u00e9volution islamique (CGRI) a publi\u00e9 des images de la confrontation contre un pr\u00e9tendu acte de piraterie am\u00e9ricain visant une cargaison de carburant iranien. &nbsp;&nbsp;&nbsp;&nbsp;&nbsp;&nbsp;&nbsp; L'incident a eu lieu le 25 octobre 2021, mais les informations et les vid\u00e9os n\u2019ont \u00e9t\u00e9 rendues publiques qu\u2019\u00e0 partir du [&hellip;]","og_url":"https:\/\/www.berndbraun.eu\/hu\/les-cgri-publient-une-video-dintervention-dans-la-mer-doman\/","og_site_name":"Bernd Braun","article_published_time":"2021-11-03T21:47:05+00:00","article_modified_time":"2022-02-22T19:36:12+00:00","og_image":[{"width":1917,"height":1023,"url":"https:\/\/www.berndbraun.eu\/wp-content\/uploads\/2021\/12\/2021-12-10_22h50_52.png","type":"image\/png"}],"author":"Bernd","twitter_card":"summary_large_image","twitter_misc":{"Szerz\u0151:":"Bernd","Becs\u00fclt olvas\u00e1si id\u0151":"2 perc"},"schema":{"@context":"https:\/\/schema.org","@graph":[{"@type":"Article","@id":"https:\/\/www.berndbraun.eu\/les-cgri-publient-une-video-dintervention-dans-la-mer-doman\/#article","isPartOf":{"@id":"https:\/\/www.berndbraun.eu\/les-cgri-publient-une-video-dintervention-dans-la-mer-doman\/"},"author":{"name":"Bernd","@id":"https:\/\/www.berndbraun.eu\/#\/schema\/person\/a64c4c08b6a8c9f8fe9be655928070ca"},"headline":"Les CGRI publient une vid\u00e9o de leur confrontation avec les USA en Mer d'Oman","datePublished":"2021-11-03T21:47:05+00:00","dateModified":"2022-02-22T19:36:12+00:00","mainEntityOfPage":{"@id":"https:\/\/www.berndbraun.eu\/les-cgri-publient-une-video-dintervention-dans-la-mer-doman\/"},"wordCount":581,"commentCount":0,"image":{"@id":"https:\/\/www.berndbraun.eu\/les-cgri-publient-une-video-dintervention-dans-la-mer-doman\/#primaryimage"},"thumbnailUrl":"https:\/\/www.berndbraun.eu\/wp-content\/uploads\/2021\/12\/2021-12-10_22h50_52.png","articleSection":["Politics"],"inLanguage":"hu","potentialAction":[{"@type":"CommentAction","name":"Comment","target":["https:\/\/www.berndbraun.eu\/les-cgri-publient-une-video-dintervention-dans-la-mer-doman\/#respond"]}]},{"@type":"WebPage","@id":"https:\/\/www.berndbraun.eu\/les-cgri-publient-une-video-dintervention-dans-la-mer-doman\/","url":"https:\/\/www.berndbraun.eu\/les-cgri-publient-une-video-dintervention-dans-la-mer-doman\/","name":"Bernd Braun - Az IRGC vide\u00f3t tett k\u00f6zz\u00e9 az Egyes\u00fclt \u00c1llamokkal val\u00f3 \u00f6sszecsap\u00e1sr\u00f3l az Arab-tengeren","isPartOf":{"@id":"https:\/\/www.berndbraun.eu\/#website"},"primaryImageOfPage":{"@id":"https:\/\/www.berndbraun.eu\/les-cgri-publient-une-video-dintervention-dans-la-mer-doman\/#primaryimage"},"image":{"@id":"https:\/\/www.berndbraun.eu\/les-cgri-publient-une-video-dintervention-dans-la-mer-doman\/#primaryimage"},"thumbnailUrl":"https:\/\/www.berndbraun.eu\/wp-content\/uploads\/2021\/12\/2021-12-10_22h50_52.png","datePublished":"2021-11-03T21:47:05+00:00","dateModified":"2022-02-22T19:36:12+00:00","author":{"@id":"https:\/\/www.berndbraun.eu\/#\/schema\/person\/a64c4c08b6a8c9f8fe9be655928070ca"},"breadcrumb":{"@id":"https:\/\/www.berndbraun.eu\/les-cgri-publient-une-video-dintervention-dans-la-mer-doman\/#breadcrumb"},"inLanguage":"hu","potentialAction":[{"@type":"ReadAction","target":["https:\/\/www.berndbraun.eu\/les-cgri-publient-une-video-dintervention-dans-la-mer-doman\/"]}]},{"@type":"ImageObject","inLanguage":"hu","@id":"https:\/\/www.berndbraun.eu\/les-cgri-publient-une-video-dintervention-dans-la-mer-doman\/#primaryimage","url":"https:\/\/www.berndbraun.eu\/wp-content\/uploads\/2021\/12\/2021-12-10_22h50_52.png","contentUrl":"https:\/\/www.berndbraun.eu\/wp-content\/uploads\/2021\/12\/2021-12-10_22h50_52.png","width":1917,"height":1023},{"@type":"BreadcrumbList","@id":"https:\/\/www.berndbraun.eu\/les-cgri-publient-une-video-dintervention-dans-la-mer-doman\/#breadcrumb","itemListElement":[{"@type":"ListItem","position":1,"name":"Accueil","item":"https:\/\/www.berndbraun.eu\/"},{"@type":"ListItem","position":2,"name":"Les CGRI publient une vid\u00e9o de leur confrontation avec les USA en Mer d'Oman"}]},{"@type":"WebSite","@id":"https:\/\/www.berndbraun.eu\/#website","url":"https:\/\/www.berndbraun.eu\/","name":"Bernd Braun","description":"","potentialAction":[{"@type":"SearchAction","target":{"@type":"EntryPoint","urlTemplate":"https:\/\/www.berndbraun.eu\/?s={search_term_string}"},"query-input":{"@type":"PropertyValueSpecification","valueRequired":true,"valueName":"search_term_string"}}],"inLanguage":"hu"},{"@type":"Person","@id":"https:\/\/www.berndbraun.eu\/#\/schema\/person\/a64c4c08b6a8c9f8fe9be655928070ca","name":"Bernd","image":{"@type":"ImageObject","inLanguage":"hu","@id":"https:\/\/secure.gravatar.com\/avatar\/e51d7b18a7c2fb10dd367a4bab68ef5a6d1736ae3537a0fd211df170b00b15af?s=96&d=mm&r=g","url":"https:\/\/secure.gravatar.com\/avatar\/e51d7b18a7c2fb10dd367a4bab68ef5a6d1736ae3537a0fd211df170b00b15af?s=96&d=mm&r=g","contentUrl":"https:\/\/secure.gravatar.com\/avatar\/e51d7b18a7c2fb10dd367a4bab68ef5a6d1736ae3537a0fd211df170b00b15af?s=96&d=mm&r=g","caption":"Bernd"},"url":"https:\/\/www.berndbraun.eu\/hu\/author\/bernd\/"}]}},"_links":{"self":[{"href":"https:\/\/www.berndbraun.eu\/hu\/wp-json\/wp\/v2\/posts\/745","targetHints":{"allow":["GET"]}}],"collection":[{"href":"https:\/\/www.berndbraun.eu\/hu\/wp-json\/wp\/v2\/posts"}],"about":[{"href":"https:\/\/www.berndbraun.eu\/hu\/wp-json\/wp\/v2\/types\/post"}],"author":[{"embeddable":true,"href":"https:\/\/www.berndbraun.eu\/hu\/wp-json\/wp\/v2\/users\/3"}],"replies":[{"embeddable":true,"href":"https:\/\/www.berndbraun.eu\/hu\/wp-json\/wp\/v2\/comments?post=745"}],"version-history":[{"count":15,"href":"https:\/\/www.berndbraun.eu\/hu\/wp-json\/wp\/v2\/posts\/745\/revisions"}],"predecessor-version":[{"id":1049,"href":"https:\/\/www.berndbraun.eu\/hu\/wp-json\/wp\/v2\/posts\/745\/revisions\/1049"}],"wp:featuredmedia":[{"embeddable":true,"href":"https:\/\/www.berndbraun.eu\/hu\/wp-json\/wp\/v2\/media\/750"}],"wp:attachment":[{"href":"https:\/\/www.berndbraun.eu\/hu\/wp-json\/wp\/v2\/media?parent=745"}],"wp:term":[{"taxonomy":"category","embeddable":true,"href":"https:\/\/www.berndbraun.eu\/hu\/wp-json\/wp\/v2\/categories?post=745"},{"taxonomy":"post_tag","embeddable":true,"href":"https:\/\/www.berndbraun.eu\/hu\/wp-json\/wp\/v2\/tags?post=745"},{"taxonomy":"type-darticle","embeddable":true,"href":"https:\/\/www.berndbraun.eu\/hu\/wp-json\/wp\/v2\/type-darticle?post=745"}],"curies":[{"name":"wp","href":"https:\/\/api.w.org\/{rel}","templated":true}]}}