{"id":1383,"date":"2022-09-01T18:01:40","date_gmt":"2022-09-01T16:01:40","guid":{"rendered":"https:\/\/www.berndbraun.eu\/?p=1383"},"modified":"2022-11-17T01:18:24","modified_gmt":"2022-11-16T23:18:24","slug":"the-upcoming-italian-elections-the-players-the-favorites-the-outsiders","status":"publish","type":"post","link":"https:\/\/www.berndbraun.eu\/it\/the-upcoming-italian-elections-the-players-the-favorites-the-outsiders\/","title":{"rendered":"Prossime elezioni italiane: i protagonisti, i favoriti e gli outsider"},"content":{"rendered":"<p>&nbsp;&nbsp;&nbsp;&nbsp;&nbsp;&nbsp;&nbsp;&nbsp;&nbsp;&nbsp;&nbsp; Il 25 settembre gli italiani si recheranno alle urne per eleggere un nuovo governo dopo le elezioni lampo indette in piena estate. Le turbolenze politiche non sono rare in Italia e nemmeno Mario Draghi \u00e8 riuscito a sopravvivere all'instabilit\u00e0 della scena politica italiana.<\/p>\n\n\n\n<div style=\"height:1px\" aria-hidden=\"true\" class=\"wp-block-spacer\"><\/div>\n\n\n\n<p class=\"has-white-color has-vivid-red-background-color has-text-color has-background\"><strong>La caduta di Mario Draghi<\/strong><br><br>&nbsp;&nbsp;&nbsp;&nbsp;&nbsp;&nbsp;&nbsp;&nbsp;&nbsp;&nbsp;&nbsp; Draghi era alla guida di un governo di unit\u00e0 nazionale composto sostanzialmente da tutti i principali partiti presenti in Parlamento, tranne Fratelli d'Italia (ECR) di Giorgia Meloni. Il Premier ha perso la sua maggioranza dopo una crisi innescata dal leader del Movimento 5 Stelle (NI) Giuseppe Conte, in seguito alle sue minacce di uscire dal Governo se non verranno inserite nell'agenda pi\u00f9 politiche dei 5 Stelle. Successivamente, Mario Draghi ha tenuto un discorso al Parlamento sulla crisi in corso. Il suo discorso ha deluso gli altri due partiti della maggioranza, Forza Italia (PPE) e Lega (ID), che hanno avuto da ridire su alcuni passaggi del discorso di Draghi. Lega e Forza Italia, quindi, hanno proposto di continuare con Draghi alla guida del Governo, ma hanno chiesto in cambio l'assicurazione che i 5 Stelle non sarebbero stati inclusi nella nuova maggioranza. Non si trov\u00f2 un accordo e di conseguenza il governo cadde.<\/p>\n\n\n\n<p><br><strong>I giocatori<\/strong><br><br>&nbsp;&nbsp;&nbsp;&nbsp;&nbsp;&nbsp;&nbsp;&nbsp;&nbsp;&nbsp;&nbsp; Dopo la caduta di Draghi, i partiti si sono affannati a formare alleanze e coalizioni per le prossime elezioni. Due partiti liberali (Azione e +Europa, Rinnovare l'Europa) e socialisti (PD + partiti minori, S&amp;D) erano molto vicini a trovare un accordo per fare una coalizione al fine di avere una possibilit\u00e0 di sfidare il blocco di centro-destra e hanno persino firmato un accordo ufficiale per presentare una coalizione comune. Poco dopo, i liberali di Azione, guidati da Carlo Calenda, hanno rotto la coalizione, mentre +Europa ha deciso di restare. In seguito a questa scissione, Azione ha fondato un'alleanza con Italia Viva (RE), il partito guidato dall'ex premier Matteo Renzi.<br><br>&nbsp;&nbsp;&nbsp;&nbsp;&nbsp;&nbsp;&nbsp;&nbsp;&nbsp;&nbsp;&nbsp; Il PD (S&amp;D) ha poi deciso di includere alcuni partiti minori di estrema sinistra nella sua coalizione, posizionandosi ulteriormente a sinistra e rendendo pi\u00f9 facile per la coalizione liberale mangiare i suoi voti dal centro\/moderati. Il PD ha presentato agli elettori un programma incentrato su tre \"pilastri\": sviluppo sostenibile e transizioni ecologiche e digitali; lavoro, conoscenza e giustizia sociale; diritti e cittadinanza.<br><br>&nbsp;&nbsp;&nbsp;&nbsp;&nbsp;&nbsp;&nbsp;&nbsp;&nbsp;&nbsp;&nbsp; Uno dei partiti minori inclusi nell'alleanza socialista si chiama \"Sinistra Italiana\", guidato da Nicola Fratoianni, noto per le sue posizioni di estrema sinistra in materia economica e per le sue posizioni scettiche sulla NATO (contrario all'ingresso di Finlandia e Svezia dopo l'invasione russa). L'inclusione di Sinistra Italiana nella coalizione ha provocato critiche da tutte le parti nei confronti del PD e del suo segretario Enrico Letta. Sinistra Italiana sedeva nei banchi dell'opposizione durante il Governo Draghi.<\/p>\n\n\n\n<p><\/p>\n\n\n<div class=\"wp-block-image\">\n<figure class=\"aligncenter size-large is-resized\"><img loading=\"lazy\" decoding=\"async\" src=\"https:\/\/www.berndbraun.eu\/wp-content\/uploads\/2022\/08\/POLL-29-agosto-1024x580.png\" alt=\"\" class=\"wp-image-1398\" width=\"900\" height=\"435\"\/><figcaption class=\"wp-element-caption\"><br>Sondaggio del 29 agosto<\/figcaption><\/figure>\n<\/div>\n\n\n<p>&nbsp;&nbsp;&nbsp;&nbsp;&nbsp;&nbsp;&nbsp;&nbsp;&nbsp;&nbsp;&nbsp; Luigi di Maio, ministro degli Esteri uscente, ha lasciato il Movimento 5 stelle prima che la crisi politica provocasse la caduta del governo Draghi, dopo alcuni contrasti con Giuseppe Conte sul posizionamento del partito sul conflitto russo-ucraino. Decine di parlamentari 5 Stelle hanno seguito Di Maio e hanno lasciato il Movimento. Di Maio, quindi, ha fondato una lista politica chiamata \"Impegno Civico\" che correr\u00e0 insieme alla coalizione di centro-sinistra guidata dal PD.<br><br>&nbsp;&nbsp;&nbsp;&nbsp;&nbsp;&nbsp;&nbsp;&nbsp;&nbsp;&nbsp;&nbsp; Nel frattempo, Giuseppe Conte ha confermato che il Movimento 5 stelle correr\u00e0 da solo alle elezioni del 2022.<br><br>&nbsp;&nbsp;&nbsp;&nbsp;&nbsp;&nbsp;&nbsp;&nbsp;&nbsp;&nbsp;&nbsp; Questo \u00e8 lo scenario migliore per la coalizione di centrodestra composta da Fratelli d'Italia di Giorgia Meloni, Lega di Matteo Salvini, Forza Italia (PPE) di Silvio Berlusconi e la lista centrista Noi Moderati (PPE). La coalizione si attesta costantemente intorno al 48% e, con l'attuale legge elettorale, il centrodestra dovrebbe ottenere la maggioranza in entrambe le camere, Camera e Senato. La coalizione di centro-destra ha un accordo interno su quale partito sceglier\u00e0 il nome da proporre al Presidente per guidare il Governo. Il partito che avr\u00e0 il maggior numero di voti sceglier\u00e0 il nome. Con le percentuali di oggi, Fratelli d'Italia dovrebbe essere il partito che designer\u00e0 il futuro premier e Giorgia Meloni sar\u00e0 probabilmente la candidata.<\/p>\n\n\n\n<figure class=\"wp-block-gallery has-nested-images columns-default is-cropped wp-block-gallery-1 is-layout-flex wp-block-gallery-is-layout-flex\">\n<figure class=\"wp-block-image size-large\"><img loading=\"lazy\" decoding=\"async\" width=\"800\" height=\"533\" data-id=\"1393\" src=\"https:\/\/www.berndbraun.eu\/wp-content\/uploads\/2022\/08\/dreamstime_s_40354951_comp.jpg\" alt=\"\" class=\"wp-image-1393\" srcset=\"https:\/\/www.berndbraun.eu\/wp-content\/uploads\/2022\/08\/dreamstime_s_40354951_comp.jpg 800w, https:\/\/www.berndbraun.eu\/wp-content\/uploads\/2022\/08\/dreamstime_s_40354951_comp-300x200.jpg 300w, https:\/\/www.berndbraun.eu\/wp-content\/uploads\/2022\/08\/dreamstime_s_40354951_comp-768x512.jpg 768w, https:\/\/www.berndbraun.eu\/wp-content\/uploads\/2022\/08\/dreamstime_s_40354951_comp-18x12.jpg 18w\" sizes=\"auto, (max-width: 800px) 100vw, 800px\" \/><figcaption class=\"wp-element-caption\"><a href=\"https:\/\/www.dreamstime.com\/photos-images\/giorgia-meloni.html\">Giorgia Meloni<\/a>&nbsp;Lupoalb68<\/figcaption><\/figure>\n\n\n\n<figure class=\"wp-block-image size-large\"><img loading=\"lazy\" decoding=\"async\" width=\"800\" height=\"533\" data-id=\"1394\" src=\"https:\/\/www.berndbraun.eu\/wp-content\/uploads\/2022\/08\/dreamstime_s_199781395_comp.jpg\" alt=\"\" class=\"wp-image-1394\" srcset=\"https:\/\/www.berndbraun.eu\/wp-content\/uploads\/2022\/08\/dreamstime_s_199781395_comp.jpg 800w, https:\/\/www.berndbraun.eu\/wp-content\/uploads\/2022\/08\/dreamstime_s_199781395_comp-300x200.jpg 300w, https:\/\/www.berndbraun.eu\/wp-content\/uploads\/2022\/08\/dreamstime_s_199781395_comp-768x512.jpg 768w, https:\/\/www.berndbraun.eu\/wp-content\/uploads\/2022\/08\/dreamstime_s_199781395_comp-18x12.jpg 18w\" sizes=\"auto, (max-width: 800px) 100vw, 800px\" \/><figcaption class=\"wp-element-caption\"><a href=\"https:\/\/www.dreamstime.com\/photos-images\/giorgia-meloni.html\">Giorgia Meloni<\/a>&nbsp;Vincenzo Izzo<\/figcaption><\/figure>\n<\/figure>\n\n\n\n<p>&nbsp;&nbsp;&nbsp;&nbsp;&nbsp;&nbsp;&nbsp;&nbsp;&nbsp;&nbsp;&nbsp; <\/p>\n\n\n\n<p><strong>I preferiti<\/strong><br><br>&nbsp;&nbsp;&nbsp;&nbsp;&nbsp;&nbsp;&nbsp;&nbsp;&nbsp;&nbsp;&nbsp; Questa \u00e8 la prima occasione da anni per il centrodestra di riconquistare il potere dopo l'ultimo governo, guidato da Silvio Berlusconi fino al suo crollo nel 2011. Undici anni dopo Berlusconi \u00e8 pronto a tornare nella politica italiana dopo l'elezione a membro del Parlamento europeo nel 2019.<br><br>&nbsp;&nbsp;&nbsp;&nbsp;&nbsp;&nbsp;&nbsp;&nbsp;&nbsp;&nbsp;&nbsp; Mentre Giorgia Meloni punta alla premiership, Matteo Salvini sta incentrando la campagna della Lega sul tema della sicurezza e sul suo potenziale ritorno come Ministro dell'Interno. L'Italia \u00e8 stata uno dei principali obiettivi delle traversate illegali e dei trafficanti di esseri umani attraverso il Mediterraneo e, durante l'estate di quest'anno, il numero di arrivi \u00e8 nuovamente salito alle stelle e sta raggiungendo cifre pre-cove.<br><br>&nbsp;&nbsp;&nbsp;&nbsp;&nbsp;&nbsp;&nbsp;&nbsp;&nbsp;&nbsp;&nbsp; La coalizione di centro-destra ha presentato un programma elettorale comune, composto da 15 punti. Il punto iniziale riguarda la collocazione internazionale dell'Italia, definita \"pienamente parte dell'Europa, dell'Alleanza Atlantica e dell'Occidente\", e con l'impostazione di una \"politica estera incentrata sulla tutela dell'interesse nazionale e sulla difesa della patria\".<br><br>&nbsp;&nbsp;&nbsp;&nbsp;&nbsp;&nbsp;&nbsp;&nbsp;&nbsp;&nbsp;&nbsp; Il documento affronta diversi temi, tra cui le riforme fiscali e della giustizia, passando per la revisione di alcuni aspetti del welfare, la lotta all'immigrazione clandestina e la tutela dell'ambiente. Il programma prevede anche una \"revisione del PNRR (Piano di Recupero) in base alle mutate condizioni, esigenze e priorit\u00e0\" e la proposta di una riforma della Costituzione, che porti all'elezione diretta del Presidente della Repubblica e all'aumento delle autonomie regionali.<br><\/p>\n\n\n\n<div style=\"height:9px\" aria-hidden=\"true\" class=\"wp-block-spacer\"><\/div>\n\n\n\n<p class=\"has-white-color has-text-color has-background\" style=\"background-color:#573636\"><strong>Gli outsider<\/strong><br><br>&nbsp;&nbsp;&nbsp;&nbsp;&nbsp;&nbsp;&nbsp;&nbsp;&nbsp;&nbsp;&nbsp; La coalizione liberale formata dall'Azione di Calenda e dall'Italia Viva di Renzi si attesta intorno al 5% (la soglia per entrare in Parlamento \u00e8 di 3%) e ha come target principale l'elettorato moderato centrista. Il suo programma \u00e8 composto da punti di vista progressisti e pragmatici su questioni energetiche come la necessit\u00e0 dell'uso dell'energia nucleare, mai utilizzata fino ad oggi in Italia.<br><br>&nbsp;&nbsp;&nbsp;&nbsp;&nbsp;&nbsp;&nbsp;&nbsp;&nbsp;&nbsp;&nbsp; Su questo punto, la coalizione liberale converge verso il centro-destra. La crisi energetica \u00e8 una<br>dei principali argomenti discussi in questa campagna elettorale che preoccupano maggiormente gli elettori italiani. Le bollette elevate stanno gi\u00e0 mietendo vittime tra le aziende, i rincari peseranno anche sulle famiglie. La coalizione di centro-sinistra e i 5 Stelle sono fortemente contrari all'uso dell'energia nucleare, mentre la coalizione liberale e il centro-destra sono fortemente favorevoli al suo utilizzo e ritengono che ogni strumento ecologicamente pulito debba essere utilizzato per combattere la crisi energetica e procedere verso l'autonomia energetica dell'Italia.<\/p>\n\n\n\n<div style=\"height:1px\" aria-hidden=\"true\" class=\"wp-block-spacer\"><\/div>\n\n\n\n<p><br><strong>Cosa aspettarsi dopo il 25 settembre<\/strong><br><br>&nbsp;&nbsp;&nbsp;&nbsp;&nbsp;&nbsp;&nbsp;&nbsp;&nbsp;&nbsp;&nbsp; Secondo le proiezioni, il centrodestra vincer\u00e0, ma cosa possiamo aspettarci dal neonato governo? I conservatori dovranno affrontare una delle maggiori crisi della nostra storia recente, il conflitto russo-ucraino, l'aumento dei prezzi del gas e l'inflazione. Inoltre, Bruxelles osserver\u00e0 e si aspetter\u00e0 che l'Italia mantenga le promesse fatte durante il governo Draghi. Quale sar\u00e0 la situazione del governo italiano durante uno degli inverni pi\u00f9 rigidi degli ultimi decenni in Europa?<\/p>\n\n\n<div class=\"wp-block-image\">\n<figure class=\"aligncenter size-large\"><img loading=\"lazy\" decoding=\"async\" width=\"1024\" height=\"564\" src=\"https:\/\/www.berndbraun.eu\/wp-content\/uploads\/2022\/08\/AdobeStock_16237932_compressed-1024x564.jpeg\" alt=\"\" class=\"wp-image-1387\" srcset=\"https:\/\/www.berndbraun.eu\/wp-content\/uploads\/2022\/08\/AdobeStock_16237932_compressed-1024x564.jpeg 1024w, https:\/\/www.berndbraun.eu\/wp-content\/uploads\/2022\/08\/AdobeStock_16237932_compressed-300x165.jpeg 300w, https:\/\/www.berndbraun.eu\/wp-content\/uploads\/2022\/08\/AdobeStock_16237932_compressed-768x423.jpeg 768w, https:\/\/www.berndbraun.eu\/wp-content\/uploads\/2022\/08\/AdobeStock_16237932_compressed-1536x846.jpeg 1536w, https:\/\/www.berndbraun.eu\/wp-content\/uploads\/2022\/08\/AdobeStock_16237932_compressed-2048x1128.jpeg 2048w, https:\/\/www.berndbraun.eu\/wp-content\/uploads\/2022\/08\/AdobeStock_16237932_compressed-18x10.jpeg 18w, https:\/\/www.berndbraun.eu\/wp-content\/uploads\/2022\/08\/AdobeStock_16237932_compressed-scaled.jpeg 2560w\" sizes=\"auto, (max-width: 1024px) 100vw, 1024px\" \/><\/figure>\n<\/div>\n\n\n<div style=\"height:50px\" aria-hidden=\"true\" class=\"wp-block-spacer\"><\/div>\n\n\n\n<p class=\"has-text-align-center has-cyan-bluish-gray-color has-text-color has-small-font-size\">2022 Tutti i diritti riservati da BRAUN<\/p>","protected":false},"excerpt":{"rendered":"<p>&nbsp;&nbsp;&nbsp;&nbsp;&nbsp;&nbsp;&nbsp;&nbsp;&nbsp;&nbsp;&nbsp; On the 25th of September Italians will go to the polls to elect a new Government after snap elections were called in the middle of summer. Political turmoil is not uncommon in Italy and even Mario Draghi was not able to survive the unstable Italian political scene. The fall of Mario Draghi &nbsp;&nbsp;&nbsp;&nbsp;&nbsp;&nbsp;&nbsp;&nbsp;&nbsp;&nbsp;&nbsp; Draghi [&hellip;]<\/p>\n","protected":false},"author":3,"featured_media":1386,"comment_status":"open","ping_status":"open","sticky":false,"template":"","format":"standard","meta":{"footnotes":""},"categories":[5],"tags":[],"type-darticle":[22],"class_list":["post-1383","post","type-post","status-publish","format-standard","has-post-thumbnail","hentry","category-politics","type-darticle-commentaire"],"yoast_head":"<!-- This site is optimized with the Yoast SEO Premium plugin v21.4 (Yoast SEO v27.2) - https:\/\/yoast.com\/product\/yoast-seo-premium-wordpress\/ -->\n<title>Bernd Braun - Prochaines \u00e9lections italiennes : les joueurs, les favoris et les outsiders<\/title>\n<meta name=\"robots\" content=\"index, follow, max-snippet:-1, max-image-preview:large, max-video-preview:-1\" \/>\n<link rel=\"canonical\" href=\"https:\/\/www.berndbraun.eu\/it\/the-upcoming-italian-elections-the-players-the-favorites-the-outsiders\/\" \/>\n<meta property=\"og:locale\" content=\"it_IT\" \/>\n<meta property=\"og:type\" content=\"article\" \/>\n<meta property=\"og:title\" content=\"Prochaines \u00e9lections italiennes : les joueurs, les favoris et les outsiders\" \/>\n<meta property=\"og:description\" content=\"&nbsp;&nbsp;&nbsp;&nbsp;&nbsp;&nbsp;&nbsp;&nbsp;&nbsp;&nbsp;&nbsp; On the 25th of September Italians will go to the polls to elect a new Government after snap elections were called in the middle of summer. Political turmoil is not uncommon in Italy and even Mario Draghi was not able to survive the unstable Italian political scene. The fall of Mario Draghi &nbsp;&nbsp;&nbsp;&nbsp;&nbsp;&nbsp;&nbsp;&nbsp;&nbsp;&nbsp;&nbsp; Draghi [&hellip;]\" \/>\n<meta property=\"og:url\" content=\"https:\/\/www.berndbraun.eu\/it\/the-upcoming-italian-elections-the-players-the-favorites-the-outsiders\/\" \/>\n<meta property=\"og:site_name\" content=\"Bernd Braun\" \/>\n<meta property=\"article:published_time\" content=\"2022-09-01T16:01:40+00:00\" \/>\n<meta property=\"article:modified_time\" content=\"2022-11-16T23:18:24+00:00\" \/>\n<meta property=\"og:image\" content=\"https:\/\/www.berndbraun.eu\/wp-content\/uploads\/2022\/09\/AdobeStock_57651263_compressed-scaled.jpeg\" \/>\n\t<meta property=\"og:image:width\" content=\"2560\" \/>\n\t<meta property=\"og:image:height\" content=\"1239\" \/>\n\t<meta property=\"og:image:type\" content=\"image\/jpeg\" \/>\n<meta name=\"author\" content=\"Bernd\" \/>\n<meta name=\"twitter:card\" content=\"summary_large_image\" \/>\n<meta name=\"twitter:label1\" content=\"Scritto da\" \/>\n\t<meta name=\"twitter:data1\" content=\"Bernd\" \/>\n\t<meta name=\"twitter:label2\" content=\"Tempo di lettura stimato\" \/>\n\t<meta name=\"twitter:data2\" content=\"6 minuti\" \/>\n<script type=\"application\/ld+json\" class=\"yoast-schema-graph\">{\"@context\":\"https:\/\/schema.org\",\"@graph\":[{\"@type\":\"Article\",\"@id\":\"https:\/\/www.berndbraun.eu\/the-upcoming-italian-elections-the-players-the-favorites-the-outsiders\/#article\",\"isPartOf\":{\"@id\":\"https:\/\/www.berndbraun.eu\/the-upcoming-italian-elections-the-players-the-favorites-the-outsiders\/\"},\"author\":{\"name\":\"Bernd\",\"@id\":\"https:\/\/www.berndbraun.eu\/#\/schema\/person\/a64c4c08b6a8c9f8fe9be655928070ca\"},\"headline\":\"Prochaines \u00e9lections italiennes : les joueurs, les favoris et les outsiders\",\"datePublished\":\"2022-09-01T16:01:40+00:00\",\"dateModified\":\"2022-11-16T23:18:24+00:00\",\"mainEntityOfPage\":{\"@id\":\"https:\/\/www.berndbraun.eu\/the-upcoming-italian-elections-the-players-the-favorites-the-outsiders\/\"},\"wordCount\":1350,\"commentCount\":0,\"image\":{\"@id\":\"https:\/\/www.berndbraun.eu\/the-upcoming-italian-elections-the-players-the-favorites-the-outsiders\/#primaryimage\"},\"thumbnailUrl\":\"https:\/\/www.berndbraun.eu\/wp-content\/uploads\/2022\/09\/AdobeStock_57651263_compressed-scaled.jpeg\",\"articleSection\":[\"Politics\"],\"inLanguage\":\"it-IT\",\"potentialAction\":[{\"@type\":\"CommentAction\",\"name\":\"Comment\",\"target\":[\"https:\/\/www.berndbraun.eu\/the-upcoming-italian-elections-the-players-the-favorites-the-outsiders\/#respond\"]}]},{\"@type\":\"WebPage\",\"@id\":\"https:\/\/www.berndbraun.eu\/the-upcoming-italian-elections-the-players-the-favorites-the-outsiders\/\",\"url\":\"https:\/\/www.berndbraun.eu\/the-upcoming-italian-elections-the-players-the-favorites-the-outsiders\/\",\"name\":\"Bernd Braun - Prochaines \u00e9lections italiennes : les joueurs, les favoris et les outsiders\",\"isPartOf\":{\"@id\":\"https:\/\/www.berndbraun.eu\/#website\"},\"primaryImageOfPage\":{\"@id\":\"https:\/\/www.berndbraun.eu\/the-upcoming-italian-elections-the-players-the-favorites-the-outsiders\/#primaryimage\"},\"image\":{\"@id\":\"https:\/\/www.berndbraun.eu\/the-upcoming-italian-elections-the-players-the-favorites-the-outsiders\/#primaryimage\"},\"thumbnailUrl\":\"https:\/\/www.berndbraun.eu\/wp-content\/uploads\/2022\/09\/AdobeStock_57651263_compressed-scaled.jpeg\",\"datePublished\":\"2022-09-01T16:01:40+00:00\",\"dateModified\":\"2022-11-16T23:18:24+00:00\",\"author\":{\"@id\":\"https:\/\/www.berndbraun.eu\/#\/schema\/person\/a64c4c08b6a8c9f8fe9be655928070ca\"},\"breadcrumb\":{\"@id\":\"https:\/\/www.berndbraun.eu\/the-upcoming-italian-elections-the-players-the-favorites-the-outsiders\/#breadcrumb\"},\"inLanguage\":\"it-IT\",\"potentialAction\":[{\"@type\":\"ReadAction\",\"target\":[\"https:\/\/www.berndbraun.eu\/the-upcoming-italian-elections-the-players-the-favorites-the-outsiders\/\"]}]},{\"@type\":\"ImageObject\",\"inLanguage\":\"it-IT\",\"@id\":\"https:\/\/www.berndbraun.eu\/the-upcoming-italian-elections-the-players-the-favorites-the-outsiders\/#primaryimage\",\"url\":\"https:\/\/www.berndbraun.eu\/wp-content\/uploads\/2022\/09\/AdobeStock_57651263_compressed-scaled.jpeg\",\"contentUrl\":\"https:\/\/www.berndbraun.eu\/wp-content\/uploads\/2022\/09\/AdobeStock_57651263_compressed-scaled.jpeg\",\"width\":2560,\"height\":1239},{\"@type\":\"BreadcrumbList\",\"@id\":\"https:\/\/www.berndbraun.eu\/the-upcoming-italian-elections-the-players-the-favorites-the-outsiders\/#breadcrumb\",\"itemListElement\":[{\"@type\":\"ListItem\",\"position\":1,\"name\":\"Accueil\",\"item\":\"https:\/\/www.berndbraun.eu\/\"},{\"@type\":\"ListItem\",\"position\":2,\"name\":\"Prochaines \u00e9lections italiennes : les joueurs, les favoris et les outsiders\"}]},{\"@type\":\"WebSite\",\"@id\":\"https:\/\/www.berndbraun.eu\/#website\",\"url\":\"https:\/\/www.berndbraun.eu\/\",\"name\":\"Bernd Braun\",\"description\":\"\",\"potentialAction\":[{\"@type\":\"SearchAction\",\"target\":{\"@type\":\"EntryPoint\",\"urlTemplate\":\"https:\/\/www.berndbraun.eu\/?s={search_term_string}\"},\"query-input\":{\"@type\":\"PropertyValueSpecification\",\"valueRequired\":true,\"valueName\":\"search_term_string\"}}],\"inLanguage\":\"it-IT\"},{\"@type\":\"Person\",\"@id\":\"https:\/\/www.berndbraun.eu\/#\/schema\/person\/a64c4c08b6a8c9f8fe9be655928070ca\",\"name\":\"Bernd\",\"image\":{\"@type\":\"ImageObject\",\"inLanguage\":\"it-IT\",\"@id\":\"https:\/\/secure.gravatar.com\/avatar\/e51d7b18a7c2fb10dd367a4bab68ef5a6d1736ae3537a0fd211df170b00b15af?s=96&d=mm&r=g\",\"url\":\"https:\/\/secure.gravatar.com\/avatar\/e51d7b18a7c2fb10dd367a4bab68ef5a6d1736ae3537a0fd211df170b00b15af?s=96&d=mm&r=g\",\"contentUrl\":\"https:\/\/secure.gravatar.com\/avatar\/e51d7b18a7c2fb10dd367a4bab68ef5a6d1736ae3537a0fd211df170b00b15af?s=96&d=mm&r=g\",\"caption\":\"Bernd\"},\"url\":\"https:\/\/www.berndbraun.eu\/it\/author\/bernd\/\"}]}<\/script>\n<!-- \/ Yoast SEO Premium plugin. -->","yoast_head_json":{"title":"Bernd Braun - Le prossime elezioni italiane: i protagonisti, i favoriti e gli outsider","robots":{"index":"index","follow":"follow","max-snippet":"max-snippet:-1","max-image-preview":"max-image-preview:large","max-video-preview":"max-video-preview:-1"},"canonical":"https:\/\/www.berndbraun.eu\/it\/the-upcoming-italian-elections-the-players-the-favorites-the-outsiders\/","og_locale":"it_IT","og_type":"article","og_title":"Prochaines \u00e9lections italiennes : les joueurs, les favoris et les outsiders","og_description":"&nbsp;&nbsp;&nbsp;&nbsp;&nbsp;&nbsp;&nbsp;&nbsp;&nbsp;&nbsp;&nbsp; On the 25th of September Italians will go to the polls to elect a new Government after snap elections were called in the middle of summer. Political turmoil is not uncommon in Italy and even Mario Draghi was not able to survive the unstable Italian political scene. The fall of Mario Draghi &nbsp;&nbsp;&nbsp;&nbsp;&nbsp;&nbsp;&nbsp;&nbsp;&nbsp;&nbsp;&nbsp; Draghi [&hellip;]","og_url":"https:\/\/www.berndbraun.eu\/it\/the-upcoming-italian-elections-the-players-the-favorites-the-outsiders\/","og_site_name":"Bernd Braun","article_published_time":"2022-09-01T16:01:40+00:00","article_modified_time":"2022-11-16T23:18:24+00:00","og_image":[{"width":2560,"height":1239,"url":"https:\/\/www.berndbraun.eu\/wp-content\/uploads\/2022\/09\/AdobeStock_57651263_compressed-scaled.jpeg","type":"image\/jpeg"}],"author":"Bernd","twitter_card":"summary_large_image","twitter_misc":{"Scritto da":"Bernd","Tempo di lettura stimato":"6 minuti"},"schema":{"@context":"https:\/\/schema.org","@graph":[{"@type":"Article","@id":"https:\/\/www.berndbraun.eu\/the-upcoming-italian-elections-the-players-the-favorites-the-outsiders\/#article","isPartOf":{"@id":"https:\/\/www.berndbraun.eu\/the-upcoming-italian-elections-the-players-the-favorites-the-outsiders\/"},"author":{"name":"Bernd","@id":"https:\/\/www.berndbraun.eu\/#\/schema\/person\/a64c4c08b6a8c9f8fe9be655928070ca"},"headline":"Prochaines \u00e9lections italiennes : les joueurs, les favoris et les outsiders","datePublished":"2022-09-01T16:01:40+00:00","dateModified":"2022-11-16T23:18:24+00:00","mainEntityOfPage":{"@id":"https:\/\/www.berndbraun.eu\/the-upcoming-italian-elections-the-players-the-favorites-the-outsiders\/"},"wordCount":1350,"commentCount":0,"image":{"@id":"https:\/\/www.berndbraun.eu\/the-upcoming-italian-elections-the-players-the-favorites-the-outsiders\/#primaryimage"},"thumbnailUrl":"https:\/\/www.berndbraun.eu\/wp-content\/uploads\/2022\/09\/AdobeStock_57651263_compressed-scaled.jpeg","articleSection":["Politics"],"inLanguage":"it-IT","potentialAction":[{"@type":"CommentAction","name":"Comment","target":["https:\/\/www.berndbraun.eu\/the-upcoming-italian-elections-the-players-the-favorites-the-outsiders\/#respond"]}]},{"@type":"WebPage","@id":"https:\/\/www.berndbraun.eu\/the-upcoming-italian-elections-the-players-the-favorites-the-outsiders\/","url":"https:\/\/www.berndbraun.eu\/the-upcoming-italian-elections-the-players-the-favorites-the-outsiders\/","name":"Bernd Braun - Le prossime elezioni italiane: i protagonisti, i favoriti e gli outsider","isPartOf":{"@id":"https:\/\/www.berndbraun.eu\/#website"},"primaryImageOfPage":{"@id":"https:\/\/www.berndbraun.eu\/the-upcoming-italian-elections-the-players-the-favorites-the-outsiders\/#primaryimage"},"image":{"@id":"https:\/\/www.berndbraun.eu\/the-upcoming-italian-elections-the-players-the-favorites-the-outsiders\/#primaryimage"},"thumbnailUrl":"https:\/\/www.berndbraun.eu\/wp-content\/uploads\/2022\/09\/AdobeStock_57651263_compressed-scaled.jpeg","datePublished":"2022-09-01T16:01:40+00:00","dateModified":"2022-11-16T23:18:24+00:00","author":{"@id":"https:\/\/www.berndbraun.eu\/#\/schema\/person\/a64c4c08b6a8c9f8fe9be655928070ca"},"breadcrumb":{"@id":"https:\/\/www.berndbraun.eu\/the-upcoming-italian-elections-the-players-the-favorites-the-outsiders\/#breadcrumb"},"inLanguage":"it-IT","potentialAction":[{"@type":"ReadAction","target":["https:\/\/www.berndbraun.eu\/the-upcoming-italian-elections-the-players-the-favorites-the-outsiders\/"]}]},{"@type":"ImageObject","inLanguage":"it-IT","@id":"https:\/\/www.berndbraun.eu\/the-upcoming-italian-elections-the-players-the-favorites-the-outsiders\/#primaryimage","url":"https:\/\/www.berndbraun.eu\/wp-content\/uploads\/2022\/09\/AdobeStock_57651263_compressed-scaled.jpeg","contentUrl":"https:\/\/www.berndbraun.eu\/wp-content\/uploads\/2022\/09\/AdobeStock_57651263_compressed-scaled.jpeg","width":2560,"height":1239},{"@type":"BreadcrumbList","@id":"https:\/\/www.berndbraun.eu\/the-upcoming-italian-elections-the-players-the-favorites-the-outsiders\/#breadcrumb","itemListElement":[{"@type":"ListItem","position":1,"name":"Accueil","item":"https:\/\/www.berndbraun.eu\/"},{"@type":"ListItem","position":2,"name":"Prochaines \u00e9lections italiennes : les joueurs, les favoris et les outsiders"}]},{"@type":"WebSite","@id":"https:\/\/www.berndbraun.eu\/#website","url":"https:\/\/www.berndbraun.eu\/","name":"Bernd Braun","description":"","potentialAction":[{"@type":"SearchAction","target":{"@type":"EntryPoint","urlTemplate":"https:\/\/www.berndbraun.eu\/?s={search_term_string}"},"query-input":{"@type":"PropertyValueSpecification","valueRequired":true,"valueName":"search_term_string"}}],"inLanguage":"it-IT"},{"@type":"Person","@id":"https:\/\/www.berndbraun.eu\/#\/schema\/person\/a64c4c08b6a8c9f8fe9be655928070ca","name":"Bernd","image":{"@type":"ImageObject","inLanguage":"it-IT","@id":"https:\/\/secure.gravatar.com\/avatar\/e51d7b18a7c2fb10dd367a4bab68ef5a6d1736ae3537a0fd211df170b00b15af?s=96&d=mm&r=g","url":"https:\/\/secure.gravatar.com\/avatar\/e51d7b18a7c2fb10dd367a4bab68ef5a6d1736ae3537a0fd211df170b00b15af?s=96&d=mm&r=g","contentUrl":"https:\/\/secure.gravatar.com\/avatar\/e51d7b18a7c2fb10dd367a4bab68ef5a6d1736ae3537a0fd211df170b00b15af?s=96&d=mm&r=g","caption":"Bernd"},"url":"https:\/\/www.berndbraun.eu\/it\/author\/bernd\/"}]}},"_links":{"self":[{"href":"https:\/\/www.berndbraun.eu\/it\/wp-json\/wp\/v2\/posts\/1383","targetHints":{"allow":["GET"]}}],"collection":[{"href":"https:\/\/www.berndbraun.eu\/it\/wp-json\/wp\/v2\/posts"}],"about":[{"href":"https:\/\/www.berndbraun.eu\/it\/wp-json\/wp\/v2\/types\/post"}],"author":[{"embeddable":true,"href":"https:\/\/www.berndbraun.eu\/it\/wp-json\/wp\/v2\/users\/3"}],"replies":[{"embeddable":true,"href":"https:\/\/www.berndbraun.eu\/it\/wp-json\/wp\/v2\/comments?post=1383"}],"version-history":[{"count":20,"href":"https:\/\/www.berndbraun.eu\/it\/wp-json\/wp\/v2\/posts\/1383\/revisions"}],"predecessor-version":[{"id":1547,"href":"https:\/\/www.berndbraun.eu\/it\/wp-json\/wp\/v2\/posts\/1383\/revisions\/1547"}],"wp:featuredmedia":[{"embeddable":true,"href":"https:\/\/www.berndbraun.eu\/it\/wp-json\/wp\/v2\/media\/1386"}],"wp:attachment":[{"href":"https:\/\/www.berndbraun.eu\/it\/wp-json\/wp\/v2\/media?parent=1383"}],"wp:term":[{"taxonomy":"category","embeddable":true,"href":"https:\/\/www.berndbraun.eu\/it\/wp-json\/wp\/v2\/categories?post=1383"},{"taxonomy":"post_tag","embeddable":true,"href":"https:\/\/www.berndbraun.eu\/it\/wp-json\/wp\/v2\/tags?post=1383"},{"taxonomy":"type-darticle","embeddable":true,"href":"https:\/\/www.berndbraun.eu\/it\/wp-json\/wp\/v2\/type-darticle?post=1383"}],"curies":[{"name":"wp","href":"https:\/\/api.w.org\/{rel}","templated":true}]}}