{"id":561,"date":"2015-01-06T22:54:26","date_gmt":"2015-01-06T20:54:26","guid":{"rendered":"https:\/\/www.berndbraun.eu\/?p=561"},"modified":"2022-02-22T21:35:57","modified_gmt":"2022-02-22T19:35:57","slug":"the-decision-making-process-of-obama-concerning-isis","status":"publish","type":"post","link":"https:\/\/www.berndbraun.eu\/it\/the-decision-making-process-of-obama-concerning-isis\/","title":{"rendered":"Il processo decisionale di Obama sull'ISIS"},"content":{"rendered":"<div style=\"height:20px\" aria-hidden=\"true\" class=\"wp-block-spacer\"><\/div>\n\n\n\n<h2 class=\"has-medium-font-size wp-block-heading\">I. Il presidente e i suoi consiglieri<br><\/h2>\n\n\n\n<div style=\"height:10px\" aria-hidden=\"true\" class=\"wp-block-spacer\"><\/div>\n\n\n\n<h2 class=\"has-medium-font-size wp-block-heading\">II. La variabile burocratica<br><\/h2>\n\n\n\n<div style=\"height:10px\" aria-hidden=\"true\" class=\"wp-block-spacer\"><\/div>\n\n\n\n<h2 class=\"has-medium-font-size wp-block-heading\">III. Le variabili governative e sociali<br><\/h2>\n\n\n\n<div style=\"height:10px\" aria-hidden=\"true\" class=\"wp-block-spacer\"><\/div>\n\n\n\n<h2 class=\"has-medium-font-size wp-block-heading\">IV. L'approccio cognitivo<br><\/h2>\n\n\n\n<div style=\"height:10px\" aria-hidden=\"true\" class=\"wp-block-spacer\"><\/div>\n\n\n\n<h2 class=\"has-medium-font-size wp-block-heading\">V. La variabile sistemica<br><\/h2>\n\n\n\n<div style=\"height:59px\" aria-hidden=\"true\" class=\"wp-block-spacer\"><\/div>\n\n\n\n<h3 class=\"has-medium-font-size wp-block-heading\"> I. Il presidente e i suoi consiglieri <\/h3>\n\n\n\n<p>          Il vero processo decisionale \u00e8 fondamentalmente basato sullo staff del presidente Obama, cio\u00e8 una piccola cerchia interna di consiglieri che hanno forgiato le loro relazioni con lui durante la sua campagna del 2008. \u00c8 essenzialmente il presidente Obama stesso che decide, dopo aver consultato alcuni aspetti all'interno di questo cerchio interno di consiglieri. \u00c8 principalmente il <em>Capo del personale <\/em>McDonough uno dei suoi <strong>spin doctors <\/strong>e <strong>bolsterers<\/strong>), il pi\u00f9 fiducioso nei confronti del presidente. Poi arriva S. Rice, il consigliere per la sicurezza nazionale. Questi, insieme al resto della cerchia ristretta, costituiscono il \"<strong>nel gruppo<\/strong>\"I lealisti del presidente godono di un accesso privilegiato a lui. Il resto dei consiglieri intuitivi costituiscono il \"<strong>out-group<\/strong>\"Questo riecheggia una caratteristica tipica dell'amministrazione Obama, che soffre di Vertical Dyad Linkage (Danserau), poich\u00e9 il leader sviluppa relazioni diverse con ogni struttura. Questo riecheggia una caratteristica tipica dell'amministrazione Obama, che soffre di Vertical Dyade Linkage (Danserau), poich\u00e9 il leader sviluppa relazioni diverse con ogni struttura. Inoltre, la maggior parte delle caratteristiche del presente caso tendono a dimostrare che un <em>struttura formale<\/em> regola le relazioni gerarchiche.<\/p>\n\n\n\n<p>          Infatti, il processo decisionale \u00e8 <strong>chiuso <\/strong>essenzialmente ai lealisti del presidente, con conseguente mancanza di <strong>brainstorming <\/strong>al di fuori dell'in-group. Anche se diverse opzioni sono sul tavolo, non vengono considerate e anche se gli obiettivi non vengono raggiunti, le strategie non vengono rivalutate. Inoltre, Obama non ha, nella sua cerchia interna di consiglieri, qualcuno che potrebbe svolgere il ruolo del <strong>avvocato del diavolo<\/strong>.<\/p>\n\n\n\n<div class=\"wp-block-image\"><figure class=\"aligncenter size-large\"><img loading=\"lazy\" decoding=\"async\" width=\"1024\" height=\"680\" src=\"https:\/\/www.berndbraun.eu\/wp-content\/uploads\/2021\/12\/AdobeStock_126580420_Statue-of-Abraham-Lincoln-at-Lincoln-Memorial-Washington-DC-District-of-Columbia-1024x680.jpeg\" alt=\"\" class=\"wp-image-567\" srcset=\"https:\/\/www.berndbraun.eu\/wp-content\/uploads\/2021\/12\/AdobeStock_126580420_Statue-of-Abraham-Lincoln-at-Lincoln-Memorial-Washington-DC-District-of-Columbia-1024x680.jpeg 1024w, https:\/\/www.berndbraun.eu\/wp-content\/uploads\/2021\/12\/AdobeStock_126580420_Statue-of-Abraham-Lincoln-at-Lincoln-Memorial-Washington-DC-District-of-Columbia-300x199.jpeg 300w, https:\/\/www.berndbraun.eu\/wp-content\/uploads\/2021\/12\/AdobeStock_126580420_Statue-of-Abraham-Lincoln-at-Lincoln-Memorial-Washington-DC-District-of-Columbia-768x510.jpeg 768w, https:\/\/www.berndbraun.eu\/wp-content\/uploads\/2021\/12\/AdobeStock_126580420_Statue-of-Abraham-Lincoln-at-Lincoln-Memorial-Washington-DC-District-of-Columbia-1536x1020.jpeg 1536w, https:\/\/www.berndbraun.eu\/wp-content\/uploads\/2021\/12\/AdobeStock_126580420_Statue-of-Abraham-Lincoln-at-Lincoln-Memorial-Washington-DC-District-of-Columbia-2048x1360.jpeg 2048w, https:\/\/www.berndbraun.eu\/wp-content\/uploads\/2021\/12\/AdobeStock_126580420_Statue-of-Abraham-Lincoln-at-Lincoln-Memorial-Washington-DC-District-of-Columbia-18x12.jpeg 18w, https:\/\/www.berndbraun.eu\/wp-content\/uploads\/2021\/12\/AdobeStock_126580420_Statue-of-Abraham-Lincoln-at-Lincoln-Memorial-Washington-DC-District-of-Columbia.jpeg 2560w\" sizes=\"auto, (max-width: 1024px) 100vw, 1024px\" \/><figcaption>Statua di Abraham Lincoln al Lincoln Memorial, Washington DC, District of Columbia<\/figcaption><\/figure><\/div>\n\n\n\n<h3 class=\"has-medium-font-size wp-block-heading\">II. La variabile burocratica<\/h3>\n\n\n\n<p>          Il processo decisionale \u00e8 segnato da forti divisioni e tensioni tra la sfera civile e quella militare, il che pu\u00f2 essere illustrato in particolare dalle divergenze tra il Dipartimento della Difesa e la Casa Bianca. La ragione principale di tali tensioni \u00e8 che il processo decisionale \u00e8 distorto nel senso che il presidente <strong>manca la fiducia <\/strong>in altri consulenti istituzionali come il Segretario della Difesa o il Segretario di Stato. Questo si traduce nel <strong>mancanza di consultazioni<\/strong>essenzialmente con il Pentagono. Nonostante il fatto che il Dipartimento della Difesa condivida un altro punto di vista sulla strategia necessaria per combattere l'ISIS, non viene preso in considerazione, anche dopo un periodo di tempo significativo segnato da obiettivi non raggiunti della politica di Obama. Di conseguenza, le divisioni burocratiche, materializzate in disfunzioni, sono state un elemento chiave che ha ostacolato la costruzione di una strategia chiara a lungo termine.<br><br>          Tuttavia, un fattore positivo \u00e8 il fatto che, nonostante le diverse opinioni sulla strategia in atto, Kerry, Hagel o Dempsey hanno cercato di dimostrare pubblicamente il loro sostegno alla strategia di Obama. In effetti, ci sono stati anche alcuni esempi di buona cooperazione come nel caso di Kerry e Obama nello sforzo di costituire una coalizione internazionale contro l'ISIS.<\/p>\n\n\n\n<div class=\"wp-block-image\"><figure class=\"aligncenter size-large is-resized\"><img loading=\"lazy\" decoding=\"async\" src=\"https:\/\/www.berndbraun.eu\/wp-content\/uploads\/2021\/12\/AdobeStock_11070385-1024x683.jpeg\" alt=\"\" class=\"wp-image-568\" width=\"1300\" height=\"500\"\/><\/figure><\/div>\n\n\n\n<h3 class=\"has-medium-font-size wp-block-heading\">III. Le variabili governative e sociali<\/h3>\n\n\n\n<p>          Il <strong>opinione pubblica <\/strong>ha sempre giocato un ruolo chiave nella presidenza di Obama. Nel caso in questione, i video delle decapitazioni dei giornalisti americani hanno avuto un impatto massiccio sull'opinione pubblica americana, come una sorta di \"<strong>Effetto CNN<\/strong>ha seguito\". Questo ha avuto un ruolo significativo nella costruzione della strategia che, anche nei suoi ulteriori adattamenti, seguir\u00e0 sempre i sondaggi come dimostra il rifiuto di inviare truppe sul terreno (la percentuale di persone che vogliono gli attacchi aerei era in realt\u00e0 la stessa di quelle contrarie all'invio di truppe di terra). Questo d\u00e0 credito al <strong>modello pluralista<\/strong>.<br><br>          Il Congresso, lungi dall'essere un fattore in s\u00e9, Obama tende ad usarlo per i suoi giochi politici. Chiedendo la sua approvazione quando in realt\u00e0 non vuole intervenire (sapendo che non la otterr\u00e0), e rifiutandola quando vuole agire, con la pretesa di <em>AUMF <\/em>o il <em>Legge sui poteri di guerra<\/em>.<\/p>\n\n\n\n<div class=\"wp-block-image\"><figure class=\"aligncenter size-large is-resized\"><img loading=\"lazy\" decoding=\"async\" src=\"https:\/\/www.berndbraun.eu\/wp-content\/uploads\/2021\/12\/AdobeStock_100810104_A-dollar-bill-figuring-George-Washington-on-top-of-a-map-of-Syria-1024x683.jpeg\" alt=\"\" class=\"wp-image-570\" width=\"1300\" height=\"500\"\/><figcaption>Una banconota da un dollaro che raffigura George Washington sopra una mappa della Siria<\/figcaption><\/figure><\/div>\n\n\n\n<h3 class=\"has-medium-font-size wp-block-heading\">IV. L'approccio cognitivo<\/h3>\n\n\n\n<p>          Dritto dentro Rystadt <strong>misperception <\/strong>teoria, l'atteggiamento di Obama dimostra ancora una volta che il presidente ha la pericolosa tendenza a <em>distorcere la realt\u00e0, per adattarla alla sua predisposizione percettiva<\/em>, <strong>bias <\/strong>quindi l'intero processo decisionale. Infatti, ha descritto per la prima volta l'ISIS come una squadra JV (Junior Varsity team) nei media, sottovalutando la minaccia, continuando a spingere la sua agenda per <strong>comfort <\/strong>la propria visione del mondo attraverso la quale \"<em>la marea della guerra si sta ritirando<\/em>\". Proteggere il suo <strong>convinzioni fondamentali<\/strong>si \u00e8 opposto all'invio di truppe sul terreno per missioni di combattimento, ignorando i consigli degli esperti di permanente \"<em>tecniche di riduzione della consistenza<\/em>\"attraverso un processo di <strong>interpretazione selettiva<\/strong> permettendogli di rimanere in Lambro <strong>cerchio della fantasia<\/strong> dove il suo <strong>pensiero velleitario<\/strong> sembra tutto cos\u00ec reale.<br><br>          Inoltre, con un <strong>Alta complessit\u00e0 cognitiva<\/strong>Dimostra anche che Herman ha ragione perch\u00e9 il caso in questione \u00e8 un'illustrazione delle sue difficolt\u00e0 a prendere una decisione da solo con urgenza, senza mai ottenere abbastanza informazioni, e gli d\u00e0 il premio della Duroselle \"<em>Cautious<\/em>\"decisore\".<br><br>          L'analisi idiosincratica di tale situazione sottolinea in particolare la sua <strong>ego<\/strong>che gioca un ruolo importante quando un decisore \u00e8 cos\u00ec lontano dalla realt\u00e0 e questo tende fortemente ad indicare che i sondaggi che affermano una regressione della sua popolarit\u00e0 potrebbero essere stati variabili notevoli nel modo in cui lui \"<em>gestito<\/em>la crisi\". Possiamo anche notare che <strong>stress<\/strong>-le reazioni correlate potrebbero essere segnalate qui. A partire da un <strong>negazione<\/strong>che si trasferisce a <strong>aggressione <\/strong>(il <em>Cavalli<\/em> momento ha portato alla luce un evidente ulteriore forte <strong>mancanza di intelligenza emotiva<\/strong>), per arrivare finalmente al punto del processo decisionale <strong>paralisi <\/strong>riconoscendo di per s\u00e9 la sua incapacit\u00e0 decisionale. In quest'ottica, si potrebbe anche sostenere che seguendo la teoria di Herman su <strong>valutazione e accertamento del leader<\/strong>l'uomo appare sicuro di s\u00e9 (usando parole come \"<em>I<\/em>\", \"<em>me<\/em>\", \"<em>come comandante in capo...<\/em>\", \"<em>la mia priorit\u00e0<\/em>\"cercando di ) quando annuncia misure favorevoli e positive, mentre per l'annuncio negativo o quando intende sollevare il <strong>identit\u00e0 di gruppo<\/strong>gioca la carta del giocatore di squadra (\"<em>non abbiamo una strategia<\/em>\", \"<em>non saremo trascinati in un'altra guerra<\/em>\").<br><br>          Ma tale atteggiamento deve essere compreso <strong>attraverso gli occhi di Obama stesso<\/strong>. Come difensore della nazione, la sua retorica verso questa crisi gli fa affrontare il <strong>Dilemma del burro e della pistola<\/strong> perch\u00e9 i suoi interessi a breve termine sono in contraddizione con le aspirazioni a lungo termine. Infatti, egli \u00e8 \"<em>l'uomo che finisce la guerra<\/em>e intende rimanere tale\". Dietro l'argomento della stanchezza del pubblico per la guerra, si nasconde la sua stessa disinclinazione a proiettare il potere degli Stati Uniti. Questo \u00e8 da collegare alla sua volont\u00e0 ossessiva di distinguersi dal suo predecessore G.W. Bush che amava vedersi come \"<em>il decisore<\/em>facendolo finire per non prendere alcuna decisione\". E anche se ha fatto <strong>analogie semplici<\/strong> con lo Yemen e l'Afghanistan durante il processo decisionale, questo potrebbe nel suo insieme, sembrare pi\u00f9 un'intera analogia invertita dal modello Bush, per antagonismo al quale, ha scritto la propria definizione di identit\u00e0.<br><br>          Il processo decisionale di Obama \u00e8 anche spesso reazionario agli eventi nel caso dell'ISIS. Un certo <strong>mancanza di risolutezza<\/strong> ha anche per risultato un <strong>mancanza di chiarezza<\/strong> sugli obiettivi strategici. La fermezza nella retorica spesso non corrisponde alle azioni concrete e gli obiettivi stabiliti sono <strong>irrealistico <\/strong>con la strategia in atto. Sta centralizzando il processo decisionale in un gruppo molto piccolo di consiglieri e spesso \u00e8 <strong>coinvolto personalmente<\/strong>. Il suo stile \u00e8 anche caratterizzato dalla volont\u00e0 di controllare e gestire tutti i dettagli che possono essere illustrati dal suo <strong>approccio di microgestione<\/strong>. Egli \u00e8 <strong>non ricettivo<\/strong> alle opinioni degli altri una parte dei lealisti. Infine, il presidente Obama ha un <strong>sistema di pensiero coerente <\/strong>dominato dal principio del non coinvolgimento delle truppe di terra statunitensi per le missioni di combattimento, che si traduce in una sorta di <strong>inflessibilit\u00e0<\/strong>. Pu\u00f2 essere descritto anche come <strong>opportunistico <\/strong>perch\u00e9 sta usando la giustificazione legale delle azioni militari (basata sull'approvazione o meno del Congresso) secondo la propria agenda politica.<br><br>          Secondo la tipologia di Barber, Obama nel caso della lotta contro l'ISIS pu\u00f2 essere descritto come <strong>negativo-attivo<\/strong> o <strong>negativo-passivo<\/strong> Presidente. <strong>Negativo <\/strong>a causa del suo non entusiasmo per il suo obbligo di affrontare l'ISIS che lo sta costringendo ad andare contro la sua visione di \"<em>Presidente che mette fine alle guerre<\/em>\". <strong>Attivo <\/strong>per la sua volont\u00e0 di gestire tutti i dettagli, anche quelli di natura operativa del conflitto e <strong>passivo <\/strong>a causa del suo approccio piuttosto reazionario ai pericoli posti dall'ISIS invece di prendere misure proattive per affrontare la minaccia.<br><\/p>\n\n\n\n<div class=\"wp-block-image\"><figure class=\"aligncenter size-large\"><img loading=\"lazy\" decoding=\"async\" width=\"714\" height=\"1024\" src=\"https:\/\/www.berndbraun.eu\/wp-content\/uploads\/2021\/12\/dreamstime_l_15414083_Storm-Descends-on-Capitol-Hill-1-714x1024.jpg\" alt=\"\" class=\"wp-image-586\" srcset=\"https:\/\/www.berndbraun.eu\/wp-content\/uploads\/2021\/12\/dreamstime_l_15414083_Storm-Descends-on-Capitol-Hill-1-714x1024.jpg 714w, https:\/\/www.berndbraun.eu\/wp-content\/uploads\/2021\/12\/dreamstime_l_15414083_Storm-Descends-on-Capitol-Hill-1-209x300.jpg 209w, https:\/\/www.berndbraun.eu\/wp-content\/uploads\/2021\/12\/dreamstime_l_15414083_Storm-Descends-on-Capitol-Hill-1-768x1102.jpg 768w, https:\/\/www.berndbraun.eu\/wp-content\/uploads\/2021\/12\/dreamstime_l_15414083_Storm-Descends-on-Capitol-Hill-1-1070x1536.jpg 1070w, https:\/\/www.berndbraun.eu\/wp-content\/uploads\/2021\/12\/dreamstime_l_15414083_Storm-Descends-on-Capitol-Hill-1-1427x2048.jpg 1427w, https:\/\/www.berndbraun.eu\/wp-content\/uploads\/2021\/12\/dreamstime_l_15414083_Storm-Descends-on-Capitol-Hill-1-8x12.jpg 8w, https:\/\/www.berndbraun.eu\/wp-content\/uploads\/2021\/12\/dreamstime_l_15414083_Storm-Descends-on-Capitol-Hill-1-scaled.jpg 1784w\" sizes=\"auto, (max-width: 714px) 100vw, 714px\" \/><figcaption>Campidoglio<\/figcaption><\/figure><\/div>\n\n\n\n<h3 class=\"has-medium-font-size wp-block-heading\">V. La variabile sistemica<\/h3>\n\n\n\n<p>          Il contesto della crisi \u00e8 minaccioso non solo per gli Stati Uniti, ma anche per la loro reputazione e prestigio come \"<em>potere globale<\/em>\". Inoltre, l'ascesa dell'ISIS rappresenta una minaccia ancora maggiore per i suoi alleati nella regione a cui gli Stati Uniti devono assicurare un sostegno credibile.<br><br>          Tuttavia, anche se questo numero \u00e8 scritto nel contesto del globale \"<em>guerra al terrorismo<\/em>\"Non bisogna dimenticare che questa priorit\u00e0 rimane una tra le altre in un complesso contesto internazionale in cui gli Stati Uniti sono attivi, trattando diversi dossier importanti come l'Ucraina o la politica del Pivot to Asia degli Stati Uniti.<br><br>          Infine, la volont\u00e0 di Obama di costituire una coalizione internazionale per combattere l'ISIS, si basa sul fatto che ci\u00f2 che \u00e8 importante per Obama \u00e8 prima il <strong>costruzione della nazione<\/strong> a casa. Pertanto, <strong>condivisione degli oneri<\/strong> \u00e8 un elemento inevitabile della strategia di Obama. Inoltre, dobbiamo notare che avere il sostegno degli stati arabi e privilegiare i combattenti indigeni conforta la sua convinzione che \"<em>non possiamo fare per gli iracheni quello che devono fare da soli, n\u00e9 possiamo prendere il posto dei partner arabi nel rendere sicura la loro regione<\/em>\".<br><\/p>","protected":false},"excerpt":{"rendered":"<p>I. The President and his advisors II. The bureaucratic variable III. The governmental and societal variables IV. The cognitive approach V. The systemic variable I. The President and his advisors The real decision-making process is fundamentally based on the President\u00b4s Obama staff, i.e. a small inner circle of advisors who forged their relationships with him [&hellip;]<\/p>\n","protected":false},"author":3,"featured_media":564,"comment_status":"open","ping_status":"open","sticky":false,"template":"","format":"standard","meta":{"footnotes":""},"categories":[5],"tags":[],"type-darticle":[21],"class_list":["post-561","post","type-post","status-publish","format-standard","has-post-thumbnail","hentry","category-politics","type-darticle-analyse"],"yoast_head":"<!-- This site is optimized with the Yoast SEO Premium plugin v21.4 (Yoast SEO v27.2) - https:\/\/yoast.com\/product\/yoast-seo-premium-wordpress\/ -->\n<title>Bernd Braun - Le processus d\u00e9cisionnel d&#039;Obama concernant ISIS<\/title>\n<meta name=\"robots\" content=\"index, follow, max-snippet:-1, max-image-preview:large, max-video-preview:-1\" \/>\n<link rel=\"canonical\" href=\"https:\/\/www.berndbraun.eu\/it\/the-decision-making-process-of-obama-concerning-isis\/\" \/>\n<meta property=\"og:locale\" content=\"it_IT\" \/>\n<meta property=\"og:type\" content=\"article\" \/>\n<meta property=\"og:title\" content=\"Le processus d\u00e9cisionnel d&#039;Obama concernant ISIS\" \/>\n<meta property=\"og:description\" content=\"I. The President and his advisors II. The bureaucratic variable III. The governmental and societal variables IV. The cognitive approach V. The systemic variable I. The President and his advisors The real decision-making process is fundamentally based on the President\u00b4s Obama staff, i.e. a small inner circle of advisors who forged their relationships with him [&hellip;]\" \/>\n<meta property=\"og:url\" content=\"https:\/\/www.berndbraun.eu\/it\/the-decision-making-process-of-obama-concerning-isis\/\" \/>\n<meta property=\"og:site_name\" content=\"Bernd Braun\" \/>\n<meta property=\"article:published_time\" content=\"2015-01-06T20:54:26+00:00\" \/>\n<meta property=\"article:modified_time\" content=\"2022-02-22T19:35:57+00:00\" \/>\n<meta property=\"og:image\" content=\"https:\/\/www.berndbraun.eu\/wp-content\/uploads\/2021\/12\/AdobeStock_303053153-scaled.jpeg\" \/>\n\t<meta property=\"og:image:width\" content=\"2560\" \/>\n\t<meta property=\"og:image:height\" content=\"1440\" \/>\n\t<meta property=\"og:image:type\" content=\"image\/jpeg\" \/>\n<meta name=\"author\" content=\"Bernd\" \/>\n<meta name=\"twitter:card\" content=\"summary_large_image\" \/>\n<meta name=\"twitter:label1\" content=\"Scritto da\" \/>\n\t<meta name=\"twitter:data1\" content=\"Bernd\" \/>\n\t<meta name=\"twitter:label2\" content=\"Tempo di lettura stimato\" \/>\n\t<meta name=\"twitter:data2\" content=\"8 minuti\" \/>\n<script type=\"application\/ld+json\" class=\"yoast-schema-graph\">{\"@context\":\"https:\/\/schema.org\",\"@graph\":[{\"@type\":\"Article\",\"@id\":\"https:\/\/www.berndbraun.eu\/the-decision-making-process-of-obama-concerning-isis\/#article\",\"isPartOf\":{\"@id\":\"https:\/\/www.berndbraun.eu\/the-decision-making-process-of-obama-concerning-isis\/\"},\"author\":{\"name\":\"Bernd\",\"@id\":\"https:\/\/www.berndbraun.eu\/#\/schema\/person\/a64c4c08b6a8c9f8fe9be655928070ca\"},\"headline\":\"Le processus d\u00e9cisionnel d'Obama concernant ISIS\",\"datePublished\":\"2015-01-06T20:54:26+00:00\",\"dateModified\":\"2022-02-22T19:35:57+00:00\",\"mainEntityOfPage\":{\"@id\":\"https:\/\/www.berndbraun.eu\/the-decision-making-process-of-obama-concerning-isis\/\"},\"wordCount\":1660,\"commentCount\":0,\"image\":{\"@id\":\"https:\/\/www.berndbraun.eu\/the-decision-making-process-of-obama-concerning-isis\/#primaryimage\"},\"thumbnailUrl\":\"https:\/\/www.berndbraun.eu\/wp-content\/uploads\/2021\/12\/AdobeStock_303053153-scaled.jpeg\",\"articleSection\":[\"Politics\"],\"inLanguage\":\"it-IT\",\"potentialAction\":[{\"@type\":\"CommentAction\",\"name\":\"Comment\",\"target\":[\"https:\/\/www.berndbraun.eu\/the-decision-making-process-of-obama-concerning-isis\/#respond\"]}]},{\"@type\":\"WebPage\",\"@id\":\"https:\/\/www.berndbraun.eu\/the-decision-making-process-of-obama-concerning-isis\/\",\"url\":\"https:\/\/www.berndbraun.eu\/the-decision-making-process-of-obama-concerning-isis\/\",\"name\":\"Bernd Braun - Le processus d\u00e9cisionnel d'Obama concernant ISIS\",\"isPartOf\":{\"@id\":\"https:\/\/www.berndbraun.eu\/#website\"},\"primaryImageOfPage\":{\"@id\":\"https:\/\/www.berndbraun.eu\/the-decision-making-process-of-obama-concerning-isis\/#primaryimage\"},\"image\":{\"@id\":\"https:\/\/www.berndbraun.eu\/the-decision-making-process-of-obama-concerning-isis\/#primaryimage\"},\"thumbnailUrl\":\"https:\/\/www.berndbraun.eu\/wp-content\/uploads\/2021\/12\/AdobeStock_303053153-scaled.jpeg\",\"datePublished\":\"2015-01-06T20:54:26+00:00\",\"dateModified\":\"2022-02-22T19:35:57+00:00\",\"author\":{\"@id\":\"https:\/\/www.berndbraun.eu\/#\/schema\/person\/a64c4c08b6a8c9f8fe9be655928070ca\"},\"breadcrumb\":{\"@id\":\"https:\/\/www.berndbraun.eu\/the-decision-making-process-of-obama-concerning-isis\/#breadcrumb\"},\"inLanguage\":\"it-IT\",\"potentialAction\":[{\"@type\":\"ReadAction\",\"target\":[\"https:\/\/www.berndbraun.eu\/the-decision-making-process-of-obama-concerning-isis\/\"]}]},{\"@type\":\"ImageObject\",\"inLanguage\":\"it-IT\",\"@id\":\"https:\/\/www.berndbraun.eu\/the-decision-making-process-of-obama-concerning-isis\/#primaryimage\",\"url\":\"https:\/\/www.berndbraun.eu\/wp-content\/uploads\/2021\/12\/AdobeStock_303053153-scaled.jpeg\",\"contentUrl\":\"https:\/\/www.berndbraun.eu\/wp-content\/uploads\/2021\/12\/AdobeStock_303053153-scaled.jpeg\",\"width\":2560,\"height\":1440},{\"@type\":\"BreadcrumbList\",\"@id\":\"https:\/\/www.berndbraun.eu\/the-decision-making-process-of-obama-concerning-isis\/#breadcrumb\",\"itemListElement\":[{\"@type\":\"ListItem\",\"position\":1,\"name\":\"Accueil\",\"item\":\"https:\/\/www.berndbraun.eu\/\"},{\"@type\":\"ListItem\",\"position\":2,\"name\":\"Le processus d\u00e9cisionnel d'Obama concernant ISIS\"}]},{\"@type\":\"WebSite\",\"@id\":\"https:\/\/www.berndbraun.eu\/#website\",\"url\":\"https:\/\/www.berndbraun.eu\/\",\"name\":\"Bernd Braun\",\"description\":\"\",\"potentialAction\":[{\"@type\":\"SearchAction\",\"target\":{\"@type\":\"EntryPoint\",\"urlTemplate\":\"https:\/\/www.berndbraun.eu\/?s={search_term_string}\"},\"query-input\":{\"@type\":\"PropertyValueSpecification\",\"valueRequired\":true,\"valueName\":\"search_term_string\"}}],\"inLanguage\":\"it-IT\"},{\"@type\":\"Person\",\"@id\":\"https:\/\/www.berndbraun.eu\/#\/schema\/person\/a64c4c08b6a8c9f8fe9be655928070ca\",\"name\":\"Bernd\",\"image\":{\"@type\":\"ImageObject\",\"inLanguage\":\"it-IT\",\"@id\":\"https:\/\/secure.gravatar.com\/avatar\/e51d7b18a7c2fb10dd367a4bab68ef5a6d1736ae3537a0fd211df170b00b15af?s=96&d=mm&r=g\",\"url\":\"https:\/\/secure.gravatar.com\/avatar\/e51d7b18a7c2fb10dd367a4bab68ef5a6d1736ae3537a0fd211df170b00b15af?s=96&d=mm&r=g\",\"contentUrl\":\"https:\/\/secure.gravatar.com\/avatar\/e51d7b18a7c2fb10dd367a4bab68ef5a6d1736ae3537a0fd211df170b00b15af?s=96&d=mm&r=g\",\"caption\":\"Bernd\"},\"url\":\"https:\/\/www.berndbraun.eu\/it\/author\/bernd\/\"}]}<\/script>\n<!-- \/ Yoast SEO Premium plugin. -->","yoast_head_json":{"title":"Bernd Braun - Il processo decisionale di Obama nei confronti dell'ISIS","robots":{"index":"index","follow":"follow","max-snippet":"max-snippet:-1","max-image-preview":"max-image-preview:large","max-video-preview":"max-video-preview:-1"},"canonical":"https:\/\/www.berndbraun.eu\/it\/the-decision-making-process-of-obama-concerning-isis\/","og_locale":"it_IT","og_type":"article","og_title":"Le processus d\u00e9cisionnel d'Obama concernant ISIS","og_description":"I. The President and his advisors II. The bureaucratic variable III. The governmental and societal variables IV. The cognitive approach V. The systemic variable I. The President and his advisors The real decision-making process is fundamentally based on the President\u00b4s Obama staff, i.e. a small inner circle of advisors who forged their relationships with him [&hellip;]","og_url":"https:\/\/www.berndbraun.eu\/it\/the-decision-making-process-of-obama-concerning-isis\/","og_site_name":"Bernd Braun","article_published_time":"2015-01-06T20:54:26+00:00","article_modified_time":"2022-02-22T19:35:57+00:00","og_image":[{"width":2560,"height":1440,"url":"https:\/\/www.berndbraun.eu\/wp-content\/uploads\/2021\/12\/AdobeStock_303053153-scaled.jpeg","type":"image\/jpeg"}],"author":"Bernd","twitter_card":"summary_large_image","twitter_misc":{"Scritto da":"Bernd","Tempo di lettura stimato":"8 minuti"},"schema":{"@context":"https:\/\/schema.org","@graph":[{"@type":"Article","@id":"https:\/\/www.berndbraun.eu\/the-decision-making-process-of-obama-concerning-isis\/#article","isPartOf":{"@id":"https:\/\/www.berndbraun.eu\/the-decision-making-process-of-obama-concerning-isis\/"},"author":{"name":"Bernd","@id":"https:\/\/www.berndbraun.eu\/#\/schema\/person\/a64c4c08b6a8c9f8fe9be655928070ca"},"headline":"Le processus d\u00e9cisionnel d'Obama concernant ISIS","datePublished":"2015-01-06T20:54:26+00:00","dateModified":"2022-02-22T19:35:57+00:00","mainEntityOfPage":{"@id":"https:\/\/www.berndbraun.eu\/the-decision-making-process-of-obama-concerning-isis\/"},"wordCount":1660,"commentCount":0,"image":{"@id":"https:\/\/www.berndbraun.eu\/the-decision-making-process-of-obama-concerning-isis\/#primaryimage"},"thumbnailUrl":"https:\/\/www.berndbraun.eu\/wp-content\/uploads\/2021\/12\/AdobeStock_303053153-scaled.jpeg","articleSection":["Politics"],"inLanguage":"it-IT","potentialAction":[{"@type":"CommentAction","name":"Comment","target":["https:\/\/www.berndbraun.eu\/the-decision-making-process-of-obama-concerning-isis\/#respond"]}]},{"@type":"WebPage","@id":"https:\/\/www.berndbraun.eu\/the-decision-making-process-of-obama-concerning-isis\/","url":"https:\/\/www.berndbraun.eu\/the-decision-making-process-of-obama-concerning-isis\/","name":"Bernd Braun - Il processo decisionale di Obama nei confronti dell'ISIS","isPartOf":{"@id":"https:\/\/www.berndbraun.eu\/#website"},"primaryImageOfPage":{"@id":"https:\/\/www.berndbraun.eu\/the-decision-making-process-of-obama-concerning-isis\/#primaryimage"},"image":{"@id":"https:\/\/www.berndbraun.eu\/the-decision-making-process-of-obama-concerning-isis\/#primaryimage"},"thumbnailUrl":"https:\/\/www.berndbraun.eu\/wp-content\/uploads\/2021\/12\/AdobeStock_303053153-scaled.jpeg","datePublished":"2015-01-06T20:54:26+00:00","dateModified":"2022-02-22T19:35:57+00:00","author":{"@id":"https:\/\/www.berndbraun.eu\/#\/schema\/person\/a64c4c08b6a8c9f8fe9be655928070ca"},"breadcrumb":{"@id":"https:\/\/www.berndbraun.eu\/the-decision-making-process-of-obama-concerning-isis\/#breadcrumb"},"inLanguage":"it-IT","potentialAction":[{"@type":"ReadAction","target":["https:\/\/www.berndbraun.eu\/the-decision-making-process-of-obama-concerning-isis\/"]}]},{"@type":"ImageObject","inLanguage":"it-IT","@id":"https:\/\/www.berndbraun.eu\/the-decision-making-process-of-obama-concerning-isis\/#primaryimage","url":"https:\/\/www.berndbraun.eu\/wp-content\/uploads\/2021\/12\/AdobeStock_303053153-scaled.jpeg","contentUrl":"https:\/\/www.berndbraun.eu\/wp-content\/uploads\/2021\/12\/AdobeStock_303053153-scaled.jpeg","width":2560,"height":1440},{"@type":"BreadcrumbList","@id":"https:\/\/www.berndbraun.eu\/the-decision-making-process-of-obama-concerning-isis\/#breadcrumb","itemListElement":[{"@type":"ListItem","position":1,"name":"Accueil","item":"https:\/\/www.berndbraun.eu\/"},{"@type":"ListItem","position":2,"name":"Le processus d\u00e9cisionnel d'Obama concernant ISIS"}]},{"@type":"WebSite","@id":"https:\/\/www.berndbraun.eu\/#website","url":"https:\/\/www.berndbraun.eu\/","name":"Bernd Braun","description":"","potentialAction":[{"@type":"SearchAction","target":{"@type":"EntryPoint","urlTemplate":"https:\/\/www.berndbraun.eu\/?s={search_term_string}"},"query-input":{"@type":"PropertyValueSpecification","valueRequired":true,"valueName":"search_term_string"}}],"inLanguage":"it-IT"},{"@type":"Person","@id":"https:\/\/www.berndbraun.eu\/#\/schema\/person\/a64c4c08b6a8c9f8fe9be655928070ca","name":"Bernd","image":{"@type":"ImageObject","inLanguage":"it-IT","@id":"https:\/\/secure.gravatar.com\/avatar\/e51d7b18a7c2fb10dd367a4bab68ef5a6d1736ae3537a0fd211df170b00b15af?s=96&d=mm&r=g","url":"https:\/\/secure.gravatar.com\/avatar\/e51d7b18a7c2fb10dd367a4bab68ef5a6d1736ae3537a0fd211df170b00b15af?s=96&d=mm&r=g","contentUrl":"https:\/\/secure.gravatar.com\/avatar\/e51d7b18a7c2fb10dd367a4bab68ef5a6d1736ae3537a0fd211df170b00b15af?s=96&d=mm&r=g","caption":"Bernd"},"url":"https:\/\/www.berndbraun.eu\/it\/author\/bernd\/"}]}},"_links":{"self":[{"href":"https:\/\/www.berndbraun.eu\/it\/wp-json\/wp\/v2\/posts\/561","targetHints":{"allow":["GET"]}}],"collection":[{"href":"https:\/\/www.berndbraun.eu\/it\/wp-json\/wp\/v2\/posts"}],"about":[{"href":"https:\/\/www.berndbraun.eu\/it\/wp-json\/wp\/v2\/types\/post"}],"author":[{"embeddable":true,"href":"https:\/\/www.berndbraun.eu\/it\/wp-json\/wp\/v2\/users\/3"}],"replies":[{"embeddable":true,"href":"https:\/\/www.berndbraun.eu\/it\/wp-json\/wp\/v2\/comments?post=561"}],"version-history":[{"count":18,"href":"https:\/\/www.berndbraun.eu\/it\/wp-json\/wp\/v2\/posts\/561\/revisions"}],"predecessor-version":[{"id":1037,"href":"https:\/\/www.berndbraun.eu\/it\/wp-json\/wp\/v2\/posts\/561\/revisions\/1037"}],"wp:featuredmedia":[{"embeddable":true,"href":"https:\/\/www.berndbraun.eu\/it\/wp-json\/wp\/v2\/media\/564"}],"wp:attachment":[{"href":"https:\/\/www.berndbraun.eu\/it\/wp-json\/wp\/v2\/media?parent=561"}],"wp:term":[{"taxonomy":"category","embeddable":true,"href":"https:\/\/www.berndbraun.eu\/it\/wp-json\/wp\/v2\/categories?post=561"},{"taxonomy":"post_tag","embeddable":true,"href":"https:\/\/www.berndbraun.eu\/it\/wp-json\/wp\/v2\/tags?post=561"},{"taxonomy":"type-darticle","embeddable":true,"href":"https:\/\/www.berndbraun.eu\/it\/wp-json\/wp\/v2\/type-darticle?post=561"}],"curies":[{"name":"wp","href":"https:\/\/api.w.org\/{rel}","templated":true}]}}