{"id":914,"date":"2017-02-05T12:04:02","date_gmt":"2017-02-05T10:04:02","guid":{"rendered":"https:\/\/www.berndbraun.eu\/?p=914"},"modified":"2022-02-22T21:35:57","modified_gmt":"2022-02-22T19:35:57","slug":"relation-usa-iran-les-impacts-politico-economiques-pour-la-france-et-leurope","status":"publish","type":"post","link":"https:\/\/www.berndbraun.eu\/it\/relation-usa-iran-les-impacts-politico-economiques-pour-la-france-et-leurope\/","title":{"rendered":"Le relazioni USA-Iran: gli impatti politici ed economici per la Francia e l'Europa"},"content":{"rendered":"<div style=\"height:40px\" aria-hidden=\"true\" class=\"wp-block-spacer\"><\/div>\n\n\n\n<h2 class=\"has-medium-font-size wp-block-heading\" id=\"introduction\">Introduzione<\/h2>\n\n\n\n<div style=\"height:20px\" aria-hidden=\"true\" class=\"wp-block-spacer\"><\/div>\n\n\n\n<p>&nbsp;&nbsp;&nbsp;&nbsp;&nbsp;&nbsp;&nbsp;&nbsp;&nbsp;&nbsp;&nbsp; Per sviluppare il mercato in cui vogliamo affermarci - cio\u00e8 le nuove tecnologie il pi\u00f9 vicino possibile agli utenti - in questa societ\u00e0 in movimento che \u00e8 l'Iran, \u00e8 necessario prendere in considerazione gli ultimi eventi su scala internazionale e approfittarne quando lo permettono. &nbsp;&nbsp;&nbsp;<br><br>&nbsp;&nbsp;&nbsp;&nbsp;&nbsp;&nbsp;&nbsp;&nbsp;&nbsp;&nbsp;&nbsp; Dai risultati delle elezioni americane all'ascesa dell'influenza russa e asiatica sulla scena mondiale, il nostro gruppo deve sapere quale posizione adottare per mantenere il vantaggio che sembra essere suo nello stabilire una certa egemonia dei nostri prodotti sul suolo iraniano, ma anche nell'idea di fare della Francia un paese di sostegno al governo iraniano, senza danneggiare i trattati e i contratti tra esso e le nazioni che vogliono vedere l'Iran ai margini dell'economia globale. Di conseguenza, \u00e8 un lavoro di ricerca meticolosa e una certa diplomazia che interessa il nostro studio, che potrebbe essere tradotto in una domanda del tipo seguente: quali opportunit\u00e0 si possono cogliere per sviluppare il commercio estero francese nel campo che \u00e8 il nostro?<\/p>\n\n\n\n<div style=\"height:35px\" aria-hidden=\"true\" class=\"wp-block-spacer\"><\/div>\n\n\n\n<h2 class=\"has-medium-font-size wp-block-heading\" id=\"i-l-election-de-monsieur-trump-la-figure-de-monroe-et-de-wilson-pour-un-nouveau-type-d-isolationnisme-americain\" style=\"text-transform:uppercase\">I. L'elezione di Trump, la figura di Monroe e Wilson per un nuovo tipo di isolazionismo americano<\/h2>\n\n\n\n<div style=\"height:40px\" aria-hidden=\"true\" class=\"wp-block-spacer\"><\/div>\n\n\n\n<h2 class=\"has-medium-font-size wp-block-heading\" id=\"h-a-les-volontes-du-president-face-a-l-iran\">A. I desideri del presidente riguardo all'Iran<\/h2>\n\n\n\n<p>&nbsp;&nbsp;&nbsp;&nbsp;&nbsp;&nbsp;&nbsp;&nbsp;&nbsp;&nbsp;&nbsp; Nella sua prima settimana in carica, il nuovo presidente sferra il colpo finale al problema del Medio Oriente; il commercio con l'Iran \u00e8 promesso per essere dimenticato. Tale violenza potrebbe essere legittima alla luce delle alleanze e dei pregiudizi finanziari internazionali di Trump. Da un lato, i paesi produttori di petrolio della penisola arabica rimangono il principale fornitore di oro nero degli Stati Uniti; di conseguenza, i giochi contemporanei e religiosi che animano le relazioni tra questi paesi, le cui potenze sono sunnite, e l'Iran a maggioranza sciita. Questo dissenso \u00e8 il pretesto ideale perch\u00e9 l'amministrazione presidenziale si allontani dagli impegni e dalle promesse di apertura messe sul tavolo dei negoziati dall'amministrazione Obama. Tale inversione di rotta \u00e8 anche una mano a Israele, che, pur essendo un paese che non ama nessuno perch\u00e9 diffida di tutto, tollera certi scambi con i paesi della penisola arabica - per il petrolio - e che quindi aborriva gli accordi di Barack Obama con l'Iran. La Persia non rappresenta altro che un potenziale e potente nemico per un popolo israeliano interessato a ristabilire il Grande Antico Israele. Tuttavia, se i persiani riuscissero a unirsi a tutti i paesi sviluppati in termini di tecnologia, mercato, finanza e potenza militare, l'ebreo sarebbe rovinato perch\u00e9 gli iraniani hanno gi\u00e0 una forza capace di tenerli sotto controllo, ma soprattutto di invaderli se gli Stati Uniti dovessero mettere fine alla protezione che hanno messo in atto dal 1948 nella regione.<\/p>\n\n\n\n<div class=\"wp-block-image\"><figure class=\"aligncenter size-large\"><img loading=\"lazy\" decoding=\"async\" width=\"1024\" height=\"657\" src=\"https:\/\/www.berndbraun.eu\/wp-content\/uploads\/2022\/02\/AdobeStock_278124461-1-1024x657.jpeg\" alt=\"\" class=\"wp-image-935\" srcset=\"https:\/\/www.berndbraun.eu\/wp-content\/uploads\/2022\/02\/AdobeStock_278124461-1-1024x657.jpeg 1024w, https:\/\/www.berndbraun.eu\/wp-content\/uploads\/2022\/02\/AdobeStock_278124461-1-300x193.jpeg 300w, https:\/\/www.berndbraun.eu\/wp-content\/uploads\/2022\/02\/AdobeStock_278124461-1-768x493.jpeg 768w, https:\/\/www.berndbraun.eu\/wp-content\/uploads\/2022\/02\/AdobeStock_278124461-1-1536x986.jpeg 1536w, https:\/\/www.berndbraun.eu\/wp-content\/uploads\/2022\/02\/AdobeStock_278124461-1-2048x1314.jpeg 2048w, https:\/\/www.berndbraun.eu\/wp-content\/uploads\/2022\/02\/AdobeStock_278124461-1-18x12.jpeg 18w, https:\/\/www.berndbraun.eu\/wp-content\/uploads\/2022\/02\/AdobeStock_278124461-1-scaled.jpeg 2560w\" sizes=\"auto, (max-width: 1024px) 100vw, 1024px\" \/><\/figure><\/div>\n\n\n\n<div style=\"height:40px\" aria-hidden=\"true\" class=\"wp-block-spacer\"><\/div>\n\n\n\n<h2 class=\"has-medium-font-size wp-block-heading\" id=\"b-un-dedain-pour-l-union-europeenne\">B. Un disprezzo per l'Unione Europea<\/h2>\n\n\n\n<p>&nbsp;&nbsp;&nbsp;&nbsp;&nbsp;&nbsp;&nbsp;&nbsp;&nbsp;&nbsp;&nbsp; Tale opposizione all'Iran va di pari passo con una certa visione malsana dell'Unione europea da parte del presidente. In effetti, le varie crisi attraverso le quali \u00e8 passato il nostro continente, in particolare negli ultimi cinque anni, il quasi crollo globale del sistema economico, politico e sociale dell'Unione, offre uno spettacolo poco coinvolgente a prima vista per il mondo. A questo si aggiungono le prossime elezioni in Francia e Germania, che promettono di essere una tragedia morale e diplomatica; come 'America first', molti partiti politici radicali sono stati rafforzati nelle loro intenzioni isolazioniste proprio come Trump. Tuttavia, il punto di conflitto non \u00e8 solo il desiderio di proteggere il mercato americano, ma soprattutto l'idea che l'Unione Europea sia debole e fragile agli occhi della presidenza americana. L'UE \u00e8 un mercato incomparabile, ma il suo dissenso interno, la mancanza di potenza militare e il desiderio di indipendenza dal dollaro USA sono tutti punti sciocchi. La Brexit \u00e8 una testimonianza di questa debolezza di un'Europa incapace di trattenere i suoi membri pi\u00f9 potenti, incapace di proteggere i suoi confini, incapace di vedere oltre i pregiudizi storici per portare la Turchia e la Russia all'interno dei suoi confini, se non fisicamente, almeno economicamente.<\/p>\n\n\n\n<p>&nbsp;&nbsp;&nbsp;&nbsp;&nbsp;&nbsp;&nbsp;&nbsp;&nbsp;&nbsp;&nbsp; Questo \u00e8 un secondo pomo della discordia tra gli Stati Uniti e l'UE, un secondo valore aggiunto al nostro approccio industriale.<\/p>\n\n\n\n<div style=\"height:40px\" aria-hidden=\"true\" class=\"wp-block-spacer\"><\/div>\n\n\n\n<h2 class=\"has-medium-font-size wp-block-heading\" id=\"c-un-president-americain-pro-russe\">C. Un presidente americano filorusso<\/h2>\n\n\n\n<p>&nbsp;&nbsp;&nbsp;&nbsp;&nbsp;&nbsp;&nbsp;&nbsp;&nbsp;&nbsp;&nbsp; La grande rivoluzione che Trump ha portato \u00e8 la sua attrazione per la Russia, la sua volont\u00e0 di creare forti legami tra l'economia russa e quella del suo paese. \u00c8 una volont\u00e0 di andare oltre i conflitti passati, di tornare al mondo moderno dell'epoca zarista, quando gli Stati Uniti e la Russia non avevano grandi motivi per essere in conflitto. \u00c8 un riscaldamento internazionale che ci fa dimenticare la guerra fredda e le contrapposizioni nate dalle strategie di potere dei due grandi di questo mondo negli ultimi quarant'anni. Un tale avvicinamento \u00e8 un segno per il mondo che invece di avere gli Stati Uniti come unico guardiano dell'equilibrio mondiale - un guardiano che semina guai ovunque vada - avremo una potenza economica insuperabile alleata alla pi\u00f9 grande forza militare del vecchio continente e dell'Asia. Per l'economia come per la sicurezza globale, questo potrebbe essere un male, poich\u00e9 si capisce che la Russia, se si schierasse con gli americani, non avrebbe altro ostacolo che gli accordi da raggiungere con gli americani sul modus operandi su scala globale nei campi della finanza, militare e diplomatico. La fine di una tale divisione dei modelli di potere permetterebbe agli Stati Uniti di finire la Cina, l'Europa, l'India e permettersi di sviluppare l'Africa a proprio vantaggio.&nbsp;&nbsp;&nbsp;&nbsp;&nbsp;<\/p>\n\n\n\n<p>&nbsp;&nbsp;&nbsp;&nbsp;&nbsp;&nbsp;&nbsp;&nbsp;&nbsp;&nbsp;&nbsp; Tuttavia, un tale approccio \u00e8 difficile perch\u00e9 i russi hanno legami pi\u00f9 profondi e pi\u00f9 forti con molti passi che con gli Stati Uniti, che rimangono ancora il principale avversario internazionale delle intenzioni egemoniche degli Stati Uniti. L'immancabile ardore e l'inventiva del gigante ex-URSS hanno tenuto sulle spine tutti gli esperti militari e sociali americani negli ultimi decenni. Oggi, la creazione di una tale alleanza sarebbe soggetta a un riposizionamento della Russia nei suoi impegni con partner come Cina, India e Iran per ci\u00f2 che ci interessa. Una mossa delicata.<\/p>\n\n\n\n<div style=\"height:40px\" aria-hidden=\"true\" class=\"wp-block-spacer\"><\/div>\n\n\n\n<h2 class=\"has-medium-font-size wp-block-heading\" id=\"ii-quid-de-ces-phenomenes-pour-la-france-et-pour-notre-industrie\" style=\"text-transform:uppercase\">II. Cosa significa questo per la Francia e per la nostra industria?<\/h2>\n\n\n\n<div style=\"height:20px\" aria-hidden=\"true\" class=\"wp-block-spacer\"><\/div>\n\n\n\n<p>&nbsp;&nbsp;&nbsp;&nbsp;&nbsp;&nbsp;&nbsp;&nbsp;&nbsp;&nbsp;&nbsp; In termini di sviluppo della nostra societ\u00e0, ma anche in relazione alle opportunit\u00e0 per la Francia aperte da tali rovesci di situazione, nell'idea di un nuovo legame da tessere con l'Iran, i recenti eventi sono una vera opportunit\u00e0. Infatti, da un punto di vista semplicemente diplomatico, la Francia ha ormai mano libera in Iran, poich\u00e9 gli Stati Uniti aumenteranno le loro sanzioni contro i persiani, ma allenteranno anche la presa dell'Unione europea, che la nuova presidenza americana sta screditando completamente. Con qualche cautela, soprattutto nei confronti della Turchia, dei paesi della penisola araba e di Israele - che la Francia da Charles De Gaulle in poi ha rispettato solo per il desiderio di essere benevola e responsabile di fronte a un mondo che le punta il dito per il Vel-d'Hiv, ma anche perch\u00e9 fa comodo ai suoi affari con gli Stati Uniti - le potenze francesi, che siamo quasi certi cadranno nelle mani di Emmanuel Macron (grande difensore degli imprenditori), avranno piena libert\u00e0 di aprire le porte dell'impero iraniano e dei suoi mercati.<\/p>\n\n\n\n<p>&nbsp;&nbsp;&nbsp;&nbsp;&nbsp;&nbsp;&nbsp;&nbsp;&nbsp;&nbsp;&nbsp; Inoltre, se un effettivo riavvicinamento tra gli Stati Uniti e la Russia avesse luogo, il nostro gruppo, il cui scopo \u00e8 la ricerca e lo sviluppo di nuove tecnologie - nell'aviazione, nei trasporti, nelle tecnologie mobili e connesse - vedrebbe una riduzione dei contratti commerciali tra i russi e i persiani, che si sentirebbero traditi; che certamente si sentirebbero traditi perch\u00e9 una tale alleanza tra i due vecchi nemici implicherebbe un rinnegamento delle alleanze dell'ex potenza sovietica con i marginali del mondo sviluppato. Inoltre, un allontanamento degli Stati Uniti dalle azioni europee, ma soprattutto dalle sue finanze e dalla sua economia, porterebbe una nuova aria al commercio tra i suoi membri. Se gli Stati Uniti ci abbandonassero, la Germania perderebbe il suo bastone d'appoggio, gli inglesi i loro mezzi d'influenza presso i continentali, e la Francia ritroverebbe il suo posto come forza leader al centro dell'Europa. Tuttavia, con una condotta degna di affrontare le sfide di domani, i francesi potrebbero contribuire a mantenere l'Unione europea, rafforzare la cooperazione tra le imprese, sostenendo i passi dei suoi industriali all'estero, in particolare in Iran.<\/p>\n\n\n\n<p>&nbsp;&nbsp;&nbsp;&nbsp;&nbsp;&nbsp;&nbsp;&nbsp;&nbsp;&nbsp;&nbsp; Lo scenario in preparazione non \u00e8 catastrofico, ma richiede sensibilit\u00e0 e capacit\u00e0 di prevedere i movimenti generali da parte delle potenze circostanti, cos\u00ec come i mercati e gli altri industriali del nostro settore. Tuttavia, un'emarginazione ancora maggiore dell'Iran sulla scena internazionale, un desiderio di trasformarlo in un nuovo territorio di terroristi, \u00e8 un'opportunit\u00e0 per noi che, incarnando una mano tesa, una potenza tollerante e senza pregiudizi, entreremo nel mercato persiano, nella loro societ\u00e0 senza difficolt\u00e0; concedendoci fin dall'inizio quasi tutte le opportunit\u00e0 di sviluppo della nostra industria, e i benefici che questa rappresenta.<\/p>\n\n\n\n<figure class=\"wp-block-gallery has-nested-images columns-default is-cropped wp-block-gallery-1 is-layout-flex wp-block-gallery-is-layout-flex\">\n<figure class=\"wp-block-image size-large\"><a href=\"https:\/\/www.berndbraun.eu\/wp-content\/uploads\/2022\/02\/AdobeStock_313509945-scaled.jpeg\"><img loading=\"lazy\" decoding=\"async\" width=\"1024\" height=\"683\" data-id=\"939\" src=\"https:\/\/www.berndbraun.eu\/wp-content\/uploads\/2022\/02\/AdobeStock_313509945-1024x683.jpeg\" alt=\"\" class=\"wp-image-939\" srcset=\"https:\/\/www.berndbraun.eu\/wp-content\/uploads\/2022\/02\/AdobeStock_313509945-1024x683.jpeg 1024w, https:\/\/www.berndbraun.eu\/wp-content\/uploads\/2022\/02\/AdobeStock_313509945-300x200.jpeg 300w, https:\/\/www.berndbraun.eu\/wp-content\/uploads\/2022\/02\/AdobeStock_313509945-768x512.jpeg 768w, https:\/\/www.berndbraun.eu\/wp-content\/uploads\/2022\/02\/AdobeStock_313509945-1536x1024.jpeg 1536w, https:\/\/www.berndbraun.eu\/wp-content\/uploads\/2022\/02\/AdobeStock_313509945-2048x1365.jpeg 2048w, https:\/\/www.berndbraun.eu\/wp-content\/uploads\/2022\/02\/AdobeStock_313509945-18x12.jpeg 18w, https:\/\/www.berndbraun.eu\/wp-content\/uploads\/2022\/02\/AdobeStock_313509945-scaled.jpeg 2560w\" sizes=\"auto, (max-width: 1024px) 100vw, 1024px\" \/><\/a><figcaption>Teheran<\/figcaption><\/figure>\n<\/figure>\n\n\n\n<div style=\"height:50px\" aria-hidden=\"true\" class=\"wp-block-spacer\"><\/div>\n\n\n\n<p class=\"has-text-align-center has-cyan-bluish-gray-color has-text-color has-small-font-size\">2022 Tutti i diritti riservati da BRAUN<\/p>","protected":false},"excerpt":{"rendered":"<p>Introduction &nbsp;&nbsp;&nbsp;&nbsp;&nbsp;&nbsp;&nbsp;&nbsp;&nbsp;&nbsp;&nbsp; Dans une volont\u00e9 de d\u00e9veloppement du march\u00e9 sur lequel nous souhaitons nous implanter \u2013 savoir les nouvelles technologies au plus proche des utilisateurs \u2013 dans cette soci\u00e9t\u00e9 en mouvement qu\u2019est l\u2019Iran, il est n\u00e9cessaire de prendre en compte les derniers \u00e9v\u00e9nements survenus \u00e0 l\u2019\u00e9chelle internationale et d\u2019en tirer profit lorsque ces derniers le [&hellip;]<\/p>\n","protected":false},"author":3,"featured_media":928,"comment_status":"open","ping_status":"open","sticky":false,"template":"","format":"standard","meta":{"footnotes":""},"categories":[5],"tags":[],"type-darticle":[21],"class_list":["post-914","post","type-post","status-publish","format-standard","has-post-thumbnail","hentry","category-politics","type-darticle-analyse"],"yoast_head":"<!-- This site is optimized with the Yoast SEO Premium plugin v21.4 (Yoast SEO v27.2) - https:\/\/yoast.com\/product\/yoast-seo-premium-wordpress\/ -->\n<title>Bernd Braun - Relation USA-Iran : les impacts politico-\u00e9conomiques pour la France et l&#039;Europe<\/title>\n<meta name=\"robots\" content=\"index, follow, max-snippet:-1, max-image-preview:large, max-video-preview:-1\" \/>\n<link rel=\"canonical\" href=\"https:\/\/www.berndbraun.eu\/it\/relation-usa-iran-les-impacts-politico-economiques-pour-la-france-et-leurope\/\" \/>\n<meta property=\"og:locale\" content=\"it_IT\" \/>\n<meta property=\"og:type\" content=\"article\" \/>\n<meta property=\"og:title\" content=\"Relation USA-Iran : les impacts politico-\u00e9conomiques pour la France et l&#039;Europe\" \/>\n<meta property=\"og:description\" content=\"Introduction &nbsp;&nbsp;&nbsp;&nbsp;&nbsp;&nbsp;&nbsp;&nbsp;&nbsp;&nbsp;&nbsp; Dans une volont\u00e9 de d\u00e9veloppement du march\u00e9 sur lequel nous souhaitons nous implanter \u2013 savoir les nouvelles technologies au plus proche des utilisateurs \u2013 dans cette soci\u00e9t\u00e9 en mouvement qu\u2019est l\u2019Iran, il est n\u00e9cessaire de prendre en compte les derniers \u00e9v\u00e9nements survenus \u00e0 l\u2019\u00e9chelle internationale et d\u2019en tirer profit lorsque ces derniers le [&hellip;]\" \/>\n<meta property=\"og:url\" content=\"https:\/\/www.berndbraun.eu\/it\/relation-usa-iran-les-impacts-politico-economiques-pour-la-france-et-leurope\/\" \/>\n<meta property=\"og:site_name\" content=\"Bernd Braun\" \/>\n<meta property=\"article:published_time\" content=\"2017-02-05T10:04:02+00:00\" \/>\n<meta property=\"article:modified_time\" content=\"2022-02-22T19:35:57+00:00\" \/>\n<meta property=\"og:image\" content=\"https:\/\/www.berndbraun.eu\/wp-content\/uploads\/2017\/02\/AdobeStock_355736206-scaled.jpeg\" \/>\n\t<meta property=\"og:image:width\" content=\"2560\" \/>\n\t<meta property=\"og:image:height\" content=\"1636\" \/>\n\t<meta property=\"og:image:type\" content=\"image\/jpeg\" \/>\n<meta name=\"author\" content=\"Bernd\" \/>\n<meta name=\"twitter:card\" content=\"summary_large_image\" \/>\n<meta name=\"twitter:label1\" content=\"Scritto da\" \/>\n\t<meta name=\"twitter:data1\" content=\"Bernd\" \/>\n\t<meta name=\"twitter:label2\" content=\"Tempo di lettura stimato\" \/>\n\t<meta name=\"twitter:data2\" content=\"8 minuti\" \/>\n<script type=\"application\/ld+json\" class=\"yoast-schema-graph\">{\"@context\":\"https:\/\/schema.org\",\"@graph\":[{\"@type\":\"Article\",\"@id\":\"https:\/\/www.berndbraun.eu\/relation-usa-iran-les-impacts-politico-economiques-pour-la-france-et-leurope\/#article\",\"isPartOf\":{\"@id\":\"https:\/\/www.berndbraun.eu\/relation-usa-iran-les-impacts-politico-economiques-pour-la-france-et-leurope\/\"},\"author\":{\"name\":\"Bernd\",\"@id\":\"https:\/\/www.berndbraun.eu\/#\/schema\/person\/a64c4c08b6a8c9f8fe9be655928070ca\"},\"headline\":\"Relation USA-Iran : les impacts politico-\u00e9conomiques pour la France et l'Europe\",\"datePublished\":\"2017-02-05T10:04:02+00:00\",\"dateModified\":\"2022-02-22T19:35:57+00:00\",\"mainEntityOfPage\":{\"@id\":\"https:\/\/www.berndbraun.eu\/relation-usa-iran-les-impacts-politico-economiques-pour-la-france-et-leurope\/\"},\"wordCount\":1934,\"commentCount\":0,\"image\":{\"@id\":\"https:\/\/www.berndbraun.eu\/relation-usa-iran-les-impacts-politico-economiques-pour-la-france-et-leurope\/#primaryimage\"},\"thumbnailUrl\":\"https:\/\/www.berndbraun.eu\/wp-content\/uploads\/2017\/02\/AdobeStock_355736206-scaled.jpeg\",\"articleSection\":[\"Politics\"],\"inLanguage\":\"it-IT\",\"potentialAction\":[{\"@type\":\"CommentAction\",\"name\":\"Comment\",\"target\":[\"https:\/\/www.berndbraun.eu\/relation-usa-iran-les-impacts-politico-economiques-pour-la-france-et-leurope\/#respond\"]}]},{\"@type\":\"WebPage\",\"@id\":\"https:\/\/www.berndbraun.eu\/relation-usa-iran-les-impacts-politico-economiques-pour-la-france-et-leurope\/\",\"url\":\"https:\/\/www.berndbraun.eu\/relation-usa-iran-les-impacts-politico-economiques-pour-la-france-et-leurope\/\",\"name\":\"Bernd Braun - Relation USA-Iran : les impacts politico-\u00e9conomiques pour la France et l'Europe\",\"isPartOf\":{\"@id\":\"https:\/\/www.berndbraun.eu\/#website\"},\"primaryImageOfPage\":{\"@id\":\"https:\/\/www.berndbraun.eu\/relation-usa-iran-les-impacts-politico-economiques-pour-la-france-et-leurope\/#primaryimage\"},\"image\":{\"@id\":\"https:\/\/www.berndbraun.eu\/relation-usa-iran-les-impacts-politico-economiques-pour-la-france-et-leurope\/#primaryimage\"},\"thumbnailUrl\":\"https:\/\/www.berndbraun.eu\/wp-content\/uploads\/2017\/02\/AdobeStock_355736206-scaled.jpeg\",\"datePublished\":\"2017-02-05T10:04:02+00:00\",\"dateModified\":\"2022-02-22T19:35:57+00:00\",\"author\":{\"@id\":\"https:\/\/www.berndbraun.eu\/#\/schema\/person\/a64c4c08b6a8c9f8fe9be655928070ca\"},\"breadcrumb\":{\"@id\":\"https:\/\/www.berndbraun.eu\/relation-usa-iran-les-impacts-politico-economiques-pour-la-france-et-leurope\/#breadcrumb\"},\"inLanguage\":\"it-IT\",\"potentialAction\":[{\"@type\":\"ReadAction\",\"target\":[\"https:\/\/www.berndbraun.eu\/relation-usa-iran-les-impacts-politico-economiques-pour-la-france-et-leurope\/\"]}]},{\"@type\":\"ImageObject\",\"inLanguage\":\"it-IT\",\"@id\":\"https:\/\/www.berndbraun.eu\/relation-usa-iran-les-impacts-politico-economiques-pour-la-france-et-leurope\/#primaryimage\",\"url\":\"https:\/\/www.berndbraun.eu\/wp-content\/uploads\/2017\/02\/AdobeStock_355736206-scaled.jpeg\",\"contentUrl\":\"https:\/\/www.berndbraun.eu\/wp-content\/uploads\/2017\/02\/AdobeStock_355736206-scaled.jpeg\",\"width\":2560,\"height\":1636,\"caption\":\"Waving Iran flag above skyline of Tehran at sunset.\"},{\"@type\":\"BreadcrumbList\",\"@id\":\"https:\/\/www.berndbraun.eu\/relation-usa-iran-les-impacts-politico-economiques-pour-la-france-et-leurope\/#breadcrumb\",\"itemListElement\":[{\"@type\":\"ListItem\",\"position\":1,\"name\":\"Accueil\",\"item\":\"https:\/\/www.berndbraun.eu\/\"},{\"@type\":\"ListItem\",\"position\":2,\"name\":\"Relation USA-Iran : les impacts politico-\u00e9conomiques pour la France et l'Europe\"}]},{\"@type\":\"WebSite\",\"@id\":\"https:\/\/www.berndbraun.eu\/#website\",\"url\":\"https:\/\/www.berndbraun.eu\/\",\"name\":\"Bernd Braun\",\"description\":\"\",\"potentialAction\":[{\"@type\":\"SearchAction\",\"target\":{\"@type\":\"EntryPoint\",\"urlTemplate\":\"https:\/\/www.berndbraun.eu\/?s={search_term_string}\"},\"query-input\":{\"@type\":\"PropertyValueSpecification\",\"valueRequired\":true,\"valueName\":\"search_term_string\"}}],\"inLanguage\":\"it-IT\"},{\"@type\":\"Person\",\"@id\":\"https:\/\/www.berndbraun.eu\/#\/schema\/person\/a64c4c08b6a8c9f8fe9be655928070ca\",\"name\":\"Bernd\",\"image\":{\"@type\":\"ImageObject\",\"inLanguage\":\"it-IT\",\"@id\":\"https:\/\/secure.gravatar.com\/avatar\/e51d7b18a7c2fb10dd367a4bab68ef5a6d1736ae3537a0fd211df170b00b15af?s=96&d=mm&r=g\",\"url\":\"https:\/\/secure.gravatar.com\/avatar\/e51d7b18a7c2fb10dd367a4bab68ef5a6d1736ae3537a0fd211df170b00b15af?s=96&d=mm&r=g\",\"contentUrl\":\"https:\/\/secure.gravatar.com\/avatar\/e51d7b18a7c2fb10dd367a4bab68ef5a6d1736ae3537a0fd211df170b00b15af?s=96&d=mm&r=g\",\"caption\":\"Bernd\"},\"url\":\"https:\/\/www.berndbraun.eu\/it\/author\/bernd\/\"}]}<\/script>\n<!-- \/ Yoast SEO Premium plugin. -->","yoast_head_json":{"title":"Bernd Braun - Le relazioni USA-Iran: l'impatto politico ed economico su Francia ed Europa","robots":{"index":"index","follow":"follow","max-snippet":"max-snippet:-1","max-image-preview":"max-image-preview:large","max-video-preview":"max-video-preview:-1"},"canonical":"https:\/\/www.berndbraun.eu\/it\/relation-usa-iran-les-impacts-politico-economiques-pour-la-france-et-leurope\/","og_locale":"it_IT","og_type":"article","og_title":"Relation USA-Iran : les impacts politico-\u00e9conomiques pour la France et l'Europe","og_description":"Introduction &nbsp;&nbsp;&nbsp;&nbsp;&nbsp;&nbsp;&nbsp;&nbsp;&nbsp;&nbsp;&nbsp; Dans une volont\u00e9 de d\u00e9veloppement du march\u00e9 sur lequel nous souhaitons nous implanter \u2013 savoir les nouvelles technologies au plus proche des utilisateurs \u2013 dans cette soci\u00e9t\u00e9 en mouvement qu\u2019est l\u2019Iran, il est n\u00e9cessaire de prendre en compte les derniers \u00e9v\u00e9nements survenus \u00e0 l\u2019\u00e9chelle internationale et d\u2019en tirer profit lorsque ces derniers le [&hellip;]","og_url":"https:\/\/www.berndbraun.eu\/it\/relation-usa-iran-les-impacts-politico-economiques-pour-la-france-et-leurope\/","og_site_name":"Bernd Braun","article_published_time":"2017-02-05T10:04:02+00:00","article_modified_time":"2022-02-22T19:35:57+00:00","og_image":[{"width":2560,"height":1636,"url":"https:\/\/www.berndbraun.eu\/wp-content\/uploads\/2017\/02\/AdobeStock_355736206-scaled.jpeg","type":"image\/jpeg"}],"author":"Bernd","twitter_card":"summary_large_image","twitter_misc":{"Scritto da":"Bernd","Tempo di lettura stimato":"8 minuti"},"schema":{"@context":"https:\/\/schema.org","@graph":[{"@type":"Article","@id":"https:\/\/www.berndbraun.eu\/relation-usa-iran-les-impacts-politico-economiques-pour-la-france-et-leurope\/#article","isPartOf":{"@id":"https:\/\/www.berndbraun.eu\/relation-usa-iran-les-impacts-politico-economiques-pour-la-france-et-leurope\/"},"author":{"name":"Bernd","@id":"https:\/\/www.berndbraun.eu\/#\/schema\/person\/a64c4c08b6a8c9f8fe9be655928070ca"},"headline":"Relation USA-Iran : les impacts politico-\u00e9conomiques pour la France et l'Europe","datePublished":"2017-02-05T10:04:02+00:00","dateModified":"2022-02-22T19:35:57+00:00","mainEntityOfPage":{"@id":"https:\/\/www.berndbraun.eu\/relation-usa-iran-les-impacts-politico-economiques-pour-la-france-et-leurope\/"},"wordCount":1934,"commentCount":0,"image":{"@id":"https:\/\/www.berndbraun.eu\/relation-usa-iran-les-impacts-politico-economiques-pour-la-france-et-leurope\/#primaryimage"},"thumbnailUrl":"https:\/\/www.berndbraun.eu\/wp-content\/uploads\/2017\/02\/AdobeStock_355736206-scaled.jpeg","articleSection":["Politics"],"inLanguage":"it-IT","potentialAction":[{"@type":"CommentAction","name":"Comment","target":["https:\/\/www.berndbraun.eu\/relation-usa-iran-les-impacts-politico-economiques-pour-la-france-et-leurope\/#respond"]}]},{"@type":"WebPage","@id":"https:\/\/www.berndbraun.eu\/relation-usa-iran-les-impacts-politico-economiques-pour-la-france-et-leurope\/","url":"https:\/\/www.berndbraun.eu\/relation-usa-iran-les-impacts-politico-economiques-pour-la-france-et-leurope\/","name":"Bernd Braun - Le relazioni USA-Iran: l'impatto politico ed economico su Francia ed Europa","isPartOf":{"@id":"https:\/\/www.berndbraun.eu\/#website"},"primaryImageOfPage":{"@id":"https:\/\/www.berndbraun.eu\/relation-usa-iran-les-impacts-politico-economiques-pour-la-france-et-leurope\/#primaryimage"},"image":{"@id":"https:\/\/www.berndbraun.eu\/relation-usa-iran-les-impacts-politico-economiques-pour-la-france-et-leurope\/#primaryimage"},"thumbnailUrl":"https:\/\/www.berndbraun.eu\/wp-content\/uploads\/2017\/02\/AdobeStock_355736206-scaled.jpeg","datePublished":"2017-02-05T10:04:02+00:00","dateModified":"2022-02-22T19:35:57+00:00","author":{"@id":"https:\/\/www.berndbraun.eu\/#\/schema\/person\/a64c4c08b6a8c9f8fe9be655928070ca"},"breadcrumb":{"@id":"https:\/\/www.berndbraun.eu\/relation-usa-iran-les-impacts-politico-economiques-pour-la-france-et-leurope\/#breadcrumb"},"inLanguage":"it-IT","potentialAction":[{"@type":"ReadAction","target":["https:\/\/www.berndbraun.eu\/relation-usa-iran-les-impacts-politico-economiques-pour-la-france-et-leurope\/"]}]},{"@type":"ImageObject","inLanguage":"it-IT","@id":"https:\/\/www.berndbraun.eu\/relation-usa-iran-les-impacts-politico-economiques-pour-la-france-et-leurope\/#primaryimage","url":"https:\/\/www.berndbraun.eu\/wp-content\/uploads\/2017\/02\/AdobeStock_355736206-scaled.jpeg","contentUrl":"https:\/\/www.berndbraun.eu\/wp-content\/uploads\/2017\/02\/AdobeStock_355736206-scaled.jpeg","width":2560,"height":1636,"caption":"Waving Iran flag above skyline of Tehran at sunset."},{"@type":"BreadcrumbList","@id":"https:\/\/www.berndbraun.eu\/relation-usa-iran-les-impacts-politico-economiques-pour-la-france-et-leurope\/#breadcrumb","itemListElement":[{"@type":"ListItem","position":1,"name":"Accueil","item":"https:\/\/www.berndbraun.eu\/"},{"@type":"ListItem","position":2,"name":"Relation USA-Iran : les impacts politico-\u00e9conomiques pour la France et l'Europe"}]},{"@type":"WebSite","@id":"https:\/\/www.berndbraun.eu\/#website","url":"https:\/\/www.berndbraun.eu\/","name":"Bernd Braun","description":"","potentialAction":[{"@type":"SearchAction","target":{"@type":"EntryPoint","urlTemplate":"https:\/\/www.berndbraun.eu\/?s={search_term_string}"},"query-input":{"@type":"PropertyValueSpecification","valueRequired":true,"valueName":"search_term_string"}}],"inLanguage":"it-IT"},{"@type":"Person","@id":"https:\/\/www.berndbraun.eu\/#\/schema\/person\/a64c4c08b6a8c9f8fe9be655928070ca","name":"Bernd","image":{"@type":"ImageObject","inLanguage":"it-IT","@id":"https:\/\/secure.gravatar.com\/avatar\/e51d7b18a7c2fb10dd367a4bab68ef5a6d1736ae3537a0fd211df170b00b15af?s=96&d=mm&r=g","url":"https:\/\/secure.gravatar.com\/avatar\/e51d7b18a7c2fb10dd367a4bab68ef5a6d1736ae3537a0fd211df170b00b15af?s=96&d=mm&r=g","contentUrl":"https:\/\/secure.gravatar.com\/avatar\/e51d7b18a7c2fb10dd367a4bab68ef5a6d1736ae3537a0fd211df170b00b15af?s=96&d=mm&r=g","caption":"Bernd"},"url":"https:\/\/www.berndbraun.eu\/it\/author\/bernd\/"}]}},"_links":{"self":[{"href":"https:\/\/www.berndbraun.eu\/it\/wp-json\/wp\/v2\/posts\/914","targetHints":{"allow":["GET"]}}],"collection":[{"href":"https:\/\/www.berndbraun.eu\/it\/wp-json\/wp\/v2\/posts"}],"about":[{"href":"https:\/\/www.berndbraun.eu\/it\/wp-json\/wp\/v2\/types\/post"}],"author":[{"embeddable":true,"href":"https:\/\/www.berndbraun.eu\/it\/wp-json\/wp\/v2\/users\/3"}],"replies":[{"embeddable":true,"href":"https:\/\/www.berndbraun.eu\/it\/wp-json\/wp\/v2\/comments?post=914"}],"version-history":[{"count":20,"href":"https:\/\/www.berndbraun.eu\/it\/wp-json\/wp\/v2\/posts\/914\/revisions"}],"predecessor-version":[{"id":1034,"href":"https:\/\/www.berndbraun.eu\/it\/wp-json\/wp\/v2\/posts\/914\/revisions\/1034"}],"wp:featuredmedia":[{"embeddable":true,"href":"https:\/\/www.berndbraun.eu\/it\/wp-json\/wp\/v2\/media\/928"}],"wp:attachment":[{"href":"https:\/\/www.berndbraun.eu\/it\/wp-json\/wp\/v2\/media?parent=914"}],"wp:term":[{"taxonomy":"category","embeddable":true,"href":"https:\/\/www.berndbraun.eu\/it\/wp-json\/wp\/v2\/categories?post=914"},{"taxonomy":"post_tag","embeddable":true,"href":"https:\/\/www.berndbraun.eu\/it\/wp-json\/wp\/v2\/tags?post=914"},{"taxonomy":"type-darticle","embeddable":true,"href":"https:\/\/www.berndbraun.eu\/it\/wp-json\/wp\/v2\/type-darticle?post=914"}],"curies":[{"name":"wp","href":"https:\/\/api.w.org\/{rel}","templated":true}]}}