{"id":485,"date":"2021-11-06T16:35:20","date_gmt":"2021-11-06T14:35:20","guid":{"rendered":"https:\/\/www.berndbraun.eu\/?p=485"},"modified":"2022-02-22T21:43:13","modified_gmt":"2022-02-22T19:43:13","slug":"maroc-algerie-une-nouvelle-course-a-larmement-regional","status":"publish","type":"post","link":"https:\/\/www.berndbraun.eu\/nl\/maroc-algerie-une-nouvelle-course-a-larmement-regional\/","title":{"rendered":"Marokko-Algerije: een nieuwe regionale wapenwedloop"},"content":{"rendered":"\n<p>&nbsp;&nbsp;&nbsp;&nbsp;&nbsp;&nbsp;&nbsp;&nbsp;&nbsp;&nbsp;&nbsp; Depuis la reconnaissance de la marocanit\u00e9 du Sahara occidental, en \u00e9change du r\u00e9tablissement des relations diplomatiques entre le Maroc et Isra\u00ebl, les m\u00e9dias officiels ont \u00e0 nouveau abord\u00e9 une ancienne rivalit\u00e9 r\u00e9gionale : celle existant entre le Maroc et l'Alg\u00e9rie<a href=\"#_ftn1\">[1]<\/a>.<\/p>\n\n\n\n<p>&nbsp;&nbsp;&nbsp;&nbsp;&nbsp;&nbsp;&nbsp;&nbsp;&nbsp;&nbsp;&nbsp; En effet, l'annexion du Sahara Occidental par le Maroc apr\u00e8s le d\u00e9part des Espagnols en 1975, avait d\u00e9bouch\u00e9 sur l'av\u00e8nement du Front Polisario (abr\u00e9viation espagnole&nbsp;de Front populaire de lib\u00e9ration de la Saguia el-Hamra et du Rio de Oro) qui r\u00e9clamait l'ind\u00e9pendance de cette ancienne colonie espagnole<a href=\"#_ftn2\">[2]<\/a>. Or, l'Alg\u00e9rie avait reconnu la R\u00e9publique arabe sahraouie d\u00e9mocratique (RASD), et cela avait d\u00e9bouch\u00e9 sur une rupture diplomatique avec le voisin marocain, de 1976 jusqu'en 1988<a href=\"#_ftn3\">[3]<\/a>. Durant la m\u00eame p\u00e9riode, de 1975 \u00e0 1991, une guerre \u00e9clata entre le Maroc et le Front Polisario, soutenu par l'Alg\u00e9rie. Elle se termina par un cessez-le-feu<a href=\"#_ftn4\">[4]<\/a>.<\/p>\n\n\n\n<p>&nbsp;&nbsp;&nbsp;&nbsp;&nbsp;&nbsp;&nbsp;&nbsp;&nbsp;&nbsp;&nbsp; Malgr\u00e9 tout, les rivalit\u00e9s entre Alg\u00e9rie et Maroc n'ont jamais disparu et de nos jours, leurs contacts restent g\u00e9n\u00e9ralement r\u00e9duits<a href=\"#_ftn5\">[5]<\/a>. D'abord, les fronti\u00e8res terrestres sont ferm\u00e9es depuis 1994 puis, depuis fin aout 2021, l'espace a\u00e9rien alg\u00e9rien est ferm\u00e9 aux avions marocains, et depuis septembre 2021, les relations diplomatiques rompues<a href=\"#_ftn6\">[6]<\/a>. De plus, contrairement au Maroc, l'Alg\u00e9rie n'a jamais nou\u00e9 de relations avec Isra\u00ebl, et demeure un des \u00e9tats du monde les plus mobilis\u00e9s pour la cause palestinienne<a href=\"#_ftn7\">[7]<\/a>.<\/p>\n\n\n\n<div class=\"wp-block-image\"><figure class=\"aligncenter size-large\"><img loading=\"lazy\" decoding=\"async\" width=\"1024\" height=\"680\" src=\"https:\/\/www.berndbraun.eu\/wp-content\/uploads\/2021\/12\/dreamstime_l_30030235_Photo-of-Great-desert-Sahara-Morocco-Algerian-border-1024x680.jpg\" alt=\"\" class=\"wp-image-495\" srcset=\"https:\/\/www.berndbraun.eu\/wp-content\/uploads\/2021\/12\/dreamstime_l_30030235_Photo-of-Great-desert-Sahara-Morocco-Algerian-border-1024x680.jpg 1024w, https:\/\/www.berndbraun.eu\/wp-content\/uploads\/2021\/12\/dreamstime_l_30030235_Photo-of-Great-desert-Sahara-Morocco-Algerian-border-300x199.jpg 300w, https:\/\/www.berndbraun.eu\/wp-content\/uploads\/2021\/12\/dreamstime_l_30030235_Photo-of-Great-desert-Sahara-Morocco-Algerian-border-768x510.jpg 768w, https:\/\/www.berndbraun.eu\/wp-content\/uploads\/2021\/12\/dreamstime_l_30030235_Photo-of-Great-desert-Sahara-Morocco-Algerian-border-1536x1020.jpg 1536w, https:\/\/www.berndbraun.eu\/wp-content\/uploads\/2021\/12\/dreamstime_l_30030235_Photo-of-Great-desert-Sahara-Morocco-Algerian-border-2048x1360.jpg 2048w, https:\/\/www.berndbraun.eu\/wp-content\/uploads\/2021\/12\/dreamstime_l_30030235_Photo-of-Great-desert-Sahara-Morocco-Algerian-border-18x12.jpg 18w, https:\/\/www.berndbraun.eu\/wp-content\/uploads\/2021\/12\/dreamstime_l_30030235_Photo-of-Great-desert-Sahara-Morocco-Algerian-border-scaled.jpg 2560w\" sizes=\"auto, (max-width: 1024px) 100vw, 1024px\" \/><figcaption>Great desert Sahara, Morocco-Algerian border<\/figcaption><\/figure><\/div>\n\n\n\n<p> &nbsp;&nbsp;&nbsp;&nbsp;&nbsp;&nbsp;   &nbsp;&nbsp;&nbsp;&nbsp;&nbsp;&nbsp;&nbsp;&nbsp; Ensuite, le gouvernement d'Alger accueille toujours les camps de r\u00e9fugi\u00e9s sahraouis dans la ville de Tindouf, ainsi que le quartier g\u00e9n\u00e9ral du Front Polisario<a href=\"#_ftn8\">[8]<\/a>. En novembre 2020, l'abrogation du cessez-le-feu par le Front Polisario, a abouti \u00e0 une r\u00e9surgence des tensions dans la r\u00e9gion : \u00e9changes de tirs sahraouis avec les forces marocaines et tirs de drones ayant abouti \u00e0 la mort de trois chauffeurs alg\u00e9riens<a href=\"#_ftn9\">[9]<\/a>.<\/p>\n\n\n\n<p>&nbsp;&nbsp;&nbsp;&nbsp;&nbsp;&nbsp;&nbsp;&nbsp;&nbsp;&nbsp;&nbsp; Cependant, derri\u00e8re les tensions alg\u00e9ro-marocaines figurent d'importantes luttes d'influences \u00e0 la fois politiques et militaires<a href=\"#_ftn10\">[10]<\/a>. Traditionnellement, le Maroc en tant qu'\u00aballi\u00e9 majeur non-membre de l\u2019OTAN\u00bb (depuis 2004), est principalement fourni en armements occidentaux (France, \u00c9tats-Unis), alors que l'Alg\u00e9rie est fournie militairement par la Russie et la Chine<a href=\"#_ftn11\">[11]<\/a>.&nbsp; En mati\u00e8re de chars, l'Alg\u00e9rie aligne entre 1 300 et 2 000 chars modernes de types T72 M1M ou AG et T-90SA, alors que le Maroc totalise 700 chars et atteindra, avec la livraison du contrat de chars Abrams, environ 1 000 tanks<a href=\"#_ftn12\"><sup>[12]<\/sup><\/a>.<\/p>\n\n\n\n<figure class=\"wp-block-gallery has-nested-images columns-default is-cropped wp-block-gallery-1 is-layout-flex wp-block-gallery-is-layout-flex\">\n<figure class=\"wp-block-image size-large\"><a href=\"https:\/\/www.berndbraun.eu\/wp-content\/uploads\/2021\/12\/AdobeStock_367788288_Editorial_Use_Only_MARRAKECH-MOROCCO-APR-28-2016-Royal-Moroccan-Air-Force-Dassault-Alpha-Jet-fighter-jet-on-display-at-the-Marrakech-Air-Show-scaled.jpeg\"><img loading=\"lazy\" decoding=\"async\" width=\"1024\" height=\"683\" data-id=\"492\" src=\"https:\/\/www.berndbraun.eu\/wp-content\/uploads\/2021\/12\/AdobeStock_367788288_Editorial_Use_Only_MARRAKECH-MOROCCO-APR-28-2016-Royal-Moroccan-Air-Force-Dassault-Alpha-Jet-fighter-jet-on-display-at-the-Marrakech-Air-Show-1024x683.jpeg\" alt=\"\" class=\"wp-image-492\" srcset=\"https:\/\/www.berndbraun.eu\/wp-content\/uploads\/2021\/12\/AdobeStock_367788288_Editorial_Use_Only_MARRAKECH-MOROCCO-APR-28-2016-Royal-Moroccan-Air-Force-Dassault-Alpha-Jet-fighter-jet-on-display-at-the-Marrakech-Air-Show-1024x683.jpeg 1024w, https:\/\/www.berndbraun.eu\/wp-content\/uploads\/2021\/12\/AdobeStock_367788288_Editorial_Use_Only_MARRAKECH-MOROCCO-APR-28-2016-Royal-Moroccan-Air-Force-Dassault-Alpha-Jet-fighter-jet-on-display-at-the-Marrakech-Air-Show-300x200.jpeg 300w, https:\/\/www.berndbraun.eu\/wp-content\/uploads\/2021\/12\/AdobeStock_367788288_Editorial_Use_Only_MARRAKECH-MOROCCO-APR-28-2016-Royal-Moroccan-Air-Force-Dassault-Alpha-Jet-fighter-jet-on-display-at-the-Marrakech-Air-Show-768x512.jpeg 768w, https:\/\/www.berndbraun.eu\/wp-content\/uploads\/2021\/12\/AdobeStock_367788288_Editorial_Use_Only_MARRAKECH-MOROCCO-APR-28-2016-Royal-Moroccan-Air-Force-Dassault-Alpha-Jet-fighter-jet-on-display-at-the-Marrakech-Air-Show-1536x1024.jpeg 1536w, https:\/\/www.berndbraun.eu\/wp-content\/uploads\/2021\/12\/AdobeStock_367788288_Editorial_Use_Only_MARRAKECH-MOROCCO-APR-28-2016-Royal-Moroccan-Air-Force-Dassault-Alpha-Jet-fighter-jet-on-display-at-the-Marrakech-Air-Show-2048x1366.jpeg 2048w, https:\/\/www.berndbraun.eu\/wp-content\/uploads\/2021\/12\/AdobeStock_367788288_Editorial_Use_Only_MARRAKECH-MOROCCO-APR-28-2016-Royal-Moroccan-Air-Force-Dassault-Alpha-Jet-fighter-jet-on-display-at-the-Marrakech-Air-Show-18x12.jpeg 18w, https:\/\/www.berndbraun.eu\/wp-content\/uploads\/2021\/12\/AdobeStock_367788288_Editorial_Use_Only_MARRAKECH-MOROCCO-APR-28-2016-Royal-Moroccan-Air-Force-Dassault-Alpha-Jet-fighter-jet-on-display-at-the-Marrakech-Air-Show-scaled.jpeg 2560w\" sizes=\"auto, (max-width: 1024px) 100vw, 1024px\" \/><\/a><figcaption>Royal Moroccan Air Force Dassault Alpha Jet fighter jet, Marrakech, Morocco<\/figcaption><\/figure>\n\n\n\n<figure class=\"wp-block-image size-large\"><a href=\"https:\/\/www.berndbraun.eu\/wp-content\/uploads\/2021\/12\/AdobeStock_367788192_Editorial_Use_Only_MARRAKECH-MOROCCO-APR-28-2016-Moroccan-F-16-fighter-jet-plane-at-the-Marrakech-Air-Show-scaled.jpeg\"><img loading=\"lazy\" decoding=\"async\" width=\"1024\" height=\"683\" data-id=\"493\" src=\"https:\/\/www.berndbraun.eu\/wp-content\/uploads\/2021\/12\/AdobeStock_367788192_Editorial_Use_Only_MARRAKECH-MOROCCO-APR-28-2016-Moroccan-F-16-fighter-jet-plane-at-the-Marrakech-Air-Show-1024x683.jpeg\" alt=\"\" class=\"wp-image-493\" srcset=\"https:\/\/www.berndbraun.eu\/wp-content\/uploads\/2021\/12\/AdobeStock_367788192_Editorial_Use_Only_MARRAKECH-MOROCCO-APR-28-2016-Moroccan-F-16-fighter-jet-plane-at-the-Marrakech-Air-Show-1024x683.jpeg 1024w, https:\/\/www.berndbraun.eu\/wp-content\/uploads\/2021\/12\/AdobeStock_367788192_Editorial_Use_Only_MARRAKECH-MOROCCO-APR-28-2016-Moroccan-F-16-fighter-jet-plane-at-the-Marrakech-Air-Show-300x200.jpeg 300w, https:\/\/www.berndbraun.eu\/wp-content\/uploads\/2021\/12\/AdobeStock_367788192_Editorial_Use_Only_MARRAKECH-MOROCCO-APR-28-2016-Moroccan-F-16-fighter-jet-plane-at-the-Marrakech-Air-Show-768x512.jpeg 768w, https:\/\/www.berndbraun.eu\/wp-content\/uploads\/2021\/12\/AdobeStock_367788192_Editorial_Use_Only_MARRAKECH-MOROCCO-APR-28-2016-Moroccan-F-16-fighter-jet-plane-at-the-Marrakech-Air-Show-1536x1024.jpeg 1536w, https:\/\/www.berndbraun.eu\/wp-content\/uploads\/2021\/12\/AdobeStock_367788192_Editorial_Use_Only_MARRAKECH-MOROCCO-APR-28-2016-Moroccan-F-16-fighter-jet-plane-at-the-Marrakech-Air-Show-2048x1365.jpeg 2048w, https:\/\/www.berndbraun.eu\/wp-content\/uploads\/2021\/12\/AdobeStock_367788192_Editorial_Use_Only_MARRAKECH-MOROCCO-APR-28-2016-Moroccan-F-16-fighter-jet-plane-at-the-Marrakech-Air-Show-18x12.jpeg 18w, https:\/\/www.berndbraun.eu\/wp-content\/uploads\/2021\/12\/AdobeStock_367788192_Editorial_Use_Only_MARRAKECH-MOROCCO-APR-28-2016-Moroccan-F-16-fighter-jet-plane-at-the-Marrakech-Air-Show-scaled.jpeg 2560w\" sizes=\"auto, (max-width: 1024px) 100vw, 1024px\" \/><\/a><figcaption>Moroccan F-16 fighter jet plane, Marrakech, Morocco <\/figcaption><\/figure>\n\n\n\n<figure class=\"wp-block-image size-large\"><a href=\"https:\/\/www.berndbraun.eu\/wp-content\/uploads\/2021\/12\/AdobeStock_367788323_Editorial_Use_Only_MARRAKECH-MOROCCO-APR-28-2016-New-CH-47D-Chinook-helicopter-at-the-Marrakech-Air-Show.-scaled.jpeg\"><img loading=\"lazy\" decoding=\"async\" width=\"1024\" height=\"682\" data-id=\"494\" src=\"https:\/\/www.berndbraun.eu\/wp-content\/uploads\/2021\/12\/AdobeStock_367788323_Editorial_Use_Only_MARRAKECH-MOROCCO-APR-28-2016-New-CH-47D-Chinook-helicopter-at-the-Marrakech-Air-Show.-1024x682.jpeg\" alt=\"\" class=\"wp-image-494\" srcset=\"https:\/\/www.berndbraun.eu\/wp-content\/uploads\/2021\/12\/AdobeStock_367788323_Editorial_Use_Only_MARRAKECH-MOROCCO-APR-28-2016-New-CH-47D-Chinook-helicopter-at-the-Marrakech-Air-Show.-1024x682.jpeg 1024w, https:\/\/www.berndbraun.eu\/wp-content\/uploads\/2021\/12\/AdobeStock_367788323_Editorial_Use_Only_MARRAKECH-MOROCCO-APR-28-2016-New-CH-47D-Chinook-helicopter-at-the-Marrakech-Air-Show.-300x200.jpeg 300w, https:\/\/www.berndbraun.eu\/wp-content\/uploads\/2021\/12\/AdobeStock_367788323_Editorial_Use_Only_MARRAKECH-MOROCCO-APR-28-2016-New-CH-47D-Chinook-helicopter-at-the-Marrakech-Air-Show.-768x512.jpeg 768w, https:\/\/www.berndbraun.eu\/wp-content\/uploads\/2021\/12\/AdobeStock_367788323_Editorial_Use_Only_MARRAKECH-MOROCCO-APR-28-2016-New-CH-47D-Chinook-helicopter-at-the-Marrakech-Air-Show.-1536x1024.jpeg 1536w, https:\/\/www.berndbraun.eu\/wp-content\/uploads\/2021\/12\/AdobeStock_367788323_Editorial_Use_Only_MARRAKECH-MOROCCO-APR-28-2016-New-CH-47D-Chinook-helicopter-at-the-Marrakech-Air-Show.-2048x1365.jpeg 2048w, https:\/\/www.berndbraun.eu\/wp-content\/uploads\/2021\/12\/AdobeStock_367788323_Editorial_Use_Only_MARRAKECH-MOROCCO-APR-28-2016-New-CH-47D-Chinook-helicopter-at-the-Marrakech-Air-Show.-18x12.jpeg 18w, https:\/\/www.berndbraun.eu\/wp-content\/uploads\/2021\/12\/AdobeStock_367788323_Editorial_Use_Only_MARRAKECH-MOROCCO-APR-28-2016-New-CH-47D-Chinook-helicopter-at-the-Marrakech-Air-Show.-scaled.jpeg 2560w\" sizes=\"auto, (max-width: 1024px) 100vw, 1024px\" \/><\/a><figcaption>New CH-47D Chinook helicopter,  Marrakech, Morocco <\/figcaption><\/figure>\n<\/figure>\n\n\n\n<p> &nbsp;&nbsp;&nbsp;&nbsp;&nbsp;&nbsp;&nbsp;&nbsp;&nbsp;&nbsp; Concernant les capacit\u00e9s a\u00e9riennes, l\u2019Alg\u00e9rie devrait \u00eatre le premier client des nouveaux avions de chasse russe Sukho\u00ef 57 \u00abqui n\u2019ont encore jamais \u00e9t\u00e9 vendus \u00e0 l\u2019export\u00bb<a href=\"#_ftn13\">[13]<\/a>. Tandis que le Maroc dispose de 73 chasseurs\/bombardiers l\u00e9gers, dont les plus r\u00e9cents sont les 23 F16 acquis r\u00e9cemment. L'Alg\u00e9rie, quant \u00e0 elle, dispose d'une flotte moderne compos\u00e9e de 58 chasseurs multir\u00f4les Sukho\u00ef 30 MKA, d'une quinzaine de MiG29S et d'une quarantaine de bombardiers Su24<a href=\"#_ftn14\">[14]<\/a>.&nbsp;Enfin, pour le syst\u00e8me de d\u00e9fense anti-a\u00e9rien sol-air, le Maroc poss\u00e8de des syst\u00e8mes am\u00e9ricains Patriot, tandis que l\u2019Alg\u00e9rie, l\u2019\u00e9quivalent russe avec le syst\u00e8me S-300<a href=\"#_ftn15\">[15]<\/a>.<\/p>\n\n\n\n<figure class=\"wp-block-gallery has-nested-images columns-default is-cropped wp-block-gallery-2 is-layout-flex wp-block-gallery-is-layout-flex\">\n<figure class=\"wp-block-image size-large\"><a href=\"https:\/\/www.berndbraun.eu\/wp-content\/uploads\/2021\/12\/dreamstime_l_60502475_Sukhoi-Su-30-scaled.jpg\"><img loading=\"lazy\" decoding=\"async\" width=\"1024\" height=\"683\" data-id=\"489\" src=\"https:\/\/www.berndbraun.eu\/wp-content\/uploads\/2021\/12\/dreamstime_l_60502475_Sukhoi-Su-30-1024x683.jpg\" alt=\"\" class=\"wp-image-489\" srcset=\"https:\/\/www.berndbraun.eu\/wp-content\/uploads\/2021\/12\/dreamstime_l_60502475_Sukhoi-Su-30-1024x683.jpg 1024w, https:\/\/www.berndbraun.eu\/wp-content\/uploads\/2021\/12\/dreamstime_l_60502475_Sukhoi-Su-30-300x200.jpg 300w, https:\/\/www.berndbraun.eu\/wp-content\/uploads\/2021\/12\/dreamstime_l_60502475_Sukhoi-Su-30-768x512.jpg 768w, https:\/\/www.berndbraun.eu\/wp-content\/uploads\/2021\/12\/dreamstime_l_60502475_Sukhoi-Su-30-1536x1024.jpg 1536w, https:\/\/www.berndbraun.eu\/wp-content\/uploads\/2021\/12\/dreamstime_l_60502475_Sukhoi-Su-30-2048x1365.jpg 2048w, https:\/\/www.berndbraun.eu\/wp-content\/uploads\/2021\/12\/dreamstime_l_60502475_Sukhoi-Su-30-18x12.jpg 18w, https:\/\/www.berndbraun.eu\/wp-content\/uploads\/2021\/12\/dreamstime_l_60502475_Sukhoi-Su-30-scaled.jpg 2560w\" sizes=\"auto, (max-width: 1024px) 100vw, 1024px\" \/><\/a><figcaption>Sukhoi Su-30<\/figcaption><\/figure>\n\n\n\n<figure class=\"wp-block-image size-large\"><a href=\"https:\/\/www.berndbraun.eu\/wp-content\/uploads\/2021\/12\/dreamstime_l_159032313_Military-jet-bomber-Su-24-Fencer-afterburner-takeoff-scaled.jpg\"><img loading=\"lazy\" decoding=\"async\" width=\"1024\" height=\"683\" data-id=\"490\" src=\"https:\/\/www.berndbraun.eu\/wp-content\/uploads\/2021\/12\/dreamstime_l_159032313_Military-jet-bomber-Su-24-Fencer-afterburner-takeoff-1024x683.jpg\" alt=\"\" class=\"wp-image-490\" srcset=\"https:\/\/www.berndbraun.eu\/wp-content\/uploads\/2021\/12\/dreamstime_l_159032313_Military-jet-bomber-Su-24-Fencer-afterburner-takeoff-1024x683.jpg 1024w, https:\/\/www.berndbraun.eu\/wp-content\/uploads\/2021\/12\/dreamstime_l_159032313_Military-jet-bomber-Su-24-Fencer-afterburner-takeoff-300x200.jpg 300w, https:\/\/www.berndbraun.eu\/wp-content\/uploads\/2021\/12\/dreamstime_l_159032313_Military-jet-bomber-Su-24-Fencer-afterburner-takeoff-768x512.jpg 768w, https:\/\/www.berndbraun.eu\/wp-content\/uploads\/2021\/12\/dreamstime_l_159032313_Military-jet-bomber-Su-24-Fencer-afterburner-takeoff-1536x1024.jpg 1536w, https:\/\/www.berndbraun.eu\/wp-content\/uploads\/2021\/12\/dreamstime_l_159032313_Military-jet-bomber-Su-24-Fencer-afterburner-takeoff-2048x1366.jpg 2048w, https:\/\/www.berndbraun.eu\/wp-content\/uploads\/2021\/12\/dreamstime_l_159032313_Military-jet-bomber-Su-24-Fencer-afterburner-takeoff-18x12.jpg 18w, https:\/\/www.berndbraun.eu\/wp-content\/uploads\/2021\/12\/dreamstime_l_159032313_Military-jet-bomber-Su-24-Fencer-afterburner-takeoff-scaled.jpg 2560w\" sizes=\"auto, (max-width: 1024px) 100vw, 1024px\" \/><\/a><figcaption>Sukhoi Su-24<\/figcaption><\/figure>\n\n\n\n<figure class=\"wp-block-image size-large\"><a href=\"https:\/\/www.berndbraun.eu\/wp-content\/uploads\/2021\/12\/dreamstime_l_1817577_MiG29s-scaled.jpg\"><img loading=\"lazy\" decoding=\"async\" width=\"1024\" height=\"674\" data-id=\"491\" src=\"https:\/\/www.berndbraun.eu\/wp-content\/uploads\/2021\/12\/dreamstime_l_1817577_MiG29s-1024x674.jpg\" alt=\"\" class=\"wp-image-491\" srcset=\"https:\/\/www.berndbraun.eu\/wp-content\/uploads\/2021\/12\/dreamstime_l_1817577_MiG29s-1024x674.jpg 1024w, https:\/\/www.berndbraun.eu\/wp-content\/uploads\/2021\/12\/dreamstime_l_1817577_MiG29s-300x197.jpg 300w, https:\/\/www.berndbraun.eu\/wp-content\/uploads\/2021\/12\/dreamstime_l_1817577_MiG29s-768x505.jpg 768w, https:\/\/www.berndbraun.eu\/wp-content\/uploads\/2021\/12\/dreamstime_l_1817577_MiG29s-1536x1011.jpg 1536w, https:\/\/www.berndbraun.eu\/wp-content\/uploads\/2021\/12\/dreamstime_l_1817577_MiG29s-2048x1347.jpg 2048w, https:\/\/www.berndbraun.eu\/wp-content\/uploads\/2021\/12\/dreamstime_l_1817577_MiG29s-18x12.jpg 18w, https:\/\/www.berndbraun.eu\/wp-content\/uploads\/2021\/12\/dreamstime_l_1817577_MiG29s-scaled.jpg 2560w\" sizes=\"auto, (max-width: 1024px) 100vw, 1024px\" \/><\/a><figcaption>MiG29S<\/figcaption><\/figure>\n<\/figure>\n\n\n\n<p>&nbsp;&nbsp;&nbsp;&nbsp;&nbsp;&nbsp;&nbsp;&nbsp;&nbsp;&nbsp;&nbsp; Plus que jamais, les d\u00e9penses militaires dans les deux pays augmentent d'ann\u00e9e en ann\u00e9e. Rien qu'en 2018, ils captaient 61 % des importations d\u2019armes en Afrique<a href=\"#_ftn16\">[16]<\/a>.<\/p>\n\n\n\n<p> &nbsp;&nbsp;&nbsp;&nbsp;&nbsp;&nbsp;&nbsp;&nbsp;&nbsp;&nbsp; D'apr\u00e8s les donn\u00e9es statistiques de&nbsp;l\u2019Institut international de recherche sur la paix de Stockholm (SIPRI), l\u2019Alg\u00e9rie a d\u00e9pens\u00e9 en&nbsp;2019&nbsp;plus de 10,33&nbsp;milliards de dollars (9,7 en 2020) dans l\u2019achat d\u2019armement<a href=\"#_ftn17\">[17]<\/a>. Toujours d'apr\u00e8s le SIPRI, c\u2019est le pays qui a le plus d\u00e9pens\u00e9 en&nbsp;Afrique&nbsp;(plus du quart des d\u00e9penses africaines), suivi du Maroc avec 3,76&nbsp;milliards de dollars (4,8 en 2020)<a href=\"#_ftn18\">[18]<\/a>.&nbsp;<\/p>\n\n\n\n<p> &nbsp;&nbsp;&nbsp;&nbsp;&nbsp;&nbsp;&nbsp;&nbsp;&nbsp;&nbsp; Au Maroc, le projet de loi des finances 2022 pr\u00e9voit une augmentation historique du budget militaire, principalement d\u00e9di\u00e9 \u00e0 l\u2019acquisition d\u2019armes et au renforcement du personnel des forces arm\u00e9es marocaines,&nbsp;qui devrait passer de 4,295 milliards d\u2019euros en 2021 \u00e0 4,8 milliards d\u2019euros en 2022<a href=\"#_ftn19\">[19]<\/a>. De son c\u00f4t\u00e9, le minist\u00e8re de la D\u00e9fense nationale alg\u00e9rienne sera dot\u00e9 d\u2019un budget global de 1300 milliards de dinars, soit 9,5 milliards de dollars (8,35 milliards d'euros)<a href=\"#_ftn20\">[20]<\/a>. Par rapport aux ann\u00e9es pr\u00e9c\u00e9dentes, l'Alg\u00e9rie a augment\u00e9 son budget militaire de presque 80 milliards de dinars, \u00e0 savoir l\u2019\u00e9quivalent de 590 millions de dollars (environ 519 millions d'euros)<a href=\"#_ftn21\">[21]<\/a>.&nbsp;<\/p>\n\n\n\n<p>&nbsp;&nbsp;&nbsp;&nbsp;&nbsp;&nbsp;&nbsp;&nbsp;&nbsp;&nbsp;&nbsp; Le Maroc et l'Alg\u00e9rie continuent de garder la tradition d'investir massivement dans le domaine militaire, en vue d'un leadership non seulement dans le Maghreb, mais aussi sur l'Afrique.<\/p>\n\n\n\n<div class=\"wp-block-image\"><figure class=\"aligncenter size-large\"><img loading=\"lazy\" decoding=\"async\" width=\"1024\" height=\"975\" src=\"https:\/\/www.berndbraun.eu\/wp-content\/uploads\/2021\/12\/AdobeStock_40067727_Morocco-and-Western-Sahara-political-map-with-the-capitals-Rabat-and-El-Aiun-with-national-borders-most-important-cities-rivers-and-lakes.-1024x975.jpeg\" alt=\"\" class=\"wp-image-488\" srcset=\"https:\/\/www.berndbraun.eu\/wp-content\/uploads\/2021\/12\/AdobeStock_40067727_Morocco-and-Western-Sahara-political-map-with-the-capitals-Rabat-and-El-Aiun-with-national-borders-most-important-cities-rivers-and-lakes.-1024x975.jpeg 1024w, https:\/\/www.berndbraun.eu\/wp-content\/uploads\/2021\/12\/AdobeStock_40067727_Morocco-and-Western-Sahara-political-map-with-the-capitals-Rabat-and-El-Aiun-with-national-borders-most-important-cities-rivers-and-lakes.-300x286.jpeg 300w, https:\/\/www.berndbraun.eu\/wp-content\/uploads\/2021\/12\/AdobeStock_40067727_Morocco-and-Western-Sahara-political-map-with-the-capitals-Rabat-and-El-Aiun-with-national-borders-most-important-cities-rivers-and-lakes.-768x731.jpeg 768w, https:\/\/www.berndbraun.eu\/wp-content\/uploads\/2021\/12\/AdobeStock_40067727_Morocco-and-Western-Sahara-political-map-with-the-capitals-Rabat-and-El-Aiun-with-national-borders-most-important-cities-rivers-and-lakes.-1536x1463.jpeg 1536w, https:\/\/www.berndbraun.eu\/wp-content\/uploads\/2021\/12\/AdobeStock_40067727_Morocco-and-Western-Sahara-political-map-with-the-capitals-Rabat-and-El-Aiun-with-national-borders-most-important-cities-rivers-and-lakes.-2048x1950.jpeg 2048w, https:\/\/www.berndbraun.eu\/wp-content\/uploads\/2021\/12\/AdobeStock_40067727_Morocco-and-Western-Sahara-political-map-with-the-capitals-Rabat-and-El-Aiun-with-national-borders-most-important-cities-rivers-and-lakes.-13x12.jpeg 13w, https:\/\/www.berndbraun.eu\/wp-content\/uploads\/2021\/12\/AdobeStock_40067727_Morocco-and-Western-Sahara-political-map-with-the-capitals-Rabat-and-El-Aiun-with-national-borders-most-important-cities-rivers-and-lakes.-scaled.jpeg 2560w\" sizes=\"auto, (max-width: 1024px) 100vw, 1024px\" \/><\/figure><\/div>\n\n\n\n<div style=\"height:50px\" aria-hidden=\"true\" class=\"wp-block-spacer\"><\/div>\n\n\n\n<p class=\"has-text-align-center has-cyan-bluish-gray-color has-text-color has-small-font-size\">\u00a9 2021 Tous droits r\u00e9serv\u00e9s par BRAUN<\/p>\n","protected":false},"excerpt":{"rendered":"<p>&nbsp;&nbsp;&nbsp;&nbsp;&nbsp;&nbsp;&nbsp;&nbsp;&nbsp;&nbsp;&nbsp; Depuis la reconnaissance de la marocanit\u00e9 du Sahara occidental, en \u00e9change du r\u00e9tablissement des relations diplomatiques entre le Maroc et Isra\u00ebl, les m\u00e9dias officiels ont \u00e0 nouveau abord\u00e9 une ancienne rivalit\u00e9 r\u00e9gionale : celle existant entre le Maroc et l'Alg\u00e9rie[1]. &nbsp;&nbsp;&nbsp;&nbsp;&nbsp;&nbsp;&nbsp;&nbsp;&nbsp;&nbsp;&nbsp; En effet, l'annexion du Sahara Occidental par le Maroc apr\u00e8s le d\u00e9part des [&hellip;]<\/p>\n","protected":false},"author":3,"featured_media":497,"comment_status":"open","ping_status":"open","sticky":false,"template":"","format":"standard","meta":{"footnotes":""},"categories":[5],"tags":[],"type-darticle":[21],"class_list":["post-485","post","type-post","status-publish","format-standard","has-post-thumbnail","hentry","category-politics","type-darticle-analyse"],"yoast_head":"<!-- This site is optimized with the Yoast SEO Premium plugin v21.4 (Yoast SEO v27.2) - https:\/\/yoast.com\/product\/yoast-seo-premium-wordpress\/ -->\n<title>Bernd Braun - Maroc-Alg\u00e9rie : une nouvelle course \u00e0 l&#039;armement r\u00e9gional<\/title>\n<meta name=\"robots\" content=\"index, follow, max-snippet:-1, max-image-preview:large, max-video-preview:-1\" \/>\n<link rel=\"canonical\" href=\"https:\/\/www.berndbraun.eu\/nl\/maroc-algerie-une-nouvelle-course-a-larmement-regional\/\" \/>\n<meta property=\"og:locale\" content=\"nl_NL\" \/>\n<meta property=\"og:type\" content=\"article\" \/>\n<meta property=\"og:title\" content=\"Maroc-Alg\u00e9rie : une nouvelle course \u00e0 l&#039;armement r\u00e9gional\" \/>\n<meta property=\"og:description\" content=\"&nbsp;&nbsp;&nbsp;&nbsp;&nbsp;&nbsp;&nbsp;&nbsp;&nbsp;&nbsp;&nbsp; Depuis la reconnaissance de la marocanit\u00e9 du Sahara occidental, en \u00e9change du r\u00e9tablissement des relations diplomatiques entre le Maroc et Isra\u00ebl, les m\u00e9dias officiels ont \u00e0 nouveau abord\u00e9 une ancienne rivalit\u00e9 r\u00e9gionale : celle existant entre le Maroc et l&#039;Alg\u00e9rie[1]. &nbsp;&nbsp;&nbsp;&nbsp;&nbsp;&nbsp;&nbsp;&nbsp;&nbsp;&nbsp;&nbsp; En effet, l&#039;annexion du Sahara Occidental par le Maroc apr\u00e8s le d\u00e9part des [&hellip;]\" \/>\n<meta property=\"og:url\" content=\"https:\/\/www.berndbraun.eu\/nl\/maroc-algerie-une-nouvelle-course-a-larmement-regional\/\" \/>\n<meta property=\"og:site_name\" content=\"Bernd Braun\" \/>\n<meta property=\"article:published_time\" content=\"2021-11-06T14:35:20+00:00\" \/>\n<meta property=\"article:modified_time\" content=\"2022-02-22T19:43:13+00:00\" \/>\n<meta property=\"og:image\" content=\"https:\/\/www.berndbraun.eu\/wp-content\/uploads\/2021\/12\/AdobeStock_386885297_Soldiers-with-assault-rifle-and-flag-of-Morocco-on-military-uniform-scaled.jpeg\" \/>\n\t<meta property=\"og:image:width\" content=\"2560\" \/>\n\t<meta property=\"og:image:height\" content=\"1709\" \/>\n\t<meta property=\"og:image:type\" content=\"image\/jpeg\" \/>\n<meta name=\"author\" content=\"Bernd\" \/>\n<meta name=\"twitter:card\" content=\"summary_large_image\" \/>\n<meta name=\"twitter:label1\" content=\"Geschreven door\" \/>\n\t<meta name=\"twitter:data1\" content=\"Bernd\" \/>\n\t<meta name=\"twitter:label2\" content=\"Geschatte leestijd\" \/>\n\t<meta name=\"twitter:data2\" content=\"5 minuten\" \/>\n<script type=\"application\/ld+json\" class=\"yoast-schema-graph\">{\"@context\":\"https:\/\/schema.org\",\"@graph\":[{\"@type\":\"Article\",\"@id\":\"https:\/\/www.berndbraun.eu\/maroc-algerie-une-nouvelle-course-a-larmement-regional\/#article\",\"isPartOf\":{\"@id\":\"https:\/\/www.berndbraun.eu\/maroc-algerie-une-nouvelle-course-a-larmement-regional\/\"},\"author\":{\"name\":\"Bernd\",\"@id\":\"https:\/\/www.berndbraun.eu\/#\/schema\/person\/a64c4c08b6a8c9f8fe9be655928070ca\"},\"headline\":\"Maroc-Alg\u00e9rie : une nouvelle course \u00e0 l'armement r\u00e9gional\",\"datePublished\":\"2021-11-06T14:35:20+00:00\",\"dateModified\":\"2022-02-22T19:43:13+00:00\",\"mainEntityOfPage\":{\"@id\":\"https:\/\/www.berndbraun.eu\/maroc-algerie-une-nouvelle-course-a-larmement-regional\/\"},\"wordCount\":945,\"commentCount\":0,\"image\":{\"@id\":\"https:\/\/www.berndbraun.eu\/maroc-algerie-une-nouvelle-course-a-larmement-regional\/#primaryimage\"},\"thumbnailUrl\":\"https:\/\/www.berndbraun.eu\/wp-content\/uploads\/2021\/12\/AdobeStock_386885297_Soldiers-with-assault-rifle-and-flag-of-Morocco-on-military-uniform-scaled.jpeg\",\"articleSection\":[\"Politics\"],\"inLanguage\":\"nl-NL\",\"potentialAction\":[{\"@type\":\"CommentAction\",\"name\":\"Comment\",\"target\":[\"https:\/\/www.berndbraun.eu\/maroc-algerie-une-nouvelle-course-a-larmement-regional\/#respond\"]}]},{\"@type\":\"WebPage\",\"@id\":\"https:\/\/www.berndbraun.eu\/maroc-algerie-une-nouvelle-course-a-larmement-regional\/\",\"url\":\"https:\/\/www.berndbraun.eu\/maroc-algerie-une-nouvelle-course-a-larmement-regional\/\",\"name\":\"Bernd Braun - Maroc-Alg\u00e9rie : une nouvelle course \u00e0 l'armement r\u00e9gional\",\"isPartOf\":{\"@id\":\"https:\/\/www.berndbraun.eu\/#website\"},\"primaryImageOfPage\":{\"@id\":\"https:\/\/www.berndbraun.eu\/maroc-algerie-une-nouvelle-course-a-larmement-regional\/#primaryimage\"},\"image\":{\"@id\":\"https:\/\/www.berndbraun.eu\/maroc-algerie-une-nouvelle-course-a-larmement-regional\/#primaryimage\"},\"thumbnailUrl\":\"https:\/\/www.berndbraun.eu\/wp-content\/uploads\/2021\/12\/AdobeStock_386885297_Soldiers-with-assault-rifle-and-flag-of-Morocco-on-military-uniform-scaled.jpeg\",\"datePublished\":\"2021-11-06T14:35:20+00:00\",\"dateModified\":\"2022-02-22T19:43:13+00:00\",\"author\":{\"@id\":\"https:\/\/www.berndbraun.eu\/#\/schema\/person\/a64c4c08b6a8c9f8fe9be655928070ca\"},\"breadcrumb\":{\"@id\":\"https:\/\/www.berndbraun.eu\/maroc-algerie-une-nouvelle-course-a-larmement-regional\/#breadcrumb\"},\"inLanguage\":\"nl-NL\",\"potentialAction\":[{\"@type\":\"ReadAction\",\"target\":[\"https:\/\/www.berndbraun.eu\/maroc-algerie-une-nouvelle-course-a-larmement-regional\/\"]}]},{\"@type\":\"ImageObject\",\"inLanguage\":\"nl-NL\",\"@id\":\"https:\/\/www.berndbraun.eu\/maroc-algerie-une-nouvelle-course-a-larmement-regional\/#primaryimage\",\"url\":\"https:\/\/www.berndbraun.eu\/wp-content\/uploads\/2021\/12\/AdobeStock_386885297_Soldiers-with-assault-rifle-and-flag-of-Morocco-on-military-uniform-scaled.jpeg\",\"contentUrl\":\"https:\/\/www.berndbraun.eu\/wp-content\/uploads\/2021\/12\/AdobeStock_386885297_Soldiers-with-assault-rifle-and-flag-of-Morocco-on-military-uniform-scaled.jpeg\",\"width\":2560,\"height\":1709,\"caption\":\"Soldiers with assault rifle and flag of Morocco on military uniform. Collage.\"},{\"@type\":\"BreadcrumbList\",\"@id\":\"https:\/\/www.berndbraun.eu\/maroc-algerie-une-nouvelle-course-a-larmement-regional\/#breadcrumb\",\"itemListElement\":[{\"@type\":\"ListItem\",\"position\":1,\"name\":\"Accueil\",\"item\":\"https:\/\/www.berndbraun.eu\/\"},{\"@type\":\"ListItem\",\"position\":2,\"name\":\"Maroc-Alg\u00e9rie : une nouvelle course \u00e0 l'armement r\u00e9gional\"}]},{\"@type\":\"WebSite\",\"@id\":\"https:\/\/www.berndbraun.eu\/#website\",\"url\":\"https:\/\/www.berndbraun.eu\/\",\"name\":\"Bernd Braun\",\"description\":\"\",\"potentialAction\":[{\"@type\":\"SearchAction\",\"target\":{\"@type\":\"EntryPoint\",\"urlTemplate\":\"https:\/\/www.berndbraun.eu\/?s={search_term_string}\"},\"query-input\":{\"@type\":\"PropertyValueSpecification\",\"valueRequired\":true,\"valueName\":\"search_term_string\"}}],\"inLanguage\":\"nl-NL\"},{\"@type\":\"Person\",\"@id\":\"https:\/\/www.berndbraun.eu\/#\/schema\/person\/a64c4c08b6a8c9f8fe9be655928070ca\",\"name\":\"Bernd\",\"image\":{\"@type\":\"ImageObject\",\"inLanguage\":\"nl-NL\",\"@id\":\"https:\/\/secure.gravatar.com\/avatar\/e51d7b18a7c2fb10dd367a4bab68ef5a6d1736ae3537a0fd211df170b00b15af?s=96&d=mm&r=g\",\"url\":\"https:\/\/secure.gravatar.com\/avatar\/e51d7b18a7c2fb10dd367a4bab68ef5a6d1736ae3537a0fd211df170b00b15af?s=96&d=mm&r=g\",\"contentUrl\":\"https:\/\/secure.gravatar.com\/avatar\/e51d7b18a7c2fb10dd367a4bab68ef5a6d1736ae3537a0fd211df170b00b15af?s=96&d=mm&r=g\",\"caption\":\"Bernd\"},\"url\":\"https:\/\/www.berndbraun.eu\/nl\/author\/bernd\/\"}]}<\/script>\n<!-- \/ Yoast SEO Premium plugin. -->","yoast_head_json":{"title":"Bernd Braun - Marokko-Algerije: een nieuwe regionale wapenwedloop","robots":{"index":"index","follow":"follow","max-snippet":"max-snippet:-1","max-image-preview":"max-image-preview:large","max-video-preview":"max-video-preview:-1"},"canonical":"https:\/\/www.berndbraun.eu\/nl\/maroc-algerie-une-nouvelle-course-a-larmement-regional\/","og_locale":"nl_NL","og_type":"article","og_title":"Maroc-Alg\u00e9rie : une nouvelle course \u00e0 l'armement r\u00e9gional","og_description":"&nbsp;&nbsp;&nbsp;&nbsp;&nbsp;&nbsp;&nbsp;&nbsp;&nbsp;&nbsp;&nbsp; Depuis la reconnaissance de la marocanit\u00e9 du Sahara occidental, en \u00e9change du r\u00e9tablissement des relations diplomatiques entre le Maroc et Isra\u00ebl, les m\u00e9dias officiels ont \u00e0 nouveau abord\u00e9 une ancienne rivalit\u00e9 r\u00e9gionale : celle existant entre le Maroc et l'Alg\u00e9rie[1]. &nbsp;&nbsp;&nbsp;&nbsp;&nbsp;&nbsp;&nbsp;&nbsp;&nbsp;&nbsp;&nbsp; En effet, l'annexion du Sahara Occidental par le Maroc apr\u00e8s le d\u00e9part des [&hellip;]","og_url":"https:\/\/www.berndbraun.eu\/nl\/maroc-algerie-une-nouvelle-course-a-larmement-regional\/","og_site_name":"Bernd Braun","article_published_time":"2021-11-06T14:35:20+00:00","article_modified_time":"2022-02-22T19:43:13+00:00","og_image":[{"width":2560,"height":1709,"url":"https:\/\/www.berndbraun.eu\/wp-content\/uploads\/2021\/12\/AdobeStock_386885297_Soldiers-with-assault-rifle-and-flag-of-Morocco-on-military-uniform-scaled.jpeg","type":"image\/jpeg"}],"author":"Bernd","twitter_card":"summary_large_image","twitter_misc":{"Geschreven door":"Bernd","Geschatte leestijd":"5 minuten"},"schema":{"@context":"https:\/\/schema.org","@graph":[{"@type":"Article","@id":"https:\/\/www.berndbraun.eu\/maroc-algerie-une-nouvelle-course-a-larmement-regional\/#article","isPartOf":{"@id":"https:\/\/www.berndbraun.eu\/maroc-algerie-une-nouvelle-course-a-larmement-regional\/"},"author":{"name":"Bernd","@id":"https:\/\/www.berndbraun.eu\/#\/schema\/person\/a64c4c08b6a8c9f8fe9be655928070ca"},"headline":"Maroc-Alg\u00e9rie : une nouvelle course \u00e0 l'armement r\u00e9gional","datePublished":"2021-11-06T14:35:20+00:00","dateModified":"2022-02-22T19:43:13+00:00","mainEntityOfPage":{"@id":"https:\/\/www.berndbraun.eu\/maroc-algerie-une-nouvelle-course-a-larmement-regional\/"},"wordCount":945,"commentCount":0,"image":{"@id":"https:\/\/www.berndbraun.eu\/maroc-algerie-une-nouvelle-course-a-larmement-regional\/#primaryimage"},"thumbnailUrl":"https:\/\/www.berndbraun.eu\/wp-content\/uploads\/2021\/12\/AdobeStock_386885297_Soldiers-with-assault-rifle-and-flag-of-Morocco-on-military-uniform-scaled.jpeg","articleSection":["Politics"],"inLanguage":"nl-NL","potentialAction":[{"@type":"CommentAction","name":"Comment","target":["https:\/\/www.berndbraun.eu\/maroc-algerie-une-nouvelle-course-a-larmement-regional\/#respond"]}]},{"@type":"WebPage","@id":"https:\/\/www.berndbraun.eu\/maroc-algerie-une-nouvelle-course-a-larmement-regional\/","url":"https:\/\/www.berndbraun.eu\/maroc-algerie-une-nouvelle-course-a-larmement-regional\/","name":"Bernd Braun - Marokko-Algerije: een nieuwe regionale wapenwedloop","isPartOf":{"@id":"https:\/\/www.berndbraun.eu\/#website"},"primaryImageOfPage":{"@id":"https:\/\/www.berndbraun.eu\/maroc-algerie-une-nouvelle-course-a-larmement-regional\/#primaryimage"},"image":{"@id":"https:\/\/www.berndbraun.eu\/maroc-algerie-une-nouvelle-course-a-larmement-regional\/#primaryimage"},"thumbnailUrl":"https:\/\/www.berndbraun.eu\/wp-content\/uploads\/2021\/12\/AdobeStock_386885297_Soldiers-with-assault-rifle-and-flag-of-Morocco-on-military-uniform-scaled.jpeg","datePublished":"2021-11-06T14:35:20+00:00","dateModified":"2022-02-22T19:43:13+00:00","author":{"@id":"https:\/\/www.berndbraun.eu\/#\/schema\/person\/a64c4c08b6a8c9f8fe9be655928070ca"},"breadcrumb":{"@id":"https:\/\/www.berndbraun.eu\/maroc-algerie-une-nouvelle-course-a-larmement-regional\/#breadcrumb"},"inLanguage":"nl-NL","potentialAction":[{"@type":"ReadAction","target":["https:\/\/www.berndbraun.eu\/maroc-algerie-une-nouvelle-course-a-larmement-regional\/"]}]},{"@type":"ImageObject","inLanguage":"nl-NL","@id":"https:\/\/www.berndbraun.eu\/maroc-algerie-une-nouvelle-course-a-larmement-regional\/#primaryimage","url":"https:\/\/www.berndbraun.eu\/wp-content\/uploads\/2021\/12\/AdobeStock_386885297_Soldiers-with-assault-rifle-and-flag-of-Morocco-on-military-uniform-scaled.jpeg","contentUrl":"https:\/\/www.berndbraun.eu\/wp-content\/uploads\/2021\/12\/AdobeStock_386885297_Soldiers-with-assault-rifle-and-flag-of-Morocco-on-military-uniform-scaled.jpeg","width":2560,"height":1709,"caption":"Soldiers with assault rifle and flag of Morocco on military uniform. Collage."},{"@type":"BreadcrumbList","@id":"https:\/\/www.berndbraun.eu\/maroc-algerie-une-nouvelle-course-a-larmement-regional\/#breadcrumb","itemListElement":[{"@type":"ListItem","position":1,"name":"Accueil","item":"https:\/\/www.berndbraun.eu\/"},{"@type":"ListItem","position":2,"name":"Maroc-Alg\u00e9rie : une nouvelle course \u00e0 l'armement r\u00e9gional"}]},{"@type":"WebSite","@id":"https:\/\/www.berndbraun.eu\/#website","url":"https:\/\/www.berndbraun.eu\/","name":"Bernd Braun","description":"","potentialAction":[{"@type":"SearchAction","target":{"@type":"EntryPoint","urlTemplate":"https:\/\/www.berndbraun.eu\/?s={search_term_string}"},"query-input":{"@type":"PropertyValueSpecification","valueRequired":true,"valueName":"search_term_string"}}],"inLanguage":"nl-NL"},{"@type":"Person","@id":"https:\/\/www.berndbraun.eu\/#\/schema\/person\/a64c4c08b6a8c9f8fe9be655928070ca","name":"Bernd","image":{"@type":"ImageObject","inLanguage":"nl-NL","@id":"https:\/\/secure.gravatar.com\/avatar\/e51d7b18a7c2fb10dd367a4bab68ef5a6d1736ae3537a0fd211df170b00b15af?s=96&d=mm&r=g","url":"https:\/\/secure.gravatar.com\/avatar\/e51d7b18a7c2fb10dd367a4bab68ef5a6d1736ae3537a0fd211df170b00b15af?s=96&d=mm&r=g","contentUrl":"https:\/\/secure.gravatar.com\/avatar\/e51d7b18a7c2fb10dd367a4bab68ef5a6d1736ae3537a0fd211df170b00b15af?s=96&d=mm&r=g","caption":"Bernd"},"url":"https:\/\/www.berndbraun.eu\/nl\/author\/bernd\/"}]}},"_links":{"self":[{"href":"https:\/\/www.berndbraun.eu\/nl\/wp-json\/wp\/v2\/posts\/485","targetHints":{"allow":["GET"]}}],"collection":[{"href":"https:\/\/www.berndbraun.eu\/nl\/wp-json\/wp\/v2\/posts"}],"about":[{"href":"https:\/\/www.berndbraun.eu\/nl\/wp-json\/wp\/v2\/types\/post"}],"author":[{"embeddable":true,"href":"https:\/\/www.berndbraun.eu\/nl\/wp-json\/wp\/v2\/users\/3"}],"replies":[{"embeddable":true,"href":"https:\/\/www.berndbraun.eu\/nl\/wp-json\/wp\/v2\/comments?post=485"}],"version-history":[{"count":12,"href":"https:\/\/www.berndbraun.eu\/nl\/wp-json\/wp\/v2\/posts\/485\/revisions"}],"predecessor-version":[{"id":1020,"href":"https:\/\/www.berndbraun.eu\/nl\/wp-json\/wp\/v2\/posts\/485\/revisions\/1020"}],"wp:featuredmedia":[{"embeddable":true,"href":"https:\/\/www.berndbraun.eu\/nl\/wp-json\/wp\/v2\/media\/497"}],"wp:attachment":[{"href":"https:\/\/www.berndbraun.eu\/nl\/wp-json\/wp\/v2\/media?parent=485"}],"wp:term":[{"taxonomy":"category","embeddable":true,"href":"https:\/\/www.berndbraun.eu\/nl\/wp-json\/wp\/v2\/categories?post=485"},{"taxonomy":"post_tag","embeddable":true,"href":"https:\/\/www.berndbraun.eu\/nl\/wp-json\/wp\/v2\/tags?post=485"},{"taxonomy":"type-darticle","embeddable":true,"href":"https:\/\/www.berndbraun.eu\/nl\/wp-json\/wp\/v2\/type-darticle?post=485"}],"curies":[{"name":"wp","href":"https:\/\/api.w.org\/{rel}","templated":true}]}}