{"id":848,"date":"2022-02-02T22:32:49","date_gmt":"2022-02-02T20:32:49","guid":{"rendered":"https:\/\/www.berndbraun.eu\/?p=848"},"modified":"2022-11-17T01:07:09","modified_gmt":"2022-11-16T23:07:09","slug":"lukraine-une-frontiere-disputee-entre-loccident-et-la-russie","status":"publish","type":"post","link":"https:\/\/www.berndbraun.eu\/nl\/lukraine-une-frontiere-disputee-entre-loccident-et-la-russie\/","title":{"rendered":"Oekra\u00efne: een grensgeschil tussen de VS en Rusland"},"content":{"rendered":"\n<p>&nbsp;&nbsp;&nbsp;&nbsp;&nbsp;&nbsp;&nbsp;&nbsp;&nbsp;&nbsp;&nbsp; Depuis 2013, apr\u00e8s le soul\u00e8vement de Ma\u00efdan \u00e0 Kiev, le sort du pays reste dans l'impasse. Au niveau soci\u00e9t\u00e9, l\u2019opinion est partag\u00e9e&nbsp;; d\u2019un c\u00f4t\u00e9 les nationalistes et pro-occidentaux, de l\u2019autre les pro-russes. L\u2019Ukraine fait notamment face \u00e0 une crise frontali\u00e8re, suite \u00e0 l'annexion de la Crim\u00e9e par la Russie et au conflit dans le Donbass qui dure depuis 2014, ayant fait plus de 14 000 morts<a id=\"_ftnref1\" href=\"#_ftn1\">[1]<\/a>.<\/p>\n\n\n\n<p>&nbsp;&nbsp;&nbsp;&nbsp;&nbsp;&nbsp;&nbsp;&nbsp;&nbsp;&nbsp;&nbsp; Du fait de ces troubles internes et externes, l'Ukraine se trouve prise en \u00e9tau entre deux sph\u00e8res d'influence<a id=\"_ftnref2\" href=\"#_ftn2\">[2]<\/a>. En effet, il y a du point de vue de la diplomatie ext\u00e9rieure le fait que la Russie veuille maintenir l'Ukraine dans sa zone d'influence, alors que les pays occidentaux, de l'UE et de l'OTAN, cherchent \u00e0 accro\u00eetre leur pr\u00e9sence dans le pays pour des raisons strat\u00e9giques \u2013 notamment pour l\u2019acc\u00e8s \u00e0 la Mer noire<a id=\"_ftnref3\" href=\"#_ftn3\">[3]<\/a>. Par ailleurs, \u00e0 l\u2019instar de la G\u00e9orgie, l'Ukraine a d\u00e9pos\u00e9 sa candidature \u00e0 l\u2019entr\u00e9e dans l\u2019Union europ\u00e9enne ainsi qu'\u00e0 l'OTAN, ce \u00e0 quoi la Russie s'oppose fortement<a id=\"_ftnref4\" href=\"#_ftn4\">[4]<\/a>, pour des raisons \u00e9videntes de d\u00e9fense \u2013 dont les r\u00e9cents mouvements militaires sont \u00e0 entendre en ce sens.<\/p>\n\n\n\n<figure class=\"wp-block-gallery has-nested-images columns-default is-cropped wp-block-gallery-1 is-layout-flex wp-block-gallery-is-layout-flex\">\n<figure class=\"wp-block-image size-large\"><a href=\"https:\/\/www.berndbraun.eu\/wp-content\/uploads\/2022\/03\/dreamstime_m_242901812.jpg\"><img loading=\"lazy\" decoding=\"async\" width=\"1024\" height=\"683\" data-id=\"1121\" src=\"https:\/\/www.berndbraun.eu\/wp-content\/uploads\/2022\/03\/dreamstime_m_242901812-1024x683.jpg\" alt=\"\" class=\"wp-image-1121\" srcset=\"https:\/\/www.berndbraun.eu\/wp-content\/uploads\/2022\/03\/dreamstime_m_242901812-1024x683.jpg 1024w, https:\/\/www.berndbraun.eu\/wp-content\/uploads\/2022\/03\/dreamstime_m_242901812-300x200.jpg 300w, https:\/\/www.berndbraun.eu\/wp-content\/uploads\/2022\/03\/dreamstime_m_242901812-768x512.jpg 768w, https:\/\/www.berndbraun.eu\/wp-content\/uploads\/2022\/03\/dreamstime_m_242901812-1536x1024.jpg 1536w, https:\/\/www.berndbraun.eu\/wp-content\/uploads\/2022\/03\/dreamstime_m_242901812-2048x1365.jpg 2048w, https:\/\/www.berndbraun.eu\/wp-content\/uploads\/2022\/03\/dreamstime_m_242901812-18x12.jpg 18w, https:\/\/www.berndbraun.eu\/wp-content\/uploads\/2022\/03\/dreamstime_m_242901812.jpg 2121w\" sizes=\"auto, (max-width: 1024px) 100vw, 1024px\" \/><\/a><\/figure>\n\n\n\n<figure class=\"wp-block-image size-large\"><a href=\"https:\/\/www.berndbraun.eu\/wp-content\/uploads\/2022\/03\/dreamstime_m_228518412.jpg\"><img loading=\"lazy\" decoding=\"async\" width=\"1024\" height=\"649\" data-id=\"1122\" src=\"https:\/\/www.berndbraun.eu\/wp-content\/uploads\/2022\/03\/dreamstime_m_228518412-1024x649.jpg\" alt=\"\" class=\"wp-image-1122\" srcset=\"https:\/\/www.berndbraun.eu\/wp-content\/uploads\/2022\/03\/dreamstime_m_228518412-1024x649.jpg 1024w, https:\/\/www.berndbraun.eu\/wp-content\/uploads\/2022\/03\/dreamstime_m_228518412-300x190.jpg 300w, https:\/\/www.berndbraun.eu\/wp-content\/uploads\/2022\/03\/dreamstime_m_228518412-768x487.jpg 768w, https:\/\/www.berndbraun.eu\/wp-content\/uploads\/2022\/03\/dreamstime_m_228518412-1536x974.jpg 1536w, https:\/\/www.berndbraun.eu\/wp-content\/uploads\/2022\/03\/dreamstime_m_228518412-2048x1298.jpg 2048w, https:\/\/www.berndbraun.eu\/wp-content\/uploads\/2022\/03\/dreamstime_m_228518412-18x12.jpg 18w, https:\/\/www.berndbraun.eu\/wp-content\/uploads\/2022\/03\/dreamstime_m_228518412.jpg 2174w\" sizes=\"auto, (max-width: 1024px) 100vw, 1024px\" \/><\/a><figcaption class=\"wp-element-caption\">Kiev, Ukraine - 24 ao\u00fbt 2021. Le pr\u00e9sident Volodymyr Zelensky lors du d\u00e9fil\u00e9 militaire \u00e0 l'occasion du 30\u00e8me anniversaire de l'ind\u00e9pendance de l'Ukraine<\/figcaption><\/figure>\n<\/figure>\n\n\n\n<figure class=\"wp-block-gallery aligncenter has-nested-images columns-2 is-cropped wp-block-gallery-2 is-layout-flex wp-block-gallery-is-layout-flex\">\n<figure class=\"wp-block-image size-large\"><a href=\"https:\/\/www.berndbraun.eu\/wp-content\/uploads\/2022\/01\/dreamstime_m_162592962.jpg\"><img loading=\"lazy\" decoding=\"async\" width=\"1024\" height=\"683\" data-id=\"859\" src=\"https:\/\/www.berndbraun.eu\/wp-content\/uploads\/2022\/01\/dreamstime_m_162592962-1024x683.jpg\" alt=\"\" class=\"wp-image-859\" srcset=\"https:\/\/www.berndbraun.eu\/wp-content\/uploads\/2022\/01\/dreamstime_m_162592962-1024x683.jpg 1024w, https:\/\/www.berndbraun.eu\/wp-content\/uploads\/2022\/01\/dreamstime_m_162592962-300x200.jpg 300w, https:\/\/www.berndbraun.eu\/wp-content\/uploads\/2022\/01\/dreamstime_m_162592962-768x512.jpg 768w, https:\/\/www.berndbraun.eu\/wp-content\/uploads\/2022\/01\/dreamstime_m_162592962-1536x1024.jpg 1536w, https:\/\/www.berndbraun.eu\/wp-content\/uploads\/2022\/01\/dreamstime_m_162592962-2048x1365.jpg 2048w, https:\/\/www.berndbraun.eu\/wp-content\/uploads\/2022\/01\/dreamstime_m_162592962-18x12.jpg 18w, https:\/\/www.berndbraun.eu\/wp-content\/uploads\/2022\/01\/dreamstime_m_162592962.jpg 2121w\" sizes=\"auto, (max-width: 1024px) 100vw, 1024px\" \/><\/a><figcaption class=\"wp-element-caption\">31 octobre 2019 - Le Secr\u00e9taire g\u00e9n\u00e9ral de l'OTAN, Jens Stoltenberg, s'adresse aux l\u00e9gislateurs ukrainiens alors qu'il assiste \u00e0 une session parlementaire \u00e0 Kiev, en Ukraine<\/figcaption><\/figure>\n\n\n\n<figure class=\"wp-block-image size-large\"><a href=\"https:\/\/www.berndbraun.eu\/wp-content\/uploads\/2022\/01\/dreamstime_m_59768227-1.jpg\"><img loading=\"lazy\" decoding=\"async\" width=\"1024\" height=\"683\" data-id=\"861\" src=\"https:\/\/www.berndbraun.eu\/wp-content\/uploads\/2022\/01\/dreamstime_m_59768227-1-1024x683.jpg\" alt=\"\" class=\"wp-image-861\" srcset=\"https:\/\/www.berndbraun.eu\/wp-content\/uploads\/2022\/01\/dreamstime_m_59768227-1-1024x683.jpg 1024w, https:\/\/www.berndbraun.eu\/wp-content\/uploads\/2022\/01\/dreamstime_m_59768227-1-300x200.jpg 300w, https:\/\/www.berndbraun.eu\/wp-content\/uploads\/2022\/01\/dreamstime_m_59768227-1-768x512.jpg 768w, https:\/\/www.berndbraun.eu\/wp-content\/uploads\/2022\/01\/dreamstime_m_59768227-1-1536x1024.jpg 1536w, https:\/\/www.berndbraun.eu\/wp-content\/uploads\/2022\/01\/dreamstime_m_59768227-1-2048x1365.jpg 2048w, https:\/\/www.berndbraun.eu\/wp-content\/uploads\/2022\/01\/dreamstime_m_59768227-1-18x12.jpg 18w, https:\/\/www.berndbraun.eu\/wp-content\/uploads\/2022\/01\/dreamstime_m_59768227-1.jpg 2121w\" sizes=\"auto, (max-width: 1024px) 100vw, 1024px\" \/><\/a><figcaption class=\"wp-element-caption\">22 septembre 2015 - Le Secr\u00e9taire g\u00e9n\u00e9ral de l'OTAN Jens Stoltenberg et le Pr\u00e9sident ukrainien Petro Poroshenko \u00e0 Kiev<\/figcaption><\/figure>\n\n\n\n<figure class=\"wp-block-image size-large\"><a href=\"https:\/\/www.berndbraun.eu\/wp-content\/uploads\/2022\/01\/dreamstime_m_171460101.jpg\"><img loading=\"lazy\" decoding=\"async\" width=\"1024\" height=\"683\" data-id=\"862\" src=\"https:\/\/www.berndbraun.eu\/wp-content\/uploads\/2022\/01\/dreamstime_m_171460101-1024x683.jpg\" alt=\"\" class=\"wp-image-862\" srcset=\"https:\/\/www.berndbraun.eu\/wp-content\/uploads\/2022\/01\/dreamstime_m_171460101-1024x683.jpg 1024w, https:\/\/www.berndbraun.eu\/wp-content\/uploads\/2022\/01\/dreamstime_m_171460101-300x200.jpg 300w, https:\/\/www.berndbraun.eu\/wp-content\/uploads\/2022\/01\/dreamstime_m_171460101-768x512.jpg 768w, https:\/\/www.berndbraun.eu\/wp-content\/uploads\/2022\/01\/dreamstime_m_171460101-1536x1024.jpg 1536w, https:\/\/www.berndbraun.eu\/wp-content\/uploads\/2022\/01\/dreamstime_m_171460101-2048x1365.jpg 2048w, https:\/\/www.berndbraun.eu\/wp-content\/uploads\/2022\/01\/dreamstime_m_171460101-18x12.jpg 18w, https:\/\/www.berndbraun.eu\/wp-content\/uploads\/2022\/01\/dreamstime_m_171460101.jpg 2121w\" sizes=\"auto, (max-width: 1024px) 100vw, 1024px\" \/><\/a><figcaption class=\"wp-element-caption\">Mai 2019 - Pr\u00e9sident de l'Ukraine Petro Poroshenko au si\u00e8ge de l'OTAN \u00e0 Bruxelles, Belgique<\/figcaption><\/figure>\n<\/figure>\n\n\n\n<figure class=\"wp-block-gallery has-nested-images columns-default is-cropped wp-block-gallery-3 is-layout-flex wp-block-gallery-is-layout-flex\">\n<figure class=\"wp-block-image size-large\"><a href=\"https:\/\/www.berndbraun.eu\/wp-content\/uploads\/2022\/01\/dreamstime_m_59765166.jpg\"><img loading=\"lazy\" decoding=\"async\" width=\"1024\" height=\"683\" data-id=\"863\" src=\"https:\/\/www.berndbraun.eu\/wp-content\/uploads\/2022\/01\/dreamstime_m_59765166-1024x683.jpg\" alt=\"\" class=\"wp-image-863\" srcset=\"https:\/\/www.berndbraun.eu\/wp-content\/uploads\/2022\/01\/dreamstime_m_59765166-1024x683.jpg 1024w, https:\/\/www.berndbraun.eu\/wp-content\/uploads\/2022\/01\/dreamstime_m_59765166-300x200.jpg 300w, https:\/\/www.berndbraun.eu\/wp-content\/uploads\/2022\/01\/dreamstime_m_59765166-768x512.jpg 768w, https:\/\/www.berndbraun.eu\/wp-content\/uploads\/2022\/01\/dreamstime_m_59765166-1536x1024.jpg 1536w, https:\/\/www.berndbraun.eu\/wp-content\/uploads\/2022\/01\/dreamstime_m_59765166-2048x1365.jpg 2048w, https:\/\/www.berndbraun.eu\/wp-content\/uploads\/2022\/01\/dreamstime_m_59765166-18x12.jpg 18w, https:\/\/www.berndbraun.eu\/wp-content\/uploads\/2022\/01\/dreamstime_m_59765166.jpg 2121w\" sizes=\"auto, (max-width: 1024px) 100vw, 1024px\" \/><\/a><figcaption class=\"wp-element-caption\">Kiev, Ukraine - 22 septembre 2015. Le Pr\u00e9sident de l'Ukraine Petro Poroshenko et le Secr\u00e9taire g\u00e9n\u00e9ral de l'OTAN Jens Stoltenberg lors de la r\u00e9union du Conseil de s\u00e9curit\u00e9 nationale et de d\u00e9fense de l'Ukraine<\/figcaption><\/figure>\n\n\n\n<figure class=\"wp-block-image size-large\"><a href=\"https:\/\/www.berndbraun.eu\/wp-content\/uploads\/2022\/01\/dreamstime_m_59790172.jpg\"><img loading=\"lazy\" decoding=\"async\" width=\"1024\" height=\"683\" data-id=\"864\" src=\"https:\/\/www.berndbraun.eu\/wp-content\/uploads\/2022\/01\/dreamstime_m_59790172-1024x683.jpg\" alt=\"\" class=\"wp-image-864\" srcset=\"https:\/\/www.berndbraun.eu\/wp-content\/uploads\/2022\/01\/dreamstime_m_59790172-1024x683.jpg 1024w, https:\/\/www.berndbraun.eu\/wp-content\/uploads\/2022\/01\/dreamstime_m_59790172-300x200.jpg 300w, https:\/\/www.berndbraun.eu\/wp-content\/uploads\/2022\/01\/dreamstime_m_59790172-768x512.jpg 768w, https:\/\/www.berndbraun.eu\/wp-content\/uploads\/2022\/01\/dreamstime_m_59790172-1536x1024.jpg 1536w, https:\/\/www.berndbraun.eu\/wp-content\/uploads\/2022\/01\/dreamstime_m_59790172-2048x1365.jpg 2048w, https:\/\/www.berndbraun.eu\/wp-content\/uploads\/2022\/01\/dreamstime_m_59790172-18x12.jpg 18w, https:\/\/www.berndbraun.eu\/wp-content\/uploads\/2022\/01\/dreamstime_m_59790172.jpg 2121w\" sizes=\"auto, (max-width: 1024px) 100vw, 1024px\" \/><\/a><figcaption class=\"wp-element-caption\">Lviv, Ukraine - 21 septembre 2015. Le Pr\u00e9sident de l'Ukraine Petro Poroshenko et le Secr\u00e9taire g\u00e9n\u00e9ral de l'OTAN Jens Stoltenberg lors d'une r\u00e9union Ukraine-OTAN<\/figcaption><\/figure>\n<\/figure>\n\n\n\n<p>&nbsp;&nbsp;&nbsp;&nbsp;&nbsp;&nbsp;&nbsp;&nbsp;&nbsp;&nbsp;&nbsp; Depuis 2014, les contacts entre l'UE, l'OTAN et l'Ukraine, les partenariats, les exercices militaires ainsi que les relations bilat\u00e9rales avec les pays membres de l'OTAN, se sont accrus et approfondis.<\/p>\n\n\n\n<p>&nbsp;&nbsp;&nbsp;&nbsp;&nbsp;&nbsp;&nbsp;&nbsp;&nbsp;&nbsp;&nbsp; Il est possible de citer, \u00e0 titre d\u2019exemple, qu\u2019au niveau europ\u00e9en un accord de libre-\u00e9change UE-Ukraine et un programme europ\u00e9en d'exemption de visa pour les ressortissants ukrainiens furent sign\u00e9s en 2017<a id=\"_ftnref5\" href=\"#_ftn5\">[5]<\/a>. En octobre 2021 s'est d\u00e9roul\u00e9 \u00e0 Kiev le 23\u00e8me sommet UE\/Ukraine<a id=\"_ftnref6\" href=\"#_ftn6\">[6]<\/a> et en d\u00e9cembre de la m\u00eame ann\u00e9e, un sommet europ\u00e9en avec les pays du Partenariat oriental, dont l'Ukraine, s'est d\u00e9roul\u00e9 \u00e0 Bruxelles, dans le but de tenter une d\u00e9sescalade des tensions avec la Russie<a id=\"_ftnref7\" href=\"#_ftn7\">[7]<\/a>.<\/p>\n\n\n\n<p>&nbsp;&nbsp;&nbsp;&nbsp;&nbsp;&nbsp;&nbsp;&nbsp;&nbsp;&nbsp;&nbsp; L'OTAN maintient, malgr\u00e9 l'opposition russe, sa politique de porte ouverte pour une adh\u00e9sion de l'Ukraine \u00e0 l'alliance<a id=\"_ftnref8\" href=\"#_ftn8\">[8]<\/a>. Le soutien de l'OTAN se d\u00e9cline sous la forme d\u2019un ensemble de mesures d\u2019assistance et d'aide, \u00e0 travers 16&nbsp;programmes de renforcement des capacit\u00e9s et des fonds d\u2019affectation sp\u00e9ciale<a id=\"_ftnref9\" href=\"#_ftn9\">[9]<\/a>. Par ailleurs, au sommet de l'OTAN, Varsovie 2016, la&nbsp;plateforme&nbsp;OTAN-Ukraine pour la lutte contre les pratiques de guerre hybride a vu le jour<a id=\"_ftnref8\" href=\"#_ftn8\">[10]<\/a>.&nbsp;R\u00e9cemment, l'Agence OTAN d'information et de communication (NCIA) et l\u2019Ukraine ont sign\u00e9 un nouveau m\u00e9morandum d'accords, en mati\u00e8re de coop\u00e9ration sur des projets technologiques<a id=\"_ftnref11\" href=\"#_ftn11\">[11]<\/a>.<\/p>\n\n\n\n<figure class=\"wp-block-gallery has-nested-images columns-default is-cropped wp-block-gallery-4 is-layout-flex wp-block-gallery-is-layout-flex\">\n<figure class=\"wp-block-image size-large\"><a href=\"https:\/\/www.berndbraun.eu\/wp-content\/uploads\/2022\/01\/dreamstime_m_125803603.jpg\"><img loading=\"lazy\" decoding=\"async\" width=\"1024\" height=\"685\" data-id=\"865\" src=\"https:\/\/www.berndbraun.eu\/wp-content\/uploads\/2022\/01\/dreamstime_m_125803603-1024x685.jpg\" alt=\"\" class=\"wp-image-865\" srcset=\"https:\/\/www.berndbraun.eu\/wp-content\/uploads\/2022\/01\/dreamstime_m_125803603-1024x685.jpg 1024w, https:\/\/www.berndbraun.eu\/wp-content\/uploads\/2022\/01\/dreamstime_m_125803603-300x201.jpg 300w, https:\/\/www.berndbraun.eu\/wp-content\/uploads\/2022\/01\/dreamstime_m_125803603-768x513.jpg 768w, https:\/\/www.berndbraun.eu\/wp-content\/uploads\/2022\/01\/dreamstime_m_125803603-1536x1027.jpg 1536w, https:\/\/www.berndbraun.eu\/wp-content\/uploads\/2022\/01\/dreamstime_m_125803603-2048x1369.jpg 2048w, https:\/\/www.berndbraun.eu\/wp-content\/uploads\/2022\/01\/dreamstime_m_125803603-18x12.jpg 18w, https:\/\/www.berndbraun.eu\/wp-content\/uploads\/2022\/01\/dreamstime_m_125803603.jpg 2118w\" sizes=\"auto, (max-width: 1024px) 100vw, 1024px\" \/><\/a><figcaption class=\"wp-element-caption\">Starytchi, Ukraine - 6 septembre 2018. Exercices militaires avec les \u00c9tats-Unis et d'autres pays de l'OTAN dans la r\u00e9gion de Lviv, en Ukraine. Rapid Trident - Exercices militaires 2018 en Ukraine<\/figcaption><\/figure>\n\n\n\n<figure class=\"wp-block-image size-large\"><a href=\"https:\/\/www.berndbraun.eu\/wp-content\/uploads\/2022\/01\/dreamstime_m_125803278.jpg\"><img loading=\"lazy\" decoding=\"async\" width=\"1024\" height=\"712\" data-id=\"866\" src=\"https:\/\/www.berndbraun.eu\/wp-content\/uploads\/2022\/01\/dreamstime_m_125803278-1024x712.jpg\" alt=\"\" class=\"wp-image-866\" srcset=\"https:\/\/www.berndbraun.eu\/wp-content\/uploads\/2022\/01\/dreamstime_m_125803278-1024x712.jpg 1024w, https:\/\/www.berndbraun.eu\/wp-content\/uploads\/2022\/01\/dreamstime_m_125803278-300x209.jpg 300w, https:\/\/www.berndbraun.eu\/wp-content\/uploads\/2022\/01\/dreamstime_m_125803278-768x534.jpg 768w, https:\/\/www.berndbraun.eu\/wp-content\/uploads\/2022\/01\/dreamstime_m_125803278-1536x1068.jpg 1536w, https:\/\/www.berndbraun.eu\/wp-content\/uploads\/2022\/01\/dreamstime_m_125803278-2048x1424.jpg 2048w, https:\/\/www.berndbraun.eu\/wp-content\/uploads\/2022\/01\/dreamstime_m_125803278-18x12.jpg 18w, https:\/\/www.berndbraun.eu\/wp-content\/uploads\/2022\/01\/dreamstime_m_125803278.jpg 2077w\" sizes=\"auto, (max-width: 1024px) 100vw, 1024px\" \/><\/a><figcaption class=\"wp-element-caption\">Starytchi, Ukraine - 6 septembre 2018<\/figcaption><\/figure>\n<\/figure>\n\n\n\n<p>&nbsp;&nbsp;&nbsp;&nbsp;&nbsp;&nbsp;&nbsp;&nbsp;&nbsp;&nbsp;&nbsp; Concernant les \u00e9tats membres, \u00e0 la fois de l'OTAN et de l'UE, on remarque plus particuli\u00e8rement que la Pologne et les pays baltes (Lituanie, Lettonie, Estonie) sont les plus impliqu\u00e9s dans les partenariats et l'approfondissement des int\u00e9r\u00eats communs avec l'Ukraine, y compris dans la d\u00e9fense. On peut nommer le cas du Triangle de Lublin, cr\u00e9\u00e9 en juillet 2020, et r\u00e9unissant la Pologne, la Lituanie et l'Ukraine<a id=\"_ftnref12\" href=\"#_ftn12\">[12]<\/a>. Il faut, pour comprendre cette proximit\u00e9 plus grande entre ces nations, se rem\u00e9morer leur histoire&nbsp;; l\u2019ancienne r\u00e9publique de Pologne-Lituanie, puis le Grand-Duch\u00e9 de Pologne ont toujours \u00e9t\u00e9 un enjeu majeur de la strat\u00e9gie de contr\u00f4le de la r\u00e9gion, ou par les Polonais, ennemis des Prussiens mais grands alli\u00e9s des Fran\u00e7ais, ou par l\u2019Empire russe. Il faut \u00e9galement se rappeler que Kiev fut la premi\u00e8re capitale des Rus jusqu\u2019\u00e0 leur installation \u00e0 Moscou. L\u2019Ukraine est un pays dont l\u2019ind\u00e9pendance est le fruit d\u2019accords qui ne sont pas vieux, dont la signature date de 1991. Le pays a tout \u00e0 tour \u00e9t\u00e9 sous domination de la R\u00e9publique de Pologne-Lituanie, puis des Tsars de Russie, pour lesquels la r\u00e9gion fut le grenier \u00e0 c\u00e9r\u00e9ales jusqu\u2019\u00e0 la chute de l\u2019Union sovi\u00e9tique en 1989.<\/p>\n\n\n\n<p>&nbsp;&nbsp;&nbsp;&nbsp;&nbsp;&nbsp;&nbsp;&nbsp;&nbsp;&nbsp;&nbsp; Toutefois, la Russie compte maintenir ses positions, accroissant le nombre de troupes russes le long de la fronti\u00e8re ukrainienne (situation avant le 24 f\u00e9vrier 2022), organisant plusieurs exercices militaires avec ses alli\u00e9s, comme derni\u00e8rement avec la Bi\u00e9lorussie<a id=\"_ftnref13\" href=\"#_ftn13\">[13]<\/a>. La Chine d\u00e9clarait il y a peu son soutien \u00e0 la Russie dans cette crise<a id=\"_ftnref14\" href=\"#_ftn14\">[14]<\/a>. Certains pays membres de l'OTAN font m\u00eame part de leurs scepticismes sur l'entr\u00e9e de l'Ukraine dans l'alliance, notamment en raison des int\u00e9r\u00eats \u00e9conomiques, sociopolitiques et \u00e9nerg\u00e9tiques avec la Russie (France, Italie, Allemagne et Hongrie)<a id=\"_ftnref15\" href=\"#_ftn15\">[15]<\/a>. Il faut comprendre ici les tensions que cr\u00e9ent les accords sur l\u2019exploitation et l\u2019acheminement du gaz russe jusqu\u2019en Europe.<\/p>\n\n\n\n<figure class=\"wp-block-gallery has-nested-images columns-default is-cropped wp-block-gallery-5 is-layout-flex wp-block-gallery-is-layout-flex\">\n<figure class=\"wp-block-image size-large\"><a href=\"https:\/\/www.berndbraun.eu\/wp-content\/uploads\/2022\/01\/dreamstime_m_152591572-3.jpg\"><img loading=\"lazy\" decoding=\"async\" width=\"1024\" height=\"683\" data-id=\"872\" src=\"https:\/\/www.berndbraun.eu\/wp-content\/uploads\/2022\/01\/dreamstime_m_152591572-3-1024x683.jpg\" alt=\"\" class=\"wp-image-872\" srcset=\"https:\/\/www.berndbraun.eu\/wp-content\/uploads\/2022\/01\/dreamstime_m_152591572-3-1024x683.jpg 1024w, https:\/\/www.berndbraun.eu\/wp-content\/uploads\/2022\/01\/dreamstime_m_152591572-3-300x200.jpg 300w, https:\/\/www.berndbraun.eu\/wp-content\/uploads\/2022\/01\/dreamstime_m_152591572-3-768x512.jpg 768w, https:\/\/www.berndbraun.eu\/wp-content\/uploads\/2022\/01\/dreamstime_m_152591572-3-1536x1024.jpg 1536w, https:\/\/www.berndbraun.eu\/wp-content\/uploads\/2022\/01\/dreamstime_m_152591572-3-2048x1365.jpg 2048w, https:\/\/www.berndbraun.eu\/wp-content\/uploads\/2022\/01\/dreamstime_m_152591572-3-18x12.jpg 18w, https:\/\/www.berndbraun.eu\/wp-content\/uploads\/2022\/01\/dreamstime_m_152591572-3.jpg 2121w\" sizes=\"auto, (max-width: 1024px) 100vw, 1024px\" \/><\/a><figcaption class=\"wp-element-caption\">2021 - Navires de guerre de l'OTAN dans le port d'Odessa, Ukraine<\/figcaption><\/figure>\n\n\n\n<figure class=\"wp-block-image size-large\"><a href=\"https:\/\/www.berndbraun.eu\/wp-content\/uploads\/2022\/01\/dreamstime_m_91850611-1.jpg\"><img loading=\"lazy\" decoding=\"async\" width=\"1024\" height=\"683\" data-id=\"868\" src=\"https:\/\/www.berndbraun.eu\/wp-content\/uploads\/2022\/01\/dreamstime_m_91850611-1-1024x683.jpg\" alt=\"\" class=\"wp-image-868\" srcset=\"https:\/\/www.berndbraun.eu\/wp-content\/uploads\/2022\/01\/dreamstime_m_91850611-1-1024x683.jpg 1024w, https:\/\/www.berndbraun.eu\/wp-content\/uploads\/2022\/01\/dreamstime_m_91850611-1-300x200.jpg 300w, https:\/\/www.berndbraun.eu\/wp-content\/uploads\/2022\/01\/dreamstime_m_91850611-1-768x512.jpg 768w, https:\/\/www.berndbraun.eu\/wp-content\/uploads\/2022\/01\/dreamstime_m_91850611-1-1536x1024.jpg 1536w, https:\/\/www.berndbraun.eu\/wp-content\/uploads\/2022\/01\/dreamstime_m_91850611-1-2048x1365.jpg 2048w, https:\/\/www.berndbraun.eu\/wp-content\/uploads\/2022\/01\/dreamstime_m_91850611-1-18x12.jpg 18w, https:\/\/www.berndbraun.eu\/wp-content\/uploads\/2022\/01\/dreamstime_m_91850611-1.jpg 2121w\" sizes=\"auto, (max-width: 1024px) 100vw, 1024px\" \/><\/a><figcaption class=\"wp-element-caption\">2021 - Dans le port d'Odessa, des navires militaires \u00e9taient amarr\u00e9s \u00e0 la jonction du deuxi\u00e8me groupe naval permanent de d\u00e9minage de l'OTAN<\/figcaption><\/figure>\n<\/figure>\n\n\n\n<p>&nbsp;&nbsp;&nbsp;&nbsp;&nbsp;&nbsp;&nbsp;&nbsp;&nbsp;&nbsp;&nbsp; Les nombreuses rencontres russo-am\u00e9ricaines et les visites en Europe d\u2019officiels am\u00e9ricains, comme celle du Secr\u00e9taire d'\u00c9tat Blinken, pr\u00e9occup\u00e9 par la situation actuelle en Ukraine, montrent que le pays demeure plus que jamais une fronti\u00e8re Est-Ouest, non seulement du point de vue militaire et socio-\u00e9conomique, mais \u00e9galement du point de vue g\u00e9opolitique<a id=\"_ftnref16\" href=\"#_ftn16\">[16]<\/a>. Malgr\u00e9 les efforts am\u00e9ricains et fran\u00e7ais pour \u00e9viter une escalade russo-ukrainienne, l'avenir de cette \"fronti\u00e8re\" reste incertain<a id=\"_ftnref17\" href=\"#_ftn17\">[17]<\/a>.<\/p>\n\n\n\n<div style=\"height:40px\" aria-hidden=\"true\" class=\"wp-block-spacer\"><\/div>\n\n\n\n<p class=\"has-text-align-center has-cyan-bluish-gray-color has-text-color has-small-font-size\">\u00a9 2022 Tous droits r\u00e9serv\u00e9s par BRAUN<\/p>\n","protected":false},"excerpt":{"rendered":"<p>&nbsp;&nbsp;&nbsp;&nbsp;&nbsp;&nbsp;&nbsp;&nbsp;&nbsp;&nbsp;&nbsp; Depuis 2013, apr\u00e8s le soul\u00e8vement de Ma\u00efdan \u00e0 Kiev, le sort du pays reste dans l'impasse. Au niveau soci\u00e9t\u00e9, l\u2019opinion est partag\u00e9e&nbsp;; d\u2019un c\u00f4t\u00e9 les nationalistes et pro-occidentaux, de l\u2019autre les pro-russes. L\u2019Ukraine fait notamment face \u00e0 une crise frontali\u00e8re, suite \u00e0 l'annexion de la Crim\u00e9e par la Russie et au conflit dans le [&hellip;]<\/p>\n","protected":false},"author":3,"featured_media":849,"comment_status":"open","ping_status":"open","sticky":false,"template":"","format":"standard","meta":{"footnotes":""},"categories":[6,5],"tags":[],"type-darticle":[22],"class_list":["post-848","post","type-post","status-publish","format-standard","has-post-thumbnail","hentry","category-featured","category-politics","type-darticle-commentaire"],"yoast_head":"<!-- This site is optimized with the Yoast SEO Premium plugin v21.4 (Yoast SEO v27.2) - https:\/\/yoast.com\/product\/yoast-seo-premium-wordpress\/ -->\n<title>Bernd Braun - Ukraine : une fronti\u00e8re que se disputent les USA et la Russie<\/title>\n<meta name=\"robots\" content=\"index, follow, max-snippet:-1, max-image-preview:large, max-video-preview:-1\" \/>\n<link rel=\"canonical\" href=\"https:\/\/www.berndbraun.eu\/nl\/lukraine-une-frontiere-disputee-entre-loccident-et-la-russie\/\" \/>\n<meta property=\"og:locale\" content=\"nl_NL\" \/>\n<meta property=\"og:type\" content=\"article\" \/>\n<meta property=\"og:title\" content=\"Ukraine : une fronti\u00e8re que se disputent les USA et la Russie\" \/>\n<meta property=\"og:description\" content=\"&nbsp;&nbsp;&nbsp;&nbsp;&nbsp;&nbsp;&nbsp;&nbsp;&nbsp;&nbsp;&nbsp; Depuis 2013, apr\u00e8s le soul\u00e8vement de Ma\u00efdan \u00e0 Kiev, le sort du pays reste dans l&#039;impasse. Au niveau soci\u00e9t\u00e9, l\u2019opinion est partag\u00e9e&nbsp;; d\u2019un c\u00f4t\u00e9 les nationalistes et pro-occidentaux, de l\u2019autre les pro-russes. L\u2019Ukraine fait notamment face \u00e0 une crise frontali\u00e8re, suite \u00e0 l&#039;annexion de la Crim\u00e9e par la Russie et au conflit dans le [&hellip;]\" \/>\n<meta property=\"og:url\" content=\"https:\/\/www.berndbraun.eu\/nl\/lukraine-une-frontiere-disputee-entre-loccident-et-la-russie\/\" \/>\n<meta property=\"og:site_name\" content=\"Bernd Braun\" \/>\n<meta property=\"article:published_time\" content=\"2022-02-02T20:32:49+00:00\" \/>\n<meta property=\"article:modified_time\" content=\"2022-11-16T23:07:09+00:00\" \/>\n<meta property=\"og:image\" content=\"https:\/\/www.berndbraun.eu\/wp-content\/uploads\/2022\/01\/dreamstime_m_125511381-1024x683.jpg\" \/>\n\t<meta property=\"og:image:width\" content=\"1024\" \/>\n\t<meta property=\"og:image:height\" content=\"683\" \/>\n\t<meta property=\"og:image:type\" content=\"image\/jpeg\" \/>\n<meta name=\"author\" content=\"Bernd\" \/>\n<meta name=\"twitter:card\" content=\"summary_large_image\" \/>\n<meta name=\"twitter:label1\" content=\"Geschreven door\" \/>\n\t<meta name=\"twitter:data1\" content=\"Bernd\" \/>\n\t<meta name=\"twitter:label2\" content=\"Geschatte leestijd\" \/>\n\t<meta name=\"twitter:data2\" content=\"7 minuten\" \/>\n<script type=\"application\/ld+json\" class=\"yoast-schema-graph\">{\"@context\":\"https:\/\/schema.org\",\"@graph\":[{\"@type\":\"Article\",\"@id\":\"https:\/\/www.berndbraun.eu\/lukraine-une-frontiere-disputee-entre-loccident-et-la-russie\/#article\",\"isPartOf\":{\"@id\":\"https:\/\/www.berndbraun.eu\/lukraine-une-frontiere-disputee-entre-loccident-et-la-russie\/\"},\"author\":{\"name\":\"Bernd\",\"@id\":\"https:\/\/www.berndbraun.eu\/#\/schema\/person\/a64c4c08b6a8c9f8fe9be655928070ca\"},\"headline\":\"Ukraine : une fronti\u00e8re que se disputent les USA et la Russie\",\"datePublished\":\"2022-02-02T20:32:49+00:00\",\"dateModified\":\"2022-11-16T23:07:09+00:00\",\"mainEntityOfPage\":{\"@id\":\"https:\/\/www.berndbraun.eu\/lukraine-une-frontiere-disputee-entre-loccident-et-la-russie\/\"},\"wordCount\":1217,\"commentCount\":0,\"image\":{\"@id\":\"https:\/\/www.berndbraun.eu\/lukraine-une-frontiere-disputee-entre-loccident-et-la-russie\/#primaryimage\"},\"thumbnailUrl\":\"https:\/\/www.berndbraun.eu\/wp-content\/uploads\/2022\/01\/dreamstime_m_125511381.jpg\",\"articleSection\":[\"Featured\",\"Politics\"],\"inLanguage\":\"nl-NL\",\"potentialAction\":[{\"@type\":\"CommentAction\",\"name\":\"Comment\",\"target\":[\"https:\/\/www.berndbraun.eu\/lukraine-une-frontiere-disputee-entre-loccident-et-la-russie\/#respond\"]}]},{\"@type\":\"WebPage\",\"@id\":\"https:\/\/www.berndbraun.eu\/lukraine-une-frontiere-disputee-entre-loccident-et-la-russie\/\",\"url\":\"https:\/\/www.berndbraun.eu\/lukraine-une-frontiere-disputee-entre-loccident-et-la-russie\/\",\"name\":\"Bernd Braun - Ukraine : une fronti\u00e8re que se disputent les USA et la Russie\",\"isPartOf\":{\"@id\":\"https:\/\/www.berndbraun.eu\/#website\"},\"primaryImageOfPage\":{\"@id\":\"https:\/\/www.berndbraun.eu\/lukraine-une-frontiere-disputee-entre-loccident-et-la-russie\/#primaryimage\"},\"image\":{\"@id\":\"https:\/\/www.berndbraun.eu\/lukraine-une-frontiere-disputee-entre-loccident-et-la-russie\/#primaryimage\"},\"thumbnailUrl\":\"https:\/\/www.berndbraun.eu\/wp-content\/uploads\/2022\/01\/dreamstime_m_125511381.jpg\",\"datePublished\":\"2022-02-02T20:32:49+00:00\",\"dateModified\":\"2022-11-16T23:07:09+00:00\",\"author\":{\"@id\":\"https:\/\/www.berndbraun.eu\/#\/schema\/person\/a64c4c08b6a8c9f8fe9be655928070ca\"},\"breadcrumb\":{\"@id\":\"https:\/\/www.berndbraun.eu\/lukraine-une-frontiere-disputee-entre-loccident-et-la-russie\/#breadcrumb\"},\"inLanguage\":\"nl-NL\",\"potentialAction\":[{\"@type\":\"ReadAction\",\"target\":[\"https:\/\/www.berndbraun.eu\/lukraine-une-frontiere-disputee-entre-loccident-et-la-russie\/\"]}]},{\"@type\":\"ImageObject\",\"inLanguage\":\"nl-NL\",\"@id\":\"https:\/\/www.berndbraun.eu\/lukraine-une-frontiere-disputee-entre-loccident-et-la-russie\/#primaryimage\",\"url\":\"https:\/\/www.berndbraun.eu\/wp-content\/uploads\/2022\/01\/dreamstime_m_125511381.jpg\",\"contentUrl\":\"https:\/\/www.berndbraun.eu\/wp-content\/uploads\/2022\/01\/dreamstime_m_125511381.jpg\",\"width\":2119,\"height\":1414},{\"@type\":\"BreadcrumbList\",\"@id\":\"https:\/\/www.berndbraun.eu\/lukraine-une-frontiere-disputee-entre-loccident-et-la-russie\/#breadcrumb\",\"itemListElement\":[{\"@type\":\"ListItem\",\"position\":1,\"name\":\"Accueil\",\"item\":\"https:\/\/www.berndbraun.eu\/\"},{\"@type\":\"ListItem\",\"position\":2,\"name\":\"Ukraine : une fronti\u00e8re que se disputent les USA et la Russie\"}]},{\"@type\":\"WebSite\",\"@id\":\"https:\/\/www.berndbraun.eu\/#website\",\"url\":\"https:\/\/www.berndbraun.eu\/\",\"name\":\"Bernd Braun\",\"description\":\"\",\"potentialAction\":[{\"@type\":\"SearchAction\",\"target\":{\"@type\":\"EntryPoint\",\"urlTemplate\":\"https:\/\/www.berndbraun.eu\/?s={search_term_string}\"},\"query-input\":{\"@type\":\"PropertyValueSpecification\",\"valueRequired\":true,\"valueName\":\"search_term_string\"}}],\"inLanguage\":\"nl-NL\"},{\"@type\":\"Person\",\"@id\":\"https:\/\/www.berndbraun.eu\/#\/schema\/person\/a64c4c08b6a8c9f8fe9be655928070ca\",\"name\":\"Bernd\",\"image\":{\"@type\":\"ImageObject\",\"inLanguage\":\"nl-NL\",\"@id\":\"https:\/\/secure.gravatar.com\/avatar\/e51d7b18a7c2fb10dd367a4bab68ef5a6d1736ae3537a0fd211df170b00b15af?s=96&d=mm&r=g\",\"url\":\"https:\/\/secure.gravatar.com\/avatar\/e51d7b18a7c2fb10dd367a4bab68ef5a6d1736ae3537a0fd211df170b00b15af?s=96&d=mm&r=g\",\"contentUrl\":\"https:\/\/secure.gravatar.com\/avatar\/e51d7b18a7c2fb10dd367a4bab68ef5a6d1736ae3537a0fd211df170b00b15af?s=96&d=mm&r=g\",\"caption\":\"Bernd\"},\"url\":\"https:\/\/www.berndbraun.eu\/nl\/author\/bernd\/\"}]}<\/script>\n<!-- \/ Yoast SEO Premium plugin. -->","yoast_head_json":{"title":"Bernd Braun - Oekra\u00efne: een grensgeschil tussen de VS en Rusland","robots":{"index":"index","follow":"follow","max-snippet":"max-snippet:-1","max-image-preview":"max-image-preview:large","max-video-preview":"max-video-preview:-1"},"canonical":"https:\/\/www.berndbraun.eu\/nl\/lukraine-une-frontiere-disputee-entre-loccident-et-la-russie\/","og_locale":"nl_NL","og_type":"article","og_title":"Ukraine : une fronti\u00e8re que se disputent les USA et la Russie","og_description":"&nbsp;&nbsp;&nbsp;&nbsp;&nbsp;&nbsp;&nbsp;&nbsp;&nbsp;&nbsp;&nbsp; Depuis 2013, apr\u00e8s le soul\u00e8vement de Ma\u00efdan \u00e0 Kiev, le sort du pays reste dans l'impasse. Au niveau soci\u00e9t\u00e9, l\u2019opinion est partag\u00e9e&nbsp;; d\u2019un c\u00f4t\u00e9 les nationalistes et pro-occidentaux, de l\u2019autre les pro-russes. L\u2019Ukraine fait notamment face \u00e0 une crise frontali\u00e8re, suite \u00e0 l'annexion de la Crim\u00e9e par la Russie et au conflit dans le [&hellip;]","og_url":"https:\/\/www.berndbraun.eu\/nl\/lukraine-une-frontiere-disputee-entre-loccident-et-la-russie\/","og_site_name":"Bernd Braun","article_published_time":"2022-02-02T20:32:49+00:00","article_modified_time":"2022-11-16T23:07:09+00:00","og_image":[{"width":1024,"height":683,"url":"https:\/\/www.berndbraun.eu\/wp-content\/uploads\/2022\/01\/dreamstime_m_125511381-1024x683.jpg","type":"image\/jpeg"}],"author":"Bernd","twitter_card":"summary_large_image","twitter_misc":{"Geschreven door":"Bernd","Geschatte leestijd":"7 minuten"},"schema":{"@context":"https:\/\/schema.org","@graph":[{"@type":"Article","@id":"https:\/\/www.berndbraun.eu\/lukraine-une-frontiere-disputee-entre-loccident-et-la-russie\/#article","isPartOf":{"@id":"https:\/\/www.berndbraun.eu\/lukraine-une-frontiere-disputee-entre-loccident-et-la-russie\/"},"author":{"name":"Bernd","@id":"https:\/\/www.berndbraun.eu\/#\/schema\/person\/a64c4c08b6a8c9f8fe9be655928070ca"},"headline":"Ukraine : une fronti\u00e8re que se disputent les USA et la Russie","datePublished":"2022-02-02T20:32:49+00:00","dateModified":"2022-11-16T23:07:09+00:00","mainEntityOfPage":{"@id":"https:\/\/www.berndbraun.eu\/lukraine-une-frontiere-disputee-entre-loccident-et-la-russie\/"},"wordCount":1217,"commentCount":0,"image":{"@id":"https:\/\/www.berndbraun.eu\/lukraine-une-frontiere-disputee-entre-loccident-et-la-russie\/#primaryimage"},"thumbnailUrl":"https:\/\/www.berndbraun.eu\/wp-content\/uploads\/2022\/01\/dreamstime_m_125511381.jpg","articleSection":["Featured","Politics"],"inLanguage":"nl-NL","potentialAction":[{"@type":"CommentAction","name":"Comment","target":["https:\/\/www.berndbraun.eu\/lukraine-une-frontiere-disputee-entre-loccident-et-la-russie\/#respond"]}]},{"@type":"WebPage","@id":"https:\/\/www.berndbraun.eu\/lukraine-une-frontiere-disputee-entre-loccident-et-la-russie\/","url":"https:\/\/www.berndbraun.eu\/lukraine-une-frontiere-disputee-entre-loccident-et-la-russie\/","name":"Bernd Braun - Oekra\u00efne: een grensgeschil tussen de VS en Rusland","isPartOf":{"@id":"https:\/\/www.berndbraun.eu\/#website"},"primaryImageOfPage":{"@id":"https:\/\/www.berndbraun.eu\/lukraine-une-frontiere-disputee-entre-loccident-et-la-russie\/#primaryimage"},"image":{"@id":"https:\/\/www.berndbraun.eu\/lukraine-une-frontiere-disputee-entre-loccident-et-la-russie\/#primaryimage"},"thumbnailUrl":"https:\/\/www.berndbraun.eu\/wp-content\/uploads\/2022\/01\/dreamstime_m_125511381.jpg","datePublished":"2022-02-02T20:32:49+00:00","dateModified":"2022-11-16T23:07:09+00:00","author":{"@id":"https:\/\/www.berndbraun.eu\/#\/schema\/person\/a64c4c08b6a8c9f8fe9be655928070ca"},"breadcrumb":{"@id":"https:\/\/www.berndbraun.eu\/lukraine-une-frontiere-disputee-entre-loccident-et-la-russie\/#breadcrumb"},"inLanguage":"nl-NL","potentialAction":[{"@type":"ReadAction","target":["https:\/\/www.berndbraun.eu\/lukraine-une-frontiere-disputee-entre-loccident-et-la-russie\/"]}]},{"@type":"ImageObject","inLanguage":"nl-NL","@id":"https:\/\/www.berndbraun.eu\/lukraine-une-frontiere-disputee-entre-loccident-et-la-russie\/#primaryimage","url":"https:\/\/www.berndbraun.eu\/wp-content\/uploads\/2022\/01\/dreamstime_m_125511381.jpg","contentUrl":"https:\/\/www.berndbraun.eu\/wp-content\/uploads\/2022\/01\/dreamstime_m_125511381.jpg","width":2119,"height":1414},{"@type":"BreadcrumbList","@id":"https:\/\/www.berndbraun.eu\/lukraine-une-frontiere-disputee-entre-loccident-et-la-russie\/#breadcrumb","itemListElement":[{"@type":"ListItem","position":1,"name":"Accueil","item":"https:\/\/www.berndbraun.eu\/"},{"@type":"ListItem","position":2,"name":"Ukraine : une fronti\u00e8re que se disputent les USA et la Russie"}]},{"@type":"WebSite","@id":"https:\/\/www.berndbraun.eu\/#website","url":"https:\/\/www.berndbraun.eu\/","name":"Bernd Braun","description":"","potentialAction":[{"@type":"SearchAction","target":{"@type":"EntryPoint","urlTemplate":"https:\/\/www.berndbraun.eu\/?s={search_term_string}"},"query-input":{"@type":"PropertyValueSpecification","valueRequired":true,"valueName":"search_term_string"}}],"inLanguage":"nl-NL"},{"@type":"Person","@id":"https:\/\/www.berndbraun.eu\/#\/schema\/person\/a64c4c08b6a8c9f8fe9be655928070ca","name":"Bernd","image":{"@type":"ImageObject","inLanguage":"nl-NL","@id":"https:\/\/secure.gravatar.com\/avatar\/e51d7b18a7c2fb10dd367a4bab68ef5a6d1736ae3537a0fd211df170b00b15af?s=96&d=mm&r=g","url":"https:\/\/secure.gravatar.com\/avatar\/e51d7b18a7c2fb10dd367a4bab68ef5a6d1736ae3537a0fd211df170b00b15af?s=96&d=mm&r=g","contentUrl":"https:\/\/secure.gravatar.com\/avatar\/e51d7b18a7c2fb10dd367a4bab68ef5a6d1736ae3537a0fd211df170b00b15af?s=96&d=mm&r=g","caption":"Bernd"},"url":"https:\/\/www.berndbraun.eu\/nl\/author\/bernd\/"}]}},"_links":{"self":[{"href":"https:\/\/www.berndbraun.eu\/nl\/wp-json\/wp\/v2\/posts\/848","targetHints":{"allow":["GET"]}}],"collection":[{"href":"https:\/\/www.berndbraun.eu\/nl\/wp-json\/wp\/v2\/posts"}],"about":[{"href":"https:\/\/www.berndbraun.eu\/nl\/wp-json\/wp\/v2\/types\/post"}],"author":[{"embeddable":true,"href":"https:\/\/www.berndbraun.eu\/nl\/wp-json\/wp\/v2\/users\/3"}],"replies":[{"embeddable":true,"href":"https:\/\/www.berndbraun.eu\/nl\/wp-json\/wp\/v2\/comments?post=848"}],"version-history":[{"count":31,"href":"https:\/\/www.berndbraun.eu\/nl\/wp-json\/wp\/v2\/posts\/848\/revisions"}],"predecessor-version":[{"id":1542,"href":"https:\/\/www.berndbraun.eu\/nl\/wp-json\/wp\/v2\/posts\/848\/revisions\/1542"}],"wp:featuredmedia":[{"embeddable":true,"href":"https:\/\/www.berndbraun.eu\/nl\/wp-json\/wp\/v2\/media\/849"}],"wp:attachment":[{"href":"https:\/\/www.berndbraun.eu\/nl\/wp-json\/wp\/v2\/media?parent=848"}],"wp:term":[{"taxonomy":"category","embeddable":true,"href":"https:\/\/www.berndbraun.eu\/nl\/wp-json\/wp\/v2\/categories?post=848"},{"taxonomy":"post_tag","embeddable":true,"href":"https:\/\/www.berndbraun.eu\/nl\/wp-json\/wp\/v2\/tags?post=848"},{"taxonomy":"type-darticle","embeddable":true,"href":"https:\/\/www.berndbraun.eu\/nl\/wp-json\/wp\/v2\/type-darticle?post=848"}],"curies":[{"name":"wp","href":"https:\/\/api.w.org\/{rel}","templated":true}]}}