{"id":914,"date":"2017-02-05T12:04:02","date_gmt":"2017-02-05T10:04:02","guid":{"rendered":"https:\/\/www.berndbraun.eu\/?p=914"},"modified":"2022-02-22T21:35:57","modified_gmt":"2022-02-22T19:35:57","slug":"relation-usa-iran-les-impacts-politico-economiques-pour-la-france-et-leurope","status":"publish","type":"post","link":"https:\/\/www.berndbraun.eu\/se\/relation-usa-iran-les-impacts-politico-economiques-pour-la-france-et-leurope\/","title":{"rendered":"Relationerna mellan USA och Iran: de politiska och ekonomiska konsekvenserna f\u00f6r Frankrike och Europa"},"content":{"rendered":"<div style=\"height:40px\" aria-hidden=\"true\" class=\"wp-block-spacer\"><\/div>\n\n\n\n<h2 class=\"has-medium-font-size wp-block-heading\" id=\"introduction\">Introduktion<\/h2>\n\n\n\n<div style=\"height:20px\" aria-hidden=\"true\" class=\"wp-block-spacer\"><\/div>\n\n\n\n<p>&nbsp;&nbsp;&nbsp;&nbsp;&nbsp;&nbsp;&nbsp;&nbsp;&nbsp;&nbsp;&nbsp; F\u00f6r att utveckla den marknad d\u00e4r vi vill etablera oss - n\u00e4mligen ny teknik s\u00e5 n\u00e4ra anv\u00e4ndarna som m\u00f6jligt - i detta r\u00f6rliga samh\u00e4lle som Iran \u00e4r, \u00e4r det n\u00f6dv\u00e4ndigt att ta h\u00e4nsyn till de senaste h\u00e4ndelserna p\u00e5 internationell niv\u00e5 och dra nytta av dem n\u00e4r de till\u00e5ter det. &nbsp;&nbsp;&nbsp;<br><br>&nbsp;&nbsp;&nbsp;&nbsp;&nbsp;&nbsp;&nbsp;&nbsp;&nbsp;&nbsp;&nbsp; Fr\u00e5n resultaten av det amerikanska valet till det \u00f6kande ryska och asiatiska inflytandet p\u00e5 v\u00e4rldsscenen m\u00e5ste v\u00e5r grupp veta vilken st\u00e5ndpunkt den ska inta f\u00f6r att beh\u00e5lla det f\u00f6rspr\u00e5ng som den verkar ha n\u00e4r det g\u00e4ller att etablera en viss hegemoni f\u00f6r v\u00e5ra produkter p\u00e5 iransk mark, men ocks\u00e5 n\u00e4r det g\u00e4ller id\u00e9n om att g\u00f6ra Frankrike till ett land som st\u00f6der den iranska regeringen, utan att skada de f\u00f6rdrag och avtal som finns mellan Frankrike och de nationer som vill att Iran ska hamna i utkanten av den globala ekonomin. Det \u00e4r allts\u00e5 ett arbete med noggrann forskning och en viss diplomati som intresserar v\u00e5r studie, vilket skulle kunna \u00f6vers\u00e4ttas till en fr\u00e5ga av f\u00f6ljande slag: Vilka m\u00f6jligheter kan vi ta tillvara f\u00f6r att utveckla den franska utrikeshandeln p\u00e5 v\u00e5rt omr\u00e5de?<\/p>\n\n\n\n<div style=\"height:35px\" aria-hidden=\"true\" class=\"wp-block-spacer\"><\/div>\n\n\n\n<h2 class=\"has-medium-font-size wp-block-heading\" id=\"i-l-election-de-monsieur-trump-la-figure-de-monroe-et-de-wilson-pour-un-nouveau-type-d-isolationnisme-americain\" style=\"text-transform:uppercase\">I. Valet av Trump, Monroes och Wilsons figurer f\u00f6r en ny typ av amerikansk isolationism<\/h2>\n\n\n\n<div style=\"height:40px\" aria-hidden=\"true\" class=\"wp-block-spacer\"><\/div>\n\n\n\n<h2 class=\"has-medium-font-size wp-block-heading\" id=\"h-a-les-volontes-du-president-face-a-l-iran\">A. Presidentens \u00f6nskem\u00e5l i fr\u00e5ga om Iran<\/h2>\n\n\n\n<p>&nbsp;&nbsp;&nbsp;&nbsp;&nbsp;&nbsp;&nbsp;&nbsp;&nbsp;&nbsp;&nbsp; Under sin f\u00f6rsta vecka i \u00e4mbetet sl\u00e5r den nya presidenten det sista slaget mot Mellan\u00f6sternproblemet; handeln med Iran lovas att bli gl\u00f6md. S\u00e5dant v\u00e5ld kan vara legitimt med tanke p\u00e5 Trumps internationella finansiella allianser och f\u00f6rdomar. \u00c5 ena sidan f\u00f6rblir de oljeproducerande l\u00e4nderna p\u00e5 arabiska halv\u00f6n USA:s fr\u00e4msta leverant\u00f6r av svart guld, och f\u00f6ljaktligen \u00e4r det nutida och religi\u00f6sa spel som pr\u00e4glar f\u00f6rbindelserna mellan dessa l\u00e4nder, vars makthavare \u00e4r sunnimuslimska, och Iran med shiitisk majoritet. Denna oenighet \u00e4r en idealisk f\u00f6rev\u00e4ndning f\u00f6r presidentadministrationen att avl\u00e4gsna sig fr\u00e5n de \u00e5taganden och l\u00f6ften om \u00f6ppenhet som Obamaadministrationen lade fram p\u00e5 f\u00f6rhandlingsbordet. En s\u00e5dan v\u00e4ndning \u00e4r ocks\u00e5 en handr\u00e4ckning till Israel, som visserligen \u00e4r ett land som inte gillar n\u00e5gon eftersom det misstror allt, men som tolererar vissa utbyten med l\u00e4nderna p\u00e5 Arabiska halv\u00f6n - f\u00f6r oljans skull - och som d\u00e4rf\u00f6r avskydde Barack Obamas arrangemang med Iran. Persien \u00e4r inget annat \u00e4n en potentiell och m\u00e4ktig fiende f\u00f6r ett israeliskt folk som \u00e4r intresserat av att \u00e5teruppr\u00e4tta det stora gamla Israel. Men om perserna skulle lyckas ansluta sig till alla utvecklade l\u00e4nder n\u00e4r det g\u00e4ller teknik, marknad, ekonomi och milit\u00e4r makt, skulle den hebreiska viljan vara f\u00f6rst\u00f6rd, eftersom iranierna redan har en styrka som kan h\u00e5lla dem i schack, men framf\u00f6r allt invadera dem om USA skulle upph\u00f6ra med det skydd som de har inf\u00f6rt sedan 1948 i regionen.<\/p>\n\n\n\n<div class=\"wp-block-image\"><figure class=\"aligncenter size-large\"><img loading=\"lazy\" decoding=\"async\" width=\"1024\" height=\"657\" src=\"https:\/\/www.berndbraun.eu\/wp-content\/uploads\/2022\/02\/AdobeStock_278124461-1-1024x657.jpeg\" alt=\"\" class=\"wp-image-935\" srcset=\"https:\/\/www.berndbraun.eu\/wp-content\/uploads\/2022\/02\/AdobeStock_278124461-1-1024x657.jpeg 1024w, https:\/\/www.berndbraun.eu\/wp-content\/uploads\/2022\/02\/AdobeStock_278124461-1-300x193.jpeg 300w, https:\/\/www.berndbraun.eu\/wp-content\/uploads\/2022\/02\/AdobeStock_278124461-1-768x493.jpeg 768w, https:\/\/www.berndbraun.eu\/wp-content\/uploads\/2022\/02\/AdobeStock_278124461-1-1536x986.jpeg 1536w, https:\/\/www.berndbraun.eu\/wp-content\/uploads\/2022\/02\/AdobeStock_278124461-1-2048x1314.jpeg 2048w, https:\/\/www.berndbraun.eu\/wp-content\/uploads\/2022\/02\/AdobeStock_278124461-1-18x12.jpeg 18w, https:\/\/www.berndbraun.eu\/wp-content\/uploads\/2022\/02\/AdobeStock_278124461-1-scaled.jpeg 2560w\" sizes=\"auto, (max-width: 1024px) 100vw, 1024px\" \/><\/figure><\/div>\n\n\n\n<div style=\"height:40px\" aria-hidden=\"true\" class=\"wp-block-spacer\"><\/div>\n\n\n\n<h2 class=\"has-medium-font-size wp-block-heading\" id=\"b-un-dedain-pour-l-union-europeenne\">B. Ett f\u00f6rakt f\u00f6r Europeiska unionen<\/h2>\n\n\n\n<p>&nbsp;&nbsp;&nbsp;&nbsp;&nbsp;&nbsp;&nbsp;&nbsp;&nbsp;&nbsp;&nbsp; Ett s\u00e5dant motst\u00e5nd mot Iran g\u00e5r hand i hand med en viss osund syn p\u00e5 Europeiska unionen fr\u00e5n presidentens sida. De olika kriser som v\u00e5r kontinent har g\u00e5tt igenom, s\u00e4rskilt de senaste fem \u00e5ren, d\u00e5 unionens ekonomiska, politiska och sociala system n\u00e4stan kollapsade globalt, erbjuder ett sk\u00e5despel som vid en f\u00f6rsta anblick inte \u00e4r s\u00e4rskilt engagerande f\u00f6r v\u00e4rlden. Till detta kommer de kommande valen i Frankrike och Tyskland, som lovar att bli en moralisk och diplomatisk tragedi. Precis som \"America first\" har m\u00e5nga radikala politiska partier st\u00e4rkts i sina isolationistiska avsikter, precis som Trump. Konfliktpunkten \u00e4r dock inte bara \u00f6nskan att skydda den amerikanska marknaden, utan framf\u00f6r allt tanken att Europeiska unionen \u00e4r svag och br\u00e4cklig i det amerikanska ordf\u00f6randeskapets \u00f6gon. EU \u00e4r en oj\u00e4mf\u00f6rbar marknad, men dess interna splittring, brist p\u00e5 milit\u00e4r makt och \u00f6nskan om att bli oberoende av den amerikanska dollarn \u00e4r alla dumma punkter. Brexit vittnar om denna svaghet hos ett Europa som inte kan h\u00e5lla tillbaka sina m\u00e4ktigaste medlemmar, som inte kan skydda sina gr\u00e4nser, som inte kan se bortom historiska f\u00f6rdomar och som inte kan ta in Turkiet och Ryssland inom sina gr\u00e4nser, om inte fysiskt s\u00e5 \u00e5tminstone ekonomiskt.<\/p>\n\n\n\n<p>&nbsp;&nbsp;&nbsp;&nbsp;&nbsp;&nbsp;&nbsp;&nbsp;&nbsp;&nbsp;&nbsp; Detta \u00e4r en andra tvistefr\u00e5ga mellan USA och EU, ett andra merv\u00e4rde f\u00f6r v\u00e5r industriella strategi.<\/p>\n\n\n\n<div style=\"height:40px\" aria-hidden=\"true\" class=\"wp-block-spacer\"><\/div>\n\n\n\n<h2 class=\"has-medium-font-size wp-block-heading\" id=\"c-un-president-americain-pro-russe\">C. En pro-ryskt inst\u00e4lld amerikansk president<\/h2>\n\n\n\n<p>&nbsp;&nbsp;&nbsp;&nbsp;&nbsp;&nbsp;&nbsp;&nbsp;&nbsp;&nbsp;&nbsp; Den stora revolutionen som Trump har f\u00f6rt med sig \u00e4r hans dragning till Ryssland, hans vilja att skapa starka band mellan den ryska ekonomin och den ryska ekonomin i hans land. Det \u00e4r en vilja att g\u00e5 bortom tidigare konflikter, att \u00e5terv\u00e4nda till den moderna v\u00e4rlden under tsartiden, n\u00e4r USA och Ryssland inte hade n\u00e5gon st\u00f6rre anledning att vara i konflikt. Det \u00e4r en internationell uppv\u00e4rmning som f\u00e5r oss att gl\u00f6mma det kalla kriget och de mots\u00e4ttningar som uppst\u00e5tt genom maktstrategier mellan de tv\u00e5 stora i v\u00e4rlden under de senaste fyrtio \u00e5ren. Ett s\u00e5dant n\u00e4rmande \u00e4r ett tecken till v\u00e4rlden p\u00e5 att vi i st\u00e4llet f\u00f6r att ha USA som ensam v\u00e4ktare av v\u00e4rldsbalansen - en v\u00e4ktare som s\u00e5r problem vart den \u00e4n g\u00e5r - kommer att ha en o\u00f6vertr\u00e4ffad ekonomisk makt som \u00e4r allierad med den st\u00f6rsta milit\u00e4ra styrkan p\u00e5 den gamla kontinenten och i Asien. F\u00f6r ekonomin och f\u00f6r den globala s\u00e4kerheten kan detta vara en d\u00e5lig sak, eftersom det \u00e4r uppenbart att Ryssland, om det skulle st\u00e4lla sig p\u00e5 amerikanernas sida, inte skulle ha n\u00e5got annat hinder \u00e4n de \u00f6verenskommelser som ska ing\u00e5s med amerikanerna om hur man ska agera p\u00e5 global niv\u00e5 inom ekonomi, milit\u00e4r och diplomati. Slutet p\u00e5 en s\u00e5dan maktf\u00f6rdelning skulle g\u00f6ra det m\u00f6jligt f\u00f6r USA att g\u00f6ra slut p\u00e5 Kina, Europa och Indien och till\u00e5ta sig sj\u00e4lv att utveckla Afrika till sin egen f\u00f6rdel.&nbsp;&nbsp;&nbsp;&nbsp;&nbsp;<\/p>\n\n\n\n<p>&nbsp;&nbsp;&nbsp;&nbsp;&nbsp;&nbsp;&nbsp;&nbsp;&nbsp;&nbsp;&nbsp; Ett s\u00e5dant tillv\u00e4gag\u00e5ngss\u00e4tt \u00e4r dock sv\u00e5rt eftersom ryssarna har djupare och starkare band med m\u00e5nga steg \u00e4n de har med USA, som fortfarande \u00e4r den fr\u00e4msta internationella motst\u00e5ndaren till USA:s hegemoniska avsikter. Den f.d. Sovjetunionens j\u00e4tte har med sin of\u00f6rtr\u00f6ttliga gl\u00f6d och uppfinningsrikedom h\u00e5llit alla amerikanska milit\u00e4ra och sociala experter p\u00e5 t\u00e5rna under de senaste decennierna. I dag skulle uppr\u00e4ttandet av en s\u00e5dan allians vara beroende av att Ryssland ompositionerar sig i sina f\u00f6rbindelser med partner som Kina, Indien och Iran f\u00f6r det som intresserar oss. Ett k\u00e4nsligt drag.<\/p>\n\n\n\n<div style=\"height:40px\" aria-hidden=\"true\" class=\"wp-block-spacer\"><\/div>\n\n\n\n<h2 class=\"has-medium-font-size wp-block-heading\" id=\"ii-quid-de-ces-phenomenes-pour-la-france-et-pour-notre-industrie\" style=\"text-transform:uppercase\">II. Vad betyder detta f\u00f6r Frankrike och f\u00f6r v\u00e5r bransch?<\/h2>\n\n\n\n<div style=\"height:20px\" aria-hidden=\"true\" class=\"wp-block-spacer\"><\/div>\n\n\n\n<p>&nbsp;&nbsp;&nbsp;&nbsp;&nbsp;&nbsp;&nbsp;&nbsp;&nbsp;&nbsp;&nbsp; N\u00e4r det g\u00e4ller utvecklingen av v\u00e5rt f\u00f6retag, men ocks\u00e5 n\u00e4r det g\u00e4ller de m\u00f6jligheter som s\u00e5dana omv\u00e4lvningar av situationen \u00f6ppnar f\u00f6r Frankrike, n\u00e4r det g\u00e4ller id\u00e9n om en ny f\u00f6rbindelse med Iran, \u00e4r den senaste tidens h\u00e4ndelser en verklig m\u00f6jlighet. Rent diplomatiskt sett har Frankrike nu fria h\u00e4nder i Iran, eftersom F\u00f6renta staterna kommer att \u00f6ka sina sanktioner mot perserna, men ocks\u00e5 kommer att sl\u00e4ppa greppet om Europeiska unionen, som det nya amerikanska ordf\u00f6randeskapet helt och h\u00e5llet misskrediterar. Med viss f\u00f6rsiktighet, s\u00e4rskilt n\u00e4r det g\u00e4ller Turkiet, l\u00e4nderna p\u00e5 den arabiska halv\u00f6n och Israel - som Frankrike sedan Charles De Gaulle har respekterat endast av en \u00f6nskan att vara v\u00e4lvilligt och ansvarsfullt inf\u00f6r en v\u00e4rld som pekar finger \u00e5t det f\u00f6r Vel-d'Hiv, men ocks\u00e5 f\u00f6r att det passar dess aff\u00e4rer med F\u00f6renta staterna - kommer de franska makterna, som vi \u00e4r n\u00e4stan s\u00e4kra p\u00e5 kommer att hamna i h\u00e4nderna p\u00e5 Emmanuel Macron (en stor f\u00f6rsvarare av aff\u00e4rsm\u00e4n), att ha full frihet att \u00f6ppna d\u00f6rrarna till det iranska imperiet och dess marknader.<\/p>\n\n\n\n<p>&nbsp;&nbsp;&nbsp;&nbsp;&nbsp;&nbsp;&nbsp;&nbsp;&nbsp;&nbsp;&nbsp; Om ett effektivt n\u00e4rmande mellan USA och Ryssland skulle \u00e4ga rum skulle v\u00e5r grupp, vars syfte \u00e4r att forska och utveckla ny teknik - inom flyg, transport, mobil och uppkopplad teknik - dessutom se en minskning av kommersiella kontrakt mellan ryssarna och perserna, som skulle k\u00e4nna sig f\u00f6rr\u00e5dda. De skulle definitivt k\u00e4nna sig f\u00f6rr\u00e5dda eftersom en s\u00e5dan allians mellan de tv\u00e5 gamla fienderna skulle inneb\u00e4ra att den tidigare sovjetmaktens allianser med de marginaliserade i den utvecklade v\u00e4rlden skulle brytas. Dessutom skulle ett amerikanskt avst\u00e5ndstagande fr\u00e5n EU:s \u00e5tg\u00e4rder, men framf\u00f6r allt fr\u00e5n dess finanser och ekonomi, leda till att handeln mellan dess medlemmar skulle f\u00e5 en ny luft under vingarna. Om USA \u00f6verger oss kommer Tyskland att f\u00f6rlora sitt st\u00f6d, engelsm\u00e4nnen sitt inflytande \u00f6ver kontinenten och Frankrike kommer att \u00e5terta sin plats som ledande kraft i Europas centrum. Men med ett upptr\u00e4dande som \u00e4r v\u00e4rdigt att m\u00f6ta morgondagens utmaningar skulle fransm\u00e4nnen kunna bidra till att uppr\u00e4tth\u00e5lla Europeiska unionen, st\u00e4rka samarbetet mellan f\u00f6retag och samtidigt st\u00f6dja sina industriidkares \u00e5tg\u00e4rder utomlands, s\u00e4rskilt i Iran.<\/p>\n\n\n\n<p>&nbsp;&nbsp;&nbsp;&nbsp;&nbsp;&nbsp;&nbsp;&nbsp;&nbsp;&nbsp;&nbsp; Det scenario som f\u00f6rbereds \u00e4r inte katastrofalt, men det kr\u00e4ver k\u00e4nslighet och f\u00f6rm\u00e5ga att f\u00f6rutse allm\u00e4nna r\u00f6relser fr\u00e5n de omgivande makterna, liksom fr\u00e5n marknaderna och andra industrif\u00f6retag inom v\u00e5r sektor. Men en \u00e4nnu st\u00f6rre marginalisering av Iran p\u00e5 den internationella scenen, en \u00f6nskan att f\u00f6rvandla landet till ett nytt territorium f\u00f6r terrorister, \u00e4r en m\u00f6jlighet f\u00f6r oss som genom att f\u00f6rkroppsliga en utstr\u00e4ckt hand, en tolerant och f\u00f6rdomsfri makt kommer att komma in p\u00e5 den persiska marknaden, in i deras samh\u00e4lle utan sv\u00e5righeter, och som redan fr\u00e5n b\u00f6rjan ger oss n\u00e4stan alla m\u00f6jligheter att utveckla v\u00e5r industri, och de f\u00f6rdelar som detta inneb\u00e4r.<\/p>\n\n\n\n<figure class=\"wp-block-gallery has-nested-images columns-default is-cropped wp-block-gallery-1 is-layout-flex wp-block-gallery-is-layout-flex\">\n<figure class=\"wp-block-image size-large\"><a href=\"https:\/\/www.berndbraun.eu\/wp-content\/uploads\/2022\/02\/AdobeStock_313509945-scaled.jpeg\"><img loading=\"lazy\" decoding=\"async\" width=\"1024\" height=\"683\" data-id=\"939\" src=\"https:\/\/www.berndbraun.eu\/wp-content\/uploads\/2022\/02\/AdobeStock_313509945-1024x683.jpeg\" alt=\"\" class=\"wp-image-939\" srcset=\"https:\/\/www.berndbraun.eu\/wp-content\/uploads\/2022\/02\/AdobeStock_313509945-1024x683.jpeg 1024w, https:\/\/www.berndbraun.eu\/wp-content\/uploads\/2022\/02\/AdobeStock_313509945-300x200.jpeg 300w, https:\/\/www.berndbraun.eu\/wp-content\/uploads\/2022\/02\/AdobeStock_313509945-768x512.jpeg 768w, https:\/\/www.berndbraun.eu\/wp-content\/uploads\/2022\/02\/AdobeStock_313509945-1536x1024.jpeg 1536w, https:\/\/www.berndbraun.eu\/wp-content\/uploads\/2022\/02\/AdobeStock_313509945-2048x1365.jpeg 2048w, https:\/\/www.berndbraun.eu\/wp-content\/uploads\/2022\/02\/AdobeStock_313509945-18x12.jpeg 18w, https:\/\/www.berndbraun.eu\/wp-content\/uploads\/2022\/02\/AdobeStock_313509945-scaled.jpeg 2560w\" sizes=\"auto, (max-width: 1024px) 100vw, 1024px\" \/><\/a><figcaption>Teheran<\/figcaption><\/figure>\n<\/figure>\n\n\n\n<div style=\"height:50px\" aria-hidden=\"true\" class=\"wp-block-spacer\"><\/div>\n\n\n\n<p class=\"has-text-align-center has-cyan-bluish-gray-color has-text-color has-small-font-size\">2022 Alla r\u00e4ttigheter f\u00f6rbeh\u00e5llna BRAUN<\/p>","protected":false},"excerpt":{"rendered":"<p>Introduction &nbsp;&nbsp;&nbsp;&nbsp;&nbsp;&nbsp;&nbsp;&nbsp;&nbsp;&nbsp;&nbsp; Dans une volont\u00e9 de d\u00e9veloppement du march\u00e9 sur lequel nous souhaitons nous implanter \u2013 savoir les nouvelles technologies au plus proche des utilisateurs \u2013 dans cette soci\u00e9t\u00e9 en mouvement qu\u2019est l\u2019Iran, il est n\u00e9cessaire de prendre en compte les derniers \u00e9v\u00e9nements survenus \u00e0 l\u2019\u00e9chelle internationale et d\u2019en tirer profit lorsque ces derniers le [&hellip;]<\/p>\n","protected":false},"author":3,"featured_media":928,"comment_status":"open","ping_status":"open","sticky":false,"template":"","format":"standard","meta":{"footnotes":""},"categories":[5],"tags":[],"type-darticle":[21],"class_list":["post-914","post","type-post","status-publish","format-standard","has-post-thumbnail","hentry","category-politics","type-darticle-analyse"],"yoast_head":"<!-- This site is optimized with the Yoast SEO Premium plugin v21.4 (Yoast SEO v27.2) - https:\/\/yoast.com\/product\/yoast-seo-premium-wordpress\/ -->\n<title>Bernd Braun - Relation USA-Iran : les impacts politico-\u00e9conomiques pour la France et l&#039;Europe<\/title>\n<meta name=\"robots\" content=\"index, follow, max-snippet:-1, max-image-preview:large, max-video-preview:-1\" \/>\n<link rel=\"canonical\" href=\"https:\/\/www.berndbraun.eu\/se\/relation-usa-iran-les-impacts-politico-economiques-pour-la-france-et-leurope\/\" \/>\n<meta property=\"og:locale\" content=\"sv_SE\" \/>\n<meta property=\"og:type\" content=\"article\" \/>\n<meta property=\"og:title\" content=\"Relation USA-Iran : les impacts politico-\u00e9conomiques pour la France et l&#039;Europe\" \/>\n<meta property=\"og:description\" content=\"Introduction &nbsp;&nbsp;&nbsp;&nbsp;&nbsp;&nbsp;&nbsp;&nbsp;&nbsp;&nbsp;&nbsp; Dans une volont\u00e9 de d\u00e9veloppement du march\u00e9 sur lequel nous souhaitons nous implanter \u2013 savoir les nouvelles technologies au plus proche des utilisateurs \u2013 dans cette soci\u00e9t\u00e9 en mouvement qu\u2019est l\u2019Iran, il est n\u00e9cessaire de prendre en compte les derniers \u00e9v\u00e9nements survenus \u00e0 l\u2019\u00e9chelle internationale et d\u2019en tirer profit lorsque ces derniers le [&hellip;]\" \/>\n<meta property=\"og:url\" content=\"https:\/\/www.berndbraun.eu\/se\/relation-usa-iran-les-impacts-politico-economiques-pour-la-france-et-leurope\/\" \/>\n<meta property=\"og:site_name\" content=\"Bernd Braun\" \/>\n<meta property=\"article:published_time\" content=\"2017-02-05T10:04:02+00:00\" \/>\n<meta property=\"article:modified_time\" content=\"2022-02-22T19:35:57+00:00\" \/>\n<meta property=\"og:image\" content=\"https:\/\/www.berndbraun.eu\/wp-content\/uploads\/2017\/02\/AdobeStock_355736206-scaled.jpeg\" \/>\n\t<meta property=\"og:image:width\" content=\"2560\" \/>\n\t<meta property=\"og:image:height\" content=\"1636\" \/>\n\t<meta property=\"og:image:type\" content=\"image\/jpeg\" \/>\n<meta name=\"author\" content=\"Bernd\" \/>\n<meta name=\"twitter:card\" content=\"summary_large_image\" \/>\n<meta name=\"twitter:label1\" content=\"Skriven av\" \/>\n\t<meta name=\"twitter:data1\" content=\"Bernd\" \/>\n\t<meta name=\"twitter:label2\" content=\"Ber\u00e4knad l\u00e4stid\" \/>\n\t<meta name=\"twitter:data2\" content=\"8 minuter\" \/>\n<script type=\"application\/ld+json\" class=\"yoast-schema-graph\">{\"@context\":\"https:\/\/schema.org\",\"@graph\":[{\"@type\":\"Article\",\"@id\":\"https:\/\/www.berndbraun.eu\/relation-usa-iran-les-impacts-politico-economiques-pour-la-france-et-leurope\/#article\",\"isPartOf\":{\"@id\":\"https:\/\/www.berndbraun.eu\/relation-usa-iran-les-impacts-politico-economiques-pour-la-france-et-leurope\/\"},\"author\":{\"name\":\"Bernd\",\"@id\":\"https:\/\/www.berndbraun.eu\/#\/schema\/person\/a64c4c08b6a8c9f8fe9be655928070ca\"},\"headline\":\"Relation USA-Iran : les impacts politico-\u00e9conomiques pour la France et l'Europe\",\"datePublished\":\"2017-02-05T10:04:02+00:00\",\"dateModified\":\"2022-02-22T19:35:57+00:00\",\"mainEntityOfPage\":{\"@id\":\"https:\/\/www.berndbraun.eu\/relation-usa-iran-les-impacts-politico-economiques-pour-la-france-et-leurope\/\"},\"wordCount\":1934,\"commentCount\":0,\"image\":{\"@id\":\"https:\/\/www.berndbraun.eu\/relation-usa-iran-les-impacts-politico-economiques-pour-la-france-et-leurope\/#primaryimage\"},\"thumbnailUrl\":\"https:\/\/www.berndbraun.eu\/wp-content\/uploads\/2017\/02\/AdobeStock_355736206-scaled.jpeg\",\"articleSection\":[\"Politics\"],\"inLanguage\":\"sv-SE\",\"potentialAction\":[{\"@type\":\"CommentAction\",\"name\":\"Comment\",\"target\":[\"https:\/\/www.berndbraun.eu\/relation-usa-iran-les-impacts-politico-economiques-pour-la-france-et-leurope\/#respond\"]}]},{\"@type\":\"WebPage\",\"@id\":\"https:\/\/www.berndbraun.eu\/relation-usa-iran-les-impacts-politico-economiques-pour-la-france-et-leurope\/\",\"url\":\"https:\/\/www.berndbraun.eu\/relation-usa-iran-les-impacts-politico-economiques-pour-la-france-et-leurope\/\",\"name\":\"Bernd Braun - Relation USA-Iran : les impacts politico-\u00e9conomiques pour la France et l'Europe\",\"isPartOf\":{\"@id\":\"https:\/\/www.berndbraun.eu\/#website\"},\"primaryImageOfPage\":{\"@id\":\"https:\/\/www.berndbraun.eu\/relation-usa-iran-les-impacts-politico-economiques-pour-la-france-et-leurope\/#primaryimage\"},\"image\":{\"@id\":\"https:\/\/www.berndbraun.eu\/relation-usa-iran-les-impacts-politico-economiques-pour-la-france-et-leurope\/#primaryimage\"},\"thumbnailUrl\":\"https:\/\/www.berndbraun.eu\/wp-content\/uploads\/2017\/02\/AdobeStock_355736206-scaled.jpeg\",\"datePublished\":\"2017-02-05T10:04:02+00:00\",\"dateModified\":\"2022-02-22T19:35:57+00:00\",\"author\":{\"@id\":\"https:\/\/www.berndbraun.eu\/#\/schema\/person\/a64c4c08b6a8c9f8fe9be655928070ca\"},\"breadcrumb\":{\"@id\":\"https:\/\/www.berndbraun.eu\/relation-usa-iran-les-impacts-politico-economiques-pour-la-france-et-leurope\/#breadcrumb\"},\"inLanguage\":\"sv-SE\",\"potentialAction\":[{\"@type\":\"ReadAction\",\"target\":[\"https:\/\/www.berndbraun.eu\/relation-usa-iran-les-impacts-politico-economiques-pour-la-france-et-leurope\/\"]}]},{\"@type\":\"ImageObject\",\"inLanguage\":\"sv-SE\",\"@id\":\"https:\/\/www.berndbraun.eu\/relation-usa-iran-les-impacts-politico-economiques-pour-la-france-et-leurope\/#primaryimage\",\"url\":\"https:\/\/www.berndbraun.eu\/wp-content\/uploads\/2017\/02\/AdobeStock_355736206-scaled.jpeg\",\"contentUrl\":\"https:\/\/www.berndbraun.eu\/wp-content\/uploads\/2017\/02\/AdobeStock_355736206-scaled.jpeg\",\"width\":2560,\"height\":1636,\"caption\":\"Waving Iran flag above skyline of Tehran at sunset.\"},{\"@type\":\"BreadcrumbList\",\"@id\":\"https:\/\/www.berndbraun.eu\/relation-usa-iran-les-impacts-politico-economiques-pour-la-france-et-leurope\/#breadcrumb\",\"itemListElement\":[{\"@type\":\"ListItem\",\"position\":1,\"name\":\"Accueil\",\"item\":\"https:\/\/www.berndbraun.eu\/\"},{\"@type\":\"ListItem\",\"position\":2,\"name\":\"Relation USA-Iran : les impacts politico-\u00e9conomiques pour la France et l'Europe\"}]},{\"@type\":\"WebSite\",\"@id\":\"https:\/\/www.berndbraun.eu\/#website\",\"url\":\"https:\/\/www.berndbraun.eu\/\",\"name\":\"Bernd Braun\",\"description\":\"\",\"potentialAction\":[{\"@type\":\"SearchAction\",\"target\":{\"@type\":\"EntryPoint\",\"urlTemplate\":\"https:\/\/www.berndbraun.eu\/?s={search_term_string}\"},\"query-input\":{\"@type\":\"PropertyValueSpecification\",\"valueRequired\":true,\"valueName\":\"search_term_string\"}}],\"inLanguage\":\"sv-SE\"},{\"@type\":\"Person\",\"@id\":\"https:\/\/www.berndbraun.eu\/#\/schema\/person\/a64c4c08b6a8c9f8fe9be655928070ca\",\"name\":\"Bernd\",\"image\":{\"@type\":\"ImageObject\",\"inLanguage\":\"sv-SE\",\"@id\":\"https:\/\/secure.gravatar.com\/avatar\/e51d7b18a7c2fb10dd367a4bab68ef5a6d1736ae3537a0fd211df170b00b15af?s=96&d=mm&r=g\",\"url\":\"https:\/\/secure.gravatar.com\/avatar\/e51d7b18a7c2fb10dd367a4bab68ef5a6d1736ae3537a0fd211df170b00b15af?s=96&d=mm&r=g\",\"contentUrl\":\"https:\/\/secure.gravatar.com\/avatar\/e51d7b18a7c2fb10dd367a4bab68ef5a6d1736ae3537a0fd211df170b00b15af?s=96&d=mm&r=g\",\"caption\":\"Bernd\"},\"url\":\"https:\/\/www.berndbraun.eu\/se\/author\/bernd\/\"}]}<\/script>\n<!-- \/ Yoast SEO Premium plugin. -->","yoast_head_json":{"title":"Bernd Braun - F\u00f6rbindelserna mellan USA och Iran: de politiska och ekonomiska konsekvenserna f\u00f6r Frankrike och Europa","robots":{"index":"index","follow":"follow","max-snippet":"max-snippet:-1","max-image-preview":"max-image-preview:large","max-video-preview":"max-video-preview:-1"},"canonical":"https:\/\/www.berndbraun.eu\/se\/relation-usa-iran-les-impacts-politico-economiques-pour-la-france-et-leurope\/","og_locale":"sv_SE","og_type":"article","og_title":"Relation USA-Iran : les impacts politico-\u00e9conomiques pour la France et l'Europe","og_description":"Introduction &nbsp;&nbsp;&nbsp;&nbsp;&nbsp;&nbsp;&nbsp;&nbsp;&nbsp;&nbsp;&nbsp; Dans une volont\u00e9 de d\u00e9veloppement du march\u00e9 sur lequel nous souhaitons nous implanter \u2013 savoir les nouvelles technologies au plus proche des utilisateurs \u2013 dans cette soci\u00e9t\u00e9 en mouvement qu\u2019est l\u2019Iran, il est n\u00e9cessaire de prendre en compte les derniers \u00e9v\u00e9nements survenus \u00e0 l\u2019\u00e9chelle internationale et d\u2019en tirer profit lorsque ces derniers le [&hellip;]","og_url":"https:\/\/www.berndbraun.eu\/se\/relation-usa-iran-les-impacts-politico-economiques-pour-la-france-et-leurope\/","og_site_name":"Bernd Braun","article_published_time":"2017-02-05T10:04:02+00:00","article_modified_time":"2022-02-22T19:35:57+00:00","og_image":[{"width":2560,"height":1636,"url":"https:\/\/www.berndbraun.eu\/wp-content\/uploads\/2017\/02\/AdobeStock_355736206-scaled.jpeg","type":"image\/jpeg"}],"author":"Bernd","twitter_card":"summary_large_image","twitter_misc":{"Skriven av":"Bernd","Ber\u00e4knad l\u00e4stid":"8 minuter"},"schema":{"@context":"https:\/\/schema.org","@graph":[{"@type":"Article","@id":"https:\/\/www.berndbraun.eu\/relation-usa-iran-les-impacts-politico-economiques-pour-la-france-et-leurope\/#article","isPartOf":{"@id":"https:\/\/www.berndbraun.eu\/relation-usa-iran-les-impacts-politico-economiques-pour-la-france-et-leurope\/"},"author":{"name":"Bernd","@id":"https:\/\/www.berndbraun.eu\/#\/schema\/person\/a64c4c08b6a8c9f8fe9be655928070ca"},"headline":"Relation USA-Iran : les impacts politico-\u00e9conomiques pour la France et l'Europe","datePublished":"2017-02-05T10:04:02+00:00","dateModified":"2022-02-22T19:35:57+00:00","mainEntityOfPage":{"@id":"https:\/\/www.berndbraun.eu\/relation-usa-iran-les-impacts-politico-economiques-pour-la-france-et-leurope\/"},"wordCount":1934,"commentCount":0,"image":{"@id":"https:\/\/www.berndbraun.eu\/relation-usa-iran-les-impacts-politico-economiques-pour-la-france-et-leurope\/#primaryimage"},"thumbnailUrl":"https:\/\/www.berndbraun.eu\/wp-content\/uploads\/2017\/02\/AdobeStock_355736206-scaled.jpeg","articleSection":["Politics"],"inLanguage":"sv-SE","potentialAction":[{"@type":"CommentAction","name":"Comment","target":["https:\/\/www.berndbraun.eu\/relation-usa-iran-les-impacts-politico-economiques-pour-la-france-et-leurope\/#respond"]}]},{"@type":"WebPage","@id":"https:\/\/www.berndbraun.eu\/relation-usa-iran-les-impacts-politico-economiques-pour-la-france-et-leurope\/","url":"https:\/\/www.berndbraun.eu\/relation-usa-iran-les-impacts-politico-economiques-pour-la-france-et-leurope\/","name":"Bernd Braun - F\u00f6rbindelserna mellan USA och Iran: de politiska och ekonomiska konsekvenserna f\u00f6r Frankrike och Europa","isPartOf":{"@id":"https:\/\/www.berndbraun.eu\/#website"},"primaryImageOfPage":{"@id":"https:\/\/www.berndbraun.eu\/relation-usa-iran-les-impacts-politico-economiques-pour-la-france-et-leurope\/#primaryimage"},"image":{"@id":"https:\/\/www.berndbraun.eu\/relation-usa-iran-les-impacts-politico-economiques-pour-la-france-et-leurope\/#primaryimage"},"thumbnailUrl":"https:\/\/www.berndbraun.eu\/wp-content\/uploads\/2017\/02\/AdobeStock_355736206-scaled.jpeg","datePublished":"2017-02-05T10:04:02+00:00","dateModified":"2022-02-22T19:35:57+00:00","author":{"@id":"https:\/\/www.berndbraun.eu\/#\/schema\/person\/a64c4c08b6a8c9f8fe9be655928070ca"},"breadcrumb":{"@id":"https:\/\/www.berndbraun.eu\/relation-usa-iran-les-impacts-politico-economiques-pour-la-france-et-leurope\/#breadcrumb"},"inLanguage":"sv-SE","potentialAction":[{"@type":"ReadAction","target":["https:\/\/www.berndbraun.eu\/relation-usa-iran-les-impacts-politico-economiques-pour-la-france-et-leurope\/"]}]},{"@type":"ImageObject","inLanguage":"sv-SE","@id":"https:\/\/www.berndbraun.eu\/relation-usa-iran-les-impacts-politico-economiques-pour-la-france-et-leurope\/#primaryimage","url":"https:\/\/www.berndbraun.eu\/wp-content\/uploads\/2017\/02\/AdobeStock_355736206-scaled.jpeg","contentUrl":"https:\/\/www.berndbraun.eu\/wp-content\/uploads\/2017\/02\/AdobeStock_355736206-scaled.jpeg","width":2560,"height":1636,"caption":"Waving Iran flag above skyline of Tehran at sunset."},{"@type":"BreadcrumbList","@id":"https:\/\/www.berndbraun.eu\/relation-usa-iran-les-impacts-politico-economiques-pour-la-france-et-leurope\/#breadcrumb","itemListElement":[{"@type":"ListItem","position":1,"name":"Accueil","item":"https:\/\/www.berndbraun.eu\/"},{"@type":"ListItem","position":2,"name":"Relation USA-Iran : les impacts politico-\u00e9conomiques pour la France et l'Europe"}]},{"@type":"WebSite","@id":"https:\/\/www.berndbraun.eu\/#website","url":"https:\/\/www.berndbraun.eu\/","name":"Bernd Braun","description":"","potentialAction":[{"@type":"SearchAction","target":{"@type":"EntryPoint","urlTemplate":"https:\/\/www.berndbraun.eu\/?s={search_term_string}"},"query-input":{"@type":"PropertyValueSpecification","valueRequired":true,"valueName":"search_term_string"}}],"inLanguage":"sv-SE"},{"@type":"Person","@id":"https:\/\/www.berndbraun.eu\/#\/schema\/person\/a64c4c08b6a8c9f8fe9be655928070ca","name":"Bernd","image":{"@type":"ImageObject","inLanguage":"sv-SE","@id":"https:\/\/secure.gravatar.com\/avatar\/e51d7b18a7c2fb10dd367a4bab68ef5a6d1736ae3537a0fd211df170b00b15af?s=96&d=mm&r=g","url":"https:\/\/secure.gravatar.com\/avatar\/e51d7b18a7c2fb10dd367a4bab68ef5a6d1736ae3537a0fd211df170b00b15af?s=96&d=mm&r=g","contentUrl":"https:\/\/secure.gravatar.com\/avatar\/e51d7b18a7c2fb10dd367a4bab68ef5a6d1736ae3537a0fd211df170b00b15af?s=96&d=mm&r=g","caption":"Bernd"},"url":"https:\/\/www.berndbraun.eu\/se\/author\/bernd\/"}]}},"_links":{"self":[{"href":"https:\/\/www.berndbraun.eu\/se\/wp-json\/wp\/v2\/posts\/914","targetHints":{"allow":["GET"]}}],"collection":[{"href":"https:\/\/www.berndbraun.eu\/se\/wp-json\/wp\/v2\/posts"}],"about":[{"href":"https:\/\/www.berndbraun.eu\/se\/wp-json\/wp\/v2\/types\/post"}],"author":[{"embeddable":true,"href":"https:\/\/www.berndbraun.eu\/se\/wp-json\/wp\/v2\/users\/3"}],"replies":[{"embeddable":true,"href":"https:\/\/www.berndbraun.eu\/se\/wp-json\/wp\/v2\/comments?post=914"}],"version-history":[{"count":20,"href":"https:\/\/www.berndbraun.eu\/se\/wp-json\/wp\/v2\/posts\/914\/revisions"}],"predecessor-version":[{"id":1034,"href":"https:\/\/www.berndbraun.eu\/se\/wp-json\/wp\/v2\/posts\/914\/revisions\/1034"}],"wp:featuredmedia":[{"embeddable":true,"href":"https:\/\/www.berndbraun.eu\/se\/wp-json\/wp\/v2\/media\/928"}],"wp:attachment":[{"href":"https:\/\/www.berndbraun.eu\/se\/wp-json\/wp\/v2\/media?parent=914"}],"wp:term":[{"taxonomy":"category","embeddable":true,"href":"https:\/\/www.berndbraun.eu\/se\/wp-json\/wp\/v2\/categories?post=914"},{"taxonomy":"post_tag","embeddable":true,"href":"https:\/\/www.berndbraun.eu\/se\/wp-json\/wp\/v2\/tags?post=914"},{"taxonomy":"type-darticle","embeddable":true,"href":"https:\/\/www.berndbraun.eu\/se\/wp-json\/wp\/v2\/type-darticle?post=914"}],"curies":[{"name":"wp","href":"https:\/\/api.w.org\/{rel}","templated":true}]}}