{"id":1191,"date":"2022-04-30T22:17:13","date_gmt":"2022-04-30T20:17:13","guid":{"rendered":"https:\/\/www.berndbraun.eu\/?p=1191"},"modified":"2022-11-17T01:26:49","modified_gmt":"2022-11-16T23:26:49","slug":"attaque-iranienne-a-erbil","status":"publish","type":"post","link":"https:\/\/www.berndbraun.eu\/sk\/attaque-iranienne-a-erbil\/","title":{"rendered":"Ir\u00e1nsky \u00fatok v Erb\u00edle"},"content":{"rendered":"<p class=\"has-white-color has-text-color has-background\" style=\"background-color:#4c5468\">&nbsp;&nbsp;&nbsp;&nbsp;&nbsp;&nbsp;&nbsp;&nbsp;&nbsp;&nbsp;&nbsp; Ir\u00e1n 13. marca bombardoval Erbil, ve\u013ek\u00e9 mesto na severov\u00fdchode Iraku ob\u00fdvan\u00e9 preva\u017ene kurdsk\u00fdm obyvate\u013estvom. Teher\u00e1n sa prihl\u00e1sil k zodpovednosti za \u00fadery, ktor\u00e9 zasiahli infra\u0161trukt\u00faru, o ktorej Revolu\u010dn\u00e9 gardy tvrdia, \u017ee ide o izraelsk\u00e9 v\u00fdcvikov\u00e9 komplexy, ale aj strategick\u00e9 centr\u00e1.<\/p>\n\n\n\n<figure class=\"wp-block-video\"><video height=\"1080\" style=\"aspect-ratio: 1920 \/ 1080;\" width=\"1920\" autoplay src=\"https:\/\/www.berndbraun.eu\/wp-content\/uploads\/2022\/05\/dreamstime_214559435.mp4\"><\/video><\/figure>\n\n\n\n<p>&nbsp;&nbsp;&nbsp;&nbsp;&nbsp;&nbsp;&nbsp;&nbsp;&nbsp;&nbsp;&nbsp; Ide teda o s\u00faperenie, nepriate\u013estvo, ktor\u00e9 je prastar\u00e9, hlboko zakorenen\u00e9 vo vedom\u00ed a ktor\u00e9 sa odr\u00e1\u017ea v na\u0161ej s\u00fa\u010dasnej situ\u00e1cii. Od roku 2012 uskuto\u010dnil Izrael mno\u017estvo n\u00e1letov na S\u00fdriu. Toto nap\u00e4tie - ktor\u00e9 by sa dalo \u013eahko prepoji\u0165 so snahami Spojen\u00fdch \u0161t\u00e1tov a Tel Avivu o destabiliz\u00e1ciu s\u00fdrskeho re\u017eimu Ba\u0161\u00e1ra Asada a s ned\u00e1vnou ob\u010dianskou vojnou, ktorou trp\u00ed s\u00fdrska spolo\u010dnos\u0165 - viedlo k zv\u00fd\u0161eniu po\u010dtu izraelsk\u00fdch z\u00e1sahov proti S\u00fdrii s podporou Ir\u00e1nu.<\/p>\n\n\n\n<p>&nbsp;&nbsp;&nbsp;&nbsp;&nbsp;&nbsp;&nbsp;&nbsp;&nbsp;&nbsp;&nbsp; 7. marca 2022 Izrael bombardoval predmestie Damasku a zabil dvoch \u013eud\u00ed. Mal\u00e1 da\u0148, ale bojovn\u00e1 akcia, ktor\u00e1 nem\u00e1 in\u00fd cie\u013e ako hebrejsk\u00e9 odhodlanie zosadi\u0165 s\u00fdrskeho vodcu. Pr\u00ed\u010dinu takejto v\u00f4le treba h\u013eada\u0165 v osobitn\u00fdch vz\u0165ahoch medzi Damaskom a Teher\u00e1nom, ktor\u00e9 s\u00fa s\u00eddlami kraj\u00edn so \u0161iitskou v\u00e4\u010d\u0161inou a ktor\u00e9 s\u00fa proti nadvl\u00e1de Izraela na Bl\u00edzkom v\u00fdchode.<\/p>\n\n\n\n<p class=\"has-white-color has-text-color has-background\" style=\"background-color:#9a2525\">&nbsp;&nbsp;&nbsp;&nbsp;&nbsp;&nbsp;&nbsp;&nbsp;&nbsp;&nbsp;&nbsp; V reakcii na \u00fadery pri Damasku, ktor\u00e9 pod\u013ea Tel Avivu uskuto\u010dnil proti ir\u00e1nskym sil\u00e1m Pasdaran, Ir\u00e1n bombardoval mesto Erbil v irackom Kurdistane, pri\u010dom ako z\u00e1mienku pou\u017eil pr\u00edtomnos\u0165 vojensk\u00fdch komplexov USA a Izraela. Washington a hebrejsk\u00fd \u0161t\u00e1t okam\u017eite popreli pr\u00edtomnos\u0165 im patriacich z\u00e1kladn\u00ed a pouk\u00e1zali na to, \u017ee v meste sa nach\u00e1dza len konzul\u00e1t USA. Na Teher\u00e1n boli uvalen\u00e9 nov\u00e9 sankcie.<\/p>\n\n\n\n<p>&nbsp;&nbsp;&nbsp;&nbsp;&nbsp;&nbsp;&nbsp;&nbsp;&nbsp;&nbsp;&nbsp; Ke\u010f\u017ee je v\u0161ak Ir\u00e1n s\u00fa\u010das\u0165ou \u010d\u00ednsko-ruskej hospod\u00e1rskej, vojenskej a energetickej aliancie, sankcie uvalen\u00e9 na\u0148 maj\u00fa \u010doraz men\u0161\u00ed \u00fa\u010dinok, s v\u00fdnimkou eur\u00f3pskej strany. Poz\u00edcie Eur\u00f3py s\u00fa skuto\u010dne nejasn\u00e9, niektor\u00e9 krajiny ako Franc\u00fazsko, Nemecko a Taliansko sa sna\u017eia udr\u017ea\u0165 si svoj podiel na trhu v krajine, ale zost\u00e1vaj\u00fa nesmel\u00e9 a st\u00e1vaj\u00fa sa neist\u00fdmi obchodn\u00fdmi a diplomatick\u00fdmi partnermi, len \u010do ich Spojen\u00e9 \u0161t\u00e1ty vyzv\u00fa na poriadok.<\/p>\n\n\n\n<figure class=\"wp-block-gallery has-nested-images columns-default is-cropped wp-block-gallery-1 is-layout-flex wp-block-gallery-is-layout-flex\"><\/figure>\n\n\n\n<figure class=\"wp-block-gallery has-nested-images columns-default is-cropped wp-block-gallery-2 is-layout-flex wp-block-gallery-is-layout-flex\">\n<figure class=\"wp-block-image size-large\"><a href=\"https:\/\/www.berndbraun.eu\/wp-content\/uploads\/2022\/05\/dreamstime_m_244131702-scaled.jpg\"><img loading=\"lazy\" decoding=\"async\" width=\"1024\" height=\"640\" data-id=\"1198\" src=\"https:\/\/www.berndbraun.eu\/wp-content\/uploads\/2022\/05\/dreamstime_m_244131702-1024x640.jpg\" alt=\"\" class=\"wp-image-1198\" srcset=\"https:\/\/www.berndbraun.eu\/wp-content\/uploads\/2022\/05\/dreamstime_m_244131702-1024x640.jpg 1024w, https:\/\/www.berndbraun.eu\/wp-content\/uploads\/2022\/05\/dreamstime_m_244131702-300x188.jpg 300w, https:\/\/www.berndbraun.eu\/wp-content\/uploads\/2022\/05\/dreamstime_m_244131702-768x480.jpg 768w, https:\/\/www.berndbraun.eu\/wp-content\/uploads\/2022\/05\/dreamstime_m_244131702-1536x960.jpg 1536w, https:\/\/www.berndbraun.eu\/wp-content\/uploads\/2022\/05\/dreamstime_m_244131702-2048x1280.jpg 2048w, https:\/\/www.berndbraun.eu\/wp-content\/uploads\/2022\/05\/dreamstime_m_244131702-18x12.jpg 18w, https:\/\/www.berndbraun.eu\/wp-content\/uploads\/2022\/05\/dreamstime_m_244131702-scaled.jpg 2560w\" sizes=\"auto, (max-width: 1024px) 100vw, 1024px\" \/><\/a><figcaption class=\"wp-element-caption\">Erbil \u00a9 Rasool Ali<\/figcaption><\/figure>\n\n\n\n<figure class=\"wp-block-image size-large\"><a href=\"https:\/\/www.berndbraun.eu\/wp-content\/uploads\/2022\/05\/dreamstime_m_244131725.jpg\"><img loading=\"lazy\" decoding=\"async\" width=\"1024\" height=\"683\" data-id=\"1199\" src=\"https:\/\/www.berndbraun.eu\/wp-content\/uploads\/2022\/05\/dreamstime_m_244131725-1024x683.jpg\" alt=\"\" class=\"wp-image-1199\" srcset=\"https:\/\/www.berndbraun.eu\/wp-content\/uploads\/2022\/05\/dreamstime_m_244131725-1024x683.jpg 1024w, https:\/\/www.berndbraun.eu\/wp-content\/uploads\/2022\/05\/dreamstime_m_244131725-300x200.jpg 300w, https:\/\/www.berndbraun.eu\/wp-content\/uploads\/2022\/05\/dreamstime_m_244131725-768x512.jpg 768w, https:\/\/www.berndbraun.eu\/wp-content\/uploads\/2022\/05\/dreamstime_m_244131725-1536x1024.jpg 1536w, https:\/\/www.berndbraun.eu\/wp-content\/uploads\/2022\/05\/dreamstime_m_244131725-2048x1365.jpg 2048w, https:\/\/www.berndbraun.eu\/wp-content\/uploads\/2022\/05\/dreamstime_m_244131725-18x12.jpg 18w, https:\/\/www.berndbraun.eu\/wp-content\/uploads\/2022\/05\/dreamstime_m_244131725.jpg 2121w\" sizes=\"auto, (max-width: 1024px) 100vw, 1024px\" \/><\/a><figcaption class=\"wp-element-caption\">Erbil \u00a9 Rasool Ali<\/figcaption><\/figure>\n<\/figure>\n\n\n\n<p>&nbsp;&nbsp;&nbsp;&nbsp;&nbsp;&nbsp;&nbsp;&nbsp;&nbsp;&nbsp;&nbsp; V s\u00favislosti s vojnou na juhu Ruska proti Ukrajine, v ktorej ide najm\u00e4 o \u00fazemia Donbasu, t. j. ruskojazy\u010dn\u00e9 regi\u00f3ny Doneck a Luhansk, sa Ir\u00e1n postavil na stranu Ruska a \u010dak\u00e1 na postoj \u010c\u00edny. Ke\u010f\u017ee situ\u00e1cia v regi\u00f3ne mala prednos\u0165 pred v\u0161etk\u00fdmi ostatn\u00fdmi s\u00fa\u010dasn\u00fdmi kr\u00edzami, Izrael vyu\u017eil t\u00fato pr\u00edle\u017eitos\u0165 a za\u00fato\u010dil na ir\u00e1nske sily v S\u00fdrii v snahe \u010falej destabilizova\u0165 Asadov re\u017eim. \u00dadery ir\u00e1nskych revolu\u010dn\u00fdch s\u00edl z \u00fazem\u00ed v bl\u00edzkosti Iraku s\u00fa odkazom Izraelu, Spojen\u00fdm \u0161t\u00e1tom a zvy\u0161ku Z\u00e1padu; Teher\u00e1n je na\u010falej pripraven\u00fd br\u00e1ni\u0165 svoje z\u00e1ujmy, z\u00e1ujmy svojich spojencov, ale predov\u0161etk\u00fdm realizova\u0165 svoj mocensk\u00fd projekt v regi\u00f3ne a chce \u010deli\u0165 \u017eelaniam Tel Avivu.<\/p>\n\n\n\n<div style=\"height:50px\" aria-hidden=\"true\" class=\"wp-block-spacer\"><\/div>\n\n\n\n<p class=\"has-text-align-center has-cyan-bluish-gray-color has-text-color has-small-font-size\">V\u0161etky pr\u00e1va vyhraden\u00e9 spolo\u010dnos\u0165ou BRAUN<\/p>","protected":false},"excerpt":{"rendered":"<p>&nbsp;&nbsp;&nbsp;&nbsp;&nbsp;&nbsp;&nbsp;&nbsp;&nbsp;&nbsp;&nbsp; Le 13 mars dernier l\u2019Iran bombardait Erbil, grande ville du Nord-Est irakien majoritairement habit\u00e9e par les populations kurdes du pays. T\u00e9h\u00e9ran revendique les frappes qui s\u2019abattent sur des infrastructures que les Gardiens de la R\u00e9volution affirment \u00eatre des complexes isra\u00e9liens d\u2019entra\u00eenement, mais \u00e9galement des centres strat\u00e9giques. &nbsp;&nbsp;&nbsp;&nbsp;&nbsp;&nbsp;&nbsp;&nbsp;&nbsp;&nbsp;&nbsp; Il s\u2019agit donc d\u2019une rivalit\u00e9, d\u2019une inimiti\u00e9 [&hellip;]<\/p>\n","protected":false},"author":3,"featured_media":1194,"comment_status":"open","ping_status":"open","sticky":false,"template":"","format":"standard","meta":{"footnotes":""},"categories":[5],"tags":[],"type-darticle":[24],"class_list":["post-1191","post","type-post","status-publish","format-standard","has-post-thumbnail","hentry","category-politics","type-darticle-video"],"yoast_head":"<!-- This site is optimized with the Yoast SEO Premium plugin v21.4 (Yoast SEO v27.2) - https:\/\/yoast.com\/product\/yoast-seo-premium-wordpress\/ -->\n<title>Bernd Braun - Attaque iranienne \u00e0 Erbil<\/title>\n<meta name=\"robots\" content=\"index, follow, max-snippet:-1, max-image-preview:large, max-video-preview:-1\" \/>\n<link rel=\"canonical\" href=\"https:\/\/www.berndbraun.eu\/sk\/attaque-iranienne-a-erbil\/\" \/>\n<meta property=\"og:locale\" content=\"sk_SK\" \/>\n<meta property=\"og:type\" content=\"article\" \/>\n<meta property=\"og:title\" content=\"Attaque iranienne \u00e0 Erbil\" \/>\n<meta property=\"og:description\" content=\"&nbsp;&nbsp;&nbsp;&nbsp;&nbsp;&nbsp;&nbsp;&nbsp;&nbsp;&nbsp;&nbsp; Le 13 mars dernier l\u2019Iran bombardait Erbil, grande ville du Nord-Est irakien majoritairement habit\u00e9e par les populations kurdes du pays. T\u00e9h\u00e9ran revendique les frappes qui s\u2019abattent sur des infrastructures que les Gardiens de la R\u00e9volution affirment \u00eatre des complexes isra\u00e9liens d\u2019entra\u00eenement, mais \u00e9galement des centres strat\u00e9giques. &nbsp;&nbsp;&nbsp;&nbsp;&nbsp;&nbsp;&nbsp;&nbsp;&nbsp;&nbsp;&nbsp; Il s\u2019agit donc d\u2019une rivalit\u00e9, d\u2019une inimiti\u00e9 [&hellip;]\" \/>\n<meta property=\"og:url\" content=\"https:\/\/www.berndbraun.eu\/sk\/attaque-iranienne-a-erbil\/\" \/>\n<meta property=\"og:site_name\" content=\"Bernd Braun\" \/>\n<meta property=\"article:published_time\" content=\"2022-04-30T20:17:13+00:00\" \/>\n<meta property=\"article:modified_time\" content=\"2022-11-16T23:26:49+00:00\" \/>\n<meta property=\"og:image\" content=\"https:\/\/www.berndbraun.eu\/wp-content\/uploads\/2022\/05\/dreamstime_m_147204758-scaled.jpg\" \/>\n\t<meta property=\"og:image:width\" content=\"2560\" \/>\n\t<meta property=\"og:image:height\" content=\"1025\" \/>\n\t<meta property=\"og:image:type\" content=\"image\/jpeg\" \/>\n<meta name=\"author\" content=\"Bernd\" \/>\n<meta name=\"twitter:card\" content=\"summary_large_image\" \/>\n<meta name=\"twitter:label1\" content=\"Autor\" \/>\n\t<meta name=\"twitter:data1\" content=\"Bernd\" \/>\n\t<meta name=\"twitter:label2\" content=\"Predpokladan\u00fd \u010das \u010d\u00edtania\" \/>\n\t<meta name=\"twitter:data2\" content=\"3 min\u00faty\" \/>\n<script type=\"application\/ld+json\" class=\"yoast-schema-graph\">{\"@context\":\"https:\/\/schema.org\",\"@graph\":[{\"@type\":\"Article\",\"@id\":\"https:\/\/www.berndbraun.eu\/attaque-iranienne-a-erbil\/#article\",\"isPartOf\":{\"@id\":\"https:\/\/www.berndbraun.eu\/attaque-iranienne-a-erbil\/\"},\"author\":{\"name\":\"Bernd\",\"@id\":\"https:\/\/www.berndbraun.eu\/#\/schema\/person\/a64c4c08b6a8c9f8fe9be655928070ca\"},\"headline\":\"Attaque iranienne \u00e0 Erbil\",\"datePublished\":\"2022-04-30T20:17:13+00:00\",\"dateModified\":\"2022-11-16T23:26:49+00:00\",\"mainEntityOfPage\":{\"@id\":\"https:\/\/www.berndbraun.eu\/attaque-iranienne-a-erbil\/\"},\"wordCount\":659,\"commentCount\":0,\"image\":{\"@id\":\"https:\/\/www.berndbraun.eu\/attaque-iranienne-a-erbil\/#primaryimage\"},\"thumbnailUrl\":\"https:\/\/www.berndbraun.eu\/wp-content\/uploads\/2022\/05\/dreamstime_m_147204758-scaled.jpg\",\"articleSection\":[\"Politics\"],\"inLanguage\":\"sk-SK\",\"potentialAction\":[{\"@type\":\"CommentAction\",\"name\":\"Comment\",\"target\":[\"https:\/\/www.berndbraun.eu\/attaque-iranienne-a-erbil\/#respond\"]}]},{\"@type\":\"WebPage\",\"@id\":\"https:\/\/www.berndbraun.eu\/attaque-iranienne-a-erbil\/\",\"url\":\"https:\/\/www.berndbraun.eu\/attaque-iranienne-a-erbil\/\",\"name\":\"Bernd Braun - Attaque iranienne \u00e0 Erbil\",\"isPartOf\":{\"@id\":\"https:\/\/www.berndbraun.eu\/#website\"},\"primaryImageOfPage\":{\"@id\":\"https:\/\/www.berndbraun.eu\/attaque-iranienne-a-erbil\/#primaryimage\"},\"image\":{\"@id\":\"https:\/\/www.berndbraun.eu\/attaque-iranienne-a-erbil\/#primaryimage\"},\"thumbnailUrl\":\"https:\/\/www.berndbraun.eu\/wp-content\/uploads\/2022\/05\/dreamstime_m_147204758-scaled.jpg\",\"datePublished\":\"2022-04-30T20:17:13+00:00\",\"dateModified\":\"2022-11-16T23:26:49+00:00\",\"author\":{\"@id\":\"https:\/\/www.berndbraun.eu\/#\/schema\/person\/a64c4c08b6a8c9f8fe9be655928070ca\"},\"breadcrumb\":{\"@id\":\"https:\/\/www.berndbraun.eu\/attaque-iranienne-a-erbil\/#breadcrumb\"},\"inLanguage\":\"sk-SK\",\"potentialAction\":[{\"@type\":\"ReadAction\",\"target\":[\"https:\/\/www.berndbraun.eu\/attaque-iranienne-a-erbil\/\"]}]},{\"@type\":\"ImageObject\",\"inLanguage\":\"sk-SK\",\"@id\":\"https:\/\/www.berndbraun.eu\/attaque-iranienne-a-erbil\/#primaryimage\",\"url\":\"https:\/\/www.berndbraun.eu\/wp-content\/uploads\/2022\/05\/dreamstime_m_147204758-scaled.jpg\",\"contentUrl\":\"https:\/\/www.berndbraun.eu\/wp-content\/uploads\/2022\/05\/dreamstime_m_147204758-scaled.jpg\",\"width\":2560,\"height\":1025},{\"@type\":\"BreadcrumbList\",\"@id\":\"https:\/\/www.berndbraun.eu\/attaque-iranienne-a-erbil\/#breadcrumb\",\"itemListElement\":[{\"@type\":\"ListItem\",\"position\":1,\"name\":\"Accueil\",\"item\":\"https:\/\/www.berndbraun.eu\/\"},{\"@type\":\"ListItem\",\"position\":2,\"name\":\"Attaque iranienne \u00e0 Erbil\"}]},{\"@type\":\"WebSite\",\"@id\":\"https:\/\/www.berndbraun.eu\/#website\",\"url\":\"https:\/\/www.berndbraun.eu\/\",\"name\":\"Bernd Braun\",\"description\":\"\",\"potentialAction\":[{\"@type\":\"SearchAction\",\"target\":{\"@type\":\"EntryPoint\",\"urlTemplate\":\"https:\/\/www.berndbraun.eu\/?s={search_term_string}\"},\"query-input\":{\"@type\":\"PropertyValueSpecification\",\"valueRequired\":true,\"valueName\":\"search_term_string\"}}],\"inLanguage\":\"sk-SK\"},{\"@type\":\"Person\",\"@id\":\"https:\/\/www.berndbraun.eu\/#\/schema\/person\/a64c4c08b6a8c9f8fe9be655928070ca\",\"name\":\"Bernd\",\"image\":{\"@type\":\"ImageObject\",\"inLanguage\":\"sk-SK\",\"@id\":\"https:\/\/secure.gravatar.com\/avatar\/e51d7b18a7c2fb10dd367a4bab68ef5a6d1736ae3537a0fd211df170b00b15af?s=96&d=mm&r=g\",\"url\":\"https:\/\/secure.gravatar.com\/avatar\/e51d7b18a7c2fb10dd367a4bab68ef5a6d1736ae3537a0fd211df170b00b15af?s=96&d=mm&r=g\",\"contentUrl\":\"https:\/\/secure.gravatar.com\/avatar\/e51d7b18a7c2fb10dd367a4bab68ef5a6d1736ae3537a0fd211df170b00b15af?s=96&d=mm&r=g\",\"caption\":\"Bernd\"},\"url\":\"https:\/\/www.berndbraun.eu\/sk\/author\/bernd\/\"}]}<\/script>\n<!-- \/ Yoast SEO Premium plugin. -->","yoast_head_json":{"title":"Bernd Braun - Ir\u00e1nsky \u00fatok v Erbile","robots":{"index":"index","follow":"follow","max-snippet":"max-snippet:-1","max-image-preview":"max-image-preview:large","max-video-preview":"max-video-preview:-1"},"canonical":"https:\/\/www.berndbraun.eu\/sk\/attaque-iranienne-a-erbil\/","og_locale":"sk_SK","og_type":"article","og_title":"Attaque iranienne \u00e0 Erbil","og_description":"&nbsp;&nbsp;&nbsp;&nbsp;&nbsp;&nbsp;&nbsp;&nbsp;&nbsp;&nbsp;&nbsp; Le 13 mars dernier l\u2019Iran bombardait Erbil, grande ville du Nord-Est irakien majoritairement habit\u00e9e par les populations kurdes du pays. T\u00e9h\u00e9ran revendique les frappes qui s\u2019abattent sur des infrastructures que les Gardiens de la R\u00e9volution affirment \u00eatre des complexes isra\u00e9liens d\u2019entra\u00eenement, mais \u00e9galement des centres strat\u00e9giques. &nbsp;&nbsp;&nbsp;&nbsp;&nbsp;&nbsp;&nbsp;&nbsp;&nbsp;&nbsp;&nbsp; Il s\u2019agit donc d\u2019une rivalit\u00e9, d\u2019une inimiti\u00e9 [&hellip;]","og_url":"https:\/\/www.berndbraun.eu\/sk\/attaque-iranienne-a-erbil\/","og_site_name":"Bernd Braun","article_published_time":"2022-04-30T20:17:13+00:00","article_modified_time":"2022-11-16T23:26:49+00:00","og_image":[{"width":2560,"height":1025,"url":"https:\/\/www.berndbraun.eu\/wp-content\/uploads\/2022\/05\/dreamstime_m_147204758-scaled.jpg","type":"image\/jpeg"}],"author":"Bernd","twitter_card":"summary_large_image","twitter_misc":{"Autor":"Bernd","Predpokladan\u00fd \u010das \u010d\u00edtania":"3 min\u00faty"},"schema":{"@context":"https:\/\/schema.org","@graph":[{"@type":"Article","@id":"https:\/\/www.berndbraun.eu\/attaque-iranienne-a-erbil\/#article","isPartOf":{"@id":"https:\/\/www.berndbraun.eu\/attaque-iranienne-a-erbil\/"},"author":{"name":"Bernd","@id":"https:\/\/www.berndbraun.eu\/#\/schema\/person\/a64c4c08b6a8c9f8fe9be655928070ca"},"headline":"Attaque iranienne \u00e0 Erbil","datePublished":"2022-04-30T20:17:13+00:00","dateModified":"2022-11-16T23:26:49+00:00","mainEntityOfPage":{"@id":"https:\/\/www.berndbraun.eu\/attaque-iranienne-a-erbil\/"},"wordCount":659,"commentCount":0,"image":{"@id":"https:\/\/www.berndbraun.eu\/attaque-iranienne-a-erbil\/#primaryimage"},"thumbnailUrl":"https:\/\/www.berndbraun.eu\/wp-content\/uploads\/2022\/05\/dreamstime_m_147204758-scaled.jpg","articleSection":["Politics"],"inLanguage":"sk-SK","potentialAction":[{"@type":"CommentAction","name":"Comment","target":["https:\/\/www.berndbraun.eu\/attaque-iranienne-a-erbil\/#respond"]}]},{"@type":"WebPage","@id":"https:\/\/www.berndbraun.eu\/attaque-iranienne-a-erbil\/","url":"https:\/\/www.berndbraun.eu\/attaque-iranienne-a-erbil\/","name":"Bernd Braun - Ir\u00e1nsky \u00fatok v Erbile","isPartOf":{"@id":"https:\/\/www.berndbraun.eu\/#website"},"primaryImageOfPage":{"@id":"https:\/\/www.berndbraun.eu\/attaque-iranienne-a-erbil\/#primaryimage"},"image":{"@id":"https:\/\/www.berndbraun.eu\/attaque-iranienne-a-erbil\/#primaryimage"},"thumbnailUrl":"https:\/\/www.berndbraun.eu\/wp-content\/uploads\/2022\/05\/dreamstime_m_147204758-scaled.jpg","datePublished":"2022-04-30T20:17:13+00:00","dateModified":"2022-11-16T23:26:49+00:00","author":{"@id":"https:\/\/www.berndbraun.eu\/#\/schema\/person\/a64c4c08b6a8c9f8fe9be655928070ca"},"breadcrumb":{"@id":"https:\/\/www.berndbraun.eu\/attaque-iranienne-a-erbil\/#breadcrumb"},"inLanguage":"sk-SK","potentialAction":[{"@type":"ReadAction","target":["https:\/\/www.berndbraun.eu\/attaque-iranienne-a-erbil\/"]}]},{"@type":"ImageObject","inLanguage":"sk-SK","@id":"https:\/\/www.berndbraun.eu\/attaque-iranienne-a-erbil\/#primaryimage","url":"https:\/\/www.berndbraun.eu\/wp-content\/uploads\/2022\/05\/dreamstime_m_147204758-scaled.jpg","contentUrl":"https:\/\/www.berndbraun.eu\/wp-content\/uploads\/2022\/05\/dreamstime_m_147204758-scaled.jpg","width":2560,"height":1025},{"@type":"BreadcrumbList","@id":"https:\/\/www.berndbraun.eu\/attaque-iranienne-a-erbil\/#breadcrumb","itemListElement":[{"@type":"ListItem","position":1,"name":"Accueil","item":"https:\/\/www.berndbraun.eu\/"},{"@type":"ListItem","position":2,"name":"Attaque iranienne \u00e0 Erbil"}]},{"@type":"WebSite","@id":"https:\/\/www.berndbraun.eu\/#website","url":"https:\/\/www.berndbraun.eu\/","name":"Bernd Braun","description":"","potentialAction":[{"@type":"SearchAction","target":{"@type":"EntryPoint","urlTemplate":"https:\/\/www.berndbraun.eu\/?s={search_term_string}"},"query-input":{"@type":"PropertyValueSpecification","valueRequired":true,"valueName":"search_term_string"}}],"inLanguage":"sk-SK"},{"@type":"Person","@id":"https:\/\/www.berndbraun.eu\/#\/schema\/person\/a64c4c08b6a8c9f8fe9be655928070ca","name":"Bernd","image":{"@type":"ImageObject","inLanguage":"sk-SK","@id":"https:\/\/secure.gravatar.com\/avatar\/e51d7b18a7c2fb10dd367a4bab68ef5a6d1736ae3537a0fd211df170b00b15af?s=96&d=mm&r=g","url":"https:\/\/secure.gravatar.com\/avatar\/e51d7b18a7c2fb10dd367a4bab68ef5a6d1736ae3537a0fd211df170b00b15af?s=96&d=mm&r=g","contentUrl":"https:\/\/secure.gravatar.com\/avatar\/e51d7b18a7c2fb10dd367a4bab68ef5a6d1736ae3537a0fd211df170b00b15af?s=96&d=mm&r=g","caption":"Bernd"},"url":"https:\/\/www.berndbraun.eu\/sk\/author\/bernd\/"}]}},"_links":{"self":[{"href":"https:\/\/www.berndbraun.eu\/sk\/wp-json\/wp\/v2\/posts\/1191","targetHints":{"allow":["GET"]}}],"collection":[{"href":"https:\/\/www.berndbraun.eu\/sk\/wp-json\/wp\/v2\/posts"}],"about":[{"href":"https:\/\/www.berndbraun.eu\/sk\/wp-json\/wp\/v2\/types\/post"}],"author":[{"embeddable":true,"href":"https:\/\/www.berndbraun.eu\/sk\/wp-json\/wp\/v2\/users\/3"}],"replies":[{"embeddable":true,"href":"https:\/\/www.berndbraun.eu\/sk\/wp-json\/wp\/v2\/comments?post=1191"}],"version-history":[{"count":12,"href":"https:\/\/www.berndbraun.eu\/sk\/wp-json\/wp\/v2\/posts\/1191\/revisions"}],"predecessor-version":[{"id":1555,"href":"https:\/\/www.berndbraun.eu\/sk\/wp-json\/wp\/v2\/posts\/1191\/revisions\/1555"}],"wp:featuredmedia":[{"embeddable":true,"href":"https:\/\/www.berndbraun.eu\/sk\/wp-json\/wp\/v2\/media\/1194"}],"wp:attachment":[{"href":"https:\/\/www.berndbraun.eu\/sk\/wp-json\/wp\/v2\/media?parent=1191"}],"wp:term":[{"taxonomy":"category","embeddable":true,"href":"https:\/\/www.berndbraun.eu\/sk\/wp-json\/wp\/v2\/categories?post=1191"},{"taxonomy":"post_tag","embeddable":true,"href":"https:\/\/www.berndbraun.eu\/sk\/wp-json\/wp\/v2\/tags?post=1191"},{"taxonomy":"type-darticle","embeddable":true,"href":"https:\/\/www.berndbraun.eu\/sk\/wp-json\/wp\/v2\/type-darticle?post=1191"}],"curies":[{"name":"wp","href":"https:\/\/api.w.org\/{rel}","templated":true}]}}