{"id":1383,"date":"2022-09-01T18:01:40","date_gmt":"2022-09-01T16:01:40","guid":{"rendered":"https:\/\/www.berndbraun.eu\/?p=1383"},"modified":"2022-11-17T01:18:24","modified_gmt":"2022-11-16T23:18:24","slug":"the-upcoming-italian-elections-the-players-the-favorites-the-outsiders","status":"publish","type":"post","link":"https:\/\/www.berndbraun.eu\/sk\/the-upcoming-italian-elections-the-players-the-favorites-the-outsiders\/","title":{"rendered":"Nadch\u00e1dzaj\u00face talianske vo\u013eby: hr\u00e1\u010di, favoriti, outsideri"},"content":{"rendered":"<p>&nbsp;&nbsp;&nbsp;&nbsp;&nbsp;&nbsp;&nbsp;&nbsp;&nbsp;&nbsp;&nbsp; 25. septembra p\u00f4jdu Taliani k volebn\u00fdm urn\u00e1m, aby si zvolili nov\u00fa vl\u00e1du po pred\u010dasn\u00fdch vo\u013eb\u00e1ch, ktor\u00e9 boli vyhl\u00e1sen\u00e9 uprostred leta. Politick\u00e9 turbulencie nie s\u00fa v Taliansku ni\u010d\u00edm v\u00fdnimo\u010dn\u00fdm a ani Mario Draghi nedok\u00e1zal pre\u017ei\u0165 nestabiln\u00fa taliansku politick\u00fa sc\u00e9nu.<\/p>\n\n\n\n<div style=\"height:1px\" aria-hidden=\"true\" class=\"wp-block-spacer\"><\/div>\n\n\n\n<p class=\"has-white-color has-vivid-red-background-color has-text-color has-background\"><strong>P\u00e1d Maria Draghiho<\/strong><br><br>&nbsp;&nbsp;&nbsp;&nbsp;&nbsp;&nbsp;&nbsp;&nbsp;&nbsp;&nbsp;&nbsp; Draghi viedol vl\u00e1du n\u00e1rodnej jednoty, ktor\u00fa tvorili v podstate v\u0161etky hlavn\u00e9 parlamentn\u00e9 strany okrem strany Fratelli d'Italia (ECR) Giorgia Meloniho. Premi\u00e9r stratil v\u00e4\u010d\u0161inu po kr\u00edze, ktor\u00fa za\u010dal l\u00edder Hnutia 5 hviezd (NI) Giuseppe Conte po tom, ako pohrozil, \u017ee vyst\u00fapi z vl\u00e1dy, ak sa do programu nezarad\u00ed viac polit\u00edk Hnutia 5 hviezd. N\u00e1sledne musel Mario Draghi vyst\u00fapi\u0165 v Parlamente v s\u00favislosti s prebiehaj\u00facou kr\u00edzou. Jeho prejav sklamal \u010fal\u0161ie dve strany, ktor\u00e9 maj\u00fa v\u00e4\u010d\u0161inu, Forza Italia (EPP) a Lega (ID), ktor\u00e9 mali v\u00fdhrady k niektor\u00fdm pas\u00e1\u017eam Draghiho prejavu. Lega a Forza Italia teda navrhli pokra\u010dova\u0165 s Draghim na \u010dele vl\u00e1dy, ale v\u00fdmenou za to po\u017eadovali z\u00e1ruku, \u017ee 5 hviezd nebude s\u00fa\u010das\u0165ou novej v\u00e4\u010d\u0161iny. Dohodu sa nepodarilo n\u00e1js\u0165, a tak vl\u00e1da nakoniec padla.<\/p>\n\n\n\n<p><br><strong>Hr\u00e1\u010di<\/strong><br><br>&nbsp;&nbsp;&nbsp;&nbsp;&nbsp;&nbsp;&nbsp;&nbsp;&nbsp;&nbsp;&nbsp; Po p\u00e1de Draghiho sa strany sna\u017eili vytvori\u0165 aliancie a koal\u00edcie pre nadch\u00e1dzaj\u00face vo\u013eby. Dve liber\u00e1lne strany (Azione a +Europa, Renew Europe) a socialisti (PD + men\u0161ie strany, S&amp;D) boli ve\u013emi bl\u00edzko k dohode o vytvoren\u00ed koal\u00edcie, aby mali \u0161ancu vyzva\u0165 stredoprav\u00fd blok, a dokonca podp\u00edsali ofici\u00e1lnu dohodu o vytvoren\u00ed spolo\u010dnej koal\u00edcie. Kr\u00e1tko nato liber\u00e1li z Azione pod veden\u00edm Carla Calendu odi\u0161li z koal\u00edcie, zatia\u013e \u010do strana +Europa sa rozhodla zosta\u0165. Po tomto rozdelen\u00ed Azione vytvorila alianciu so stranou Italia Viva (RE), ktor\u00fa viedol b\u00fdval\u00fd premi\u00e9r Matteo Renzi.<br><br>&nbsp;&nbsp;&nbsp;&nbsp;&nbsp;&nbsp;&nbsp;&nbsp;&nbsp;&nbsp;&nbsp; PD (S&amp;D) sa nesk\u00f4r rozhodla do svojej koal\u00edcie zahrn\u00fa\u0165 nieko\u013eko men\u0161\u00edch krajne \u013eavicov\u00fdch str\u00e1n, \u010d\u00edm sa e\u0161te viac posunula na \u013eavicu a u\u013eah\u010dila tak liber\u00e1lnej koal\u00edcii od\u010derpanie hlasov zo stredu\/stredov\u00fdch str\u00e1n. PD predstavila voli\u010dom program zameran\u00fd na tri \"piliere\": trvalo udr\u017eate\u013en\u00fd rozvoj a ekologick\u00e9 a digit\u00e1lne premeny; pracovn\u00e9 miesta, vedomosti a soci\u00e1lna spravodlivos\u0165; pr\u00e1va a ob\u010dianstvo.<br><br>&nbsp;&nbsp;&nbsp;&nbsp;&nbsp;&nbsp;&nbsp;&nbsp;&nbsp;&nbsp;&nbsp; Jedna z men\u0161\u00edch str\u00e1n, ktor\u00e9 s\u00fa s\u00fa\u010das\u0165ou socialistickej aliancie, sa naz\u00fdva \"Sinistra Italiana\" a vedie ju Nicola Fratoianni, ktor\u00fd je zn\u00e1my svojimi krajne \u013eavicov\u00fdmi postojmi v hospod\u00e1rskych ot\u00e1zkach a skeptick\u00fdmi n\u00e1zormi na NATO (po ruskej inv\u00e1zii bol proti vstupu F\u00ednska a \u0160v\u00e9dska). Za\u010dlenenie strany Sinistra Italiana do koal\u00edcie viedlo ku kritike PD a jej tajomn\u00edka Enrica Lettu zo v\u0161etk\u00fdch str\u00e1n. Sinistra Italiana sedela po\u010das Draghiho vl\u00e1dy na opozi\u010dn\u00fdch miestach.<\/p>\n\n\n\n<p><\/p>\n\n\n<div class=\"wp-block-image\">\n<figure class=\"aligncenter size-large is-resized\"><img loading=\"lazy\" decoding=\"async\" src=\"https:\/\/www.berndbraun.eu\/wp-content\/uploads\/2022\/08\/POLL-29-agosto-1024x580.png\" alt=\"\" class=\"wp-image-1398\" width=\"900\" height=\"435\"\/><figcaption class=\"wp-element-caption\"><br>Prieskum 29. augusta<\/figcaption><\/figure>\n<\/div>\n\n\n<p>&nbsp;&nbsp;&nbsp;&nbsp;&nbsp;&nbsp;&nbsp;&nbsp;&nbsp;&nbsp;&nbsp; Odch\u00e1dzaj\u00faci minister zahrani\u010dn\u00fdch vec\u00ed Luigi di Maio opustil Hnutie 5 hviezd e\u0161te pred politickou kr\u00edzou, ktor\u00e1 sp\u00f4sobila p\u00e1d Draghiho vl\u00e1dy, po nezhod\u00e1ch s Giuseppem Contem v ot\u00e1zke postoja strany k rusko-ukrajinsk\u00e9mu konfliktu. Desiatky poslancov 5 Stars nasledovali Di Maia a opustili hnutie. Di Maio zalo\u017eil politick\u00fa listinu s n\u00e1zvom \"Impegno Civico\", ktor\u00e1 bude kandidova\u0165 spolu so stredo\u013eavicovou koal\u00edciou vedenou PD.<br><br>&nbsp;&nbsp;&nbsp;&nbsp;&nbsp;&nbsp;&nbsp;&nbsp;&nbsp;&nbsp;&nbsp; Giuseppe Conte medzit\u00fdm potvrdil, \u017ee Hnutie 5 hviezd bude vo vo\u013eb\u00e1ch v roku 2022 kandidova\u0165 samostatne.<br><br>&nbsp;&nbsp;&nbsp;&nbsp;&nbsp;&nbsp;&nbsp;&nbsp;&nbsp;&nbsp;&nbsp; To je najlep\u0161\u00ed scen\u00e1r pre stredoprav\u00fa koal\u00edciu, ktor\u00fa tvoria Fratelli D'Italia Giorgia Meloniho, Lega Mattea Salviniho, Forza Italia Silvia Berlusconiho (EPP) a centristick\u00fd zoznam Noi Moderati (EPP). Koal\u00edcia m\u00e1 v prieskumoch stabilne okolo 48% a pod\u013ea s\u00fa\u010dasn\u00e9ho volebn\u00e9ho z\u00e1kona sa predpoklad\u00e1, \u017ee stredopravica z\u00edska v\u00e4\u010d\u0161inu v oboch komor\u00e1ch, Camera aj Senato. Stredoprav\u00e1 koal\u00edcia m\u00e1 vn\u00fatorn\u00fa dohodu o tom, ktor\u00e1 strana vyberie meno, ktor\u00e9 navrhne prezidentovi na vedenie vl\u00e1dy. N\u00e1zov vyberie strana, ktor\u00e1 z\u00edska najvy\u0161\u0161\u00ed po\u010det hlasov. Vzh\u013eadom na dne\u0161n\u00e9 percent\u00e1 by strana Fratelli d'Italia mala nominova\u0165 bud\u00faceho premi\u00e9ra a Giorgia Meloni by sa mala sta\u0165 jeho kandid\u00e1tkou.<\/p>\n\n\n\n<figure class=\"wp-block-gallery has-nested-images columns-default is-cropped wp-block-gallery-1 is-layout-flex wp-block-gallery-is-layout-flex\">\n<figure class=\"wp-block-image size-large\"><img loading=\"lazy\" decoding=\"async\" width=\"800\" height=\"533\" data-id=\"1393\" src=\"https:\/\/www.berndbraun.eu\/wp-content\/uploads\/2022\/08\/dreamstime_s_40354951_comp.jpg\" alt=\"\" class=\"wp-image-1393\" srcset=\"https:\/\/www.berndbraun.eu\/wp-content\/uploads\/2022\/08\/dreamstime_s_40354951_comp.jpg 800w, https:\/\/www.berndbraun.eu\/wp-content\/uploads\/2022\/08\/dreamstime_s_40354951_comp-300x200.jpg 300w, https:\/\/www.berndbraun.eu\/wp-content\/uploads\/2022\/08\/dreamstime_s_40354951_comp-768x512.jpg 768w, https:\/\/www.berndbraun.eu\/wp-content\/uploads\/2022\/08\/dreamstime_s_40354951_comp-18x12.jpg 18w\" sizes=\"auto, (max-width: 800px) 100vw, 800px\" \/><figcaption class=\"wp-element-caption\"><a href=\"https:\/\/www.dreamstime.com\/photos-images\/giorgia-meloni.html\">Giorgia Meloni<\/a>&nbsp;Lupoalb68<\/figcaption><\/figure>\n\n\n\n<figure class=\"wp-block-image size-large\"><img loading=\"lazy\" decoding=\"async\" width=\"800\" height=\"533\" data-id=\"1394\" src=\"https:\/\/www.berndbraun.eu\/wp-content\/uploads\/2022\/08\/dreamstime_s_199781395_comp.jpg\" alt=\"\" class=\"wp-image-1394\" srcset=\"https:\/\/www.berndbraun.eu\/wp-content\/uploads\/2022\/08\/dreamstime_s_199781395_comp.jpg 800w, https:\/\/www.berndbraun.eu\/wp-content\/uploads\/2022\/08\/dreamstime_s_199781395_comp-300x200.jpg 300w, https:\/\/www.berndbraun.eu\/wp-content\/uploads\/2022\/08\/dreamstime_s_199781395_comp-768x512.jpg 768w, https:\/\/www.berndbraun.eu\/wp-content\/uploads\/2022\/08\/dreamstime_s_199781395_comp-18x12.jpg 18w\" sizes=\"auto, (max-width: 800px) 100vw, 800px\" \/><figcaption class=\"wp-element-caption\"><a href=\"https:\/\/www.dreamstime.com\/photos-images\/giorgia-meloni.html\">Giorgia Meloni<\/a>&nbsp;Vincenzo Izzo<\/figcaption><\/figure>\n<\/figure>\n\n\n\n<p>&nbsp;&nbsp;&nbsp;&nbsp;&nbsp;&nbsp;&nbsp;&nbsp;&nbsp;&nbsp;&nbsp; <\/p>\n\n\n\n<p><strong>Ob\u013e\u00faben\u00e9 polo\u017eky<\/strong><br><br>&nbsp;&nbsp;&nbsp;&nbsp;&nbsp;&nbsp;&nbsp;&nbsp;&nbsp;&nbsp;&nbsp; Pre stredoprav\u00fa stranu je to po rokoch prv\u00e1 \u0161anca na op\u00e4tovn\u00e9 z\u00edskanie moci po poslednej vl\u00e1de, ktor\u00fa a\u017e do jej p\u00e1du v roku 2011 viedol Silvio Berlusconi. Po jeden\u00e1stich rokoch je Berlusconi pripraven\u00fd na svoj n\u00e1vrat do talianskej politiky po zvolen\u00ed za poslanca Eur\u00f3pskeho parlamentu v roku 2019.<br><br>&nbsp;&nbsp;&nbsp;&nbsp;&nbsp;&nbsp;&nbsp;&nbsp;&nbsp;&nbsp;&nbsp; Zatia\u013e \u010do Giorgia Meloniov\u00e1 sa usiluje o premi\u00e9rsky post, Matteo Salvini s\u00fastre\u010fuje kampa\u0148 strany Lega na t\u00e9mu bezpe\u010dnosti a svojho mo\u017en\u00e9ho n\u00e1vratu na post ministra vn\u00fatra. Taliansko je jedn\u00fdm z hlavn\u00fdch cie\u013eov neleg\u00e1lneho prekra\u010dovania Stredozemn\u00e9ho mora a obchodn\u00edkov s \u013eu\u010fmi a po\u010das tohtoro\u010dn\u00e9ho leta po\u010det pr\u00edchodov op\u00e4\u0165 prudko vzr\u00e1stol a dosahuje \u010d\u00edsla spred dvoch rokov.<br><br>&nbsp;&nbsp;&nbsp;&nbsp;&nbsp;&nbsp;&nbsp;&nbsp;&nbsp;&nbsp;&nbsp; Stredoprav\u00e1 koal\u00edcia predlo\u017eila spolo\u010dn\u00fd volebn\u00fd program, ktor\u00fd pozost\u00e1va z 15 bodov. \u00davodn\u00fd bod sa t\u00fdka medzin\u00e1rodn\u00e9ho postavenia Talianska, ktor\u00e9 je definovan\u00e9 ako \"plnohodnotn\u00e1 s\u00fa\u010das\u0165 Eur\u00f3py, Severoatlantickej aliancie a Z\u00e1padu\", a nastavenia \"zahrani\u010dnej politiky zameranej na ochranu n\u00e1rodn\u00fdch z\u00e1ujmov a obranu vlasti\".<br><br>&nbsp;&nbsp;&nbsp;&nbsp;&nbsp;&nbsp;&nbsp;&nbsp;&nbsp;&nbsp;&nbsp; Dokument sa zaober\u00e1 r\u00f4znymi t\u00e9mami vr\u00e1tane da\u0148ov\u00fdch a justi\u010dn\u00fdch reforiem, prehodnotenia niektor\u00fdch ot\u00e1zok soci\u00e1lneho zabezpe\u010denia, boja proti neleg\u00e1lnemu pris\u0165ahovalectvu a ochrany \u017eivotn\u00e9ho prostredia. S\u00fa\u010das\u0165ou programu je aj \"rev\u00edzia pl\u00e1nu obnovy pod\u013ea zmenen\u00fdch podmienok, potrieb a prior\u00edt\" a n\u00e1vrh reformy \u00fastavy, ktorej v\u00fdsledkom bude priama vo\u013eba prezidenta republiky a roz\u0161\u00edrenie region\u00e1lnych auton\u00f3mi\u00ed.<br><\/p>\n\n\n\n<div style=\"height:9px\" aria-hidden=\"true\" class=\"wp-block-spacer\"><\/div>\n\n\n\n<p class=\"has-white-color has-text-color has-background\" style=\"background-color:#573636\"><strong>The Outsiders<\/strong><br><br>&nbsp;&nbsp;&nbsp;&nbsp;&nbsp;&nbsp;&nbsp;&nbsp;&nbsp;&nbsp;&nbsp; Liber\u00e1lna koal\u00edcia tvoren\u00e1 Calendovou stranou Azione a Renziho stranou Italia Viva m\u00e1 v prieskumoch okolo 5% (prah pre vstup do parlamentu je 3%) a jej hlavn\u00fdm cie\u013eom je umiernen\u00fd centristick\u00fd elektor\u00e1t. Jej program pozost\u00e1va z progres\u00edvnych bodov a pragmatick\u00fdch n\u00e1zorov na energetick\u00e9 ot\u00e1zky, ako je napr\u00edklad nevyhnutnos\u0165 vyu\u017e\u00edvania jadrovej energie, ktor\u00e1 sa v Taliansku dodnes nepou\u017e\u00edva.<br><br>&nbsp;&nbsp;&nbsp;&nbsp;&nbsp;&nbsp;&nbsp;&nbsp;&nbsp;&nbsp;&nbsp; V tomto bode sa liber\u00e1lna koal\u00edcia pribli\u017euje k prav\u00e9mu stredu. Energetick\u00e1 kr\u00edza je jedn\u00fdm z<br>z hlavn\u00fdch t\u00e9m, o ktor\u00fdch sa diskutuje po\u010das tejto volebnej kampane a ktor\u00e9 talianskych voli\u010dov najviac znepokojuj\u00fa. Vysok\u00e9 \u00fa\u010dty za energie si u\u017e vy\u017eiadali obete v radoch firiem, zvy\u0161ovanie cien bude ma\u0165 ve\u013ek\u00fd dopad aj na dom\u00e1cnosti. Stredo\u013eav\u00e1 koal\u00edcia a strana 5 hviezd s\u00fa rozhodne proti vyu\u017e\u00edvaniu jadrovej energie, zatia\u013e \u010do liber\u00e1lna koal\u00edcia a stredoprav\u00e1 koal\u00edcia s\u00fa rozhodne za jej vyu\u017e\u00edvanie a veria, \u017ee na boj proti energetickej kr\u00edze a na dosiahnutie energetickej auton\u00f3mie Talianska by sa mal vyu\u017e\u00edva\u0165 ak\u00fdko\u013evek ekologicky \u010dist\u00fd n\u00e1stroj.<\/p>\n\n\n\n<div style=\"height:1px\" aria-hidden=\"true\" class=\"wp-block-spacer\"><\/div>\n\n\n\n<p><br><strong>\u010co m\u00f4\u017eete o\u010dak\u00e1va\u0165 po 25. septembri<\/strong><br><br>&nbsp;&nbsp;&nbsp;&nbsp;&nbsp;&nbsp;&nbsp;&nbsp;&nbsp;&nbsp;&nbsp; Predpoklad\u00e1 sa, \u017ee zv\u00ed\u0165az\u00ed prav\u00fd stred, ale \u010do m\u00f4\u017eeme o\u010dak\u00e1va\u0165 od novovzniknutej vl\u00e1dy? Konzervat\u00edvci bud\u00fa musie\u0165 rie\u0161i\u0165 jednu z najv\u00e4\u010d\u0161\u00edch kr\u00edz v na\u0161ich ned\u00e1vnych dejin\u00e1ch, rusko-ukrajinsk\u00fd konflikt, prudk\u00fd n\u00e1rast cien plynu a infl\u00e1ciu. Okrem toho Brusel bude sledova\u0165 a o\u010dak\u00e1va, \u017ee Taliansko dodr\u017e\u00ed s\u013euby, ktor\u00e9 dalo po\u010das Draghiho vl\u00e1dy. Ak\u00e1 bude situ\u00e1cia talianskej vl\u00e1dy po\u010das jednej z najtuh\u0161\u00edch z\u00edm v Eur\u00f3pe za posledn\u00e9 desa\u0165ro\u010dia?<\/p>\n\n\n<div class=\"wp-block-image\">\n<figure class=\"aligncenter size-large\"><img loading=\"lazy\" decoding=\"async\" width=\"1024\" height=\"564\" src=\"https:\/\/www.berndbraun.eu\/wp-content\/uploads\/2022\/08\/AdobeStock_16237932_compressed-1024x564.jpeg\" alt=\"\" class=\"wp-image-1387\" srcset=\"https:\/\/www.berndbraun.eu\/wp-content\/uploads\/2022\/08\/AdobeStock_16237932_compressed-1024x564.jpeg 1024w, https:\/\/www.berndbraun.eu\/wp-content\/uploads\/2022\/08\/AdobeStock_16237932_compressed-300x165.jpeg 300w, https:\/\/www.berndbraun.eu\/wp-content\/uploads\/2022\/08\/AdobeStock_16237932_compressed-768x423.jpeg 768w, https:\/\/www.berndbraun.eu\/wp-content\/uploads\/2022\/08\/AdobeStock_16237932_compressed-1536x846.jpeg 1536w, https:\/\/www.berndbraun.eu\/wp-content\/uploads\/2022\/08\/AdobeStock_16237932_compressed-2048x1128.jpeg 2048w, https:\/\/www.berndbraun.eu\/wp-content\/uploads\/2022\/08\/AdobeStock_16237932_compressed-18x10.jpeg 18w, https:\/\/www.berndbraun.eu\/wp-content\/uploads\/2022\/08\/AdobeStock_16237932_compressed-scaled.jpeg 2560w\" sizes=\"auto, (max-width: 1024px) 100vw, 1024px\" \/><\/figure>\n<\/div>\n\n\n<div style=\"height:50px\" aria-hidden=\"true\" class=\"wp-block-spacer\"><\/div>\n\n\n\n<p class=\"has-text-align-center has-cyan-bluish-gray-color has-text-color has-small-font-size\">V\u0161etky pr\u00e1va vyhraden\u00e9 spolo\u010dnos\u0165ou BRAUN<\/p>","protected":false},"excerpt":{"rendered":"<p>&nbsp;&nbsp;&nbsp;&nbsp;&nbsp;&nbsp;&nbsp;&nbsp;&nbsp;&nbsp;&nbsp; On the 25th of September Italians will go to the polls to elect a new Government after snap elections were called in the middle of summer. Political turmoil is not uncommon in Italy and even Mario Draghi was not able to survive the unstable Italian political scene. The fall of Mario Draghi &nbsp;&nbsp;&nbsp;&nbsp;&nbsp;&nbsp;&nbsp;&nbsp;&nbsp;&nbsp;&nbsp; Draghi [&hellip;]<\/p>\n","protected":false},"author":3,"featured_media":1386,"comment_status":"open","ping_status":"open","sticky":false,"template":"","format":"standard","meta":{"footnotes":""},"categories":[5],"tags":[],"type-darticle":[22],"class_list":["post-1383","post","type-post","status-publish","format-standard","has-post-thumbnail","hentry","category-politics","type-darticle-commentaire"],"yoast_head":"<!-- This site is optimized with the Yoast SEO Premium plugin v21.4 (Yoast SEO v27.2) - https:\/\/yoast.com\/product\/yoast-seo-premium-wordpress\/ -->\n<title>Bernd Braun - Prochaines \u00e9lections italiennes : les joueurs, les favoris et les outsiders<\/title>\n<meta name=\"robots\" content=\"index, follow, max-snippet:-1, max-image-preview:large, max-video-preview:-1\" \/>\n<link rel=\"canonical\" href=\"https:\/\/www.berndbraun.eu\/sk\/the-upcoming-italian-elections-the-players-the-favorites-the-outsiders\/\" \/>\n<meta property=\"og:locale\" content=\"sk_SK\" \/>\n<meta property=\"og:type\" content=\"article\" \/>\n<meta property=\"og:title\" content=\"Prochaines \u00e9lections italiennes : les joueurs, les favoris et les outsiders\" \/>\n<meta property=\"og:description\" content=\"&nbsp;&nbsp;&nbsp;&nbsp;&nbsp;&nbsp;&nbsp;&nbsp;&nbsp;&nbsp;&nbsp; On the 25th of September Italians will go to the polls to elect a new Government after snap elections were called in the middle of summer. Political turmoil is not uncommon in Italy and even Mario Draghi was not able to survive the unstable Italian political scene. The fall of Mario Draghi &nbsp;&nbsp;&nbsp;&nbsp;&nbsp;&nbsp;&nbsp;&nbsp;&nbsp;&nbsp;&nbsp; Draghi [&hellip;]\" \/>\n<meta property=\"og:url\" content=\"https:\/\/www.berndbraun.eu\/sk\/the-upcoming-italian-elections-the-players-the-favorites-the-outsiders\/\" \/>\n<meta property=\"og:site_name\" content=\"Bernd Braun\" \/>\n<meta property=\"article:published_time\" content=\"2022-09-01T16:01:40+00:00\" \/>\n<meta property=\"article:modified_time\" content=\"2022-11-16T23:18:24+00:00\" \/>\n<meta property=\"og:image\" content=\"https:\/\/www.berndbraun.eu\/wp-content\/uploads\/2022\/09\/AdobeStock_57651263_compressed-scaled.jpeg\" \/>\n\t<meta property=\"og:image:width\" content=\"2560\" \/>\n\t<meta property=\"og:image:height\" content=\"1239\" \/>\n\t<meta property=\"og:image:type\" content=\"image\/jpeg\" \/>\n<meta name=\"author\" content=\"Bernd\" \/>\n<meta name=\"twitter:card\" content=\"summary_large_image\" \/>\n<meta name=\"twitter:label1\" content=\"Autor\" \/>\n\t<meta name=\"twitter:data1\" content=\"Bernd\" \/>\n\t<meta name=\"twitter:label2\" content=\"Predpokladan\u00fd \u010das \u010d\u00edtania\" \/>\n\t<meta name=\"twitter:data2\" content=\"6 min\u00fat\" \/>\n<script type=\"application\/ld+json\" class=\"yoast-schema-graph\">{\"@context\":\"https:\/\/schema.org\",\"@graph\":[{\"@type\":\"Article\",\"@id\":\"https:\/\/www.berndbraun.eu\/the-upcoming-italian-elections-the-players-the-favorites-the-outsiders\/#article\",\"isPartOf\":{\"@id\":\"https:\/\/www.berndbraun.eu\/the-upcoming-italian-elections-the-players-the-favorites-the-outsiders\/\"},\"author\":{\"name\":\"Bernd\",\"@id\":\"https:\/\/www.berndbraun.eu\/#\/schema\/person\/a64c4c08b6a8c9f8fe9be655928070ca\"},\"headline\":\"Prochaines \u00e9lections italiennes : les joueurs, les favoris et les outsiders\",\"datePublished\":\"2022-09-01T16:01:40+00:00\",\"dateModified\":\"2022-11-16T23:18:24+00:00\",\"mainEntityOfPage\":{\"@id\":\"https:\/\/www.berndbraun.eu\/the-upcoming-italian-elections-the-players-the-favorites-the-outsiders\/\"},\"wordCount\":1350,\"commentCount\":0,\"image\":{\"@id\":\"https:\/\/www.berndbraun.eu\/the-upcoming-italian-elections-the-players-the-favorites-the-outsiders\/#primaryimage\"},\"thumbnailUrl\":\"https:\/\/www.berndbraun.eu\/wp-content\/uploads\/2022\/09\/AdobeStock_57651263_compressed-scaled.jpeg\",\"articleSection\":[\"Politics\"],\"inLanguage\":\"sk-SK\",\"potentialAction\":[{\"@type\":\"CommentAction\",\"name\":\"Comment\",\"target\":[\"https:\/\/www.berndbraun.eu\/the-upcoming-italian-elections-the-players-the-favorites-the-outsiders\/#respond\"]}]},{\"@type\":\"WebPage\",\"@id\":\"https:\/\/www.berndbraun.eu\/the-upcoming-italian-elections-the-players-the-favorites-the-outsiders\/\",\"url\":\"https:\/\/www.berndbraun.eu\/the-upcoming-italian-elections-the-players-the-favorites-the-outsiders\/\",\"name\":\"Bernd Braun - Prochaines \u00e9lections italiennes : les joueurs, les favoris et les outsiders\",\"isPartOf\":{\"@id\":\"https:\/\/www.berndbraun.eu\/#website\"},\"primaryImageOfPage\":{\"@id\":\"https:\/\/www.berndbraun.eu\/the-upcoming-italian-elections-the-players-the-favorites-the-outsiders\/#primaryimage\"},\"image\":{\"@id\":\"https:\/\/www.berndbraun.eu\/the-upcoming-italian-elections-the-players-the-favorites-the-outsiders\/#primaryimage\"},\"thumbnailUrl\":\"https:\/\/www.berndbraun.eu\/wp-content\/uploads\/2022\/09\/AdobeStock_57651263_compressed-scaled.jpeg\",\"datePublished\":\"2022-09-01T16:01:40+00:00\",\"dateModified\":\"2022-11-16T23:18:24+00:00\",\"author\":{\"@id\":\"https:\/\/www.berndbraun.eu\/#\/schema\/person\/a64c4c08b6a8c9f8fe9be655928070ca\"},\"breadcrumb\":{\"@id\":\"https:\/\/www.berndbraun.eu\/the-upcoming-italian-elections-the-players-the-favorites-the-outsiders\/#breadcrumb\"},\"inLanguage\":\"sk-SK\",\"potentialAction\":[{\"@type\":\"ReadAction\",\"target\":[\"https:\/\/www.berndbraun.eu\/the-upcoming-italian-elections-the-players-the-favorites-the-outsiders\/\"]}]},{\"@type\":\"ImageObject\",\"inLanguage\":\"sk-SK\",\"@id\":\"https:\/\/www.berndbraun.eu\/the-upcoming-italian-elections-the-players-the-favorites-the-outsiders\/#primaryimage\",\"url\":\"https:\/\/www.berndbraun.eu\/wp-content\/uploads\/2022\/09\/AdobeStock_57651263_compressed-scaled.jpeg\",\"contentUrl\":\"https:\/\/www.berndbraun.eu\/wp-content\/uploads\/2022\/09\/AdobeStock_57651263_compressed-scaled.jpeg\",\"width\":2560,\"height\":1239},{\"@type\":\"BreadcrumbList\",\"@id\":\"https:\/\/www.berndbraun.eu\/the-upcoming-italian-elections-the-players-the-favorites-the-outsiders\/#breadcrumb\",\"itemListElement\":[{\"@type\":\"ListItem\",\"position\":1,\"name\":\"Accueil\",\"item\":\"https:\/\/www.berndbraun.eu\/\"},{\"@type\":\"ListItem\",\"position\":2,\"name\":\"Prochaines \u00e9lections italiennes : les joueurs, les favoris et les outsiders\"}]},{\"@type\":\"WebSite\",\"@id\":\"https:\/\/www.berndbraun.eu\/#website\",\"url\":\"https:\/\/www.berndbraun.eu\/\",\"name\":\"Bernd Braun\",\"description\":\"\",\"potentialAction\":[{\"@type\":\"SearchAction\",\"target\":{\"@type\":\"EntryPoint\",\"urlTemplate\":\"https:\/\/www.berndbraun.eu\/?s={search_term_string}\"},\"query-input\":{\"@type\":\"PropertyValueSpecification\",\"valueRequired\":true,\"valueName\":\"search_term_string\"}}],\"inLanguage\":\"sk-SK\"},{\"@type\":\"Person\",\"@id\":\"https:\/\/www.berndbraun.eu\/#\/schema\/person\/a64c4c08b6a8c9f8fe9be655928070ca\",\"name\":\"Bernd\",\"image\":{\"@type\":\"ImageObject\",\"inLanguage\":\"sk-SK\",\"@id\":\"https:\/\/secure.gravatar.com\/avatar\/e51d7b18a7c2fb10dd367a4bab68ef5a6d1736ae3537a0fd211df170b00b15af?s=96&d=mm&r=g\",\"url\":\"https:\/\/secure.gravatar.com\/avatar\/e51d7b18a7c2fb10dd367a4bab68ef5a6d1736ae3537a0fd211df170b00b15af?s=96&d=mm&r=g\",\"contentUrl\":\"https:\/\/secure.gravatar.com\/avatar\/e51d7b18a7c2fb10dd367a4bab68ef5a6d1736ae3537a0fd211df170b00b15af?s=96&d=mm&r=g\",\"caption\":\"Bernd\"},\"url\":\"https:\/\/www.berndbraun.eu\/sk\/author\/bernd\/\"}]}<\/script>\n<!-- \/ Yoast SEO Premium plugin. -->","yoast_head_json":{"title":"Bernd Braun - Nadch\u00e1dzaj\u00face talianske vo\u013eby: hr\u00e1\u010di, favoriti a outsideri","robots":{"index":"index","follow":"follow","max-snippet":"max-snippet:-1","max-image-preview":"max-image-preview:large","max-video-preview":"max-video-preview:-1"},"canonical":"https:\/\/www.berndbraun.eu\/sk\/the-upcoming-italian-elections-the-players-the-favorites-the-outsiders\/","og_locale":"sk_SK","og_type":"article","og_title":"Prochaines \u00e9lections italiennes : les joueurs, les favoris et les outsiders","og_description":"&nbsp;&nbsp;&nbsp;&nbsp;&nbsp;&nbsp;&nbsp;&nbsp;&nbsp;&nbsp;&nbsp; On the 25th of September Italians will go to the polls to elect a new Government after snap elections were called in the middle of summer. Political turmoil is not uncommon in Italy and even Mario Draghi was not able to survive the unstable Italian political scene. The fall of Mario Draghi &nbsp;&nbsp;&nbsp;&nbsp;&nbsp;&nbsp;&nbsp;&nbsp;&nbsp;&nbsp;&nbsp; Draghi [&hellip;]","og_url":"https:\/\/www.berndbraun.eu\/sk\/the-upcoming-italian-elections-the-players-the-favorites-the-outsiders\/","og_site_name":"Bernd Braun","article_published_time":"2022-09-01T16:01:40+00:00","article_modified_time":"2022-11-16T23:18:24+00:00","og_image":[{"width":2560,"height":1239,"url":"https:\/\/www.berndbraun.eu\/wp-content\/uploads\/2022\/09\/AdobeStock_57651263_compressed-scaled.jpeg","type":"image\/jpeg"}],"author":"Bernd","twitter_card":"summary_large_image","twitter_misc":{"Autor":"Bernd","Predpokladan\u00fd \u010das \u010d\u00edtania":"6 min\u00fat"},"schema":{"@context":"https:\/\/schema.org","@graph":[{"@type":"Article","@id":"https:\/\/www.berndbraun.eu\/the-upcoming-italian-elections-the-players-the-favorites-the-outsiders\/#article","isPartOf":{"@id":"https:\/\/www.berndbraun.eu\/the-upcoming-italian-elections-the-players-the-favorites-the-outsiders\/"},"author":{"name":"Bernd","@id":"https:\/\/www.berndbraun.eu\/#\/schema\/person\/a64c4c08b6a8c9f8fe9be655928070ca"},"headline":"Prochaines \u00e9lections italiennes : les joueurs, les favoris et les outsiders","datePublished":"2022-09-01T16:01:40+00:00","dateModified":"2022-11-16T23:18:24+00:00","mainEntityOfPage":{"@id":"https:\/\/www.berndbraun.eu\/the-upcoming-italian-elections-the-players-the-favorites-the-outsiders\/"},"wordCount":1350,"commentCount":0,"image":{"@id":"https:\/\/www.berndbraun.eu\/the-upcoming-italian-elections-the-players-the-favorites-the-outsiders\/#primaryimage"},"thumbnailUrl":"https:\/\/www.berndbraun.eu\/wp-content\/uploads\/2022\/09\/AdobeStock_57651263_compressed-scaled.jpeg","articleSection":["Politics"],"inLanguage":"sk-SK","potentialAction":[{"@type":"CommentAction","name":"Comment","target":["https:\/\/www.berndbraun.eu\/the-upcoming-italian-elections-the-players-the-favorites-the-outsiders\/#respond"]}]},{"@type":"WebPage","@id":"https:\/\/www.berndbraun.eu\/the-upcoming-italian-elections-the-players-the-favorites-the-outsiders\/","url":"https:\/\/www.berndbraun.eu\/the-upcoming-italian-elections-the-players-the-favorites-the-outsiders\/","name":"Bernd Braun - Nadch\u00e1dzaj\u00face talianske vo\u013eby: hr\u00e1\u010di, favoriti a outsideri","isPartOf":{"@id":"https:\/\/www.berndbraun.eu\/#website"},"primaryImageOfPage":{"@id":"https:\/\/www.berndbraun.eu\/the-upcoming-italian-elections-the-players-the-favorites-the-outsiders\/#primaryimage"},"image":{"@id":"https:\/\/www.berndbraun.eu\/the-upcoming-italian-elections-the-players-the-favorites-the-outsiders\/#primaryimage"},"thumbnailUrl":"https:\/\/www.berndbraun.eu\/wp-content\/uploads\/2022\/09\/AdobeStock_57651263_compressed-scaled.jpeg","datePublished":"2022-09-01T16:01:40+00:00","dateModified":"2022-11-16T23:18:24+00:00","author":{"@id":"https:\/\/www.berndbraun.eu\/#\/schema\/person\/a64c4c08b6a8c9f8fe9be655928070ca"},"breadcrumb":{"@id":"https:\/\/www.berndbraun.eu\/the-upcoming-italian-elections-the-players-the-favorites-the-outsiders\/#breadcrumb"},"inLanguage":"sk-SK","potentialAction":[{"@type":"ReadAction","target":["https:\/\/www.berndbraun.eu\/the-upcoming-italian-elections-the-players-the-favorites-the-outsiders\/"]}]},{"@type":"ImageObject","inLanguage":"sk-SK","@id":"https:\/\/www.berndbraun.eu\/the-upcoming-italian-elections-the-players-the-favorites-the-outsiders\/#primaryimage","url":"https:\/\/www.berndbraun.eu\/wp-content\/uploads\/2022\/09\/AdobeStock_57651263_compressed-scaled.jpeg","contentUrl":"https:\/\/www.berndbraun.eu\/wp-content\/uploads\/2022\/09\/AdobeStock_57651263_compressed-scaled.jpeg","width":2560,"height":1239},{"@type":"BreadcrumbList","@id":"https:\/\/www.berndbraun.eu\/the-upcoming-italian-elections-the-players-the-favorites-the-outsiders\/#breadcrumb","itemListElement":[{"@type":"ListItem","position":1,"name":"Accueil","item":"https:\/\/www.berndbraun.eu\/"},{"@type":"ListItem","position":2,"name":"Prochaines \u00e9lections italiennes : les joueurs, les favoris et les outsiders"}]},{"@type":"WebSite","@id":"https:\/\/www.berndbraun.eu\/#website","url":"https:\/\/www.berndbraun.eu\/","name":"Bernd Braun","description":"","potentialAction":[{"@type":"SearchAction","target":{"@type":"EntryPoint","urlTemplate":"https:\/\/www.berndbraun.eu\/?s={search_term_string}"},"query-input":{"@type":"PropertyValueSpecification","valueRequired":true,"valueName":"search_term_string"}}],"inLanguage":"sk-SK"},{"@type":"Person","@id":"https:\/\/www.berndbraun.eu\/#\/schema\/person\/a64c4c08b6a8c9f8fe9be655928070ca","name":"Bernd","image":{"@type":"ImageObject","inLanguage":"sk-SK","@id":"https:\/\/secure.gravatar.com\/avatar\/e51d7b18a7c2fb10dd367a4bab68ef5a6d1736ae3537a0fd211df170b00b15af?s=96&d=mm&r=g","url":"https:\/\/secure.gravatar.com\/avatar\/e51d7b18a7c2fb10dd367a4bab68ef5a6d1736ae3537a0fd211df170b00b15af?s=96&d=mm&r=g","contentUrl":"https:\/\/secure.gravatar.com\/avatar\/e51d7b18a7c2fb10dd367a4bab68ef5a6d1736ae3537a0fd211df170b00b15af?s=96&d=mm&r=g","caption":"Bernd"},"url":"https:\/\/www.berndbraun.eu\/sk\/author\/bernd\/"}]}},"_links":{"self":[{"href":"https:\/\/www.berndbraun.eu\/sk\/wp-json\/wp\/v2\/posts\/1383","targetHints":{"allow":["GET"]}}],"collection":[{"href":"https:\/\/www.berndbraun.eu\/sk\/wp-json\/wp\/v2\/posts"}],"about":[{"href":"https:\/\/www.berndbraun.eu\/sk\/wp-json\/wp\/v2\/types\/post"}],"author":[{"embeddable":true,"href":"https:\/\/www.berndbraun.eu\/sk\/wp-json\/wp\/v2\/users\/3"}],"replies":[{"embeddable":true,"href":"https:\/\/www.berndbraun.eu\/sk\/wp-json\/wp\/v2\/comments?post=1383"}],"version-history":[{"count":20,"href":"https:\/\/www.berndbraun.eu\/sk\/wp-json\/wp\/v2\/posts\/1383\/revisions"}],"predecessor-version":[{"id":1547,"href":"https:\/\/www.berndbraun.eu\/sk\/wp-json\/wp\/v2\/posts\/1383\/revisions\/1547"}],"wp:featuredmedia":[{"embeddable":true,"href":"https:\/\/www.berndbraun.eu\/sk\/wp-json\/wp\/v2\/media\/1386"}],"wp:attachment":[{"href":"https:\/\/www.berndbraun.eu\/sk\/wp-json\/wp\/v2\/media?parent=1383"}],"wp:term":[{"taxonomy":"category","embeddable":true,"href":"https:\/\/www.berndbraun.eu\/sk\/wp-json\/wp\/v2\/categories?post=1383"},{"taxonomy":"post_tag","embeddable":true,"href":"https:\/\/www.berndbraun.eu\/sk\/wp-json\/wp\/v2\/tags?post=1383"},{"taxonomy":"type-darticle","embeddable":true,"href":"https:\/\/www.berndbraun.eu\/sk\/wp-json\/wp\/v2\/type-darticle?post=1383"}],"curies":[{"name":"wp","href":"https:\/\/api.w.org\/{rel}","templated":true}]}}